{"id":78894,"date":"2021-09-02T08:15:09","date_gmt":"2021-09-02T13:15:09","guid":{"rendered":"http:\/\/www.lospoliticosveracruz.com.mx\/?p=78894"},"modified":"2021-09-02T08:15:17","modified_gmt":"2021-09-02T13:15:17","slug":"del-gozo-al-pozos","status":"publish","type":"post","link":"https:\/\/lospoliticosveracruz.com\/?p=78894","title":{"rendered":"Del gozo al Pozos"},"content":{"rendered":"\n<p><strong>Ricardo Ch\u00faa<br><\/strong><em>Sale y Vale<\/em><\/p>\n\n\n\n<p>DE \u00daLTIMA HORA.. De confirmarse la informaci\u00f3n que est\u00e1 verificando el Tribunal Electoral de Veracruz (TEV) de que 120 casillas de las 200 que fueron instaladas en Tuxpan, el pasado 6 de junio, para su elecci\u00f3n municipal a la alcald\u00eda tuxpe\u00f1a podr\u00edan ANULARSE por llegar a las oficinas del OPLE despu\u00e9s de la hora permitida\u2026 Si este tema resulta positivo entonces este proceso electoral se anular\u00eda y habr\u00eda nuevas elecciones extraordinarias en el 2022\u2026<\/p>\n\n\n\n<p>Este recurso de inconformidad cuyo expediente dentro del Tribunal es TEV-RIN-211\/2021\u2026 Esta inconformidad fue presentada por el PVEM en contra de MORENA, quien presuntamente gan\u00f3 esa alcald\u00eda, es decir, Alberto \u00abEl Cisne\u00bb Silva, se inconform\u00f3 del triunfo de Jos\u00e9 Manuel Pozos Castro, misma que aun se encuentra sujeta a proceso en los tribunales electorales\u2026 Si la llega a \u00abpegar\u00bb y procede\u2026 \u00abEl Cisne\u00bb tendr\u00e1 dos \u00abfichas\u00bb a negociar a favor\u2026 Miralooooo\u2026.<\/p>\n\n\n\n<p>EL III INFORME\u2026 Despu\u00e9s de escuchar el Tercer Informe de Labores del Presidente, Andr\u00e9s Manuel L\u00f3pez Obrador\u2026 S\u00f3lo se puede decir que fue un informe que ya se lo sabe de memoria\u2026 Donde lo m\u00e1s relevante, es que no dej\u00f3 pasar la oportunidad de este evento para decir, que est\u00e1 listo para la Revocaci\u00f3n de Mandato en marzo del 2022\u2026 Aprovecho para hacerse publicidad, de su \u00abarranque\u00bb de campa\u00f1a para lograr esta figura de la revocaci\u00f3n\u2026 NO HUBO M\u00c1S\u2026 TOMEN PARA QUE VEAN\u2026 AMEN\u2026<\/p>\n\n\n\n<p>AMIGO, EL RAT\u00d3N DEL QUESO\u2026 No hay \u00abvuelta de hoja\u00bb el alcalde electo de Coatzacoalcos, Amado Cruz Malpica, se la \u00abjugara\u00bb este 2024 con Roc\u00edo Nahle para que sea candidata de MORENA a gobernador de Veracruz y sustituya a Cuitl\u00e1huac Garc\u00eda Jim\u00e9nez\u2026 Carmen Medel, electa de Minatitl\u00e1n, tambi\u00e9n ira con la titular de SENER\u2026 Pero al parecer, entre los dem\u00e1s alcaldes electos \u00abMorenos\u00bb en la entidad, ven con buenos ojos la opci\u00f3n de su hom\u00f3logo electo de Xalapa, Ricardo Ahued\u2026<\/p>\n\n\n\n<p>Pongan atenci\u00f3n porque en Veracruz, se est\u00e1 dividiendo ese partido por pensar en 2024 cuando no han iniciado ni a gobernar\u2026 Lo que es un hecho es que s\u00f3lo se ha mencionado a Nahle y Ahued para ser tomados en cuenta por MORENA\u2026 No figura nadie del gabinete de Cuitl\u00e1huac Garc\u00eda para ser el aspirante oficial\u2026 Lo que se dice en CDMX es que para el Senado s\u00f3lo tienen considerados a dos del gobierno estatal que pueden ser candidatos: Jos\u00e9 Luis Lima Franco, de SEFIPLAN y Zenyanzen Escobar, de la SEV\u2026 Obvio sabemos quien tiene m\u00e1s bonos<\/p>\n\n\n\n<p>EL ISSSTE BAJO FUEGO EN VERACRUZ\u2026 Despu\u00e9s de las manifestaciones sindicales, ocurridas ayer en el ISSSTE de Veracruz, donde presuntamente participaron personajes que ni siquiera son trabajadores de esta dependencia\u2026 De lo cual, las \u00ablenguas de doble filo\u00bb se\u00f1alan que detr\u00e1s de estos ataques que fueron dirigidos para la subdelegada de Administraci\u00f3n del ISSSTE de Veracruz, Mar\u00eda Cruz Garc\u00eda Ram\u00f3n hay una red mafiosa de un sindicato minoritario\u2026<\/p>\n\n\n\n<p>Al interior del ISSSTE se\u00f1alan presuntamente que este gremio fue creado, con la \u00fanica intenci\u00f3n, de poder presionar, bajo t\u00e9rminos no muy legales dentro del sindicalismo, a todas las autoridades para no asistir a laborar cuando ellos lo decidan, sin existir una causa justificada y con ello tener concesiones de todo tipo en contra del servicio que se le presta a la derechohabiente del Instituto\u2026.As\u00ed las cosas y obvio habr\u00e1 m\u00e1s presiones al respecto\u2026<\/p>\n\n\n\n<p>Se habla que con la apertura sindical, ahora muchos de los llamados l\u00edderes \u00abcharros\u00bb quieren utilizar las necesidades de la base trabajadora para servirse a sus intereses y presionar a las autoridades\u2026. Y al parecer, el personal de esta delegaci\u00f3n, habla bien de la subdelegada que lo \u00fanico que ha hecho Garc\u00eda Ram\u00f3n, es poner orden entre los trabajadores para que asistan a laborar en sus horarios\u2026 Todo esto en favor de los derechohabientes\u2026 Atacando otras irregularidades como el cobro de pr\u00e9stamos o venta de documentos\u2026. TAN\u2026 TAN\u2026<\/p>\n\n\n\n<p>ESCANDALO AZUL\u2026 Vaya situaci\u00f3n que se puede vivir en el PAN del puerto de Veracruz y el propio ayuntamiento porte\u00f1o\u2026 Despu\u00e9s de un altercado entre el regidor primero de este municipio, Luis Pineda y el neo panista y yunista, Antonio del R\u00edo Argud\u00edn\u2026 Que se suscito en conocido hotel del centro hist\u00f3rico y en donde se \u00absacaron los ojos\u00bb, se \u00abpegaron patadas de bajo de la mesa\u00bb y empujaron presuntamente a Argudin por la espalda y lo dejaron ir un gancho al h\u00edgado\u2026<\/p>\n\n\n\n<p>Al sentirse agredido Argud\u00edn le reclam\u00f3 a Pineda y este neg\u00f3 haberle hecho algo\u2026 Pero lo que parec\u00eda un pleito entre pol\u00edticos del mismo partido\u2026 Fue creciendo, ya que el presunto agredido fue hasta la Fiscal\u00eda General del Estado a levantar una denuncia en contra del regidor panista\u2026 Misma que fue \u00abrecibida con agrado\u00bb por personal de la FGE y que en un lapso no mayor a 4 horas ya estaba lista una carpeta de investigaci\u00f3n porque para este tipo de denuncias pueden durar hasta meses\u2026<\/p>\n\n\n\n<p>Hay que recordar que el esc\u00e1ndalo puede ser porque los involucrados son panistas y la denuncia fue presentada en una fiscal\u00eda, con tintes de MORENA\u2026 As\u00ed que le dieron todo el \u00abbat\u00bb para que hasta la propia Fiscal, Ver\u00f3nica Hern\u00e1ndez, venga acompa\u00f1ada de elementos ministeriales a realizar una detenci\u00f3n despu\u00e9s de una investigaci\u00f3n de esta carpeta\u2026 Ni raro ser\u00eda\u2026 Pero tambi\u00e9n los panistas que no cuidan su investidura municipal y se ponen de \u00aba pechito\u00bb\u2026 AMEN\u2026<\/p>\n","protected":false},"excerpt":{"rendered":"<p>Ricardo Ch\u00faaSale y Vale DE \u00daLTIMA HORA.. De confirmarse la informaci\u00f3n que est\u00e1 verificando el Tribunal Electoral de Veracruz (TEV) de que 120 casillas de las 200 que fueron instaladas en Tuxpan, el pasado 6 de junio, para su elecci\u00f3n municipal a la alcald\u00eda tuxpe\u00f1a podr\u00edan ANULARSE por llegar a las oficinas del OPLE despu\u00e9s [&hellip;]<\/p>\n","protected":false},"author":2,"featured_media":0,"comment_status":"closed","ping_status":"closed","sticky":false,"template":"","format":"standard","meta":{"tdm_status":"","tdm_grid_status":"","footnotes":""},"categories":[70],"tags":[5618,371,1563,30189,895,13713,11958,15762,1026,30188,3272,264,14240,13604,3578,640,88,30190,8317,6753,203,195],"class_list":{"0":"post-78894","1":"post","2":"type-post","3":"status-publish","4":"format-standard","6":"category-de-opinion","7":"tag-amado-cruz-malpica","8":"tag-coatzacoalcos","9":"tag-cuitlahuac-garcia-jimenez","10":"tag-elecciones-extraordinarias-en-el-2022","11":"tag-issste","12":"tag-jose-luis-lima-franco","13":"tag-jose-manuel-pozos-castro","14":"tag-maria-cruz-garcia-ramon","15":"tag-morena","16":"tag-nuevas-elecciones","17":"tag-ople","18":"tag-pvem","19":"tag-revocacion-de-mandato","20":"tag-ricardo-chua","21":"tag-rocio-nahle","22":"tag-sefiplan","23":"tag-sev","24":"tag-tercer-informe-de-labores-2","25":"tag-tev","26":"tag-tribunal-electoral-de-veracruz","27":"tag-tuxpan","28":"tag-veracruz"},"yoast_head":"<!-- This site is optimized with the Yoast SEO plugin v27.4 - https:\/\/yoast.com\/product\/yoast-seo-wordpress\/ -->\n<title>Del gozo al Pozos - Los pol\u00edticos Veracruz<\/title>\n<meta name=\"robots\" content=\"index, follow, max-snippet:-1, max-image-preview:large, max-video-preview:-1\" \/>\n<link rel=\"canonical\" href=\"https:\/\/lospoliticosveracruz.com\/?p=78894\" \/>\n<meta property=\"og:locale\" content=\"es_ES\" \/>\n<meta property=\"og:type\" content=\"article\" \/>\n<meta property=\"og:title\" content=\"Del gozo al Pozos - Los pol\u00edticos Veracruz\" \/>\n<meta property=\"og:description\" content=\"Ricardo Ch\u00faaSale y Vale DE \u00daLTIMA HORA.. De confirmarse la informaci\u00f3n que est\u00e1 verificando el Tribunal Electoral de Veracruz (TEV) de que 120 casillas de las 200 que fueron instaladas en Tuxpan, el pasado 6 de junio, para su elecci\u00f3n municipal a la alcald\u00eda tuxpe\u00f1a podr\u00edan ANULARSE por llegar a las oficinas del OPLE despu\u00e9s [&hellip;]\" \/>\n<meta property=\"og:url\" content=\"https:\/\/lospoliticosveracruz.com\/?p=78894\" \/>\n<meta property=\"og:site_name\" content=\"Los pol\u00edticos Veracruz\" \/>\n<meta property=\"article:publisher\" content=\"https:\/\/www.facebook.com\/people\/Notimemes-de-los-Polticos\/61565672886568\/\" \/>\n<meta property=\"article:published_time\" content=\"2021-09-02T13:15:09+00:00\" \/>\n<meta property=\"article:modified_time\" content=\"2021-09-02T13:15:17+00:00\" \/>\n<meta property=\"og:image\" content=\"https:\/\/lospoliticosveracruz.com\/wp-content\/uploads\/2016\/07\/Logo-Dor.jpg\" \/>\n\t<meta property=\"og:image:width\" content=\"200\" \/>\n\t<meta property=\"og:image:height\" content=\"200\" \/>\n\t<meta property=\"og:image:type\" content=\"image\/jpeg\" \/>\n<meta name=\"author\" content=\"Lo viste en Los Pol\u00edticos\" \/>\n<meta name=\"twitter:card\" content=\"summary_large_image\" \/>\n<meta name=\"twitter:creator\" content=\"@LosPoliticosVer\" \/>\n<meta name=\"twitter:site\" content=\"@LosPoliticosVer\" \/>\n<meta name=\"twitter:label1\" content=\"Escrito por\" \/>\n\t<meta name=\"twitter:data1\" content=\"Lo viste en Los Pol\u00edticos\" \/>\n\t<meta name=\"twitter:label2\" content=\"Tiempo de lectura\" \/>\n\t<meta name=\"twitter:data2\" content=\"5 minutos\" \/>\n<script type=\"application\/ld+json\" class=\"yoast-schema-graph\">{\"@context\":\"https:\\\/\\\/schema.org\",\"@graph\":[{\"@type\":\"Article\",\"@id\":\"https:\\\/\\\/lospoliticosveracruz.com\\\/?p=78894#article\",\"isPartOf\":{\"@id\":\"https:\\\/\\\/lospoliticosveracruz.com\\\/?p=78894\"},\"author\":{\"name\":\"Lo viste en Los Pol\u00edticos\",\"@id\":\"https:\\\/\\\/lospoliticosveracruz.com\\\/#\\\/schema\\\/person\\\/b8702bb0e538456e6efd07080bf2a4a2\"},\"headline\":\"Del gozo al Pozos\",\"datePublished\":\"2021-09-02T13:15:09+00:00\",\"dateModified\":\"2021-09-02T13:15:17+00:00\",\"mainEntityOfPage\":{\"@id\":\"https:\\\/\\\/lospoliticosveracruz.com\\\/?p=78894\"},\"wordCount\":956,\"publisher\":{\"@id\":\"https:\\\/\\\/lospoliticosveracruz.com\\\/#organization\"},\"keywords\":[\"Amado Cruz Malpica\",\"Coatzacoalcos\",\"Cuitl\u00e1huac Garc\u00eda Jim\u00e9nez\",\"elecciones extraordinarias en el 2022\",\"Issste\",\"Jos\u00e9 Luis Lima Franco\",\"Jos\u00e9 Manuel Pozos Castro\",\"Mar\u00eda Cruz Garc\u00eda Ram\u00f3n\",\"Morena\",\"nuevas elecciones\",\"OPLE\",\"PVEM\",\"Revocaci\u00f3n de Mandato\",\"Ricardo Ch\u00faa\",\"Roc\u00edo Nahle\",\"Sefiplan\",\"SEV\",\"Tercer Informe de Labores\",\"TEV\",\"Tribunal Electoral de Veracruz\",\"Tuxpan\",\"Veracruz\"],\"articleSection\":[\"De Opini\u00f3n\"],\"inLanguage\":\"es\"},{\"@type\":\"WebPage\",\"@id\":\"https:\\\/\\\/lospoliticosveracruz.com\\\/?p=78894\",\"url\":\"https:\\\/\\\/lospoliticosveracruz.com\\\/?p=78894\",\"name\":\"Del gozo al Pozos - Los pol\u00edticos Veracruz\",\"isPartOf\":{\"@id\":\"https:\\\/\\\/lospoliticosveracruz.com\\\/#website\"},\"datePublished\":\"2021-09-02T13:15:09+00:00\",\"dateModified\":\"2021-09-02T13:15:17+00:00\",\"breadcrumb\":{\"@id\":\"https:\\\/\\\/lospoliticosveracruz.com\\\/?p=78894#breadcrumb\"},\"inLanguage\":\"es\",\"potentialAction\":[{\"@type\":\"ReadAction\",\"target\":[\"https:\\\/\\\/lospoliticosveracruz.com\\\/?p=78894\"]}]},{\"@type\":\"BreadcrumbList\",\"@id\":\"https:\\\/\\\/lospoliticosveracruz.com\\\/?p=78894#breadcrumb\",\"itemListElement\":[{\"@type\":\"ListItem\",\"position\":1,\"name\":\"Portada\",\"item\":\"https:\\\/\\\/lospoliticosveracruz.com\\\/\"},{\"@type\":\"ListItem\",\"position\":2,\"name\":\"Del gozo al Pozos\"}]},{\"@type\":\"WebSite\",\"@id\":\"https:\\\/\\\/lospoliticosveracruz.com\\\/#website\",\"url\":\"https:\\\/\\\/lospoliticosveracruz.com\\\/\",\"name\":\"Los pol\u00edticos Veracruz\",\"description\":\"\",\"publisher\":{\"@id\":\"https:\\\/\\\/lospoliticosveracruz.com\\\/#organization\"},\"potentialAction\":[{\"@type\":\"SearchAction\",\"target\":{\"@type\":\"EntryPoint\",\"urlTemplate\":\"https:\\\/\\\/lospoliticosveracruz.com\\\/?s={search_term_string}\"},\"query-input\":{\"@type\":\"PropertyValueSpecification\",\"valueRequired\":true,\"valueName\":\"search_term_string\"}}],\"inLanguage\":\"es\"},{\"@type\":\"Organization\",\"@id\":\"https:\\\/\\\/lospoliticosveracruz.com\\\/#organization\",\"name\":\"Los pol\u00edticos Veracruz\",\"url\":\"https:\\\/\\\/lospoliticosveracruz.com\\\/\",\"logo\":{\"@type\":\"ImageObject\",\"inLanguage\":\"es\",\"@id\":\"https:\\\/\\\/lospoliticosveracruz.com\\\/#\\\/schema\\\/logo\\\/image\\\/\",\"url\":\"https:\\\/\\\/lospoliticosveracruz.com\\\/wp-content\\\/uploads\\\/2025\\\/12\\\/Logo-Nuevo-LOS-POLITICOS-1.jpg\",\"contentUrl\":\"https:\\\/\\\/lospoliticosveracruz.com\\\/wp-content\\\/uploads\\\/2025\\\/12\\\/Logo-Nuevo-LOS-POLITICOS-1.jpg\",\"width\":260,\"height\":70,\"caption\":\"Los pol\u00edticos Veracruz\"},\"image\":{\"@id\":\"https:\\\/\\\/lospoliticosveracruz.com\\\/#\\\/schema\\\/logo\\\/image\\\/\"},\"sameAs\":[\"https:\\\/\\\/www.facebook.com\\\/people\\\/Notimemes-de-los-Polticos\\\/61565672886568\\\/\",\"https:\\\/\\\/x.com\\\/LosPoliticosVer\"]},{\"@type\":\"Person\",\"@id\":\"https:\\\/\\\/lospoliticosveracruz.com\\\/#\\\/schema\\\/person\\\/b8702bb0e538456e6efd07080bf2a4a2\",\"name\":\"Lo viste en Los Pol\u00edticos\",\"image\":{\"@type\":\"ImageObject\",\"inLanguage\":\"es\",\"@id\":\"https:\\\/\\\/secure.gravatar.com\\\/avatar\\\/3a8de04a2656d44082be478bd6c086daa447c4651605818287b9532d3d0bd435?s=96&d=mm&r=g\",\"url\":\"https:\\\/\\\/secure.gravatar.com\\\/avatar\\\/3a8de04a2656d44082be478bd6c086daa447c4651605818287b9532d3d0bd435?s=96&d=mm&r=g\",\"contentUrl\":\"https:\\\/\\\/secure.gravatar.com\\\/avatar\\\/3a8de04a2656d44082be478bd6c086daa447c4651605818287b9532d3d0bd435?s=96&d=mm&r=g\",\"caption\":\"Lo viste en Los Pol\u00edticos\"},\"url\":\"https:\\\/\\\/lospoliticosveracruz.com\\\/?author=2\"}]}<\/script>\n<!-- \/ Yoast SEO plugin. -->","yoast_head_json":{"title":"Del gozo al Pozos - Los pol\u00edticos Veracruz","robots":{"index":"index","follow":"follow","max-snippet":"max-snippet:-1","max-image-preview":"max-image-preview:large","max-video-preview":"max-video-preview:-1"},"canonical":"https:\/\/lospoliticosveracruz.com\/?p=78894","og_locale":"es_ES","og_type":"article","og_title":"Del gozo al Pozos - Los pol\u00edticos Veracruz","og_description":"Ricardo Ch\u00faaSale y Vale DE \u00daLTIMA HORA.. De confirmarse la informaci\u00f3n que est\u00e1 verificando el Tribunal Electoral de Veracruz (TEV) de que 120 casillas de las 200 que fueron instaladas en Tuxpan, el pasado 6 de junio, para su elecci\u00f3n municipal a la alcald\u00eda tuxpe\u00f1a podr\u00edan ANULARSE por llegar a las oficinas del OPLE despu\u00e9s [&hellip;]","og_url":"https:\/\/lospoliticosveracruz.com\/?p=78894","og_site_name":"Los pol\u00edticos Veracruz","article_publisher":"https:\/\/www.facebook.com\/people\/Notimemes-de-los-Polticos\/61565672886568\/","article_published_time":"2021-09-02T13:15:09+00:00","article_modified_time":"2021-09-02T13:15:17+00:00","og_image":[{"width":200,"height":200,"url":"https:\/\/lospoliticosveracruz.com\/wp-content\/uploads\/2016\/07\/Logo-Dor.jpg","type":"image\/jpeg"}],"author":"Lo viste en Los Pol\u00edticos","twitter_card":"summary_large_image","twitter_creator":"@LosPoliticosVer","twitter_site":"@LosPoliticosVer","twitter_misc":{"Escrito por":"Lo viste en Los Pol\u00edticos","Tiempo de lectura":"5 minutos"},"schema":{"@context":"https:\/\/schema.org","@graph":[{"@type":"Article","@id":"https:\/\/lospoliticosveracruz.com\/?p=78894#article","isPartOf":{"@id":"https:\/\/lospoliticosveracruz.com\/?p=78894"},"author":{"name":"Lo viste en Los Pol\u00edticos","@id":"https:\/\/lospoliticosveracruz.com\/#\/schema\/person\/b8702bb0e538456e6efd07080bf2a4a2"},"headline":"Del gozo al Pozos","datePublished":"2021-09-02T13:15:09+00:00","dateModified":"2021-09-02T13:15:17+00:00","mainEntityOfPage":{"@id":"https:\/\/lospoliticosveracruz.com\/?p=78894"},"wordCount":956,"publisher":{"@id":"https:\/\/lospoliticosveracruz.com\/#organization"},"keywords":["Amado Cruz Malpica","Coatzacoalcos","Cuitl\u00e1huac Garc\u00eda Jim\u00e9nez","elecciones extraordinarias en el 2022","Issste","Jos\u00e9 Luis Lima Franco","Jos\u00e9 Manuel Pozos Castro","Mar\u00eda Cruz Garc\u00eda Ram\u00f3n","Morena","nuevas elecciones","OPLE","PVEM","Revocaci\u00f3n de Mandato","Ricardo Ch\u00faa","Roc\u00edo Nahle","Sefiplan","SEV","Tercer Informe de Labores","TEV","Tribunal Electoral de Veracruz","Tuxpan","Veracruz"],"articleSection":["De Opini\u00f3n"],"inLanguage":"es"},{"@type":"WebPage","@id":"https:\/\/lospoliticosveracruz.com\/?p=78894","url":"https:\/\/lospoliticosveracruz.com\/?p=78894","name":"Del gozo al Pozos - Los pol\u00edticos Veracruz","isPartOf":{"@id":"https:\/\/lospoliticosveracruz.com\/#website"},"datePublished":"2021-09-02T13:15:09+00:00","dateModified":"2021-09-02T13:15:17+00:00","breadcrumb":{"@id":"https:\/\/lospoliticosveracruz.com\/?p=78894#breadcrumb"},"inLanguage":"es","potentialAction":[{"@type":"ReadAction","target":["https:\/\/lospoliticosveracruz.com\/?p=78894"]}]},{"@type":"BreadcrumbList","@id":"https:\/\/lospoliticosveracruz.com\/?p=78894#breadcrumb","itemListElement":[{"@type":"ListItem","position":1,"name":"Portada","item":"https:\/\/lospoliticosveracruz.com\/"},{"@type":"ListItem","position":2,"name":"Del gozo al Pozos"}]},{"@type":"WebSite","@id":"https:\/\/lospoliticosveracruz.com\/#website","url":"https:\/\/lospoliticosveracruz.com\/","name":"Los pol\u00edticos Veracruz","description":"","publisher":{"@id":"https:\/\/lospoliticosveracruz.com\/#organization"},"potentialAction":[{"@type":"SearchAction","target":{"@type":"EntryPoint","urlTemplate":"https:\/\/lospoliticosveracruz.com\/?s={search_term_string}"},"query-input":{"@type":"PropertyValueSpecification","valueRequired":true,"valueName":"search_term_string"}}],"inLanguage":"es"},{"@type":"Organization","@id":"https:\/\/lospoliticosveracruz.com\/#organization","name":"Los pol\u00edticos Veracruz","url":"https:\/\/lospoliticosveracruz.com\/","logo":{"@type":"ImageObject","inLanguage":"es","@id":"https:\/\/lospoliticosveracruz.com\/#\/schema\/logo\/image\/","url":"https:\/\/lospoliticosveracruz.com\/wp-content\/uploads\/2025\/12\/Logo-Nuevo-LOS-POLITICOS-1.jpg","contentUrl":"https:\/\/lospoliticosveracruz.com\/wp-content\/uploads\/2025\/12\/Logo-Nuevo-LOS-POLITICOS-1.jpg","width":260,"height":70,"caption":"Los pol\u00edticos Veracruz"},"image":{"@id":"https:\/\/lospoliticosveracruz.com\/#\/schema\/logo\/image\/"},"sameAs":["https:\/\/www.facebook.com\/people\/Notimemes-de-los-Polticos\/61565672886568\/","https:\/\/x.com\/LosPoliticosVer"]},{"@type":"Person","@id":"https:\/\/lospoliticosveracruz.com\/#\/schema\/person\/b8702bb0e538456e6efd07080bf2a4a2","name":"Lo viste en Los Pol\u00edticos","image":{"@type":"ImageObject","inLanguage":"es","@id":"https:\/\/secure.gravatar.com\/avatar\/3a8de04a2656d44082be478bd6c086daa447c4651605818287b9532d3d0bd435?s=96&d=mm&r=g","url":"https:\/\/secure.gravatar.com\/avatar\/3a8de04a2656d44082be478bd6c086daa447c4651605818287b9532d3d0bd435?s=96&d=mm&r=g","contentUrl":"https:\/\/secure.gravatar.com\/avatar\/3a8de04a2656d44082be478bd6c086daa447c4651605818287b9532d3d0bd435?s=96&d=mm&r=g","caption":"Lo viste en Los Pol\u00edticos"},"url":"https:\/\/lospoliticosveracruz.com\/?author=2"}]}},"_links":{"self":[{"href":"https:\/\/lospoliticosveracruz.com\/index.php?rest_route=\/wp\/v2\/posts\/78894","targetHints":{"allow":["GET"]}}],"collection":[{"href":"https:\/\/lospoliticosveracruz.com\/index.php?rest_route=\/wp\/v2\/posts"}],"about":[{"href":"https:\/\/lospoliticosveracruz.com\/index.php?rest_route=\/wp\/v2\/types\/post"}],"author":[{"embeddable":true,"href":"https:\/\/lospoliticosveracruz.com\/index.php?rest_route=\/wp\/v2\/users\/2"}],"replies":[{"embeddable":true,"href":"https:\/\/lospoliticosveracruz.com\/index.php?rest_route=%2Fwp%2Fv2%2Fcomments&post=78894"}],"version-history":[{"count":1,"href":"https:\/\/lospoliticosveracruz.com\/index.php?rest_route=\/wp\/v2\/posts\/78894\/revisions"}],"predecessor-version":[{"id":78895,"href":"https:\/\/lospoliticosveracruz.com\/index.php?rest_route=\/wp\/v2\/posts\/78894\/revisions\/78895"}],"wp:attachment":[{"href":"https:\/\/lospoliticosveracruz.com\/index.php?rest_route=%2Fwp%2Fv2%2Fmedia&parent=78894"}],"wp:term":[{"taxonomy":"category","embeddable":true,"href":"https:\/\/lospoliticosveracruz.com\/index.php?rest_route=%2Fwp%2Fv2%2Fcategories&post=78894"},{"taxonomy":"post_tag","embeddable":true,"href":"https:\/\/lospoliticosveracruz.com\/index.php?rest_route=%2Fwp%2Fv2%2Ftags&post=78894"}],"curies":[{"name":"wp","href":"https:\/\/api.w.org\/{rel}","templated":true}]}}