{"id":78913,"date":"2021-09-02T11:34:19","date_gmt":"2021-09-02T16:34:19","guid":{"rendered":"http:\/\/www.lospoliticosveracruz.com.mx\/?p=78913"},"modified":"2021-09-02T11:34:21","modified_gmt":"2021-09-02T16:34:21","slug":"necesario-el-dialogo-por-mexico","status":"publish","type":"post","link":"https:\/\/lospoliticosveracruz.com\/?p=78913","title":{"rendered":"Necesario el di\u00e1logo, por M\u00e9xico"},"content":{"rendered":"\n<p><strong>Ciudad de M\u00e9xico<\/strong><br>Luego de que el Presidente Andre\u0301s Manuel Lo\u0301pez Obrador presento\u0301 su Tercer Informe de Gobierno, desde la Confederacio\u0301n Patronal de la Repu\u0301blica Mexicana (COPARMEX) identificamos avances y pendientes, pero sobre todo la necesidad del dia\u0301logo para trabajar en favor del desarrollo econo\u0301mico de Me\u0301xico y de una mejor calidad de vida de las familias, respetando siempre el Estado de Derecho y un clima de libertades plenas para los ciudadanos.<br>En Coparmex reconocemos el trabajo que el Gobierno de Me\u0301xico ha realizado en los u\u0301ltimos tres an\u0303os para cumplir los compromisos adquiridos por el titular del Ejecutivo, y aprovechamos para reiterar nuestro llamado a que la administracio\u0301n actu\u0301e a favor de la libre competencia, esencial para lograr una reactivacio\u0301n econo\u0301mica ma\u0301s acelerada que reditu\u0301e en mejores condiciones para todos los ciudadanos, sobre todo para los que se han visto afectados por el desempleo, el cierre de empresas y de oportunidades.<br>Desde Coparmex vemos con especial preocupacio\u0301n lo sen\u0303alado por el Ejecutivo, cuando asegura \u201chemos detenido las privatizaciones en el sector energe\u0301tico\u201d, en referencia a la Ley de la Industria Ele\u0301ctrica (LIE) y la Ley de Hidrocarburos, asi\u0301 como el anuncio de una Reforma Constitucional que enviara\u0301 al Congreso de la Unio\u0301n para detener la privatizacio\u0301n del mercado ele\u0301ctrico y fortalecer exclusivamente a la Comisio\u0301n Federal de Electricidad.<br>Consideramos que estas decisiones no so\u0301lo atentan contra la libre competencia y la libre concurrencia, sino que frenan la participacio\u0301n de nuestro pai\u0301s en los esfuerzos globales para detener el cambio clima\u0301tico.<br>Reiteramos que ma\u0301s alla\u0301 de tintes ideolo\u0301gicos, el Gobierno de Me\u0301xico debe trabajar con un enfoque que privilegie la generacio\u0301n de energi\u0301as limpias, ma\u0301s baratas, respetuosas con el medio ambiente y debe evitar propiciar el retorno a monopolios en el sector energe\u0301tico. Hoy Me\u0301xico requiere acciones que lo pongan a la vanguardia en materia ambiental y de impulso a la competitividad.<br>Es importante mencionar que desde la Coparmex respaldamos los ajustes necesarios para contar con energi\u0301a, siempre y cuando se respeten los contratos, se privilegie la generacio\u0301n de energi\u0301as limpias, ma\u0301s baratas, cuyo proceso de generacio\u0301n respete nuestro derecho a la salud y garantice el acceso de los mexicanos a un ambiente sano.<br>Por otro lado, consideramos que a tres an\u0303os de gobierno de la actual administracio\u0301n hay temas con graves rezagos en los que el Gobierno debe enfocar sus estrategias y recursos, como son: la reactivacio\u0301n econo\u0301mica, la disminucio\u0301n de los i\u0301ndices de pobreza, el acceso a los servicios de salud y el avance de Plan Nacional de Vacunacio\u0301n contra el virus que causa la enfermedad COVID-19.<br>Adema\u0301s del combate efectivo contra la corrupcio\u0301n, el abasto de medicamentos, la correcta implementacio\u0301n de la reforma en materia de subcontratacio\u0301n, la promocio\u0301n de una Nueva Cultura Salarial, el Estado de Derecho y certeza juri\u0301dica y la profesionalizacio\u0301n de los cuerpos de seguridad pu\u0301blica, donde es importante revisar estrategias que contribuyan a que se den mejores resultados a los ciudadanos y que adema\u0301s impidan la militarizacio\u0301n de los cuerpos de polici\u0301a.<br>En Coparmex reiteramos nuestra disposicio\u0301n de contribuir con toda nuestra capacidad y compromiso con el Gobierno de Me\u0301xico y los ciudadanos para acelerar temas tan importantes como la inmunizacio\u0301n de la planta productiva del pai\u0301s, lo que permitira\u0301 dar un paso ma\u0301s camino a la reactivacio\u0301n econo\u0301mica que ayude a la recuperacio\u0301n de empresas y empleos perdidos durante la pandemia.<br>Coincidimos con el Presidente en que la historia y la mirada al pasado es necesaria e indispensable para no cometer errores, pero es igualmente importante mirar al futuro y trabajar por el porvenir de Me\u0301xico.<br>Solo con visio\u0301n de futuro, todos juntos, lograremos el desarrollo y avance que nuestro pai\u0301s requiere.<\/p>\n","protected":false},"excerpt":{"rendered":"<p>Ciudad de M\u00e9xicoLuego de que el Presidente Andre\u0301s Manuel Lo\u0301pez Obrador presento\u0301 su Tercer Informe de Gobierno, desde la Confederacio\u0301n Patronal de la Repu\u0301blica Mexicana (COPARMEX) identificamos avances y pendientes, pero sobre todo la necesidad del dia\u0301logo para trabajar en favor del desarrollo econo\u0301mico de Me\u0301xico y de una mejor calidad de vida de las [&hellip;]<\/p>\n","protected":false},"author":2,"featured_media":0,"comment_status":"closed","ping_status":"closed","sticky":false,"template":"","format":"standard","meta":{"tdm_status":"","tdm_grid_status":"","footnotes":""},"categories":[73],"tags":[6293,26577,30194,30195],"class_list":{"0":"post-78913","1":"post","2":"type-post","3":"status-publish","4":"format-standard","6":"category-de-boleto","7":"tag-coparmex","8":"tag-covid-19-2","9":"tag-ley-de-la-industria-electrica-2","10":"tag-lie"},"yoast_head":"<!-- This site is optimized with the Yoast SEO plugin v27.4 - https:\/\/yoast.com\/product\/yoast-seo-wordpress\/ -->\n<title>Necesario el di\u00e1logo, por M\u00e9xico - Los pol\u00edticos Veracruz<\/title>\n<meta name=\"robots\" content=\"index, follow, max-snippet:-1, max-image-preview:large, max-video-preview:-1\" \/>\n<link rel=\"canonical\" href=\"https:\/\/lospoliticosveracruz.com\/?p=78913\" \/>\n<meta property=\"og:locale\" content=\"es_ES\" \/>\n<meta property=\"og:type\" content=\"article\" \/>\n<meta property=\"og:title\" content=\"Necesario el di\u00e1logo, por M\u00e9xico - Los pol\u00edticos Veracruz\" \/>\n<meta property=\"og:description\" content=\"Ciudad de M\u00e9xicoLuego de que el Presidente Andre\u0301s Manuel Lo\u0301pez Obrador presento\u0301 su Tercer Informe de Gobierno, desde la Confederacio\u0301n Patronal de la Repu\u0301blica Mexicana (COPARMEX) identificamos avances y pendientes, pero sobre todo la necesidad del dia\u0301logo para trabajar en favor del desarrollo econo\u0301mico de Me\u0301xico y de una mejor calidad de vida de las [&hellip;]\" \/>\n<meta property=\"og:url\" content=\"https:\/\/lospoliticosveracruz.com\/?p=78913\" \/>\n<meta property=\"og:site_name\" content=\"Los pol\u00edticos Veracruz\" \/>\n<meta property=\"article:publisher\" content=\"https:\/\/www.facebook.com\/people\/Notimemes-de-los-Polticos\/61565672886568\/\" \/>\n<meta property=\"article:published_time\" content=\"2021-09-02T16:34:19+00:00\" \/>\n<meta property=\"article:modified_time\" content=\"2021-09-02T16:34:21+00:00\" \/>\n<meta property=\"og:image\" content=\"https:\/\/lospoliticosveracruz.com\/wp-content\/uploads\/2016\/07\/Logo-Dor.jpg\" \/>\n\t<meta property=\"og:image:width\" content=\"200\" \/>\n\t<meta property=\"og:image:height\" content=\"200\" \/>\n\t<meta property=\"og:image:type\" content=\"image\/jpeg\" \/>\n<meta name=\"author\" content=\"Lo viste en Los Pol\u00edticos\" \/>\n<meta name=\"twitter:card\" content=\"summary_large_image\" \/>\n<meta name=\"twitter:creator\" content=\"@LosPoliticosVer\" \/>\n<meta name=\"twitter:site\" content=\"@LosPoliticosVer\" \/>\n<meta name=\"twitter:label1\" content=\"Escrito por\" \/>\n\t<meta name=\"twitter:data1\" content=\"Lo viste en Los Pol\u00edticos\" \/>\n\t<meta name=\"twitter:label2\" content=\"Tiempo de lectura\" \/>\n\t<meta name=\"twitter:data2\" content=\"3 minutos\" \/>\n<script type=\"application\/ld+json\" class=\"yoast-schema-graph\">{\"@context\":\"https:\\\/\\\/schema.org\",\"@graph\":[{\"@type\":\"Article\",\"@id\":\"https:\\\/\\\/lospoliticosveracruz.com\\\/?p=78913#article\",\"isPartOf\":{\"@id\":\"https:\\\/\\\/lospoliticosveracruz.com\\\/?p=78913\"},\"author\":{\"name\":\"Lo viste en Los Pol\u00edticos\",\"@id\":\"https:\\\/\\\/lospoliticosveracruz.com\\\/#\\\/schema\\\/person\\\/b8702bb0e538456e6efd07080bf2a4a2\"},\"headline\":\"Necesario el di\u00e1logo, por M\u00e9xico\",\"datePublished\":\"2021-09-02T16:34:19+00:00\",\"dateModified\":\"2021-09-02T16:34:21+00:00\",\"mainEntityOfPage\":{\"@id\":\"https:\\\/\\\/lospoliticosveracruz.com\\\/?p=78913\"},\"wordCount\":689,\"publisher\":{\"@id\":\"https:\\\/\\\/lospoliticosveracruz.com\\\/#organization\"},\"keywords\":[\"Coparmex\",\"Covid-19\",\"Ley de la Industria Ele\u0301ctrica\",\"LIE\"],\"articleSection\":[\"De Boleto\"],\"inLanguage\":\"es\"},{\"@type\":\"WebPage\",\"@id\":\"https:\\\/\\\/lospoliticosveracruz.com\\\/?p=78913\",\"url\":\"https:\\\/\\\/lospoliticosveracruz.com\\\/?p=78913\",\"name\":\"Necesario el di\u00e1logo, por M\u00e9xico - Los pol\u00edticos Veracruz\",\"isPartOf\":{\"@id\":\"https:\\\/\\\/lospoliticosveracruz.com\\\/#website\"},\"datePublished\":\"2021-09-02T16:34:19+00:00\",\"dateModified\":\"2021-09-02T16:34:21+00:00\",\"breadcrumb\":{\"@id\":\"https:\\\/\\\/lospoliticosveracruz.com\\\/?p=78913#breadcrumb\"},\"inLanguage\":\"es\",\"potentialAction\":[{\"@type\":\"ReadAction\",\"target\":[\"https:\\\/\\\/lospoliticosveracruz.com\\\/?p=78913\"]}]},{\"@type\":\"BreadcrumbList\",\"@id\":\"https:\\\/\\\/lospoliticosveracruz.com\\\/?p=78913#breadcrumb\",\"itemListElement\":[{\"@type\":\"ListItem\",\"position\":1,\"name\":\"Portada\",\"item\":\"https:\\\/\\\/lospoliticosveracruz.com\\\/\"},{\"@type\":\"ListItem\",\"position\":2,\"name\":\"Necesario el di\u00e1logo, por M\u00e9xico\"}]},{\"@type\":\"WebSite\",\"@id\":\"https:\\\/\\\/lospoliticosveracruz.com\\\/#website\",\"url\":\"https:\\\/\\\/lospoliticosveracruz.com\\\/\",\"name\":\"Los pol\u00edticos Veracruz\",\"description\":\"\",\"publisher\":{\"@id\":\"https:\\\/\\\/lospoliticosveracruz.com\\\/#organization\"},\"potentialAction\":[{\"@type\":\"SearchAction\",\"target\":{\"@type\":\"EntryPoint\",\"urlTemplate\":\"https:\\\/\\\/lospoliticosveracruz.com\\\/?s={search_term_string}\"},\"query-input\":{\"@type\":\"PropertyValueSpecification\",\"valueRequired\":true,\"valueName\":\"search_term_string\"}}],\"inLanguage\":\"es\"},{\"@type\":\"Organization\",\"@id\":\"https:\\\/\\\/lospoliticosveracruz.com\\\/#organization\",\"name\":\"Los pol\u00edticos Veracruz\",\"url\":\"https:\\\/\\\/lospoliticosveracruz.com\\\/\",\"logo\":{\"@type\":\"ImageObject\",\"inLanguage\":\"es\",\"@id\":\"https:\\\/\\\/lospoliticosveracruz.com\\\/#\\\/schema\\\/logo\\\/image\\\/\",\"url\":\"https:\\\/\\\/lospoliticosveracruz.com\\\/wp-content\\\/uploads\\\/2025\\\/12\\\/Logo-Nuevo-LOS-POLITICOS-1.jpg\",\"contentUrl\":\"https:\\\/\\\/lospoliticosveracruz.com\\\/wp-content\\\/uploads\\\/2025\\\/12\\\/Logo-Nuevo-LOS-POLITICOS-1.jpg\",\"width\":260,\"height\":70,\"caption\":\"Los pol\u00edticos Veracruz\"},\"image\":{\"@id\":\"https:\\\/\\\/lospoliticosveracruz.com\\\/#\\\/schema\\\/logo\\\/image\\\/\"},\"sameAs\":[\"https:\\\/\\\/www.facebook.com\\\/people\\\/Notimemes-de-los-Polticos\\\/61565672886568\\\/\",\"https:\\\/\\\/x.com\\\/LosPoliticosVer\"]},{\"@type\":\"Person\",\"@id\":\"https:\\\/\\\/lospoliticosveracruz.com\\\/#\\\/schema\\\/person\\\/b8702bb0e538456e6efd07080bf2a4a2\",\"name\":\"Lo viste en Los Pol\u00edticos\",\"image\":{\"@type\":\"ImageObject\",\"inLanguage\":\"es\",\"@id\":\"https:\\\/\\\/secure.gravatar.com\\\/avatar\\\/3a8de04a2656d44082be478bd6c086daa447c4651605818287b9532d3d0bd435?s=96&d=mm&r=g\",\"url\":\"https:\\\/\\\/secure.gravatar.com\\\/avatar\\\/3a8de04a2656d44082be478bd6c086daa447c4651605818287b9532d3d0bd435?s=96&d=mm&r=g\",\"contentUrl\":\"https:\\\/\\\/secure.gravatar.com\\\/avatar\\\/3a8de04a2656d44082be478bd6c086daa447c4651605818287b9532d3d0bd435?s=96&d=mm&r=g\",\"caption\":\"Lo viste en Los Pol\u00edticos\"},\"url\":\"https:\\\/\\\/lospoliticosveracruz.com\\\/?author=2\"}]}<\/script>\n<!-- \/ Yoast SEO plugin. -->","yoast_head_json":{"title":"Necesario el di\u00e1logo, por M\u00e9xico - Los pol\u00edticos Veracruz","robots":{"index":"index","follow":"follow","max-snippet":"max-snippet:-1","max-image-preview":"max-image-preview:large","max-video-preview":"max-video-preview:-1"},"canonical":"https:\/\/lospoliticosveracruz.com\/?p=78913","og_locale":"es_ES","og_type":"article","og_title":"Necesario el di\u00e1logo, por M\u00e9xico - Los pol\u00edticos Veracruz","og_description":"Ciudad de M\u00e9xicoLuego de que el Presidente Andre\u0301s Manuel Lo\u0301pez Obrador presento\u0301 su Tercer Informe de Gobierno, desde la Confederacio\u0301n Patronal de la Repu\u0301blica Mexicana (COPARMEX) identificamos avances y pendientes, pero sobre todo la necesidad del dia\u0301logo para trabajar en favor del desarrollo econo\u0301mico de Me\u0301xico y de una mejor calidad de vida de las [&hellip;]","og_url":"https:\/\/lospoliticosveracruz.com\/?p=78913","og_site_name":"Los pol\u00edticos Veracruz","article_publisher":"https:\/\/www.facebook.com\/people\/Notimemes-de-los-Polticos\/61565672886568\/","article_published_time":"2021-09-02T16:34:19+00:00","article_modified_time":"2021-09-02T16:34:21+00:00","og_image":[{"width":200,"height":200,"url":"https:\/\/lospoliticosveracruz.com\/wp-content\/uploads\/2016\/07\/Logo-Dor.jpg","type":"image\/jpeg"}],"author":"Lo viste en Los Pol\u00edticos","twitter_card":"summary_large_image","twitter_creator":"@LosPoliticosVer","twitter_site":"@LosPoliticosVer","twitter_misc":{"Escrito por":"Lo viste en Los Pol\u00edticos","Tiempo de lectura":"3 minutos"},"schema":{"@context":"https:\/\/schema.org","@graph":[{"@type":"Article","@id":"https:\/\/lospoliticosveracruz.com\/?p=78913#article","isPartOf":{"@id":"https:\/\/lospoliticosveracruz.com\/?p=78913"},"author":{"name":"Lo viste en Los Pol\u00edticos","@id":"https:\/\/lospoliticosveracruz.com\/#\/schema\/person\/b8702bb0e538456e6efd07080bf2a4a2"},"headline":"Necesario el di\u00e1logo, por M\u00e9xico","datePublished":"2021-09-02T16:34:19+00:00","dateModified":"2021-09-02T16:34:21+00:00","mainEntityOfPage":{"@id":"https:\/\/lospoliticosveracruz.com\/?p=78913"},"wordCount":689,"publisher":{"@id":"https:\/\/lospoliticosveracruz.com\/#organization"},"keywords":["Coparmex","Covid-19","Ley de la Industria Ele\u0301ctrica","LIE"],"articleSection":["De Boleto"],"inLanguage":"es"},{"@type":"WebPage","@id":"https:\/\/lospoliticosveracruz.com\/?p=78913","url":"https:\/\/lospoliticosveracruz.com\/?p=78913","name":"Necesario el di\u00e1logo, por M\u00e9xico - Los pol\u00edticos Veracruz","isPartOf":{"@id":"https:\/\/lospoliticosveracruz.com\/#website"},"datePublished":"2021-09-02T16:34:19+00:00","dateModified":"2021-09-02T16:34:21+00:00","breadcrumb":{"@id":"https:\/\/lospoliticosveracruz.com\/?p=78913#breadcrumb"},"inLanguage":"es","potentialAction":[{"@type":"ReadAction","target":["https:\/\/lospoliticosveracruz.com\/?p=78913"]}]},{"@type":"BreadcrumbList","@id":"https:\/\/lospoliticosveracruz.com\/?p=78913#breadcrumb","itemListElement":[{"@type":"ListItem","position":1,"name":"Portada","item":"https:\/\/lospoliticosveracruz.com\/"},{"@type":"ListItem","position":2,"name":"Necesario el di\u00e1logo, por M\u00e9xico"}]},{"@type":"WebSite","@id":"https:\/\/lospoliticosveracruz.com\/#website","url":"https:\/\/lospoliticosveracruz.com\/","name":"Los pol\u00edticos Veracruz","description":"","publisher":{"@id":"https:\/\/lospoliticosveracruz.com\/#organization"},"potentialAction":[{"@type":"SearchAction","target":{"@type":"EntryPoint","urlTemplate":"https:\/\/lospoliticosveracruz.com\/?s={search_term_string}"},"query-input":{"@type":"PropertyValueSpecification","valueRequired":true,"valueName":"search_term_string"}}],"inLanguage":"es"},{"@type":"Organization","@id":"https:\/\/lospoliticosveracruz.com\/#organization","name":"Los pol\u00edticos Veracruz","url":"https:\/\/lospoliticosveracruz.com\/","logo":{"@type":"ImageObject","inLanguage":"es","@id":"https:\/\/lospoliticosveracruz.com\/#\/schema\/logo\/image\/","url":"https:\/\/lospoliticosveracruz.com\/wp-content\/uploads\/2025\/12\/Logo-Nuevo-LOS-POLITICOS-1.jpg","contentUrl":"https:\/\/lospoliticosveracruz.com\/wp-content\/uploads\/2025\/12\/Logo-Nuevo-LOS-POLITICOS-1.jpg","width":260,"height":70,"caption":"Los pol\u00edticos Veracruz"},"image":{"@id":"https:\/\/lospoliticosveracruz.com\/#\/schema\/logo\/image\/"},"sameAs":["https:\/\/www.facebook.com\/people\/Notimemes-de-los-Polticos\/61565672886568\/","https:\/\/x.com\/LosPoliticosVer"]},{"@type":"Person","@id":"https:\/\/lospoliticosveracruz.com\/#\/schema\/person\/b8702bb0e538456e6efd07080bf2a4a2","name":"Lo viste en Los Pol\u00edticos","image":{"@type":"ImageObject","inLanguage":"es","@id":"https:\/\/secure.gravatar.com\/avatar\/3a8de04a2656d44082be478bd6c086daa447c4651605818287b9532d3d0bd435?s=96&d=mm&r=g","url":"https:\/\/secure.gravatar.com\/avatar\/3a8de04a2656d44082be478bd6c086daa447c4651605818287b9532d3d0bd435?s=96&d=mm&r=g","contentUrl":"https:\/\/secure.gravatar.com\/avatar\/3a8de04a2656d44082be478bd6c086daa447c4651605818287b9532d3d0bd435?s=96&d=mm&r=g","caption":"Lo viste en Los Pol\u00edticos"},"url":"https:\/\/lospoliticosveracruz.com\/?author=2"}]}},"_links":{"self":[{"href":"https:\/\/lospoliticosveracruz.com\/index.php?rest_route=\/wp\/v2\/posts\/78913","targetHints":{"allow":["GET"]}}],"collection":[{"href":"https:\/\/lospoliticosveracruz.com\/index.php?rest_route=\/wp\/v2\/posts"}],"about":[{"href":"https:\/\/lospoliticosveracruz.com\/index.php?rest_route=\/wp\/v2\/types\/post"}],"author":[{"embeddable":true,"href":"https:\/\/lospoliticosveracruz.com\/index.php?rest_route=\/wp\/v2\/users\/2"}],"replies":[{"embeddable":true,"href":"https:\/\/lospoliticosveracruz.com\/index.php?rest_route=%2Fwp%2Fv2%2Fcomments&post=78913"}],"version-history":[{"count":1,"href":"https:\/\/lospoliticosveracruz.com\/index.php?rest_route=\/wp\/v2\/posts\/78913\/revisions"}],"predecessor-version":[{"id":78915,"href":"https:\/\/lospoliticosveracruz.com\/index.php?rest_route=\/wp\/v2\/posts\/78913\/revisions\/78915"}],"wp:attachment":[{"href":"https:\/\/lospoliticosveracruz.com\/index.php?rest_route=%2Fwp%2Fv2%2Fmedia&parent=78913"}],"wp:term":[{"taxonomy":"category","embeddable":true,"href":"https:\/\/lospoliticosveracruz.com\/index.php?rest_route=%2Fwp%2Fv2%2Fcategories&post=78913"},{"taxonomy":"post_tag","embeddable":true,"href":"https:\/\/lospoliticosveracruz.com\/index.php?rest_route=%2Fwp%2Fv2%2Ftags&post=78913"}],"curies":[{"name":"wp","href":"https:\/\/api.w.org\/{rel}","templated":true}]}}