{"id":78933,"date":"2021-09-03T08:21:38","date_gmt":"2021-09-03T13:21:38","guid":{"rendered":"http:\/\/www.lospoliticosveracruz.com.mx\/?p=78933"},"modified":"2021-09-03T08:21:43","modified_gmt":"2021-09-03T13:21:43","slug":"martin-aguilar-retoma-en-uv-propuestas-de-aspirantes","status":"publish","type":"post","link":"https:\/\/lospoliticosveracruz.com\/?p=78933","title":{"rendered":"Mart\u00edn Aguilar retoma en UV propuestas de aspirantes"},"content":{"rendered":"\n<p><\/p>\n\n\n\n<p><strong>Omar Z\u00fa\u00f1iga<\/strong><\/p>\n\n\n\n<p>Pues nada\u2026, finalmente quien result\u00f3 designado por la Junta de Gobierno como Rector de la Universidad Veracruzana para el ciclo 2021-2025 fue Mart\u00edn Gerardo Aguilar S\u00e1nchez, que dicho sea de paso rindi\u00f3 protesta el pasado mi\u00e9rcoles 1 de septiembre.<br>A destacar de esta fecha, representativa ciertamente, fue le hecho de que fueron invitados todes (uuuff, ok no lo vuelvo a hacer) los aspirantes, es decir, los 12 restantes y loable de los que asistieron, pues lo dijeron que, como en una contienda electoral cualquiera, lo que ven\u00eda despu\u00e9s de la elecci\u00f3n es la unidad.<br>Asistieron casi todos, Jos\u00e9 Luis Cuevas, Jorge Manzo, H\u00e9ctor Coronel, Rafael Vela, Beatriz Lira, en fin, CASI todos, los \u00fanicos ausentes fueron Roc\u00edo Ojeda y Dar\u00edo Fabi\u00e1n Hern\u00e1ndez (\u00bfregresar\u00e1 a Sefiplan?), las causas de la ausencia, no las sabemos, sin embargo en estas lides como en pol\u00edtica, lo que parece, es, entonces\u2026<br>Pero bueno, otro tema es que el flamante mandam\u00e1s de la M\u00e1xima Casa de Estudios veracruzana sin decirlo, hizo ese llamado a la unidad que necesita la UV, cuando pidi\u00f3 \u201cautorizaci\u00f3n\u201d a los dem\u00e1s aspirantes de retomar lo que \u00e9l consideraba necesario de sus proyectos, para fortalecer su plan de trabajo, con el objetivo de devolverle la grandeza a la instituci\u00f3n.<br>Uno de los puntos que destac\u00f3 fue precisamente la columna vertebral del plan de Rafael Vela, que es dotar de autonom\u00eda a las vicerrector\u00edas para fortalecer a las regiones, es decir optar por una regionalizaci\u00f3n de la UV.<br>Esto habla bien de Aguilar, muy bien, enhorabuena, pues s\u00f3lo as\u00ed, conjuntando fuerzas y esfuerzos ser\u00e1 posible devolverle a la UV la grandeza que nunca debi\u00f3 haber perdido.<br>La que dist\u00f3 mucho de estar bien, por el contrario, fue la presidenta de la Junta de Gobierno Leticia Mora Perdomo, (quien adem\u00e1s en alg\u00fan momento me cerr\u00f3 la puerta en la cara, literal, jeje) quien pareci\u00f3 que justificaba la decisi\u00f3n que tomaron, pues m\u00e1s de una ocasi\u00f3n, destac\u00f3 que la \u201ctransparencia\u201d del proceso y que nunca \u201cestuvieron sometidos a presiones\u201d y la \u201chonorabilidad\u201d de sus miembros; una mentira m\u00e1s es lo que dijo sobre el ranking en que se encuentra la UV actualmente, al asegurar que la m\u00e1xima casa de estudios se encuentra en el \u201ctop ten\u201d de universidades del pa\u00eds, cuando acaba de salir de \u00e9ste, seg\u00fan mediciones recientes\u2026, pero esto es peccata minuta, lo realmente importantes es lo anterior, pues sostiene la sabidur\u00eda popular: explicaci\u00f3n no pedida, responsabilidad manifiesta\u2026 uuufffff.<\/p>\n\n\n\n<hr class=\"wp-block-separator\"\/>\n\n\n\n<p>Hoy 3 de septiembre, con motivo del bicentenario de su fundaci\u00f3n, se inscribir\u00e1 con letras de oro en el Congreso del Estado el nombre de la Armada de M\u00e9xico, a iniciativa de Jos\u00e9 Manuel Pozos.<br>A las 12:00 horas est\u00e1 programada la sesi\u00f3n solemne donde hasta anoche se esperaba la llegada de almirante secretario, el xalape\u00f1o Rafael Ojeda Dur\u00e1n, aunque en su ausencia ser\u00eda representado por el comandante de la Primera Regi\u00f3n Naval, almirante Santiago Jorge Morgado G\u00f3mez.<br>Ah, tambi\u00e9n estar\u00e1 el gobernador Cuitl\u00e1huac Garc\u00eda.<\/p>\n\n\n\n<hr class=\"wp-block-separator\"\/>\n\n\n\n<p>Parte del \u00e9xito de la administraci\u00f3n municipal de Orizaba, encabezada por Igor Roj\u00ed, ha sido llevar centros de recreaci\u00f3n a las distintas zonas del Pueblo M\u00e1gico, no s\u00f3lo concentrarlo en la zona centro, donde ciertamente est\u00e1 su mayor atractivo, el ic\u00f3nico y portentoso Palacio de Hierro, dise\u00f1ado por Gustav Eiffel, s\u00ed, el mismo que construy\u00f3 la emblem\u00e1tica Torre que lleva su nombre y da notoriedad a la rom\u00e1ntica Par\u00eds.<br>Pero bueno, este ligero pre\u00e1mbulo viene a cuento porque precisamente el pr\u00f3ximo martes 7 de septiembre, ser\u00e1 inaugurado con bombo y platillo el \u00faltimo parque, ubicado en la zona norte de Pluviosilla, denominado Aeroparque, debo confesar que de entrada y luego de haber recorrido los atractivos tur\u00edsticos que ofrecen, no me pareci\u00f3 lo mejor para cerrar el d\u00eda\u2026, \u00a1craso error!, este lugar cuenta con un avi\u00f3n real en desuso, donado precisamente por la Secretar\u00eda de Marina y trasladado en partes y ensamblado en su destino final por Mart\u00edn Vaca, el protagonista del show Mexic\u00e1nicos de History Channel, quien adem\u00e1s estar\u00e1 presente en la inauguraci\u00f3n.<br>Esta aeronave fue completamente restaurada incluida la cabina de pilotos con asientos para pasajeros y quiz\u00e1 el mayor atractivo, un simulador de vuelo que seguro har\u00e1 el goce de chicos y grandes.<\/p>\n\n\n\n<p>\u00a1Qu\u00e9 barbaridad!<br>deprimera.mano2020@gmail.com<\/p>\n","protected":false},"excerpt":{"rendered":"<p>Omar Z\u00fa\u00f1iga Pues nada\u2026, finalmente quien result\u00f3 designado por la Junta de Gobierno como Rector de la Universidad Veracruzana para el ciclo 2021-2025 fue Mart\u00edn Gerardo Aguilar S\u00e1nchez, que dicho sea de paso rindi\u00f3 protesta el pasado mi\u00e9rcoles 1 de septiembre.A destacar de esta fecha, representativa ciertamente, fue le hecho de que fueron invitados todes [&hellip;]<\/p>\n","protected":false},"author":2,"featured_media":0,"comment_status":"closed","ping_status":"closed","sticky":false,"template":"","format":"standard","meta":{"tdm_status":"","tdm_grid_status":"","footnotes":""},"categories":[70],"tags":[30206,1563,29532,30042,8078,29337,3254,11958,29805,28705,1639,29538,172],"class_list":{"0":"post-78933","1":"post","2":"type-post","3":"status-publish","4":"format-standard","6":"category-de-opinion","7":"tag-beatriz-lira","8":"tag-cuitlahuac-garcia-jimenez","9":"tag-dario-fabian-hernandez-2","10":"tag-hector-coronel","11":"tag-igor-roji","12":"tag-jorge-manzo","13":"tag-jose-luis-cuevas","14":"tag-jose-manuel-pozos-castro","15":"tag-martin-gerardo-aguilar-sanchez","16":"tag-omar-zuniga","17":"tag-orizaba","18":"tag-rafael-vela","19":"tag-uv"},"yoast_head":"<!-- This site is optimized with the Yoast SEO plugin v27.4 - https:\/\/yoast.com\/product\/yoast-seo-wordpress\/ -->\n<title>Mart\u00edn Aguilar retoma en UV propuestas de aspirantes - Los pol\u00edticos Veracruz<\/title>\n<meta name=\"robots\" content=\"index, follow, max-snippet:-1, max-image-preview:large, max-video-preview:-1\" \/>\n<link rel=\"canonical\" href=\"https:\/\/lospoliticosveracruz.com\/?p=78933\" \/>\n<meta property=\"og:locale\" content=\"es_ES\" \/>\n<meta property=\"og:type\" content=\"article\" \/>\n<meta property=\"og:title\" content=\"Mart\u00edn Aguilar retoma en UV propuestas de aspirantes - Los pol\u00edticos Veracruz\" \/>\n<meta property=\"og:description\" content=\"Omar Z\u00fa\u00f1iga Pues nada\u2026, finalmente quien result\u00f3 designado por la Junta de Gobierno como Rector de la Universidad Veracruzana para el ciclo 2021-2025 fue Mart\u00edn Gerardo Aguilar S\u00e1nchez, que dicho sea de paso rindi\u00f3 protesta el pasado mi\u00e9rcoles 1 de septiembre.A destacar de esta fecha, representativa ciertamente, fue le hecho de que fueron invitados todes [&hellip;]\" \/>\n<meta property=\"og:url\" content=\"https:\/\/lospoliticosveracruz.com\/?p=78933\" \/>\n<meta property=\"og:site_name\" content=\"Los pol\u00edticos Veracruz\" \/>\n<meta property=\"article:publisher\" content=\"https:\/\/www.facebook.com\/people\/Notimemes-de-los-Polticos\/61565672886568\/\" \/>\n<meta property=\"article:published_time\" content=\"2021-09-03T13:21:38+00:00\" \/>\n<meta property=\"article:modified_time\" content=\"2021-09-03T13:21:43+00:00\" \/>\n<meta property=\"og:image\" content=\"https:\/\/lospoliticosveracruz.com\/wp-content\/uploads\/2016\/07\/Logo-Dor.jpg\" \/>\n\t<meta property=\"og:image:width\" content=\"200\" \/>\n\t<meta property=\"og:image:height\" content=\"200\" \/>\n\t<meta property=\"og:image:type\" content=\"image\/jpeg\" \/>\n<meta name=\"author\" content=\"Lo viste en Los Pol\u00edticos\" \/>\n<meta name=\"twitter:card\" content=\"summary_large_image\" \/>\n<meta name=\"twitter:creator\" content=\"@LosPoliticosVer\" \/>\n<meta name=\"twitter:site\" content=\"@LosPoliticosVer\" \/>\n<meta name=\"twitter:label1\" content=\"Escrito por\" \/>\n\t<meta name=\"twitter:data1\" content=\"Lo viste en Los Pol\u00edticos\" \/>\n\t<meta name=\"twitter:label2\" content=\"Tiempo de lectura\" \/>\n\t<meta name=\"twitter:data2\" content=\"4 minutos\" \/>\n<script type=\"application\/ld+json\" class=\"yoast-schema-graph\">{\"@context\":\"https:\\\/\\\/schema.org\",\"@graph\":[{\"@type\":\"Article\",\"@id\":\"https:\\\/\\\/lospoliticosveracruz.com\\\/?p=78933#article\",\"isPartOf\":{\"@id\":\"https:\\\/\\\/lospoliticosveracruz.com\\\/?p=78933\"},\"author\":{\"name\":\"Lo viste en Los Pol\u00edticos\",\"@id\":\"https:\\\/\\\/lospoliticosveracruz.com\\\/#\\\/schema\\\/person\\\/b8702bb0e538456e6efd07080bf2a4a2\"},\"headline\":\"Mart\u00edn Aguilar retoma en UV propuestas de aspirantes\",\"datePublished\":\"2021-09-03T13:21:38+00:00\",\"dateModified\":\"2021-09-03T13:21:43+00:00\",\"mainEntityOfPage\":{\"@id\":\"https:\\\/\\\/lospoliticosveracruz.com\\\/?p=78933\"},\"wordCount\":771,\"publisher\":{\"@id\":\"https:\\\/\\\/lospoliticosveracruz.com\\\/#organization\"},\"keywords\":[\"Beatriz Lira\",\"Cuitl\u00e1huac Garc\u00eda Jim\u00e9nez\",\"Dar\u00edo Fabi\u00e1n Hern\u00e1ndez\",\"H\u00e9ctor Coronel\",\"Igor Roj\u00ed\",\"Jorge Manzo\",\"Jos\u00e9 Luis Cuevas\",\"Jos\u00e9 Manuel Pozos Castro\",\"Mart\u00edn Gerardo Aguilar S\u00e1nchez\",\"Omar Z\u00fa\u00f1iga\",\"Orizaba\",\"Rafael Vela\",\"UV\"],\"articleSection\":[\"De Opini\u00f3n\"],\"inLanguage\":\"es\"},{\"@type\":\"WebPage\",\"@id\":\"https:\\\/\\\/lospoliticosveracruz.com\\\/?p=78933\",\"url\":\"https:\\\/\\\/lospoliticosveracruz.com\\\/?p=78933\",\"name\":\"Mart\u00edn Aguilar retoma en UV propuestas de aspirantes - Los pol\u00edticos Veracruz\",\"isPartOf\":{\"@id\":\"https:\\\/\\\/lospoliticosveracruz.com\\\/#website\"},\"datePublished\":\"2021-09-03T13:21:38+00:00\",\"dateModified\":\"2021-09-03T13:21:43+00:00\",\"breadcrumb\":{\"@id\":\"https:\\\/\\\/lospoliticosveracruz.com\\\/?p=78933#breadcrumb\"},\"inLanguage\":\"es\",\"potentialAction\":[{\"@type\":\"ReadAction\",\"target\":[\"https:\\\/\\\/lospoliticosveracruz.com\\\/?p=78933\"]}]},{\"@type\":\"BreadcrumbList\",\"@id\":\"https:\\\/\\\/lospoliticosveracruz.com\\\/?p=78933#breadcrumb\",\"itemListElement\":[{\"@type\":\"ListItem\",\"position\":1,\"name\":\"Portada\",\"item\":\"https:\\\/\\\/lospoliticosveracruz.com\\\/\"},{\"@type\":\"ListItem\",\"position\":2,\"name\":\"Mart\u00edn Aguilar retoma en UV propuestas de aspirantes\"}]},{\"@type\":\"WebSite\",\"@id\":\"https:\\\/\\\/lospoliticosveracruz.com\\\/#website\",\"url\":\"https:\\\/\\\/lospoliticosveracruz.com\\\/\",\"name\":\"Los pol\u00edticos Veracruz\",\"description\":\"\",\"publisher\":{\"@id\":\"https:\\\/\\\/lospoliticosveracruz.com\\\/#organization\"},\"potentialAction\":[{\"@type\":\"SearchAction\",\"target\":{\"@type\":\"EntryPoint\",\"urlTemplate\":\"https:\\\/\\\/lospoliticosveracruz.com\\\/?s={search_term_string}\"},\"query-input\":{\"@type\":\"PropertyValueSpecification\",\"valueRequired\":true,\"valueName\":\"search_term_string\"}}],\"inLanguage\":\"es\"},{\"@type\":\"Organization\",\"@id\":\"https:\\\/\\\/lospoliticosveracruz.com\\\/#organization\",\"name\":\"Los pol\u00edticos Veracruz\",\"url\":\"https:\\\/\\\/lospoliticosveracruz.com\\\/\",\"logo\":{\"@type\":\"ImageObject\",\"inLanguage\":\"es\",\"@id\":\"https:\\\/\\\/lospoliticosveracruz.com\\\/#\\\/schema\\\/logo\\\/image\\\/\",\"url\":\"https:\\\/\\\/lospoliticosveracruz.com\\\/wp-content\\\/uploads\\\/2025\\\/12\\\/Logo-Nuevo-LOS-POLITICOS-1.jpg\",\"contentUrl\":\"https:\\\/\\\/lospoliticosveracruz.com\\\/wp-content\\\/uploads\\\/2025\\\/12\\\/Logo-Nuevo-LOS-POLITICOS-1.jpg\",\"width\":260,\"height\":70,\"caption\":\"Los pol\u00edticos Veracruz\"},\"image\":{\"@id\":\"https:\\\/\\\/lospoliticosveracruz.com\\\/#\\\/schema\\\/logo\\\/image\\\/\"},\"sameAs\":[\"https:\\\/\\\/www.facebook.com\\\/people\\\/Notimemes-de-los-Polticos\\\/61565672886568\\\/\",\"https:\\\/\\\/x.com\\\/LosPoliticosVer\"]},{\"@type\":\"Person\",\"@id\":\"https:\\\/\\\/lospoliticosveracruz.com\\\/#\\\/schema\\\/person\\\/b8702bb0e538456e6efd07080bf2a4a2\",\"name\":\"Lo viste en Los Pol\u00edticos\",\"image\":{\"@type\":\"ImageObject\",\"inLanguage\":\"es\",\"@id\":\"https:\\\/\\\/secure.gravatar.com\\\/avatar\\\/3a8de04a2656d44082be478bd6c086daa447c4651605818287b9532d3d0bd435?s=96&d=mm&r=g\",\"url\":\"https:\\\/\\\/secure.gravatar.com\\\/avatar\\\/3a8de04a2656d44082be478bd6c086daa447c4651605818287b9532d3d0bd435?s=96&d=mm&r=g\",\"contentUrl\":\"https:\\\/\\\/secure.gravatar.com\\\/avatar\\\/3a8de04a2656d44082be478bd6c086daa447c4651605818287b9532d3d0bd435?s=96&d=mm&r=g\",\"caption\":\"Lo viste en Los Pol\u00edticos\"},\"url\":\"https:\\\/\\\/lospoliticosveracruz.com\\\/?author=2\"}]}<\/script>\n<!-- \/ Yoast SEO plugin. -->","yoast_head_json":{"title":"Mart\u00edn Aguilar retoma en UV propuestas de aspirantes - Los pol\u00edticos Veracruz","robots":{"index":"index","follow":"follow","max-snippet":"max-snippet:-1","max-image-preview":"max-image-preview:large","max-video-preview":"max-video-preview:-1"},"canonical":"https:\/\/lospoliticosveracruz.com\/?p=78933","og_locale":"es_ES","og_type":"article","og_title":"Mart\u00edn Aguilar retoma en UV propuestas de aspirantes - Los pol\u00edticos Veracruz","og_description":"Omar Z\u00fa\u00f1iga Pues nada\u2026, finalmente quien result\u00f3 designado por la Junta de Gobierno como Rector de la Universidad Veracruzana para el ciclo 2021-2025 fue Mart\u00edn Gerardo Aguilar S\u00e1nchez, que dicho sea de paso rindi\u00f3 protesta el pasado mi\u00e9rcoles 1 de septiembre.A destacar de esta fecha, representativa ciertamente, fue le hecho de que fueron invitados todes [&hellip;]","og_url":"https:\/\/lospoliticosveracruz.com\/?p=78933","og_site_name":"Los pol\u00edticos Veracruz","article_publisher":"https:\/\/www.facebook.com\/people\/Notimemes-de-los-Polticos\/61565672886568\/","article_published_time":"2021-09-03T13:21:38+00:00","article_modified_time":"2021-09-03T13:21:43+00:00","og_image":[{"width":200,"height":200,"url":"https:\/\/lospoliticosveracruz.com\/wp-content\/uploads\/2016\/07\/Logo-Dor.jpg","type":"image\/jpeg"}],"author":"Lo viste en Los Pol\u00edticos","twitter_card":"summary_large_image","twitter_creator":"@LosPoliticosVer","twitter_site":"@LosPoliticosVer","twitter_misc":{"Escrito por":"Lo viste en Los Pol\u00edticos","Tiempo de lectura":"4 minutos"},"schema":{"@context":"https:\/\/schema.org","@graph":[{"@type":"Article","@id":"https:\/\/lospoliticosveracruz.com\/?p=78933#article","isPartOf":{"@id":"https:\/\/lospoliticosveracruz.com\/?p=78933"},"author":{"name":"Lo viste en Los Pol\u00edticos","@id":"https:\/\/lospoliticosveracruz.com\/#\/schema\/person\/b8702bb0e538456e6efd07080bf2a4a2"},"headline":"Mart\u00edn Aguilar retoma en UV propuestas de aspirantes","datePublished":"2021-09-03T13:21:38+00:00","dateModified":"2021-09-03T13:21:43+00:00","mainEntityOfPage":{"@id":"https:\/\/lospoliticosveracruz.com\/?p=78933"},"wordCount":771,"publisher":{"@id":"https:\/\/lospoliticosveracruz.com\/#organization"},"keywords":["Beatriz Lira","Cuitl\u00e1huac Garc\u00eda Jim\u00e9nez","Dar\u00edo Fabi\u00e1n Hern\u00e1ndez","H\u00e9ctor Coronel","Igor Roj\u00ed","Jorge Manzo","Jos\u00e9 Luis Cuevas","Jos\u00e9 Manuel Pozos Castro","Mart\u00edn Gerardo Aguilar S\u00e1nchez","Omar Z\u00fa\u00f1iga","Orizaba","Rafael Vela","UV"],"articleSection":["De Opini\u00f3n"],"inLanguage":"es"},{"@type":"WebPage","@id":"https:\/\/lospoliticosveracruz.com\/?p=78933","url":"https:\/\/lospoliticosveracruz.com\/?p=78933","name":"Mart\u00edn Aguilar retoma en UV propuestas de aspirantes - Los pol\u00edticos Veracruz","isPartOf":{"@id":"https:\/\/lospoliticosveracruz.com\/#website"},"datePublished":"2021-09-03T13:21:38+00:00","dateModified":"2021-09-03T13:21:43+00:00","breadcrumb":{"@id":"https:\/\/lospoliticosveracruz.com\/?p=78933#breadcrumb"},"inLanguage":"es","potentialAction":[{"@type":"ReadAction","target":["https:\/\/lospoliticosveracruz.com\/?p=78933"]}]},{"@type":"BreadcrumbList","@id":"https:\/\/lospoliticosveracruz.com\/?p=78933#breadcrumb","itemListElement":[{"@type":"ListItem","position":1,"name":"Portada","item":"https:\/\/lospoliticosveracruz.com\/"},{"@type":"ListItem","position":2,"name":"Mart\u00edn Aguilar retoma en UV propuestas de aspirantes"}]},{"@type":"WebSite","@id":"https:\/\/lospoliticosveracruz.com\/#website","url":"https:\/\/lospoliticosveracruz.com\/","name":"Los pol\u00edticos Veracruz","description":"","publisher":{"@id":"https:\/\/lospoliticosveracruz.com\/#organization"},"potentialAction":[{"@type":"SearchAction","target":{"@type":"EntryPoint","urlTemplate":"https:\/\/lospoliticosveracruz.com\/?s={search_term_string}"},"query-input":{"@type":"PropertyValueSpecification","valueRequired":true,"valueName":"search_term_string"}}],"inLanguage":"es"},{"@type":"Organization","@id":"https:\/\/lospoliticosveracruz.com\/#organization","name":"Los pol\u00edticos Veracruz","url":"https:\/\/lospoliticosveracruz.com\/","logo":{"@type":"ImageObject","inLanguage":"es","@id":"https:\/\/lospoliticosveracruz.com\/#\/schema\/logo\/image\/","url":"https:\/\/lospoliticosveracruz.com\/wp-content\/uploads\/2025\/12\/Logo-Nuevo-LOS-POLITICOS-1.jpg","contentUrl":"https:\/\/lospoliticosveracruz.com\/wp-content\/uploads\/2025\/12\/Logo-Nuevo-LOS-POLITICOS-1.jpg","width":260,"height":70,"caption":"Los pol\u00edticos Veracruz"},"image":{"@id":"https:\/\/lospoliticosveracruz.com\/#\/schema\/logo\/image\/"},"sameAs":["https:\/\/www.facebook.com\/people\/Notimemes-de-los-Polticos\/61565672886568\/","https:\/\/x.com\/LosPoliticosVer"]},{"@type":"Person","@id":"https:\/\/lospoliticosveracruz.com\/#\/schema\/person\/b8702bb0e538456e6efd07080bf2a4a2","name":"Lo viste en Los Pol\u00edticos","image":{"@type":"ImageObject","inLanguage":"es","@id":"https:\/\/secure.gravatar.com\/avatar\/3a8de04a2656d44082be478bd6c086daa447c4651605818287b9532d3d0bd435?s=96&d=mm&r=g","url":"https:\/\/secure.gravatar.com\/avatar\/3a8de04a2656d44082be478bd6c086daa447c4651605818287b9532d3d0bd435?s=96&d=mm&r=g","contentUrl":"https:\/\/secure.gravatar.com\/avatar\/3a8de04a2656d44082be478bd6c086daa447c4651605818287b9532d3d0bd435?s=96&d=mm&r=g","caption":"Lo viste en Los Pol\u00edticos"},"url":"https:\/\/lospoliticosveracruz.com\/?author=2"}]}},"_links":{"self":[{"href":"https:\/\/lospoliticosveracruz.com\/index.php?rest_route=\/wp\/v2\/posts\/78933","targetHints":{"allow":["GET"]}}],"collection":[{"href":"https:\/\/lospoliticosveracruz.com\/index.php?rest_route=\/wp\/v2\/posts"}],"about":[{"href":"https:\/\/lospoliticosveracruz.com\/index.php?rest_route=\/wp\/v2\/types\/post"}],"author":[{"embeddable":true,"href":"https:\/\/lospoliticosveracruz.com\/index.php?rest_route=\/wp\/v2\/users\/2"}],"replies":[{"embeddable":true,"href":"https:\/\/lospoliticosveracruz.com\/index.php?rest_route=%2Fwp%2Fv2%2Fcomments&post=78933"}],"version-history":[{"count":1,"href":"https:\/\/lospoliticosveracruz.com\/index.php?rest_route=\/wp\/v2\/posts\/78933\/revisions"}],"predecessor-version":[{"id":78935,"href":"https:\/\/lospoliticosveracruz.com\/index.php?rest_route=\/wp\/v2\/posts\/78933\/revisions\/78935"}],"wp:attachment":[{"href":"https:\/\/lospoliticosveracruz.com\/index.php?rest_route=%2Fwp%2Fv2%2Fmedia&parent=78933"}],"wp:term":[{"taxonomy":"category","embeddable":true,"href":"https:\/\/lospoliticosveracruz.com\/index.php?rest_route=%2Fwp%2Fv2%2Fcategories&post=78933"},{"taxonomy":"post_tag","embeddable":true,"href":"https:\/\/lospoliticosveracruz.com\/index.php?rest_route=%2Fwp%2Fv2%2Ftags&post=78933"}],"curies":[{"name":"wp","href":"https:\/\/api.w.org\/{rel}","templated":true}]}}