{"id":78936,"date":"2021-09-03T09:07:35","date_gmt":"2021-09-03T14:07:35","guid":{"rendered":"http:\/\/www.lospoliticosveracruz.com.mx\/?p=78936"},"modified":"2021-09-03T09:07:40","modified_gmt":"2021-09-03T14:07:40","slug":"veracruz-justicia-o-persecucion","status":"publish","type":"post","link":"https:\/\/lospoliticosveracruz.com\/?p=78936","title":{"rendered":"Veracruz: Justicia o persecuci\u00f3n"},"content":{"rendered":"\n<p>Ricardo Ch\u00faa<br>Sale y Vale<\/p>\n\n\n\n<p>VERACRUZ \u00bfJUSTICIA O PERSECUCI\u00d3N?\u2026. El enfrentamiento con la oposici\u00f3n por parte del gobierno estatal de MORENA es m\u00e1s que inminente\u2026 Despu\u00e9s de la detenci\u00f3n de ayer por la noche en Tihuatl\u00e1n de la ex diputada federal del PRD, Azucena Rodr\u00edguez, de la cual se dice, ser\u00e1 acusada de homicidio doloso en contra del ex diputado local de este mismo partido, Nicanor Mart\u00ednez, quien fuera su esposo\u2026 Pero por el momento, como el tema de Rogelio Franco est\u00e1 reciente\u2026 Y ese es el problema pareciera persecuci\u00f3n\u2026<\/p>\n\n\n\n<p>Por eso, es un hecho que el PRD se le va ir con todo en contra de Cuitl\u00e1huac Garc\u00eda\u2026Si la Fiscal\u00eda General de Veracruz no tiene armado un buen expediente del caso, con pruebas palpables de los hechos que la puedan incriminar y que no quede duda de ello\u2026. Seguro, entonces, el PRD va a acusar que en Veracruz y el gobierno estatal de MORENA contin\u00faa con LA PERSECUCI\u00d3N y \u00abCANIBALISMO\u00bb pol\u00edtico en contra de la oposici\u00f3n y lo que se viene por este asunto\u2026 Finalmente, \u00abuna raya m\u00e1s al tigre\u00bb\u2026<\/p>\n\n\n\n<p>Ya que hay muchas versiones sobre este tema\u2026 En el \u00abc\u00edrculo rojo\u00bb de Veracruz\u2026 Muchos dicen que esto es un \u00abDISTRACTOR\u00bb m\u00e1s del gobierno de Cuitl\u00e1huac Garc\u00eda ante la crisis sanitaria, econ\u00f3mica y social que se vive en Veracruz derivada del COVID y su falta de vacunas\u2026 Y que la administraci\u00f3n estatal, est\u00e1 \u00abentrampado\u00bb y no sabe como resolverlo\u2026 La presi\u00f3n social era muy fuerte para el grupo pol\u00edtico en el poder y ten\u00edan que buscar una salida y este tema ser\u00eda perfecto\u2026<\/p>\n\n\n\n<p>Otros dicen que tambi\u00e9n este asunto, se puede deber al \u00abCANIBALISMO\u00bb, antes mencionado, por el liderazgo que ejerce esta familia en Tihuatl\u00e1n y toda la regi\u00f3n norte de Veracruz\u2026 As\u00ed de seguro ser\u00e1 un \u00abshow\u00bb que va para largo\u2026 Para \u00abamedrentar\u00bb a los grupos pol\u00edticos de la zona, que a\u00fan son leales al PRD en Veracruz, y darles a entender que al quedarse \u00abhu\u00e9rfanos\u00bb tienen la opci\u00f3n de irse con MORENA y se les otorga \u00abamor y paz\u00bb\u2026 A LA MITAD DEL CAMINO\u2026<\/p>\n\n\n\n<p>Adem\u00e1s de que de esa manera, al vincular ahora a otro personaje m\u00e1s del PRD en temas penales en la zona de Tihuatl\u00e1n\u2026 Le permitir\u00eda a MORENA y a sus operadores \u00abarrebatarle\u00bb ese \u00abfeudo\u00bb a la oposici\u00f3n y quedarselos ellos\u2026 De esta forma, estar\u00edan operando directamente para el proceso electoral local del 2024\u2026 Algo que suena l\u00f3gico y que lo han se\u00f1alado hasta los pol\u00edticos \u00abMorenos\u00bb pero que son \u00abrebeldes\u00bb a los designios al Palacio de Gobierno\u2026 Pero de que habr\u00e1 esc\u00e1ndalo\u2026. Eso ni dudarlo\u2026. Con Franco en la c\u00e1rcel y ahora Azucena\u2026 AMEN\u2026<\/p>\n\n\n\n<p>LOS CONVERSOS AMARILLOS\u2026 A prop\u00f3sito de \u00abcanibalismo\u00bb y persecuci\u00f3n pol\u00edtica en Veracruz para presuntamente tratar que grupos de la oposici\u00f3n, se pasen a las filas del partido en el poder\u2026 Tambi\u00e9n es un hecho, que hay muchos pol\u00edticos \u00abconversos\u00bb que al ver su suerte, el pasado 6 de junio, ellos mismos han buscado \u00abcobijo\u00bb en MORENA o Palacio de Gobierno\u2026 Y algunos de estos, dicen, son del PRD en Veracruz\u2026 El poder es poder, que hasta el alma m\u00e1s pura hace cambiar, as\u00ed lo dec\u00eda Elba Esther\u2026. TIENE RAZ\u00d3N\u2026<\/p>\n\n\n\n<p>Ya que GARGANTA PROFUNDA coment\u00f3 que hay pol\u00edticos dentro del PRD, de donde son militantes, pero andan \u00abbrincando\u00bb de aqu\u00ed para all\u00e1\u2026 Y que ahora est\u00e1n \u00aboperando\u00bb pol\u00edticamente para las elecciones del 2024 para MORENA y sus posibles candidatos en Veracruz y el pa\u00eds\u2026 Como se\u00f1ala es el caso del alcalde de Zongolica, Juan Carlos Mezhua, del cual aseguran ya anda trabajando a favor de Marcelo Ebrard para conseguir adeptos a su favor en su carrera Presidencial al 2024\u2026 Opera con esos Morenos\u2026<\/p>\n\n\n\n<p>Mientras que tambi\u00e9n advierte que la familia Condado de Acayucan\u2026 Ya anda operando a Rocio Nahle, al igual que varios alcaldes de oposici\u00f3n de la misma regi\u00f3n sur de Veracruz\u2026 Vamos hasta Fredy Ayala dicen que est\u00e1 dentro del grupo\u2026 Ya que si de esa manera, pueden conseguir \u00abPerd\u00f3n y Olvido\u00bb con lo que pueda venir en meses posteriores despu\u00e9s que dejen el poder municipal\u2026 Y si su tranquilidad est\u00e1 en el partido de enfrente, pues, seguramente \u00absaltar\u00e1n\u00bb sin problema alguno\u2026 EL ARTE DE TRAGAR \u00abSAPOS\u00bb Y ESCUPIR FLORES\u2026<\/p>\n\n\n\n<p>\u00abGRILLAS\u00bb ADUANERAS\u2026 Nos cuentan los que saben, que los torneos de golf que se realizan en Veracruz\u2026 Adem\u00e1s de realizarlos con fines de ayuda a causas sociales de poblaci\u00f3n vulnerable\u2026 Tambi\u00e9n es donde m\u00e1s \u00abgrilla\u00bb pol\u00edtica y de negocios se hace\u2026 Ya que a los empresarios veracruzanos y agentes aduanales reconocidos que participan, les gusta hablar de estos asuntos y m\u00e1s con los tiempos electorales que a\u00fan se viven en la entidad\u2026<\/p>\n\n\n\n<p>Tal como sucedi\u00f3 con el Primer Torneo de Golf con Causa\u2026 El evento fue organizado por la Asociaci\u00f3n de Agentes Aduanales del Puerto de Veracruz, a beneficio de Fundaci\u00f3n CAAAREM y fue presidido por Manuel Reynaud, l\u00edder de los aduaneros de este puerto\u2026 Este evento se desarroll\u00f3 en el Club de Golf donde participaron 176 jugadores y acudi\u00f3 la destacada golfista Lorena Ochoa\u2026. En ese sitio adem\u00e1s de recaudar fondos\u2026 Se echaron \u00abgrillas\u00bb del panorama pol\u00edtico para Veracruz en 2024\u2026. Ojal\u00e1 todo mundo donara en eventos as\u00ed\u2026 AMEN\u2026<\/p>\n","protected":false},"excerpt":{"rendered":"<p>Ricardo Ch\u00faaSale y Vale VERACRUZ \u00bfJUSTICIA O PERSECUCI\u00d3N?\u2026. El enfrentamiento con la oposici\u00f3n por parte del gobierno estatal de MORENA es m\u00e1s que inminente\u2026 Despu\u00e9s de la detenci\u00f3n de ayer por la noche en Tihuatl\u00e1n de la ex diputada federal del PRD, Azucena Rodr\u00edguez, de la cual se dice, ser\u00e1 acusada de homicidio doloso en [&hellip;]<\/p>\n","protected":false},"author":2,"featured_media":0,"comment_status":"closed","ping_status":"closed","sticky":false,"template":"","format":"standard","meta":{"tdm_status":"","tdm_grid_status":"","footnotes":""},"categories":[70],"tags":[1681,11684,15321,1048,30210,1026,30209,27545,107,13604,26717,108,195],"class_list":{"0":"post-78936","1":"post","2":"type-post","3":"status-publish","4":"format-standard","6":"category-de-opinion","7":"tag-cuitlahuac-garcia","8":"tag-fiscalia-general-de-veracruz","9":"tag-juan-carlos-mezhua","10":"tag-justicia","11":"tag-manuel-reynaud","12":"tag-morena","13":"tag-nicanor-martinez","14":"tag-persecucion","15":"tag-prd","16":"tag-ricardo-chua","17":"tag-rocio-nahle-2","18":"tag-rogelio-franco","19":"tag-veracruz"},"yoast_head":"<!-- This site is optimized with the Yoast SEO plugin v27.4 - https:\/\/yoast.com\/product\/yoast-seo-wordpress\/ -->\n<title>Veracruz: Justicia o persecuci\u00f3n - Los pol\u00edticos Veracruz<\/title>\n<meta name=\"robots\" content=\"index, follow, max-snippet:-1, max-image-preview:large, max-video-preview:-1\" \/>\n<link rel=\"canonical\" href=\"https:\/\/lospoliticosveracruz.com\/?p=78936\" \/>\n<meta property=\"og:locale\" content=\"es_ES\" \/>\n<meta property=\"og:type\" content=\"article\" \/>\n<meta property=\"og:title\" content=\"Veracruz: Justicia o persecuci\u00f3n - Los pol\u00edticos Veracruz\" \/>\n<meta property=\"og:description\" content=\"Ricardo Ch\u00faaSale y Vale VERACRUZ \u00bfJUSTICIA O PERSECUCI\u00d3N?\u2026. El enfrentamiento con la oposici\u00f3n por parte del gobierno estatal de MORENA es m\u00e1s que inminente\u2026 Despu\u00e9s de la detenci\u00f3n de ayer por la noche en Tihuatl\u00e1n de la ex diputada federal del PRD, Azucena Rodr\u00edguez, de la cual se dice, ser\u00e1 acusada de homicidio doloso en [&hellip;]\" \/>\n<meta property=\"og:url\" content=\"https:\/\/lospoliticosveracruz.com\/?p=78936\" \/>\n<meta property=\"og:site_name\" content=\"Los pol\u00edticos Veracruz\" \/>\n<meta property=\"article:publisher\" content=\"https:\/\/www.facebook.com\/people\/Notimemes-de-los-Polticos\/61565672886568\/\" \/>\n<meta property=\"article:published_time\" content=\"2021-09-03T14:07:35+00:00\" \/>\n<meta property=\"article:modified_time\" content=\"2021-09-03T14:07:40+00:00\" \/>\n<meta property=\"og:image\" content=\"https:\/\/lospoliticosveracruz.com\/wp-content\/uploads\/2016\/07\/Logo-Dor.jpg\" \/>\n\t<meta property=\"og:image:width\" content=\"200\" \/>\n\t<meta property=\"og:image:height\" content=\"200\" \/>\n\t<meta property=\"og:image:type\" content=\"image\/jpeg\" \/>\n<meta name=\"author\" content=\"Lo viste en Los Pol\u00edticos\" \/>\n<meta name=\"twitter:card\" content=\"summary_large_image\" \/>\n<meta name=\"twitter:creator\" content=\"@LosPoliticosVer\" \/>\n<meta name=\"twitter:site\" content=\"@LosPoliticosVer\" \/>\n<meta name=\"twitter:label1\" content=\"Escrito por\" \/>\n\t<meta name=\"twitter:data1\" content=\"Lo viste en Los Pol\u00edticos\" \/>\n\t<meta name=\"twitter:label2\" content=\"Tiempo de lectura\" \/>\n\t<meta name=\"twitter:data2\" content=\"5 minutos\" \/>\n<script type=\"application\/ld+json\" class=\"yoast-schema-graph\">{\"@context\":\"https:\\\/\\\/schema.org\",\"@graph\":[{\"@type\":\"Article\",\"@id\":\"https:\\\/\\\/lospoliticosveracruz.com\\\/?p=78936#article\",\"isPartOf\":{\"@id\":\"https:\\\/\\\/lospoliticosveracruz.com\\\/?p=78936\"},\"author\":{\"name\":\"Lo viste en Los Pol\u00edticos\",\"@id\":\"https:\\\/\\\/lospoliticosveracruz.com\\\/#\\\/schema\\\/person\\\/b8702bb0e538456e6efd07080bf2a4a2\"},\"headline\":\"Veracruz: Justicia o persecuci\u00f3n\",\"datePublished\":\"2021-09-03T14:07:35+00:00\",\"dateModified\":\"2021-09-03T14:07:40+00:00\",\"mainEntityOfPage\":{\"@id\":\"https:\\\/\\\/lospoliticosveracruz.com\\\/?p=78936\"},\"wordCount\":939,\"publisher\":{\"@id\":\"https:\\\/\\\/lospoliticosveracruz.com\\\/#organization\"},\"keywords\":[\"Cuitl\u00e1huac Garc\u00eda\",\"Fiscal\u00eda General de Veracruz\",\"Juan Carlos Mezhua\",\"justicia\",\"Manuel Reynaud\",\"Morena\",\"Nicanor Mart\u00ednez\",\"persecuci\u00f3n\",\"PRD\",\"Ricardo Ch\u00faa\",\"Rocio Nahle\",\"Rogelio Franco\",\"Veracruz\"],\"articleSection\":[\"De Opini\u00f3n\"],\"inLanguage\":\"es\"},{\"@type\":\"WebPage\",\"@id\":\"https:\\\/\\\/lospoliticosveracruz.com\\\/?p=78936\",\"url\":\"https:\\\/\\\/lospoliticosveracruz.com\\\/?p=78936\",\"name\":\"Veracruz: Justicia o persecuci\u00f3n - Los pol\u00edticos Veracruz\",\"isPartOf\":{\"@id\":\"https:\\\/\\\/lospoliticosveracruz.com\\\/#website\"},\"datePublished\":\"2021-09-03T14:07:35+00:00\",\"dateModified\":\"2021-09-03T14:07:40+00:00\",\"breadcrumb\":{\"@id\":\"https:\\\/\\\/lospoliticosveracruz.com\\\/?p=78936#breadcrumb\"},\"inLanguage\":\"es\",\"potentialAction\":[{\"@type\":\"ReadAction\",\"target\":[\"https:\\\/\\\/lospoliticosveracruz.com\\\/?p=78936\"]}]},{\"@type\":\"BreadcrumbList\",\"@id\":\"https:\\\/\\\/lospoliticosveracruz.com\\\/?p=78936#breadcrumb\",\"itemListElement\":[{\"@type\":\"ListItem\",\"position\":1,\"name\":\"Portada\",\"item\":\"https:\\\/\\\/lospoliticosveracruz.com\\\/\"},{\"@type\":\"ListItem\",\"position\":2,\"name\":\"Veracruz: Justicia o persecuci\u00f3n\"}]},{\"@type\":\"WebSite\",\"@id\":\"https:\\\/\\\/lospoliticosveracruz.com\\\/#website\",\"url\":\"https:\\\/\\\/lospoliticosveracruz.com\\\/\",\"name\":\"Los pol\u00edticos Veracruz\",\"description\":\"\",\"publisher\":{\"@id\":\"https:\\\/\\\/lospoliticosveracruz.com\\\/#organization\"},\"potentialAction\":[{\"@type\":\"SearchAction\",\"target\":{\"@type\":\"EntryPoint\",\"urlTemplate\":\"https:\\\/\\\/lospoliticosveracruz.com\\\/?s={search_term_string}\"},\"query-input\":{\"@type\":\"PropertyValueSpecification\",\"valueRequired\":true,\"valueName\":\"search_term_string\"}}],\"inLanguage\":\"es\"},{\"@type\":\"Organization\",\"@id\":\"https:\\\/\\\/lospoliticosveracruz.com\\\/#organization\",\"name\":\"Los pol\u00edticos Veracruz\",\"url\":\"https:\\\/\\\/lospoliticosveracruz.com\\\/\",\"logo\":{\"@type\":\"ImageObject\",\"inLanguage\":\"es\",\"@id\":\"https:\\\/\\\/lospoliticosveracruz.com\\\/#\\\/schema\\\/logo\\\/image\\\/\",\"url\":\"https:\\\/\\\/lospoliticosveracruz.com\\\/wp-content\\\/uploads\\\/2025\\\/12\\\/Logo-Nuevo-LOS-POLITICOS-1.jpg\",\"contentUrl\":\"https:\\\/\\\/lospoliticosveracruz.com\\\/wp-content\\\/uploads\\\/2025\\\/12\\\/Logo-Nuevo-LOS-POLITICOS-1.jpg\",\"width\":260,\"height\":70,\"caption\":\"Los pol\u00edticos Veracruz\"},\"image\":{\"@id\":\"https:\\\/\\\/lospoliticosveracruz.com\\\/#\\\/schema\\\/logo\\\/image\\\/\"},\"sameAs\":[\"https:\\\/\\\/www.facebook.com\\\/people\\\/Notimemes-de-los-Polticos\\\/61565672886568\\\/\",\"https:\\\/\\\/x.com\\\/LosPoliticosVer\"]},{\"@type\":\"Person\",\"@id\":\"https:\\\/\\\/lospoliticosveracruz.com\\\/#\\\/schema\\\/person\\\/b8702bb0e538456e6efd07080bf2a4a2\",\"name\":\"Lo viste en Los Pol\u00edticos\",\"image\":{\"@type\":\"ImageObject\",\"inLanguage\":\"es\",\"@id\":\"https:\\\/\\\/secure.gravatar.com\\\/avatar\\\/3a8de04a2656d44082be478bd6c086daa447c4651605818287b9532d3d0bd435?s=96&d=mm&r=g\",\"url\":\"https:\\\/\\\/secure.gravatar.com\\\/avatar\\\/3a8de04a2656d44082be478bd6c086daa447c4651605818287b9532d3d0bd435?s=96&d=mm&r=g\",\"contentUrl\":\"https:\\\/\\\/secure.gravatar.com\\\/avatar\\\/3a8de04a2656d44082be478bd6c086daa447c4651605818287b9532d3d0bd435?s=96&d=mm&r=g\",\"caption\":\"Lo viste en Los Pol\u00edticos\"},\"url\":\"https:\\\/\\\/lospoliticosveracruz.com\\\/?author=2\"}]}<\/script>\n<!-- \/ Yoast SEO plugin. -->","yoast_head_json":{"title":"Veracruz: Justicia o persecuci\u00f3n - Los pol\u00edticos Veracruz","robots":{"index":"index","follow":"follow","max-snippet":"max-snippet:-1","max-image-preview":"max-image-preview:large","max-video-preview":"max-video-preview:-1"},"canonical":"https:\/\/lospoliticosveracruz.com\/?p=78936","og_locale":"es_ES","og_type":"article","og_title":"Veracruz: Justicia o persecuci\u00f3n - Los pol\u00edticos Veracruz","og_description":"Ricardo Ch\u00faaSale y Vale VERACRUZ \u00bfJUSTICIA O PERSECUCI\u00d3N?\u2026. El enfrentamiento con la oposici\u00f3n por parte del gobierno estatal de MORENA es m\u00e1s que inminente\u2026 Despu\u00e9s de la detenci\u00f3n de ayer por la noche en Tihuatl\u00e1n de la ex diputada federal del PRD, Azucena Rodr\u00edguez, de la cual se dice, ser\u00e1 acusada de homicidio doloso en [&hellip;]","og_url":"https:\/\/lospoliticosveracruz.com\/?p=78936","og_site_name":"Los pol\u00edticos Veracruz","article_publisher":"https:\/\/www.facebook.com\/people\/Notimemes-de-los-Polticos\/61565672886568\/","article_published_time":"2021-09-03T14:07:35+00:00","article_modified_time":"2021-09-03T14:07:40+00:00","og_image":[{"width":200,"height":200,"url":"https:\/\/lospoliticosveracruz.com\/wp-content\/uploads\/2016\/07\/Logo-Dor.jpg","type":"image\/jpeg"}],"author":"Lo viste en Los Pol\u00edticos","twitter_card":"summary_large_image","twitter_creator":"@LosPoliticosVer","twitter_site":"@LosPoliticosVer","twitter_misc":{"Escrito por":"Lo viste en Los Pol\u00edticos","Tiempo de lectura":"5 minutos"},"schema":{"@context":"https:\/\/schema.org","@graph":[{"@type":"Article","@id":"https:\/\/lospoliticosveracruz.com\/?p=78936#article","isPartOf":{"@id":"https:\/\/lospoliticosveracruz.com\/?p=78936"},"author":{"name":"Lo viste en Los Pol\u00edticos","@id":"https:\/\/lospoliticosveracruz.com\/#\/schema\/person\/b8702bb0e538456e6efd07080bf2a4a2"},"headline":"Veracruz: Justicia o persecuci\u00f3n","datePublished":"2021-09-03T14:07:35+00:00","dateModified":"2021-09-03T14:07:40+00:00","mainEntityOfPage":{"@id":"https:\/\/lospoliticosveracruz.com\/?p=78936"},"wordCount":939,"publisher":{"@id":"https:\/\/lospoliticosveracruz.com\/#organization"},"keywords":["Cuitl\u00e1huac Garc\u00eda","Fiscal\u00eda General de Veracruz","Juan Carlos Mezhua","justicia","Manuel Reynaud","Morena","Nicanor Mart\u00ednez","persecuci\u00f3n","PRD","Ricardo Ch\u00faa","Rocio Nahle","Rogelio Franco","Veracruz"],"articleSection":["De Opini\u00f3n"],"inLanguage":"es"},{"@type":"WebPage","@id":"https:\/\/lospoliticosveracruz.com\/?p=78936","url":"https:\/\/lospoliticosveracruz.com\/?p=78936","name":"Veracruz: Justicia o persecuci\u00f3n - Los pol\u00edticos Veracruz","isPartOf":{"@id":"https:\/\/lospoliticosveracruz.com\/#website"},"datePublished":"2021-09-03T14:07:35+00:00","dateModified":"2021-09-03T14:07:40+00:00","breadcrumb":{"@id":"https:\/\/lospoliticosveracruz.com\/?p=78936#breadcrumb"},"inLanguage":"es","potentialAction":[{"@type":"ReadAction","target":["https:\/\/lospoliticosveracruz.com\/?p=78936"]}]},{"@type":"BreadcrumbList","@id":"https:\/\/lospoliticosveracruz.com\/?p=78936#breadcrumb","itemListElement":[{"@type":"ListItem","position":1,"name":"Portada","item":"https:\/\/lospoliticosveracruz.com\/"},{"@type":"ListItem","position":2,"name":"Veracruz: Justicia o persecuci\u00f3n"}]},{"@type":"WebSite","@id":"https:\/\/lospoliticosveracruz.com\/#website","url":"https:\/\/lospoliticosveracruz.com\/","name":"Los pol\u00edticos Veracruz","description":"","publisher":{"@id":"https:\/\/lospoliticosveracruz.com\/#organization"},"potentialAction":[{"@type":"SearchAction","target":{"@type":"EntryPoint","urlTemplate":"https:\/\/lospoliticosveracruz.com\/?s={search_term_string}"},"query-input":{"@type":"PropertyValueSpecification","valueRequired":true,"valueName":"search_term_string"}}],"inLanguage":"es"},{"@type":"Organization","@id":"https:\/\/lospoliticosveracruz.com\/#organization","name":"Los pol\u00edticos Veracruz","url":"https:\/\/lospoliticosveracruz.com\/","logo":{"@type":"ImageObject","inLanguage":"es","@id":"https:\/\/lospoliticosveracruz.com\/#\/schema\/logo\/image\/","url":"https:\/\/lospoliticosveracruz.com\/wp-content\/uploads\/2025\/12\/Logo-Nuevo-LOS-POLITICOS-1.jpg","contentUrl":"https:\/\/lospoliticosveracruz.com\/wp-content\/uploads\/2025\/12\/Logo-Nuevo-LOS-POLITICOS-1.jpg","width":260,"height":70,"caption":"Los pol\u00edticos Veracruz"},"image":{"@id":"https:\/\/lospoliticosveracruz.com\/#\/schema\/logo\/image\/"},"sameAs":["https:\/\/www.facebook.com\/people\/Notimemes-de-los-Polticos\/61565672886568\/","https:\/\/x.com\/LosPoliticosVer"]},{"@type":"Person","@id":"https:\/\/lospoliticosveracruz.com\/#\/schema\/person\/b8702bb0e538456e6efd07080bf2a4a2","name":"Lo viste en Los Pol\u00edticos","image":{"@type":"ImageObject","inLanguage":"es","@id":"https:\/\/secure.gravatar.com\/avatar\/3a8de04a2656d44082be478bd6c086daa447c4651605818287b9532d3d0bd435?s=96&d=mm&r=g","url":"https:\/\/secure.gravatar.com\/avatar\/3a8de04a2656d44082be478bd6c086daa447c4651605818287b9532d3d0bd435?s=96&d=mm&r=g","contentUrl":"https:\/\/secure.gravatar.com\/avatar\/3a8de04a2656d44082be478bd6c086daa447c4651605818287b9532d3d0bd435?s=96&d=mm&r=g","caption":"Lo viste en Los Pol\u00edticos"},"url":"https:\/\/lospoliticosveracruz.com\/?author=2"}]}},"_links":{"self":[{"href":"https:\/\/lospoliticosveracruz.com\/index.php?rest_route=\/wp\/v2\/posts\/78936","targetHints":{"allow":["GET"]}}],"collection":[{"href":"https:\/\/lospoliticosveracruz.com\/index.php?rest_route=\/wp\/v2\/posts"}],"about":[{"href":"https:\/\/lospoliticosveracruz.com\/index.php?rest_route=\/wp\/v2\/types\/post"}],"author":[{"embeddable":true,"href":"https:\/\/lospoliticosveracruz.com\/index.php?rest_route=\/wp\/v2\/users\/2"}],"replies":[{"embeddable":true,"href":"https:\/\/lospoliticosveracruz.com\/index.php?rest_route=%2Fwp%2Fv2%2Fcomments&post=78936"}],"version-history":[{"count":1,"href":"https:\/\/lospoliticosveracruz.com\/index.php?rest_route=\/wp\/v2\/posts\/78936\/revisions"}],"predecessor-version":[{"id":78938,"href":"https:\/\/lospoliticosveracruz.com\/index.php?rest_route=\/wp\/v2\/posts\/78936\/revisions\/78938"}],"wp:attachment":[{"href":"https:\/\/lospoliticosveracruz.com\/index.php?rest_route=%2Fwp%2Fv2%2Fmedia&parent=78936"}],"wp:term":[{"taxonomy":"category","embeddable":true,"href":"https:\/\/lospoliticosveracruz.com\/index.php?rest_route=%2Fwp%2Fv2%2Fcategories&post=78936"},{"taxonomy":"post_tag","embeddable":true,"href":"https:\/\/lospoliticosveracruz.com\/index.php?rest_route=%2Fwp%2Fv2%2Ftags&post=78936"}],"curies":[{"name":"wp","href":"https:\/\/api.w.org\/{rel}","templated":true}]}}