{"id":79034,"date":"2021-09-06T08:30:19","date_gmt":"2021-09-06T13:30:19","guid":{"rendered":"http:\/\/www.lospoliticosveracruz.com.mx\/?p=79034"},"modified":"2021-09-06T08:30:25","modified_gmt":"2021-09-06T13:30:25","slug":"javier-2024","status":"publish","type":"post","link":"https:\/\/lospoliticosveracruz.com\/?p=79034","title":{"rendered":"Javier 2024"},"content":{"rendered":"\n<p><strong>Ricardo Ch\u00faa<br><\/strong><em>Sale y Vale<\/em><\/p>\n\n\n\n<p>OJO\u2026 El tema de los contagios en las escuelas con clases presenciales en Veracruz est\u00e1n increment\u00e1ndose y hay opiniones encontradas al respecto\u2026 Pero estos casos se han presentado tambi\u00e9n por el incumplimiento de las medidas sanitarias, la sana distancia, el uso de cubrebocas y el lavarse las manos constantemente\u2026 Pero aun as\u00ed, no se ven intenciones del gobierno de Veracruz, de cierre de planteles.. Desde hace semanas, se sab\u00eda que estas escuelas no cumpl\u00edan con el protocolo y aun as\u00ed dejaron abiertas la aulas para tomar clases\u2026<\/p>\n\n\n\n<p>Si a esto le sumamos que no hay un programa para hacer pruebas r\u00e1pidas contra el COVID en todo el pa\u00eds\u2026 Veracruz no tendr\u00eda porque ser la excepci\u00f3n, el caso se tornar\u00eda grave\u2026 Ya que la situaci\u00f3n es muy cr\u00edtica\u2026 S\u00f3lo hay que ver cu\u00e1nto est\u00e1 impactando y hay que ver cu\u00e1ntas escuelas est\u00e1n cerrando por esa situaci\u00f3n\u2026 Pero por decisi\u00f3n propia, no porque el gobierno se los solicite\u2026 Hay que ver el tema del Polit\u00e9cnico y de la UNAM\u2026 Ellos no regresan, se quedan en clases en l\u00ednea\u2026 Ah\u00ed se dan cuenta del criterio\u2026. AMEN\u2026<\/p>\n\n\n\n<p>EL \u00abJUEGO\u00bb DEL PVEM\u2026 Hay quien asegura que el PVEM est\u00e1 realizando acciones pol\u00edticas. hasta hace unos meses impensables, debido a que se ha convertido en el \u00abfiel de la balanza\u00bb en el Congreso de la Uni\u00f3n\u2026 Dado los 43 diputados federales con los que cuenta este partido y eso lo hace un organismo muy poderoso ante MORENA y los dem\u00e1s partidos de oposici\u00f3n\u2026 Ya que si en ese tenor, estos legisladores, se unen a Los Morenos, con los cuales ser\u00e1 una fracci\u00f3n de 241 legisladores\u2026 Haci\u00e9ndola una bancada muy poderosa\u2026<\/p>\n\n\n\n<p>Lo que ser\u00e1 importante es ver, qu\u00e9 \u00abamarre\u00bb logra la c\u00fapula \u00abverde\u00bb con el partido en el poder en todo el pa\u00eds\u2026 Pero se rumora que en el caso Veracruz,.. Esta alianza con MORENA pero con NUEVOS T\u00c9RMINOS colocar\u00eda a Javier Herrera Borunda\u2026 En la posici\u00f3n uno para el Senado \u00abjug\u00e1ndosela\u00bb con la coalici\u00f3n que ahora tiene con los Morenos\u2026 Por lo tanto, los que quieren ser Senadores de MORENA tendr\u00edan que buscar otra opci\u00f3n\u2026 Al menos, que sea una mujer por el tema de g\u00e9nero\u2026<\/p>\n\n\n\n<p>Ya que en la entidad \u00abjarocha\u00bb con todos estos movimientos que puede ser el PVEM, por la fuerza que tiene Manuel Velasco\u2026 Ya es innegable que las \u00abfichas del ajedrez\u00bb pol\u00edtico empiezan a moverse m\u00e1s all\u00e1 de lo que diga Andr\u00e9s Manuel L\u00f3pez Obrador y todos los escenarios de la sucesi\u00f3n se preparan\u2026 Por eso, la alianza de \u00abLos Verdes\u00bb le conviene m\u00e1s a MORENA que a los del PVEM\u2026 Ellos tienen con qu\u00e9 ser ficha de \u00abcambio\u00bb\u2026 As\u00ed de canijos\u2026<\/p>\n\n\n\n<p>Van a aprovechar los \u00abVerdes\u00bb que en Veracruz, el Presidente y obviamente el propio gobernador, Cuitl\u00e1huac Garc\u00eda empezar\u00e1n a \u00abperder\u00bb peso pol\u00edtico en la entidad\u2026 Eso afectar\u00e1 a MORENA porque adem\u00e1s la sociedad civil se dar\u00e1 cuenta de como el Congreso de la Uni\u00f3n y las legislaturas locales, empezar\u00e1 a tomar su propia ruta obedeciendo, quiz\u00e1s, con mucha disciplina a los probables candidatos presidenciales o gobernador\u2026. Eso es lo que se viene para la entidad \u00abJarocha\u00bb con estos partidos pol\u00edticos \u00abempoderados\u00bb\u2026.<\/p>\n\n\n\n<p>Por ello, es que muchos tambi\u00e9n en MORENA est\u00e1n temiendo que el PVEM en 2023 les aplique \u00abLa Rebeli\u00f3n de la Granja\u00bb\u2026 Y este partido con sus legisladores que son la \u00abbisagra\u00bb en el Congreso de la Uni\u00f3n y en Legislaturas estatales, empiezan a \u00abapretar\u00bb al partido en el poder y los Morenos no la vean venir tan clara, pero que esto al interior de su organismo, empiezan a vivir un \u00abpandemonium\u00bb\u2026 Esas son las rebeliones en la \u00abgranja\u00bb\u2026 Donde el pragmatismo \u00abverde\u00bb corrompe por el poder a la 4T\u2026 \u00bfSer\u00e1?\u2026.<\/p>\n\n\n\n<p>Los pol\u00edticos del PVEM saben bien de las \u00abcarencias\u00bb de los Morenos\u2026 Ya que ellos, al menos en Veracruz, tienen bien detectado el tema\u2026 Saben, por ejemplo, que todos los legisladores federales y locales terminan su periodo con L\u00f3pez Obrador o Cuitl\u00e1huac en 2024\u2026 Y estos pueden ser \u00abconvencidos\u00bb de que \u00abamarren\u00bb acuerdos con quien les asegure continuidad pol\u00edtica\u2026. Finalmente todo esto es pol\u00edtica\u2026 El PVEM puede traer muchas sorpresas en Veracruz\u2026 El poder es el poder, que hasta el alma m\u00e1s pura hace cambiar\u2026 AMEN\u2026<\/p>\n\n\n\n<p>CIERRAN FILAS EN SEFIPLAN\u2026 Despu\u00e9s de que muchos rumores han corrido en los \u00abpasillos de poder\u00bb en Veracruz\u2026 De que SEFIPLAN estaba \u00abpartida\u00bb porque no todos sus altos funcionarios estaban \u00abjalando\u00bb de un s\u00f3lo lado\u2026 Ahora se sabe que al menos, si hay una \u00abdupla\u00bb muy poderosa que si est\u00e1 trabajando juntos en la dependencia: Jos\u00e9 Luis Lima Franco y Ricardo Rodr\u00edguez, secretario y subsecretario de esta secretar\u00eda\u2026 Y ah\u00ed van dando resultados\u2026<\/p>\n\n\n\n<p>Finalmente, Ricardo Rodr\u00edguez es un personaje que le ha mostrado lealtad a Lima Franco con su trabajo y siguiendo los lineamientos que ha encargado el titular de Sefiplan en los planes de trabajo en la dependencia\u2026 Sobre todo ahora que est\u00e1n en los procesos de pagos de las deudas dejadas en administraciones anteriores a empresarios\u2026 Si esa alianza Lima-Rodriguez se fortalece dar\u00e1 mucho que hablar en los pr\u00f3ximos 3 a\u00f1os\u2026. AM\u00c9N\u2026<\/p>\n","protected":false},"excerpt":{"rendered":"<p>Ricardo Ch\u00faaSale y Vale OJO\u2026 El tema de los contagios en las escuelas con clases presenciales en Veracruz est\u00e1n increment\u00e1ndose y hay opiniones encontradas al respecto\u2026 Pero estos casos se han presentado tambi\u00e9n por el incumplimiento de las medidas sanitarias, la sana distancia, el uso de cubrebocas y el lavarse las manos constantemente\u2026 Pero aun [&hellip;]<\/p>\n","protected":false},"author":2,"featured_media":0,"comment_status":"closed","ping_status":"closed","sticky":false,"template":"","format":"standard","meta":{"tdm_status":"","tdm_grid_status":"","footnotes":""},"categories":[70],"tags":[618,1124,13713,1889,264,13604,13915,640],"class_list":{"0":"post-79034","1":"post","2":"type-post","3":"status-publish","4":"format-standard","6":"category-de-opinion","7":"tag-andres-manuel-lopez-obrador","8":"tag-javier-herrera-borunda","9":"tag-jose-luis-lima-franco","10":"tag-manuel-velasco","11":"tag-pvem","12":"tag-ricardo-chua","13":"tag-ricardo-rodriguez","14":"tag-sefiplan"},"yoast_head":"<!-- This site is optimized with the Yoast SEO plugin v27.4 - https:\/\/yoast.com\/product\/yoast-seo-wordpress\/ -->\n<title>Javier 2024 - Los pol\u00edticos Veracruz<\/title>\n<meta name=\"robots\" content=\"index, follow, max-snippet:-1, max-image-preview:large, max-video-preview:-1\" \/>\n<link rel=\"canonical\" href=\"https:\/\/lospoliticosveracruz.com\/?p=79034\" \/>\n<meta property=\"og:locale\" content=\"es_ES\" \/>\n<meta property=\"og:type\" content=\"article\" \/>\n<meta property=\"og:title\" content=\"Javier 2024 - Los pol\u00edticos Veracruz\" \/>\n<meta property=\"og:description\" content=\"Ricardo Ch\u00faaSale y Vale OJO\u2026 El tema de los contagios en las escuelas con clases presenciales en Veracruz est\u00e1n increment\u00e1ndose y hay opiniones encontradas al respecto\u2026 Pero estos casos se han presentado tambi\u00e9n por el incumplimiento de las medidas sanitarias, la sana distancia, el uso de cubrebocas y el lavarse las manos constantemente\u2026 Pero aun [&hellip;]\" \/>\n<meta property=\"og:url\" content=\"https:\/\/lospoliticosveracruz.com\/?p=79034\" \/>\n<meta property=\"og:site_name\" content=\"Los pol\u00edticos Veracruz\" \/>\n<meta property=\"article:publisher\" content=\"https:\/\/www.facebook.com\/people\/Notimemes-de-los-Polticos\/61565672886568\/\" \/>\n<meta property=\"article:published_time\" content=\"2021-09-06T13:30:19+00:00\" \/>\n<meta property=\"article:modified_time\" content=\"2021-09-06T13:30:25+00:00\" \/>\n<meta property=\"og:image\" content=\"https:\/\/lospoliticosveracruz.com\/wp-content\/uploads\/2016\/07\/Logo-Dor.jpg\" \/>\n\t<meta property=\"og:image:width\" content=\"200\" \/>\n\t<meta property=\"og:image:height\" content=\"200\" \/>\n\t<meta property=\"og:image:type\" content=\"image\/jpeg\" \/>\n<meta name=\"author\" content=\"Lo viste en Los Pol\u00edticos\" \/>\n<meta name=\"twitter:card\" content=\"summary_large_image\" \/>\n<meta name=\"twitter:creator\" content=\"@LosPoliticosVer\" \/>\n<meta name=\"twitter:site\" content=\"@LosPoliticosVer\" \/>\n<meta name=\"twitter:label1\" content=\"Escrito por\" \/>\n\t<meta name=\"twitter:data1\" content=\"Lo viste en Los Pol\u00edticos\" \/>\n\t<meta name=\"twitter:label2\" content=\"Tiempo de lectura\" \/>\n\t<meta name=\"twitter:data2\" content=\"5 minutos\" \/>\n<script type=\"application\/ld+json\" class=\"yoast-schema-graph\">{\"@context\":\"https:\\\/\\\/schema.org\",\"@graph\":[{\"@type\":\"Article\",\"@id\":\"https:\\\/\\\/lospoliticosveracruz.com\\\/?p=79034#article\",\"isPartOf\":{\"@id\":\"https:\\\/\\\/lospoliticosveracruz.com\\\/?p=79034\"},\"author\":{\"name\":\"Lo viste en Los Pol\u00edticos\",\"@id\":\"https:\\\/\\\/lospoliticosveracruz.com\\\/#\\\/schema\\\/person\\\/b8702bb0e538456e6efd07080bf2a4a2\"},\"headline\":\"Javier 2024\",\"datePublished\":\"2021-09-06T13:30:19+00:00\",\"dateModified\":\"2021-09-06T13:30:25+00:00\",\"mainEntityOfPage\":{\"@id\":\"https:\\\/\\\/lospoliticosveracruz.com\\\/?p=79034\"},\"wordCount\":914,\"publisher\":{\"@id\":\"https:\\\/\\\/lospoliticosveracruz.com\\\/#organization\"},\"keywords\":[\"Andr\u00e9s Manuel L\u00f3pez Obrador\",\"Javier Herrera Borunda\",\"Jos\u00e9 Luis Lima Franco\",\"Manuel Velasco\",\"PVEM\",\"Ricardo Ch\u00faa\",\"Ricardo Rodr\u00edguez\",\"Sefiplan\"],\"articleSection\":[\"De Opini\u00f3n\"],\"inLanguage\":\"es\"},{\"@type\":\"WebPage\",\"@id\":\"https:\\\/\\\/lospoliticosveracruz.com\\\/?p=79034\",\"url\":\"https:\\\/\\\/lospoliticosveracruz.com\\\/?p=79034\",\"name\":\"Javier 2024 - Los pol\u00edticos Veracruz\",\"isPartOf\":{\"@id\":\"https:\\\/\\\/lospoliticosveracruz.com\\\/#website\"},\"datePublished\":\"2021-09-06T13:30:19+00:00\",\"dateModified\":\"2021-09-06T13:30:25+00:00\",\"breadcrumb\":{\"@id\":\"https:\\\/\\\/lospoliticosveracruz.com\\\/?p=79034#breadcrumb\"},\"inLanguage\":\"es\",\"potentialAction\":[{\"@type\":\"ReadAction\",\"target\":[\"https:\\\/\\\/lospoliticosveracruz.com\\\/?p=79034\"]}]},{\"@type\":\"BreadcrumbList\",\"@id\":\"https:\\\/\\\/lospoliticosveracruz.com\\\/?p=79034#breadcrumb\",\"itemListElement\":[{\"@type\":\"ListItem\",\"position\":1,\"name\":\"Portada\",\"item\":\"https:\\\/\\\/lospoliticosveracruz.com\\\/\"},{\"@type\":\"ListItem\",\"position\":2,\"name\":\"Javier 2024\"}]},{\"@type\":\"WebSite\",\"@id\":\"https:\\\/\\\/lospoliticosveracruz.com\\\/#website\",\"url\":\"https:\\\/\\\/lospoliticosveracruz.com\\\/\",\"name\":\"Los pol\u00edticos Veracruz\",\"description\":\"\",\"publisher\":{\"@id\":\"https:\\\/\\\/lospoliticosveracruz.com\\\/#organization\"},\"potentialAction\":[{\"@type\":\"SearchAction\",\"target\":{\"@type\":\"EntryPoint\",\"urlTemplate\":\"https:\\\/\\\/lospoliticosveracruz.com\\\/?s={search_term_string}\"},\"query-input\":{\"@type\":\"PropertyValueSpecification\",\"valueRequired\":true,\"valueName\":\"search_term_string\"}}],\"inLanguage\":\"es\"},{\"@type\":\"Organization\",\"@id\":\"https:\\\/\\\/lospoliticosveracruz.com\\\/#organization\",\"name\":\"Los pol\u00edticos Veracruz\",\"url\":\"https:\\\/\\\/lospoliticosveracruz.com\\\/\",\"logo\":{\"@type\":\"ImageObject\",\"inLanguage\":\"es\",\"@id\":\"https:\\\/\\\/lospoliticosveracruz.com\\\/#\\\/schema\\\/logo\\\/image\\\/\",\"url\":\"https:\\\/\\\/lospoliticosveracruz.com\\\/wp-content\\\/uploads\\\/2025\\\/12\\\/Logo-Nuevo-LOS-POLITICOS-1.jpg\",\"contentUrl\":\"https:\\\/\\\/lospoliticosveracruz.com\\\/wp-content\\\/uploads\\\/2025\\\/12\\\/Logo-Nuevo-LOS-POLITICOS-1.jpg\",\"width\":260,\"height\":70,\"caption\":\"Los pol\u00edticos Veracruz\"},\"image\":{\"@id\":\"https:\\\/\\\/lospoliticosveracruz.com\\\/#\\\/schema\\\/logo\\\/image\\\/\"},\"sameAs\":[\"https:\\\/\\\/www.facebook.com\\\/people\\\/Notimemes-de-los-Polticos\\\/61565672886568\\\/\",\"https:\\\/\\\/x.com\\\/LosPoliticosVer\"]},{\"@type\":\"Person\",\"@id\":\"https:\\\/\\\/lospoliticosveracruz.com\\\/#\\\/schema\\\/person\\\/b8702bb0e538456e6efd07080bf2a4a2\",\"name\":\"Lo viste en Los Pol\u00edticos\",\"image\":{\"@type\":\"ImageObject\",\"inLanguage\":\"es\",\"@id\":\"https:\\\/\\\/secure.gravatar.com\\\/avatar\\\/3a8de04a2656d44082be478bd6c086daa447c4651605818287b9532d3d0bd435?s=96&d=mm&r=g\",\"url\":\"https:\\\/\\\/secure.gravatar.com\\\/avatar\\\/3a8de04a2656d44082be478bd6c086daa447c4651605818287b9532d3d0bd435?s=96&d=mm&r=g\",\"contentUrl\":\"https:\\\/\\\/secure.gravatar.com\\\/avatar\\\/3a8de04a2656d44082be478bd6c086daa447c4651605818287b9532d3d0bd435?s=96&d=mm&r=g\",\"caption\":\"Lo viste en Los Pol\u00edticos\"},\"url\":\"https:\\\/\\\/lospoliticosveracruz.com\\\/?author=2\"}]}<\/script>\n<!-- \/ Yoast SEO plugin. -->","yoast_head_json":{"title":"Javier 2024 - Los pol\u00edticos Veracruz","robots":{"index":"index","follow":"follow","max-snippet":"max-snippet:-1","max-image-preview":"max-image-preview:large","max-video-preview":"max-video-preview:-1"},"canonical":"https:\/\/lospoliticosveracruz.com\/?p=79034","og_locale":"es_ES","og_type":"article","og_title":"Javier 2024 - Los pol\u00edticos Veracruz","og_description":"Ricardo Ch\u00faaSale y Vale OJO\u2026 El tema de los contagios en las escuelas con clases presenciales en Veracruz est\u00e1n increment\u00e1ndose y hay opiniones encontradas al respecto\u2026 Pero estos casos se han presentado tambi\u00e9n por el incumplimiento de las medidas sanitarias, la sana distancia, el uso de cubrebocas y el lavarse las manos constantemente\u2026 Pero aun [&hellip;]","og_url":"https:\/\/lospoliticosveracruz.com\/?p=79034","og_site_name":"Los pol\u00edticos Veracruz","article_publisher":"https:\/\/www.facebook.com\/people\/Notimemes-de-los-Polticos\/61565672886568\/","article_published_time":"2021-09-06T13:30:19+00:00","article_modified_time":"2021-09-06T13:30:25+00:00","og_image":[{"width":200,"height":200,"url":"https:\/\/lospoliticosveracruz.com\/wp-content\/uploads\/2016\/07\/Logo-Dor.jpg","type":"image\/jpeg"}],"author":"Lo viste en Los Pol\u00edticos","twitter_card":"summary_large_image","twitter_creator":"@LosPoliticosVer","twitter_site":"@LosPoliticosVer","twitter_misc":{"Escrito por":"Lo viste en Los Pol\u00edticos","Tiempo de lectura":"5 minutos"},"schema":{"@context":"https:\/\/schema.org","@graph":[{"@type":"Article","@id":"https:\/\/lospoliticosveracruz.com\/?p=79034#article","isPartOf":{"@id":"https:\/\/lospoliticosveracruz.com\/?p=79034"},"author":{"name":"Lo viste en Los Pol\u00edticos","@id":"https:\/\/lospoliticosveracruz.com\/#\/schema\/person\/b8702bb0e538456e6efd07080bf2a4a2"},"headline":"Javier 2024","datePublished":"2021-09-06T13:30:19+00:00","dateModified":"2021-09-06T13:30:25+00:00","mainEntityOfPage":{"@id":"https:\/\/lospoliticosveracruz.com\/?p=79034"},"wordCount":914,"publisher":{"@id":"https:\/\/lospoliticosveracruz.com\/#organization"},"keywords":["Andr\u00e9s Manuel L\u00f3pez Obrador","Javier Herrera Borunda","Jos\u00e9 Luis Lima Franco","Manuel Velasco","PVEM","Ricardo Ch\u00faa","Ricardo Rodr\u00edguez","Sefiplan"],"articleSection":["De Opini\u00f3n"],"inLanguage":"es"},{"@type":"WebPage","@id":"https:\/\/lospoliticosveracruz.com\/?p=79034","url":"https:\/\/lospoliticosveracruz.com\/?p=79034","name":"Javier 2024 - Los pol\u00edticos Veracruz","isPartOf":{"@id":"https:\/\/lospoliticosveracruz.com\/#website"},"datePublished":"2021-09-06T13:30:19+00:00","dateModified":"2021-09-06T13:30:25+00:00","breadcrumb":{"@id":"https:\/\/lospoliticosveracruz.com\/?p=79034#breadcrumb"},"inLanguage":"es","potentialAction":[{"@type":"ReadAction","target":["https:\/\/lospoliticosveracruz.com\/?p=79034"]}]},{"@type":"BreadcrumbList","@id":"https:\/\/lospoliticosveracruz.com\/?p=79034#breadcrumb","itemListElement":[{"@type":"ListItem","position":1,"name":"Portada","item":"https:\/\/lospoliticosveracruz.com\/"},{"@type":"ListItem","position":2,"name":"Javier 2024"}]},{"@type":"WebSite","@id":"https:\/\/lospoliticosveracruz.com\/#website","url":"https:\/\/lospoliticosveracruz.com\/","name":"Los pol\u00edticos Veracruz","description":"","publisher":{"@id":"https:\/\/lospoliticosveracruz.com\/#organization"},"potentialAction":[{"@type":"SearchAction","target":{"@type":"EntryPoint","urlTemplate":"https:\/\/lospoliticosveracruz.com\/?s={search_term_string}"},"query-input":{"@type":"PropertyValueSpecification","valueRequired":true,"valueName":"search_term_string"}}],"inLanguage":"es"},{"@type":"Organization","@id":"https:\/\/lospoliticosveracruz.com\/#organization","name":"Los pol\u00edticos Veracruz","url":"https:\/\/lospoliticosveracruz.com\/","logo":{"@type":"ImageObject","inLanguage":"es","@id":"https:\/\/lospoliticosveracruz.com\/#\/schema\/logo\/image\/","url":"https:\/\/lospoliticosveracruz.com\/wp-content\/uploads\/2025\/12\/Logo-Nuevo-LOS-POLITICOS-1.jpg","contentUrl":"https:\/\/lospoliticosveracruz.com\/wp-content\/uploads\/2025\/12\/Logo-Nuevo-LOS-POLITICOS-1.jpg","width":260,"height":70,"caption":"Los pol\u00edticos Veracruz"},"image":{"@id":"https:\/\/lospoliticosveracruz.com\/#\/schema\/logo\/image\/"},"sameAs":["https:\/\/www.facebook.com\/people\/Notimemes-de-los-Polticos\/61565672886568\/","https:\/\/x.com\/LosPoliticosVer"]},{"@type":"Person","@id":"https:\/\/lospoliticosveracruz.com\/#\/schema\/person\/b8702bb0e538456e6efd07080bf2a4a2","name":"Lo viste en Los Pol\u00edticos","image":{"@type":"ImageObject","inLanguage":"es","@id":"https:\/\/secure.gravatar.com\/avatar\/3a8de04a2656d44082be478bd6c086daa447c4651605818287b9532d3d0bd435?s=96&d=mm&r=g","url":"https:\/\/secure.gravatar.com\/avatar\/3a8de04a2656d44082be478bd6c086daa447c4651605818287b9532d3d0bd435?s=96&d=mm&r=g","contentUrl":"https:\/\/secure.gravatar.com\/avatar\/3a8de04a2656d44082be478bd6c086daa447c4651605818287b9532d3d0bd435?s=96&d=mm&r=g","caption":"Lo viste en Los Pol\u00edticos"},"url":"https:\/\/lospoliticosveracruz.com\/?author=2"}]}},"_links":{"self":[{"href":"https:\/\/lospoliticosveracruz.com\/index.php?rest_route=\/wp\/v2\/posts\/79034","targetHints":{"allow":["GET"]}}],"collection":[{"href":"https:\/\/lospoliticosveracruz.com\/index.php?rest_route=\/wp\/v2\/posts"}],"about":[{"href":"https:\/\/lospoliticosveracruz.com\/index.php?rest_route=\/wp\/v2\/types\/post"}],"author":[{"embeddable":true,"href":"https:\/\/lospoliticosveracruz.com\/index.php?rest_route=\/wp\/v2\/users\/2"}],"replies":[{"embeddable":true,"href":"https:\/\/lospoliticosveracruz.com\/index.php?rest_route=%2Fwp%2Fv2%2Fcomments&post=79034"}],"version-history":[{"count":1,"href":"https:\/\/lospoliticosveracruz.com\/index.php?rest_route=\/wp\/v2\/posts\/79034\/revisions"}],"predecessor-version":[{"id":79035,"href":"https:\/\/lospoliticosveracruz.com\/index.php?rest_route=\/wp\/v2\/posts\/79034\/revisions\/79035"}],"wp:attachment":[{"href":"https:\/\/lospoliticosveracruz.com\/index.php?rest_route=%2Fwp%2Fv2%2Fmedia&parent=79034"}],"wp:term":[{"taxonomy":"category","embeddable":true,"href":"https:\/\/lospoliticosveracruz.com\/index.php?rest_route=%2Fwp%2Fv2%2Fcategories&post=79034"},{"taxonomy":"post_tag","embeddable":true,"href":"https:\/\/lospoliticosveracruz.com\/index.php?rest_route=%2Fwp%2Fv2%2Ftags&post=79034"}],"curies":[{"name":"wp","href":"https:\/\/api.w.org\/{rel}","templated":true}]}}