{"id":79038,"date":"2021-09-06T09:05:30","date_gmt":"2021-09-06T14:05:30","guid":{"rendered":"http:\/\/www.lospoliticosveracruz.com.mx\/?p=79038"},"modified":"2021-09-06T09:05:42","modified_gmt":"2021-09-06T14:05:42","slug":"el-riesgo-presencial-en-las-escuelas","status":"publish","type":"post","link":"https:\/\/lospoliticosveracruz.com\/?p=79038","title":{"rendered":"El riesgo presencial en las escuelas"},"content":{"rendered":"\n<p><strong>Jorge V\u00e1zquez Sangabriel<\/strong><\/p>\n\n\n\n<p><strong>Palimpsesto<br><\/strong><\/p>\n\n\n\n<p>Sint\u00e1cticas<br>De un padre responsable:<br>Prefiero que mi hijo pierda el a\u00f1o escolar, pero no perder a mi hijo.<br>En ocasiones perdiendo se gana.<br>Si mi hijo acude a clases presenciales, dizque para que sociabilice\u2026no podremos besarle ni abrazarle\u2026 \u00a1qu\u00e9 tal si viene contagiado!<br>De una maestra contagiada de covid-19, a su supervisor, mirando hacia el futuro:<br>\u00bfQui\u00e9n pagar\u00e1 el ata\u00fad?<br>De una ciudadana sensata:<br>Vi a un individuo manejando un auto de modelo atrasado en una calle cercana a los Lagos, iba con una mujer; el hombre barbado, de rasgos duros \u00a1No llevaba cubre boca!\u2026 \u00a1No por la pandemia!.. \u00a1Si no por lo feo!<br>De una se\u00f1ora amante de las mascotas, a un f\u00edsico:<br>Los gatos son buenos canalizadores de la mala vibra, como absorbedores de mala energ\u00eda\u2026Cuando vea a uno acar\u00edcielo.<br>El f\u00edsico: \u00bfser\u00e1 por eso que se les erizan los pelos?, porque algunos andan medios locos.<\/p>\n\n\n\n<p>En un di\u00e1logo en la pel\u00edcula For Ever Mozart (Faut r\u00eaver Mozart- 1996), dirigida, escrita y editada por Jean- Luc Godard:<br>\u00abEsa es la palabra que me gustar\u00eda escribir. La vida moderna es demasiado r\u00e1pida para permitir que cualquier lugar tenga un sentimiento tan ardiente, tan tierno. Nos encogemos de hombros ante este puro compromiso con el futuro\u2026El hombre moderno no tiene tiempo para la esperanza. Es la gente humilde quien tiene esperanza. No el mundo moderno. Como los santos que exp\u00edan y aman por nosotros\u2026 La tradici\u00f3n de las expectativas modestas, est\u00e1n en manos de los pobres. Al igual que las costureras de edad, cuyo trabajo de encaje ninguna maquina puede igualar. Vas a decir que estos pobres tontos\u2026que viven con expectativas, no son m\u00e1s loables por tener esperanza que por vivir\u2026\u00bb<\/p>\n\n\n\n<p><br>Bach. Concerto in A minor BWV 1065. Netherlands Bacha Society:<br><strong><em><a href=\"https:\/\/www.youtube.com\/watch?v=emkJ0A7IfkY\">https:\/\/www.youtube.com\/watch?v=emkJ0A7IfkY<\/a><\/em><\/strong><\/p>\n","protected":false},"excerpt":{"rendered":"<p>Jorge V\u00e1zquez Sangabriel Palimpsesto Sint\u00e1cticasDe un padre responsable:Prefiero que mi hijo pierda el a\u00f1o escolar, pero no perder a mi hijo.En ocasiones perdiendo se gana.Si mi hijo acude a clases presenciales, dizque para que sociabilice\u2026no podremos besarle ni abrazarle\u2026 \u00a1qu\u00e9 tal si viene contagiado!De una maestra contagiada de covid-19, a su supervisor, mirando hacia el [&hellip;]<\/p>\n","protected":false},"author":2,"featured_media":0,"comment_status":"closed","ping_status":"closed","sticky":false,"template":"","format":"standard","meta":{"tdm_status":"","tdm_grid_status":"","footnotes":""},"categories":[70],"tags":[24197,26577,17151,15282,16929],"class_list":{"0":"post-79038","1":"post","2":"type-post","3":"status-publish","4":"format-standard","6":"category-de-opinion","7":"tag-clases-presenciales","8":"tag-covid-19-2","9":"tag-jorge-vazquez-sangabriel","10":"tag-padres-de-familia","11":"tag-pandemia"},"yoast_head":"<!-- This site is optimized with the Yoast SEO plugin v27.4 - https:\/\/yoast.com\/product\/yoast-seo-wordpress\/ -->\n<title>El riesgo presencial en las escuelas - Los pol\u00edticos Veracruz<\/title>\n<meta name=\"robots\" content=\"index, follow, max-snippet:-1, max-image-preview:large, max-video-preview:-1\" \/>\n<link rel=\"canonical\" href=\"https:\/\/lospoliticosveracruz.com\/?p=79038\" \/>\n<meta property=\"og:locale\" content=\"es_ES\" \/>\n<meta property=\"og:type\" content=\"article\" \/>\n<meta property=\"og:title\" content=\"El riesgo presencial en las escuelas - Los pol\u00edticos Veracruz\" \/>\n<meta property=\"og:description\" content=\"Jorge V\u00e1zquez Sangabriel Palimpsesto Sint\u00e1cticasDe un padre responsable:Prefiero que mi hijo pierda el a\u00f1o escolar, pero no perder a mi hijo.En ocasiones perdiendo se gana.Si mi hijo acude a clases presenciales, dizque para que sociabilice\u2026no podremos besarle ni abrazarle\u2026 \u00a1qu\u00e9 tal si viene contagiado!De una maestra contagiada de covid-19, a su supervisor, mirando hacia el [&hellip;]\" \/>\n<meta property=\"og:url\" content=\"https:\/\/lospoliticosveracruz.com\/?p=79038\" \/>\n<meta property=\"og:site_name\" content=\"Los pol\u00edticos Veracruz\" \/>\n<meta property=\"article:publisher\" content=\"https:\/\/www.facebook.com\/people\/Notimemes-de-los-Polticos\/61565672886568\/\" \/>\n<meta property=\"article:published_time\" content=\"2021-09-06T14:05:30+00:00\" \/>\n<meta property=\"article:modified_time\" content=\"2021-09-06T14:05:42+00:00\" \/>\n<meta property=\"og:image\" content=\"https:\/\/lospoliticosveracruz.com\/wp-content\/uploads\/2016\/07\/Logo-Dor.jpg\" \/>\n\t<meta property=\"og:image:width\" content=\"200\" \/>\n\t<meta property=\"og:image:height\" content=\"200\" \/>\n\t<meta property=\"og:image:type\" content=\"image\/jpeg\" \/>\n<meta name=\"author\" content=\"Lo viste en Los Pol\u00edticos\" \/>\n<meta name=\"twitter:card\" content=\"summary_large_image\" \/>\n<meta name=\"twitter:creator\" content=\"@LosPoliticosVer\" \/>\n<meta name=\"twitter:site\" content=\"@LosPoliticosVer\" \/>\n<meta name=\"twitter:label1\" content=\"Escrito por\" \/>\n\t<meta name=\"twitter:data1\" content=\"Lo viste en Los Pol\u00edticos\" \/>\n\t<meta name=\"twitter:label2\" content=\"Tiempo de lectura\" \/>\n\t<meta name=\"twitter:data2\" content=\"2 minutos\" \/>\n<script type=\"application\/ld+json\" class=\"yoast-schema-graph\">{\"@context\":\"https:\\\/\\\/schema.org\",\"@graph\":[{\"@type\":\"Article\",\"@id\":\"https:\\\/\\\/lospoliticosveracruz.com\\\/?p=79038#article\",\"isPartOf\":{\"@id\":\"https:\\\/\\\/lospoliticosveracruz.com\\\/?p=79038\"},\"author\":{\"name\":\"Lo viste en Los Pol\u00edticos\",\"@id\":\"https:\\\/\\\/lospoliticosveracruz.com\\\/#\\\/schema\\\/person\\\/b8702bb0e538456e6efd07080bf2a4a2\"},\"headline\":\"El riesgo presencial en las escuelas\",\"datePublished\":\"2021-09-06T14:05:30+00:00\",\"dateModified\":\"2021-09-06T14:05:42+00:00\",\"mainEntityOfPage\":{\"@id\":\"https:\\\/\\\/lospoliticosveracruz.com\\\/?p=79038\"},\"wordCount\":331,\"publisher\":{\"@id\":\"https:\\\/\\\/lospoliticosveracruz.com\\\/#organization\"},\"keywords\":[\"clases presenciales\",\"Covid-19\",\"Jorge V\u00e1zquez Sangabriel\",\"padres de familia\",\"pandemia\"],\"articleSection\":[\"De Opini\u00f3n\"],\"inLanguage\":\"es\"},{\"@type\":\"WebPage\",\"@id\":\"https:\\\/\\\/lospoliticosveracruz.com\\\/?p=79038\",\"url\":\"https:\\\/\\\/lospoliticosveracruz.com\\\/?p=79038\",\"name\":\"El riesgo presencial en las escuelas - Los pol\u00edticos Veracruz\",\"isPartOf\":{\"@id\":\"https:\\\/\\\/lospoliticosveracruz.com\\\/#website\"},\"datePublished\":\"2021-09-06T14:05:30+00:00\",\"dateModified\":\"2021-09-06T14:05:42+00:00\",\"breadcrumb\":{\"@id\":\"https:\\\/\\\/lospoliticosveracruz.com\\\/?p=79038#breadcrumb\"},\"inLanguage\":\"es\",\"potentialAction\":[{\"@type\":\"ReadAction\",\"target\":[\"https:\\\/\\\/lospoliticosveracruz.com\\\/?p=79038\"]}]},{\"@type\":\"BreadcrumbList\",\"@id\":\"https:\\\/\\\/lospoliticosveracruz.com\\\/?p=79038#breadcrumb\",\"itemListElement\":[{\"@type\":\"ListItem\",\"position\":1,\"name\":\"Portada\",\"item\":\"https:\\\/\\\/lospoliticosveracruz.com\\\/\"},{\"@type\":\"ListItem\",\"position\":2,\"name\":\"El riesgo presencial en las escuelas\"}]},{\"@type\":\"WebSite\",\"@id\":\"https:\\\/\\\/lospoliticosveracruz.com\\\/#website\",\"url\":\"https:\\\/\\\/lospoliticosveracruz.com\\\/\",\"name\":\"Los pol\u00edticos Veracruz\",\"description\":\"\",\"publisher\":{\"@id\":\"https:\\\/\\\/lospoliticosveracruz.com\\\/#organization\"},\"potentialAction\":[{\"@type\":\"SearchAction\",\"target\":{\"@type\":\"EntryPoint\",\"urlTemplate\":\"https:\\\/\\\/lospoliticosveracruz.com\\\/?s={search_term_string}\"},\"query-input\":{\"@type\":\"PropertyValueSpecification\",\"valueRequired\":true,\"valueName\":\"search_term_string\"}}],\"inLanguage\":\"es\"},{\"@type\":\"Organization\",\"@id\":\"https:\\\/\\\/lospoliticosveracruz.com\\\/#organization\",\"name\":\"Los pol\u00edticos Veracruz\",\"url\":\"https:\\\/\\\/lospoliticosveracruz.com\\\/\",\"logo\":{\"@type\":\"ImageObject\",\"inLanguage\":\"es\",\"@id\":\"https:\\\/\\\/lospoliticosveracruz.com\\\/#\\\/schema\\\/logo\\\/image\\\/\",\"url\":\"https:\\\/\\\/lospoliticosveracruz.com\\\/wp-content\\\/uploads\\\/2025\\\/12\\\/Logo-Nuevo-LOS-POLITICOS-1.jpg\",\"contentUrl\":\"https:\\\/\\\/lospoliticosveracruz.com\\\/wp-content\\\/uploads\\\/2025\\\/12\\\/Logo-Nuevo-LOS-POLITICOS-1.jpg\",\"width\":260,\"height\":70,\"caption\":\"Los pol\u00edticos Veracruz\"},\"image\":{\"@id\":\"https:\\\/\\\/lospoliticosveracruz.com\\\/#\\\/schema\\\/logo\\\/image\\\/\"},\"sameAs\":[\"https:\\\/\\\/www.facebook.com\\\/people\\\/Notimemes-de-los-Polticos\\\/61565672886568\\\/\",\"https:\\\/\\\/x.com\\\/LosPoliticosVer\"]},{\"@type\":\"Person\",\"@id\":\"https:\\\/\\\/lospoliticosveracruz.com\\\/#\\\/schema\\\/person\\\/b8702bb0e538456e6efd07080bf2a4a2\",\"name\":\"Lo viste en Los Pol\u00edticos\",\"image\":{\"@type\":\"ImageObject\",\"inLanguage\":\"es\",\"@id\":\"https:\\\/\\\/secure.gravatar.com\\\/avatar\\\/3a8de04a2656d44082be478bd6c086daa447c4651605818287b9532d3d0bd435?s=96&d=mm&r=g\",\"url\":\"https:\\\/\\\/secure.gravatar.com\\\/avatar\\\/3a8de04a2656d44082be478bd6c086daa447c4651605818287b9532d3d0bd435?s=96&d=mm&r=g\",\"contentUrl\":\"https:\\\/\\\/secure.gravatar.com\\\/avatar\\\/3a8de04a2656d44082be478bd6c086daa447c4651605818287b9532d3d0bd435?s=96&d=mm&r=g\",\"caption\":\"Lo viste en Los Pol\u00edticos\"},\"url\":\"https:\\\/\\\/lospoliticosveracruz.com\\\/?author=2\"}]}<\/script>\n<!-- \/ Yoast SEO plugin. -->","yoast_head_json":{"title":"El riesgo presencial en las escuelas - Los pol\u00edticos Veracruz","robots":{"index":"index","follow":"follow","max-snippet":"max-snippet:-1","max-image-preview":"max-image-preview:large","max-video-preview":"max-video-preview:-1"},"canonical":"https:\/\/lospoliticosveracruz.com\/?p=79038","og_locale":"es_ES","og_type":"article","og_title":"El riesgo presencial en las escuelas - Los pol\u00edticos Veracruz","og_description":"Jorge V\u00e1zquez Sangabriel Palimpsesto Sint\u00e1cticasDe un padre responsable:Prefiero que mi hijo pierda el a\u00f1o escolar, pero no perder a mi hijo.En ocasiones perdiendo se gana.Si mi hijo acude a clases presenciales, dizque para que sociabilice\u2026no podremos besarle ni abrazarle\u2026 \u00a1qu\u00e9 tal si viene contagiado!De una maestra contagiada de covid-19, a su supervisor, mirando hacia el [&hellip;]","og_url":"https:\/\/lospoliticosveracruz.com\/?p=79038","og_site_name":"Los pol\u00edticos Veracruz","article_publisher":"https:\/\/www.facebook.com\/people\/Notimemes-de-los-Polticos\/61565672886568\/","article_published_time":"2021-09-06T14:05:30+00:00","article_modified_time":"2021-09-06T14:05:42+00:00","og_image":[{"width":200,"height":200,"url":"https:\/\/lospoliticosveracruz.com\/wp-content\/uploads\/2016\/07\/Logo-Dor.jpg","type":"image\/jpeg"}],"author":"Lo viste en Los Pol\u00edticos","twitter_card":"summary_large_image","twitter_creator":"@LosPoliticosVer","twitter_site":"@LosPoliticosVer","twitter_misc":{"Escrito por":"Lo viste en Los Pol\u00edticos","Tiempo de lectura":"2 minutos"},"schema":{"@context":"https:\/\/schema.org","@graph":[{"@type":"Article","@id":"https:\/\/lospoliticosveracruz.com\/?p=79038#article","isPartOf":{"@id":"https:\/\/lospoliticosveracruz.com\/?p=79038"},"author":{"name":"Lo viste en Los Pol\u00edticos","@id":"https:\/\/lospoliticosveracruz.com\/#\/schema\/person\/b8702bb0e538456e6efd07080bf2a4a2"},"headline":"El riesgo presencial en las escuelas","datePublished":"2021-09-06T14:05:30+00:00","dateModified":"2021-09-06T14:05:42+00:00","mainEntityOfPage":{"@id":"https:\/\/lospoliticosveracruz.com\/?p=79038"},"wordCount":331,"publisher":{"@id":"https:\/\/lospoliticosveracruz.com\/#organization"},"keywords":["clases presenciales","Covid-19","Jorge V\u00e1zquez Sangabriel","padres de familia","pandemia"],"articleSection":["De Opini\u00f3n"],"inLanguage":"es"},{"@type":"WebPage","@id":"https:\/\/lospoliticosveracruz.com\/?p=79038","url":"https:\/\/lospoliticosveracruz.com\/?p=79038","name":"El riesgo presencial en las escuelas - Los pol\u00edticos Veracruz","isPartOf":{"@id":"https:\/\/lospoliticosveracruz.com\/#website"},"datePublished":"2021-09-06T14:05:30+00:00","dateModified":"2021-09-06T14:05:42+00:00","breadcrumb":{"@id":"https:\/\/lospoliticosveracruz.com\/?p=79038#breadcrumb"},"inLanguage":"es","potentialAction":[{"@type":"ReadAction","target":["https:\/\/lospoliticosveracruz.com\/?p=79038"]}]},{"@type":"BreadcrumbList","@id":"https:\/\/lospoliticosveracruz.com\/?p=79038#breadcrumb","itemListElement":[{"@type":"ListItem","position":1,"name":"Portada","item":"https:\/\/lospoliticosveracruz.com\/"},{"@type":"ListItem","position":2,"name":"El riesgo presencial en las escuelas"}]},{"@type":"WebSite","@id":"https:\/\/lospoliticosveracruz.com\/#website","url":"https:\/\/lospoliticosveracruz.com\/","name":"Los pol\u00edticos Veracruz","description":"","publisher":{"@id":"https:\/\/lospoliticosveracruz.com\/#organization"},"potentialAction":[{"@type":"SearchAction","target":{"@type":"EntryPoint","urlTemplate":"https:\/\/lospoliticosveracruz.com\/?s={search_term_string}"},"query-input":{"@type":"PropertyValueSpecification","valueRequired":true,"valueName":"search_term_string"}}],"inLanguage":"es"},{"@type":"Organization","@id":"https:\/\/lospoliticosveracruz.com\/#organization","name":"Los pol\u00edticos Veracruz","url":"https:\/\/lospoliticosveracruz.com\/","logo":{"@type":"ImageObject","inLanguage":"es","@id":"https:\/\/lospoliticosveracruz.com\/#\/schema\/logo\/image\/","url":"https:\/\/lospoliticosveracruz.com\/wp-content\/uploads\/2025\/12\/Logo-Nuevo-LOS-POLITICOS-1.jpg","contentUrl":"https:\/\/lospoliticosveracruz.com\/wp-content\/uploads\/2025\/12\/Logo-Nuevo-LOS-POLITICOS-1.jpg","width":260,"height":70,"caption":"Los pol\u00edticos Veracruz"},"image":{"@id":"https:\/\/lospoliticosveracruz.com\/#\/schema\/logo\/image\/"},"sameAs":["https:\/\/www.facebook.com\/people\/Notimemes-de-los-Polticos\/61565672886568\/","https:\/\/x.com\/LosPoliticosVer"]},{"@type":"Person","@id":"https:\/\/lospoliticosveracruz.com\/#\/schema\/person\/b8702bb0e538456e6efd07080bf2a4a2","name":"Lo viste en Los Pol\u00edticos","image":{"@type":"ImageObject","inLanguage":"es","@id":"https:\/\/secure.gravatar.com\/avatar\/3a8de04a2656d44082be478bd6c086daa447c4651605818287b9532d3d0bd435?s=96&d=mm&r=g","url":"https:\/\/secure.gravatar.com\/avatar\/3a8de04a2656d44082be478bd6c086daa447c4651605818287b9532d3d0bd435?s=96&d=mm&r=g","contentUrl":"https:\/\/secure.gravatar.com\/avatar\/3a8de04a2656d44082be478bd6c086daa447c4651605818287b9532d3d0bd435?s=96&d=mm&r=g","caption":"Lo viste en Los Pol\u00edticos"},"url":"https:\/\/lospoliticosveracruz.com\/?author=2"}]}},"_links":{"self":[{"href":"https:\/\/lospoliticosveracruz.com\/index.php?rest_route=\/wp\/v2\/posts\/79038","targetHints":{"allow":["GET"]}}],"collection":[{"href":"https:\/\/lospoliticosveracruz.com\/index.php?rest_route=\/wp\/v2\/posts"}],"about":[{"href":"https:\/\/lospoliticosveracruz.com\/index.php?rest_route=\/wp\/v2\/types\/post"}],"author":[{"embeddable":true,"href":"https:\/\/lospoliticosveracruz.com\/index.php?rest_route=\/wp\/v2\/users\/2"}],"replies":[{"embeddable":true,"href":"https:\/\/lospoliticosveracruz.com\/index.php?rest_route=%2Fwp%2Fv2%2Fcomments&post=79038"}],"version-history":[{"count":1,"href":"https:\/\/lospoliticosveracruz.com\/index.php?rest_route=\/wp\/v2\/posts\/79038\/revisions"}],"predecessor-version":[{"id":79040,"href":"https:\/\/lospoliticosveracruz.com\/index.php?rest_route=\/wp\/v2\/posts\/79038\/revisions\/79040"}],"wp:attachment":[{"href":"https:\/\/lospoliticosveracruz.com\/index.php?rest_route=%2Fwp%2Fv2%2Fmedia&parent=79038"}],"wp:term":[{"taxonomy":"category","embeddable":true,"href":"https:\/\/lospoliticosveracruz.com\/index.php?rest_route=%2Fwp%2Fv2%2Fcategories&post=79038"},{"taxonomy":"post_tag","embeddable":true,"href":"https:\/\/lospoliticosveracruz.com\/index.php?rest_route=%2Fwp%2Fv2%2Ftags&post=79038"}],"curies":[{"name":"wp","href":"https:\/\/api.w.org\/{rel}","templated":true}]}}