{"id":79117,"date":"2021-09-07T13:24:07","date_gmt":"2021-09-07T18:24:07","guid":{"rendered":"http:\/\/www.lospoliticosveracruz.com.mx\/?p=79117"},"modified":"2021-09-07T13:24:10","modified_gmt":"2021-09-07T18:24:10","slug":"cce-pone-6-toneladas-de-ayuda","status":"publish","type":"post","link":"https:\/\/lospoliticosveracruz.com\/?p=79117","title":{"rendered":"CCE pone 6 toneladas de ayuda"},"content":{"rendered":"\n<p><\/p>\n\n\n\n<p><strong>Veracruz<\/strong><br>Seis toneladas de v\u00edveres fueron acopiados por el Consejo Coordinador Empresarial en sus diferentes sedes en el estado de Veracruz con el fin de apoyar a los veracruzanos damnificados por el hurac\u00e1n \u2018Grace\u2019 en la zona norte, confirm\u00f3 el presidente del CCE Veracruz- Boca del R\u00edo A.C., Luis Antonio Exsome Zapata.<\/p>\n\n\n\n<div class=\"wp-block-image\"><figure class=\"alignleft size-large is-resized\"><a href=\"http:\/\/www.lospoliticosveracruz.com.mx\/wp-content\/uploads\/2021\/09\/Varadero.jpeg\"><img decoding=\"async\" src=\"http:\/\/www.lospoliticosveracruz.com.mx\/wp-content\/uploads\/2021\/09\/Varadero-576x1024.jpeg\" alt=\"\" class=\"wp-image-79072\" width=\"250\"\/><\/a><\/figure><\/div>\n\n\n\n<p><br>Explic\u00f3 que con apoyo de los asociados de los CCE de Xalapa, Coatzacoalcos (zona sur), Poza Rica (zona norte), C\u00f3rdoba- Orizaba y esta conurbaci\u00f3n Veracruz- Boca del R\u00edo, se instalaron centros de acopio de v\u00edveres y enseres de primera necesidad que el pasado fin de semana fueron entregados con apoyo de los transportistas de la C\u00e1mara Nacional del Autotransporte de Carga (Canacar) en el estado de Veracruz.<br>Una primera remesa de dos toneladas fueron destinadas a los damnificados de Xalapa, ciudad capital que sufri\u00f3 severas inundaciones y la ayuda se har\u00e1 llegar a trav\u00e9s del CCE Xalapa en coordinaci\u00f3n con las autoridades municipales y estatales.<br>El resto, cuatro toneladas, se entregaron por parte del CCE C\u00f3rdoba- Orizaba que preside Luis Cruz Montesinos, al alcalde de Poza Rica, Javier Vel\u00e1zquez Vallejo para que se distribuya entre los afectados de las comunidades que a\u00fan requieren estos apoyos.<br>\u201cAgradecemos a los socios y socias de nuestras distintas sedes del Consejo Coordinador Empresarial a nivel estatal, quienes aportaron para esta noble causa\u201d, destac\u00f3 Exsome Zapata.<br>Luis Antonio Exsome Zapata, agradeci\u00f3 la disposici\u00f3n y colaboraci\u00f3n de sus hom\u00f3logos sus hom\u00f3logos del CCE Xalapa, Octavio Jim\u00e9nez; CCE Poza Rica, Alejandro de la Torre; CCE Coatzacoalcos, Esteban Enr\u00edquez Espa\u00f1a y del CCE C\u00f3rdoba-Orizaba, Luis Cruz Montesinos para concluir con \u00e9xito esta encomienda.<\/p>\n","protected":false},"excerpt":{"rendered":"<p>VeracruzSeis toneladas de v\u00edveres fueron acopiados por el Consejo Coordinador Empresarial en sus diferentes sedes en el estado de Veracruz con el fin de apoyar a los veracruzanos damnificados por el hurac\u00e1n \u2018Grace\u2019 en la zona norte, confirm\u00f3 el presidente del CCE Veracruz- Boca del R\u00edo A.C., Luis Antonio Exsome Zapata. Explic\u00f3 que con apoyo [&hellip;]<\/p>\n","protected":false},"author":2,"featured_media":0,"comment_status":"closed","ping_status":"closed","sticky":false,"template":"","format":"standard","meta":{"tdm_status":"","tdm_grid_status":"","footnotes":""},"categories":[73],"tags":[8251,30275,30273,371,9567,30272,30274,195],"class_list":{"0":"post-79117","1":"post","2":"type-post","3":"status-publish","4":"format-standard","6":"category-de-boleto","7":"tag-canacar","8":"tag-cce-de-xalapa","9":"tag-cce-veracruz-boca-del-rio","10":"tag-coatzacoalcos","11":"tag-damnificados","12":"tag-huracan-grace-4","13":"tag-luis-antonio-exsome-zapata","14":"tag-veracruz"},"yoast_head":"<!-- This site is optimized with the Yoast SEO plugin v27.4 - https:\/\/yoast.com\/product\/yoast-seo-wordpress\/ -->\n<title>CCE pone 6 toneladas de ayuda - Los pol\u00edticos Veracruz<\/title>\n<meta name=\"robots\" content=\"index, follow, max-snippet:-1, max-image-preview:large, max-video-preview:-1\" \/>\n<link rel=\"canonical\" href=\"https:\/\/lospoliticosveracruz.com\/?p=79117\" \/>\n<meta property=\"og:locale\" content=\"es_ES\" \/>\n<meta property=\"og:type\" content=\"article\" \/>\n<meta property=\"og:title\" content=\"CCE pone 6 toneladas de ayuda - Los pol\u00edticos Veracruz\" \/>\n<meta property=\"og:description\" content=\"VeracruzSeis toneladas de v\u00edveres fueron acopiados por el Consejo Coordinador Empresarial en sus diferentes sedes en el estado de Veracruz con el fin de apoyar a los veracruzanos damnificados por el hurac\u00e1n \u2018Grace\u2019 en la zona norte, confirm\u00f3 el presidente del CCE Veracruz- Boca del R\u00edo A.C., Luis Antonio Exsome Zapata. Explic\u00f3 que con apoyo [&hellip;]\" \/>\n<meta property=\"og:url\" content=\"https:\/\/lospoliticosveracruz.com\/?p=79117\" \/>\n<meta property=\"og:site_name\" content=\"Los pol\u00edticos Veracruz\" \/>\n<meta property=\"article:publisher\" content=\"https:\/\/www.facebook.com\/people\/Notimemes-de-los-Polticos\/61565672886568\/\" \/>\n<meta property=\"article:published_time\" content=\"2021-09-07T18:24:07+00:00\" \/>\n<meta property=\"article:modified_time\" content=\"2021-09-07T18:24:10+00:00\" \/>\n<meta property=\"og:image\" content=\"http:\/\/www.lospoliticosveracruz.com.mx\/wp-content\/uploads\/2021\/09\/Varadero-576x1024.jpeg\" \/>\n<meta name=\"author\" content=\"Lo viste en Los Pol\u00edticos\" \/>\n<meta name=\"twitter:card\" content=\"summary_large_image\" \/>\n<meta name=\"twitter:creator\" content=\"@LosPoliticosVer\" \/>\n<meta name=\"twitter:site\" content=\"@LosPoliticosVer\" \/>\n<meta name=\"twitter:label1\" content=\"Escrito por\" \/>\n\t<meta name=\"twitter:data1\" content=\"Lo viste en Los Pol\u00edticos\" \/>\n\t<meta name=\"twitter:label2\" content=\"Tiempo de lectura\" \/>\n\t<meta name=\"twitter:data2\" content=\"1 minuto\" \/>\n<script type=\"application\/ld+json\" class=\"yoast-schema-graph\">{\"@context\":\"https:\\\/\\\/schema.org\",\"@graph\":[{\"@type\":\"Article\",\"@id\":\"https:\\\/\\\/lospoliticosveracruz.com\\\/?p=79117#article\",\"isPartOf\":{\"@id\":\"https:\\\/\\\/lospoliticosveracruz.com\\\/?p=79117\"},\"author\":{\"name\":\"Lo viste en Los Pol\u00edticos\",\"@id\":\"https:\\\/\\\/lospoliticosveracruz.com\\\/#\\\/schema\\\/person\\\/b8702bb0e538456e6efd07080bf2a4a2\"},\"headline\":\"CCE pone 6 toneladas de ayuda\",\"datePublished\":\"2021-09-07T18:24:07+00:00\",\"dateModified\":\"2021-09-07T18:24:10+00:00\",\"mainEntityOfPage\":{\"@id\":\"https:\\\/\\\/lospoliticosveracruz.com\\\/?p=79117\"},\"wordCount\":294,\"publisher\":{\"@id\":\"https:\\\/\\\/lospoliticosveracruz.com\\\/#organization\"},\"image\":{\"@id\":\"https:\\\/\\\/lospoliticosveracruz.com\\\/?p=79117#primaryimage\"},\"thumbnailUrl\":\"http:\\\/\\\/www.lospoliticosveracruz.com.mx\\\/wp-content\\\/uploads\\\/2021\\\/09\\\/Varadero-576x1024.jpeg\",\"keywords\":[\"Canacar\",\"CCE de Xalapa\",\"CCE Veracruz- Boca del R\u00edo\",\"Coatzacoalcos\",\"damnificados\",\"hurac\u00e1n \u2018Grace\u2019\",\"Luis Antonio Exsome Zapata\",\"Veracruz\"],\"articleSection\":[\"De Boleto\"],\"inLanguage\":\"es\"},{\"@type\":\"WebPage\",\"@id\":\"https:\\\/\\\/lospoliticosveracruz.com\\\/?p=79117\",\"url\":\"https:\\\/\\\/lospoliticosveracruz.com\\\/?p=79117\",\"name\":\"CCE pone 6 toneladas de ayuda - Los pol\u00edticos Veracruz\",\"isPartOf\":{\"@id\":\"https:\\\/\\\/lospoliticosveracruz.com\\\/#website\"},\"primaryImageOfPage\":{\"@id\":\"https:\\\/\\\/lospoliticosveracruz.com\\\/?p=79117#primaryimage\"},\"image\":{\"@id\":\"https:\\\/\\\/lospoliticosveracruz.com\\\/?p=79117#primaryimage\"},\"thumbnailUrl\":\"http:\\\/\\\/www.lospoliticosveracruz.com.mx\\\/wp-content\\\/uploads\\\/2021\\\/09\\\/Varadero-576x1024.jpeg\",\"datePublished\":\"2021-09-07T18:24:07+00:00\",\"dateModified\":\"2021-09-07T18:24:10+00:00\",\"breadcrumb\":{\"@id\":\"https:\\\/\\\/lospoliticosveracruz.com\\\/?p=79117#breadcrumb\"},\"inLanguage\":\"es\",\"potentialAction\":[{\"@type\":\"ReadAction\",\"target\":[\"https:\\\/\\\/lospoliticosveracruz.com\\\/?p=79117\"]}]},{\"@type\":\"ImageObject\",\"inLanguage\":\"es\",\"@id\":\"https:\\\/\\\/lospoliticosveracruz.com\\\/?p=79117#primaryimage\",\"url\":\"http:\\\/\\\/www.lospoliticosveracruz.com.mx\\\/wp-content\\\/uploads\\\/2021\\\/09\\\/Varadero-576x1024.jpeg\",\"contentUrl\":\"http:\\\/\\\/www.lospoliticosveracruz.com.mx\\\/wp-content\\\/uploads\\\/2021\\\/09\\\/Varadero-576x1024.jpeg\"},{\"@type\":\"BreadcrumbList\",\"@id\":\"https:\\\/\\\/lospoliticosveracruz.com\\\/?p=79117#breadcrumb\",\"itemListElement\":[{\"@type\":\"ListItem\",\"position\":1,\"name\":\"Portada\",\"item\":\"https:\\\/\\\/lospoliticosveracruz.com\\\/\"},{\"@type\":\"ListItem\",\"position\":2,\"name\":\"CCE pone 6 toneladas de ayuda\"}]},{\"@type\":\"WebSite\",\"@id\":\"https:\\\/\\\/lospoliticosveracruz.com\\\/#website\",\"url\":\"https:\\\/\\\/lospoliticosveracruz.com\\\/\",\"name\":\"Los pol\u00edticos Veracruz\",\"description\":\"\",\"publisher\":{\"@id\":\"https:\\\/\\\/lospoliticosveracruz.com\\\/#organization\"},\"potentialAction\":[{\"@type\":\"SearchAction\",\"target\":{\"@type\":\"EntryPoint\",\"urlTemplate\":\"https:\\\/\\\/lospoliticosveracruz.com\\\/?s={search_term_string}\"},\"query-input\":{\"@type\":\"PropertyValueSpecification\",\"valueRequired\":true,\"valueName\":\"search_term_string\"}}],\"inLanguage\":\"es\"},{\"@type\":\"Organization\",\"@id\":\"https:\\\/\\\/lospoliticosveracruz.com\\\/#organization\",\"name\":\"Los pol\u00edticos Veracruz\",\"url\":\"https:\\\/\\\/lospoliticosveracruz.com\\\/\",\"logo\":{\"@type\":\"ImageObject\",\"inLanguage\":\"es\",\"@id\":\"https:\\\/\\\/lospoliticosveracruz.com\\\/#\\\/schema\\\/logo\\\/image\\\/\",\"url\":\"https:\\\/\\\/lospoliticosveracruz.com\\\/wp-content\\\/uploads\\\/2025\\\/12\\\/Logo-Nuevo-LOS-POLITICOS-1.jpg\",\"contentUrl\":\"https:\\\/\\\/lospoliticosveracruz.com\\\/wp-content\\\/uploads\\\/2025\\\/12\\\/Logo-Nuevo-LOS-POLITICOS-1.jpg\",\"width\":260,\"height\":70,\"caption\":\"Los pol\u00edticos Veracruz\"},\"image\":{\"@id\":\"https:\\\/\\\/lospoliticosveracruz.com\\\/#\\\/schema\\\/logo\\\/image\\\/\"},\"sameAs\":[\"https:\\\/\\\/www.facebook.com\\\/people\\\/Notimemes-de-los-Polticos\\\/61565672886568\\\/\",\"https:\\\/\\\/x.com\\\/LosPoliticosVer\"]},{\"@type\":\"Person\",\"@id\":\"https:\\\/\\\/lospoliticosveracruz.com\\\/#\\\/schema\\\/person\\\/b8702bb0e538456e6efd07080bf2a4a2\",\"name\":\"Lo viste en Los Pol\u00edticos\",\"image\":{\"@type\":\"ImageObject\",\"inLanguage\":\"es\",\"@id\":\"https:\\\/\\\/secure.gravatar.com\\\/avatar\\\/3a8de04a2656d44082be478bd6c086daa447c4651605818287b9532d3d0bd435?s=96&d=mm&r=g\",\"url\":\"https:\\\/\\\/secure.gravatar.com\\\/avatar\\\/3a8de04a2656d44082be478bd6c086daa447c4651605818287b9532d3d0bd435?s=96&d=mm&r=g\",\"contentUrl\":\"https:\\\/\\\/secure.gravatar.com\\\/avatar\\\/3a8de04a2656d44082be478bd6c086daa447c4651605818287b9532d3d0bd435?s=96&d=mm&r=g\",\"caption\":\"Lo viste en Los Pol\u00edticos\"},\"url\":\"https:\\\/\\\/lospoliticosveracruz.com\\\/?author=2\"}]}<\/script>\n<!-- \/ Yoast SEO plugin. -->","yoast_head_json":{"title":"CCE pone 6 toneladas de ayuda - Los pol\u00edticos Veracruz","robots":{"index":"index","follow":"follow","max-snippet":"max-snippet:-1","max-image-preview":"max-image-preview:large","max-video-preview":"max-video-preview:-1"},"canonical":"https:\/\/lospoliticosveracruz.com\/?p=79117","og_locale":"es_ES","og_type":"article","og_title":"CCE pone 6 toneladas de ayuda - Los pol\u00edticos Veracruz","og_description":"VeracruzSeis toneladas de v\u00edveres fueron acopiados por el Consejo Coordinador Empresarial en sus diferentes sedes en el estado de Veracruz con el fin de apoyar a los veracruzanos damnificados por el hurac\u00e1n \u2018Grace\u2019 en la zona norte, confirm\u00f3 el presidente del CCE Veracruz- Boca del R\u00edo A.C., Luis Antonio Exsome Zapata. Explic\u00f3 que con apoyo [&hellip;]","og_url":"https:\/\/lospoliticosveracruz.com\/?p=79117","og_site_name":"Los pol\u00edticos Veracruz","article_publisher":"https:\/\/www.facebook.com\/people\/Notimemes-de-los-Polticos\/61565672886568\/","article_published_time":"2021-09-07T18:24:07+00:00","article_modified_time":"2021-09-07T18:24:10+00:00","og_image":[{"url":"http:\/\/www.lospoliticosveracruz.com.mx\/wp-content\/uploads\/2021\/09\/Varadero-576x1024.jpeg","type":"","width":"","height":""}],"author":"Lo viste en Los Pol\u00edticos","twitter_card":"summary_large_image","twitter_creator":"@LosPoliticosVer","twitter_site":"@LosPoliticosVer","twitter_misc":{"Escrito por":"Lo viste en Los Pol\u00edticos","Tiempo de lectura":"1 minuto"},"schema":{"@context":"https:\/\/schema.org","@graph":[{"@type":"Article","@id":"https:\/\/lospoliticosveracruz.com\/?p=79117#article","isPartOf":{"@id":"https:\/\/lospoliticosveracruz.com\/?p=79117"},"author":{"name":"Lo viste en Los Pol\u00edticos","@id":"https:\/\/lospoliticosveracruz.com\/#\/schema\/person\/b8702bb0e538456e6efd07080bf2a4a2"},"headline":"CCE pone 6 toneladas de ayuda","datePublished":"2021-09-07T18:24:07+00:00","dateModified":"2021-09-07T18:24:10+00:00","mainEntityOfPage":{"@id":"https:\/\/lospoliticosveracruz.com\/?p=79117"},"wordCount":294,"publisher":{"@id":"https:\/\/lospoliticosveracruz.com\/#organization"},"image":{"@id":"https:\/\/lospoliticosveracruz.com\/?p=79117#primaryimage"},"thumbnailUrl":"http:\/\/www.lospoliticosveracruz.com.mx\/wp-content\/uploads\/2021\/09\/Varadero-576x1024.jpeg","keywords":["Canacar","CCE de Xalapa","CCE Veracruz- Boca del R\u00edo","Coatzacoalcos","damnificados","hurac\u00e1n \u2018Grace\u2019","Luis Antonio Exsome Zapata","Veracruz"],"articleSection":["De Boleto"],"inLanguage":"es"},{"@type":"WebPage","@id":"https:\/\/lospoliticosveracruz.com\/?p=79117","url":"https:\/\/lospoliticosveracruz.com\/?p=79117","name":"CCE pone 6 toneladas de ayuda - Los pol\u00edticos Veracruz","isPartOf":{"@id":"https:\/\/lospoliticosveracruz.com\/#website"},"primaryImageOfPage":{"@id":"https:\/\/lospoliticosveracruz.com\/?p=79117#primaryimage"},"image":{"@id":"https:\/\/lospoliticosveracruz.com\/?p=79117#primaryimage"},"thumbnailUrl":"http:\/\/www.lospoliticosveracruz.com.mx\/wp-content\/uploads\/2021\/09\/Varadero-576x1024.jpeg","datePublished":"2021-09-07T18:24:07+00:00","dateModified":"2021-09-07T18:24:10+00:00","breadcrumb":{"@id":"https:\/\/lospoliticosveracruz.com\/?p=79117#breadcrumb"},"inLanguage":"es","potentialAction":[{"@type":"ReadAction","target":["https:\/\/lospoliticosveracruz.com\/?p=79117"]}]},{"@type":"ImageObject","inLanguage":"es","@id":"https:\/\/lospoliticosveracruz.com\/?p=79117#primaryimage","url":"http:\/\/www.lospoliticosveracruz.com.mx\/wp-content\/uploads\/2021\/09\/Varadero-576x1024.jpeg","contentUrl":"http:\/\/www.lospoliticosveracruz.com.mx\/wp-content\/uploads\/2021\/09\/Varadero-576x1024.jpeg"},{"@type":"BreadcrumbList","@id":"https:\/\/lospoliticosveracruz.com\/?p=79117#breadcrumb","itemListElement":[{"@type":"ListItem","position":1,"name":"Portada","item":"https:\/\/lospoliticosveracruz.com\/"},{"@type":"ListItem","position":2,"name":"CCE pone 6 toneladas de ayuda"}]},{"@type":"WebSite","@id":"https:\/\/lospoliticosveracruz.com\/#website","url":"https:\/\/lospoliticosveracruz.com\/","name":"Los pol\u00edticos Veracruz","description":"","publisher":{"@id":"https:\/\/lospoliticosveracruz.com\/#organization"},"potentialAction":[{"@type":"SearchAction","target":{"@type":"EntryPoint","urlTemplate":"https:\/\/lospoliticosveracruz.com\/?s={search_term_string}"},"query-input":{"@type":"PropertyValueSpecification","valueRequired":true,"valueName":"search_term_string"}}],"inLanguage":"es"},{"@type":"Organization","@id":"https:\/\/lospoliticosveracruz.com\/#organization","name":"Los pol\u00edticos Veracruz","url":"https:\/\/lospoliticosveracruz.com\/","logo":{"@type":"ImageObject","inLanguage":"es","@id":"https:\/\/lospoliticosveracruz.com\/#\/schema\/logo\/image\/","url":"https:\/\/lospoliticosveracruz.com\/wp-content\/uploads\/2025\/12\/Logo-Nuevo-LOS-POLITICOS-1.jpg","contentUrl":"https:\/\/lospoliticosveracruz.com\/wp-content\/uploads\/2025\/12\/Logo-Nuevo-LOS-POLITICOS-1.jpg","width":260,"height":70,"caption":"Los pol\u00edticos Veracruz"},"image":{"@id":"https:\/\/lospoliticosveracruz.com\/#\/schema\/logo\/image\/"},"sameAs":["https:\/\/www.facebook.com\/people\/Notimemes-de-los-Polticos\/61565672886568\/","https:\/\/x.com\/LosPoliticosVer"]},{"@type":"Person","@id":"https:\/\/lospoliticosveracruz.com\/#\/schema\/person\/b8702bb0e538456e6efd07080bf2a4a2","name":"Lo viste en Los Pol\u00edticos","image":{"@type":"ImageObject","inLanguage":"es","@id":"https:\/\/secure.gravatar.com\/avatar\/3a8de04a2656d44082be478bd6c086daa447c4651605818287b9532d3d0bd435?s=96&d=mm&r=g","url":"https:\/\/secure.gravatar.com\/avatar\/3a8de04a2656d44082be478bd6c086daa447c4651605818287b9532d3d0bd435?s=96&d=mm&r=g","contentUrl":"https:\/\/secure.gravatar.com\/avatar\/3a8de04a2656d44082be478bd6c086daa447c4651605818287b9532d3d0bd435?s=96&d=mm&r=g","caption":"Lo viste en Los Pol\u00edticos"},"url":"https:\/\/lospoliticosveracruz.com\/?author=2"}]}},"_links":{"self":[{"href":"https:\/\/lospoliticosveracruz.com\/index.php?rest_route=\/wp\/v2\/posts\/79117","targetHints":{"allow":["GET"]}}],"collection":[{"href":"https:\/\/lospoliticosveracruz.com\/index.php?rest_route=\/wp\/v2\/posts"}],"about":[{"href":"https:\/\/lospoliticosveracruz.com\/index.php?rest_route=\/wp\/v2\/types\/post"}],"author":[{"embeddable":true,"href":"https:\/\/lospoliticosveracruz.com\/index.php?rest_route=\/wp\/v2\/users\/2"}],"replies":[{"embeddable":true,"href":"https:\/\/lospoliticosveracruz.com\/index.php?rest_route=%2Fwp%2Fv2%2Fcomments&post=79117"}],"version-history":[{"count":1,"href":"https:\/\/lospoliticosveracruz.com\/index.php?rest_route=\/wp\/v2\/posts\/79117\/revisions"}],"predecessor-version":[{"id":79119,"href":"https:\/\/lospoliticosveracruz.com\/index.php?rest_route=\/wp\/v2\/posts\/79117\/revisions\/79119"}],"wp:attachment":[{"href":"https:\/\/lospoliticosveracruz.com\/index.php?rest_route=%2Fwp%2Fv2%2Fmedia&parent=79117"}],"wp:term":[{"taxonomy":"category","embeddable":true,"href":"https:\/\/lospoliticosveracruz.com\/index.php?rest_route=%2Fwp%2Fv2%2Fcategories&post=79117"},{"taxonomy":"post_tag","embeddable":true,"href":"https:\/\/lospoliticosveracruz.com\/index.php?rest_route=%2Fwp%2Fv2%2Ftags&post=79117"}],"curies":[{"name":"wp","href":"https:\/\/api.w.org\/{rel}","templated":true}]}}