{"id":79164,"date":"2021-09-08T12:34:44","date_gmt":"2021-09-08T17:34:44","guid":{"rendered":"http:\/\/www.lospoliticosveracruz.com.mx\/?p=79164"},"modified":"2021-09-08T13:24:52","modified_gmt":"2021-09-08T18:24:52","slug":"fernandez-peredo-maestro-de-la-simulacion","status":"publish","type":"post","link":"https:\/\/lospoliticosveracruz.com\/?p=79164","title":{"rendered":"Fern\u00e1ndez Peredo, maestro de la simulaci\u00f3n"},"content":{"rendered":"\n<p><\/p>\n\n\n\n<p><strong>A la Bandeja de Entrada<br><\/strong><em>Coatepec<\/em><\/p>\n\n\n\n<p><em><br><\/em>El municipio de Coatepec se ha llenado nuevamente de vendedores ambulantes en el primer cuadro de la ciudad.<\/p>\n\n\n\n<p>En las \u00faltimas semanas se ha notado un acelerado incremento de comerciantes informales.<\/p>\n\n\n\n<p>Al hacer un recorrido por las principales calles de la ciudad es notoria su presencia, afuera y alrededor del mercado Hidalgo, en las banquetas y hasta en autom\u00f3viles hay gente que llega a vender diferentes productos.<\/p>\n\n\n\n<p>Pr\u00e1cticamente se han adue\u00f1ado de la zona; los ciudadanos, los visitantes, los turistas, ya ni siquiera puedan caminar libremente y se tienen que bajar al arroyo vehicular, lo que provoca que se expongan a que los atropellen.<\/p>\n\n\n\n<p>Mientras el Gobierno del Estado, a trav\u00e9s de la Secretar\u00eda de Turismo, financia un proyecto del Colegio de Veracruz para mantener a Coatepec como Pueblo M\u00e1gico, el presidente municipal Enrique Fern\u00e1ndez Peredo camina en direcci\u00f3n opuesta.<\/p>\n\n\n\n<p>Como se recordar\u00e1, hace unos d\u00edas se implement\u00f3 un esquema de capacitaci\u00f3n que busca optimizar las cadenas de valor en los seis pueblos m\u00e1gicos; para ello, la Academia puso a disposici\u00f3n de artesanos, prestadores de servicios, gu\u00edas y operadores de agencias asistencia en procesos como sensibilizaci\u00f3n del empresario, diagn\u00f3stico de fortalezas, preparaci\u00f3n de programas operativos, desarrollo y&nbsp;marketing&nbsp;de productos, manuales de organizaci\u00f3n y pol\u00edtica interna, aprovechando la oferta de destinos y las experiencias de viaje significativas.<\/p>\n\n\n\n<p>Desafortunadamente, la corta visi\u00f3n del actual presidente municipal coatepecano provoca que se afecte todo el esfuerzo que se realiza la administraci\u00f3n estatal y el proyecto se vaya por la borda.<\/p>\n\n\n\n<p>Cabe recordar que fue el mismo alcalde quien, para que no se perdiera la denominaci\u00f3n de Pueblo M\u00e1gico, mantuvo a raya a los ambulantes para evitar que se instalaran en la v\u00eda p\u00fablica, pero ahora, a cuatro meses de que concluya su administraci\u00f3n, se han colocado de nuevo con la total complacencia del Ayuntamiento que encabeza Fern\u00e1ndez Peredo. Es todo un maestro de la simulaci\u00f3n.<\/p>\n\n\n\n<p>El tema no es menor, por el contrario, va m\u00e1s all\u00e1. El rumor es que Everardo Soto Matla, frustrado candidato a diputado, es la mano que mece la cuna en el ambulantaje en Coatepec, favor que paga su ex\u2026 contralor Enrique Fern\u00e1ndez Peredo para desestabilizar al futuro gobierno de Morena.<\/p>\n\n\n\n<p>A Everardo Soto se le recuerda junto con su esposa, presidenta municipal de Cosautl\u00e1n, como la mano negra en el bloqueo de la carretera Coatepec-Cosautl\u00e1n a la altura de Zimpizahua.<\/p>\n\n\n\n<p>En las \u00faltimas semanas se ha notado un acelerado incremento de comerciantes informales.<\/p>\n\n\n\n<p>Al hacer un recorrido por las principales calles de la ciudad es notoria su presencia, afuera y alrededor del mercado Hidalgo, en las banquetas y hasta en autom\u00f3viles hay gente que llega a vender diferentes productos.<\/p>\n\n\n\n<p>Pr\u00e1cticamente se han adue\u00f1ado de la zona; los ciudadanos, los visitantes, los turistas, ya ni siquiera puedan caminar libremente y se tienen que bajar al arroyo vehicular, lo que provoca que se expongan a que los atropellen.<\/p>\n\n\n\n<p>Mientras el Gobierno del Estado, a trav\u00e9s de la Secretar\u00eda de Turismo, financia un proyecto del Colegio de Veracruz para mantener a Coatepec como Pueblo M\u00e1gico, el presidente municipal Enrique Fern\u00e1ndez Peredo camina en direcci\u00f3n opuesta.<\/p>\n\n\n\n<p>Como se recordar\u00e1, hace unos d\u00edas se implement\u00f3 un esquema de capacitaci\u00f3n que busca optimizar las cadenas de valor en los seis pueblos m\u00e1gicos; para ello, la Academia puso a disposici\u00f3n de artesanos, prestadores de servicios, gu\u00edas y operadores de agencias asistencia en procesos como sensibilizaci\u00f3n del empresario, diagn\u00f3stico de fortalezas, preparaci\u00f3n de programas operativos, desarrollo y&nbsp;marketing&nbsp;de productos, manuales de organizaci\u00f3n y pol\u00edtica interna, aprovechando la oferta de destinos y las experiencias de viaje significativas.<\/p>\n\n\n\n<p>Desafortunadamente, la corta visi\u00f3n del actual presidente municipal coatepecano provoca que se afecte todo el esfuerzo que se realiza la administraci\u00f3n estatal y el proyecto se vaya por la borda.<\/p>\n\n\n\n<p>Cabe recordar que fue el mismo alcalde quien, para que no se perdiera la denominaci\u00f3n de Pueblo M\u00e1gico, mantuvo a raya a los ambulantes para evitar que se instalaran en la v\u00eda p\u00fablica, pero ahora, a cuatro meses de que concluya su administraci\u00f3n, se han colocado de nuevo con la total complacencia del Ayuntamiento que encabeza Fern\u00e1ndez Peredo. Es todo un maestro de la simulaci\u00f3n.<\/p>\n\n\n\n<p>El tema no es menor, por el contrario, va m\u00e1s all\u00e1. El rumor es que Everardo Soto Matla, frustrado candidato a diputado, es la mano que mece la cuna en el ambulantaje en Coatepec, favor que paga su ex\u2026 contralor Enrique Fern\u00e1ndez Peredo para desestabilizar al futuro gobierno de Morena.<\/p>\n\n\n\n<p>A Everardo Soto se le recuerda junto con su esposa, presidenta municipal de Cosautl\u00e1n, como la mano negra en el bloqueo de la carretera Coatepec-Cosautl\u00e1n a la altura de Zimpizahua.<\/p>\n\n\n\n<p>Enrique Fern\u00e1ndez Peredo deber\u00eda de poner atenci\u00f3n en la entrega de su cuenta p\u00fablica y no jugar al agitador, ya que podr\u00eda volverse un hu\u00e9sped distinguido de Pacho Viejo.<\/p>\n\n\n\n<p>Caf\u00e9 bien caliente!<\/p>\n","protected":false},"excerpt":{"rendered":"<p>A la Bandeja de EntradaCoatepec El municipio de Coatepec se ha llenado nuevamente de vendedores ambulantes en el primer cuadro de la ciudad. En las \u00faltimas semanas se ha notado un acelerado incremento de comerciantes informales. Al hacer un recorrido por las principales calles de la ciudad es notoria su presencia, afuera y alrededor del [&hellip;]<\/p>\n","protected":false},"author":2,"featured_media":0,"comment_status":"closed","ping_status":"closed","sticky":false,"template":"","format":"standard","meta":{"tdm_status":"","tdm_grid_status":"","footnotes":""},"categories":[74],"tags":[277,14057,13635,11913,1815],"class_list":{"0":"post-79164","1":"post","2":"type-post","3":"status-publish","4":"format-standard","6":"category-lavadero","7":"tag-coatepec","8":"tag-colegio-de-veracruz","9":"tag-enrique-fernandez-peredo","10":"tag-mercado-hidalgo","11":"tag-secretaria-de-turismo"},"yoast_head":"<!-- This site is optimized with the Yoast SEO plugin v27.4 - https:\/\/yoast.com\/product\/yoast-seo-wordpress\/ -->\n<title>Fern\u00e1ndez Peredo, maestro de la simulaci\u00f3n - Los pol\u00edticos Veracruz<\/title>\n<meta name=\"robots\" content=\"index, follow, max-snippet:-1, max-image-preview:large, max-video-preview:-1\" \/>\n<link rel=\"canonical\" href=\"https:\/\/lospoliticosveracruz.com\/?p=79164\" \/>\n<meta property=\"og:locale\" content=\"es_ES\" \/>\n<meta property=\"og:type\" content=\"article\" \/>\n<meta property=\"og:title\" content=\"Fern\u00e1ndez Peredo, maestro de la simulaci\u00f3n - Los pol\u00edticos Veracruz\" \/>\n<meta property=\"og:description\" content=\"A la Bandeja de EntradaCoatepec El municipio de Coatepec se ha llenado nuevamente de vendedores ambulantes en el primer cuadro de la ciudad. En las \u00faltimas semanas se ha notado un acelerado incremento de comerciantes informales. Al hacer un recorrido por las principales calles de la ciudad es notoria su presencia, afuera y alrededor del [&hellip;]\" \/>\n<meta property=\"og:url\" content=\"https:\/\/lospoliticosveracruz.com\/?p=79164\" \/>\n<meta property=\"og:site_name\" content=\"Los pol\u00edticos Veracruz\" \/>\n<meta property=\"article:publisher\" content=\"https:\/\/www.facebook.com\/people\/Notimemes-de-los-Polticos\/61565672886568\/\" \/>\n<meta property=\"article:published_time\" content=\"2021-09-08T17:34:44+00:00\" \/>\n<meta property=\"article:modified_time\" content=\"2021-09-08T18:24:52+00:00\" \/>\n<meta property=\"og:image\" content=\"https:\/\/lospoliticosveracruz.com\/wp-content\/uploads\/2016\/07\/Logo-Dor.jpg\" \/>\n\t<meta property=\"og:image:width\" content=\"200\" \/>\n\t<meta property=\"og:image:height\" content=\"200\" \/>\n\t<meta property=\"og:image:type\" content=\"image\/jpeg\" \/>\n<meta name=\"author\" content=\"Lo viste en Los Pol\u00edticos\" \/>\n<meta name=\"twitter:card\" content=\"summary_large_image\" \/>\n<meta name=\"twitter:creator\" content=\"@LosPoliticosVer\" \/>\n<meta name=\"twitter:site\" content=\"@LosPoliticosVer\" \/>\n<meta name=\"twitter:label1\" content=\"Escrito por\" \/>\n\t<meta name=\"twitter:data1\" content=\"Lo viste en Los Pol\u00edticos\" \/>\n\t<meta name=\"twitter:label2\" content=\"Tiempo de lectura\" \/>\n\t<meta name=\"twitter:data2\" content=\"4 minutos\" \/>\n<script type=\"application\/ld+json\" class=\"yoast-schema-graph\">{\"@context\":\"https:\\\/\\\/schema.org\",\"@graph\":[{\"@type\":\"Article\",\"@id\":\"https:\\\/\\\/lospoliticosveracruz.com\\\/?p=79164#article\",\"isPartOf\":{\"@id\":\"https:\\\/\\\/lospoliticosveracruz.com\\\/?p=79164\"},\"author\":{\"name\":\"Lo viste en Los Pol\u00edticos\",\"@id\":\"https:\\\/\\\/lospoliticosveracruz.com\\\/#\\\/schema\\\/person\\\/b8702bb0e538456e6efd07080bf2a4a2\"},\"headline\":\"Fern\u00e1ndez Peredo, maestro de la simulaci\u00f3n\",\"datePublished\":\"2021-09-08T17:34:44+00:00\",\"dateModified\":\"2021-09-08T18:24:52+00:00\",\"mainEntityOfPage\":{\"@id\":\"https:\\\/\\\/lospoliticosveracruz.com\\\/?p=79164\"},\"wordCount\":884,\"publisher\":{\"@id\":\"https:\\\/\\\/lospoliticosveracruz.com\\\/#organization\"},\"keywords\":[\"Coatepec\",\"Colegio de Veracruz\",\"Enrique Fern\u00e1ndez Peredo\",\"mercado Hidalgo\",\"Secretar\u00eda de Turismo\"],\"articleSection\":[\"Lavadero\"],\"inLanguage\":\"es\"},{\"@type\":\"WebPage\",\"@id\":\"https:\\\/\\\/lospoliticosveracruz.com\\\/?p=79164\",\"url\":\"https:\\\/\\\/lospoliticosveracruz.com\\\/?p=79164\",\"name\":\"Fern\u00e1ndez Peredo, maestro de la simulaci\u00f3n - Los pol\u00edticos Veracruz\",\"isPartOf\":{\"@id\":\"https:\\\/\\\/lospoliticosveracruz.com\\\/#website\"},\"datePublished\":\"2021-09-08T17:34:44+00:00\",\"dateModified\":\"2021-09-08T18:24:52+00:00\",\"breadcrumb\":{\"@id\":\"https:\\\/\\\/lospoliticosveracruz.com\\\/?p=79164#breadcrumb\"},\"inLanguage\":\"es\",\"potentialAction\":[{\"@type\":\"ReadAction\",\"target\":[\"https:\\\/\\\/lospoliticosveracruz.com\\\/?p=79164\"]}]},{\"@type\":\"BreadcrumbList\",\"@id\":\"https:\\\/\\\/lospoliticosveracruz.com\\\/?p=79164#breadcrumb\",\"itemListElement\":[{\"@type\":\"ListItem\",\"position\":1,\"name\":\"Portada\",\"item\":\"https:\\\/\\\/lospoliticosveracruz.com\\\/\"},{\"@type\":\"ListItem\",\"position\":2,\"name\":\"Fern\u00e1ndez Peredo, maestro de la simulaci\u00f3n\"}]},{\"@type\":\"WebSite\",\"@id\":\"https:\\\/\\\/lospoliticosveracruz.com\\\/#website\",\"url\":\"https:\\\/\\\/lospoliticosveracruz.com\\\/\",\"name\":\"Los pol\u00edticos Veracruz\",\"description\":\"\",\"publisher\":{\"@id\":\"https:\\\/\\\/lospoliticosveracruz.com\\\/#organization\"},\"potentialAction\":[{\"@type\":\"SearchAction\",\"target\":{\"@type\":\"EntryPoint\",\"urlTemplate\":\"https:\\\/\\\/lospoliticosveracruz.com\\\/?s={search_term_string}\"},\"query-input\":{\"@type\":\"PropertyValueSpecification\",\"valueRequired\":true,\"valueName\":\"search_term_string\"}}],\"inLanguage\":\"es\"},{\"@type\":\"Organization\",\"@id\":\"https:\\\/\\\/lospoliticosveracruz.com\\\/#organization\",\"name\":\"Los pol\u00edticos Veracruz\",\"url\":\"https:\\\/\\\/lospoliticosveracruz.com\\\/\",\"logo\":{\"@type\":\"ImageObject\",\"inLanguage\":\"es\",\"@id\":\"https:\\\/\\\/lospoliticosveracruz.com\\\/#\\\/schema\\\/logo\\\/image\\\/\",\"url\":\"https:\\\/\\\/lospoliticosveracruz.com\\\/wp-content\\\/uploads\\\/2025\\\/12\\\/Logo-Nuevo-LOS-POLITICOS-1.jpg\",\"contentUrl\":\"https:\\\/\\\/lospoliticosveracruz.com\\\/wp-content\\\/uploads\\\/2025\\\/12\\\/Logo-Nuevo-LOS-POLITICOS-1.jpg\",\"width\":260,\"height\":70,\"caption\":\"Los pol\u00edticos Veracruz\"},\"image\":{\"@id\":\"https:\\\/\\\/lospoliticosveracruz.com\\\/#\\\/schema\\\/logo\\\/image\\\/\"},\"sameAs\":[\"https:\\\/\\\/www.facebook.com\\\/people\\\/Notimemes-de-los-Polticos\\\/61565672886568\\\/\",\"https:\\\/\\\/x.com\\\/LosPoliticosVer\"]},{\"@type\":\"Person\",\"@id\":\"https:\\\/\\\/lospoliticosveracruz.com\\\/#\\\/schema\\\/person\\\/b8702bb0e538456e6efd07080bf2a4a2\",\"name\":\"Lo viste en Los Pol\u00edticos\",\"image\":{\"@type\":\"ImageObject\",\"inLanguage\":\"es\",\"@id\":\"https:\\\/\\\/secure.gravatar.com\\\/avatar\\\/3a8de04a2656d44082be478bd6c086daa447c4651605818287b9532d3d0bd435?s=96&d=mm&r=g\",\"url\":\"https:\\\/\\\/secure.gravatar.com\\\/avatar\\\/3a8de04a2656d44082be478bd6c086daa447c4651605818287b9532d3d0bd435?s=96&d=mm&r=g\",\"contentUrl\":\"https:\\\/\\\/secure.gravatar.com\\\/avatar\\\/3a8de04a2656d44082be478bd6c086daa447c4651605818287b9532d3d0bd435?s=96&d=mm&r=g\",\"caption\":\"Lo viste en Los Pol\u00edticos\"},\"url\":\"https:\\\/\\\/lospoliticosveracruz.com\\\/?author=2\"}]}<\/script>\n<!-- \/ Yoast SEO plugin. -->","yoast_head_json":{"title":"Fern\u00e1ndez Peredo, maestro de la simulaci\u00f3n - Los pol\u00edticos Veracruz","robots":{"index":"index","follow":"follow","max-snippet":"max-snippet:-1","max-image-preview":"max-image-preview:large","max-video-preview":"max-video-preview:-1"},"canonical":"https:\/\/lospoliticosveracruz.com\/?p=79164","og_locale":"es_ES","og_type":"article","og_title":"Fern\u00e1ndez Peredo, maestro de la simulaci\u00f3n - Los pol\u00edticos Veracruz","og_description":"A la Bandeja de EntradaCoatepec El municipio de Coatepec se ha llenado nuevamente de vendedores ambulantes en el primer cuadro de la ciudad. En las \u00faltimas semanas se ha notado un acelerado incremento de comerciantes informales. Al hacer un recorrido por las principales calles de la ciudad es notoria su presencia, afuera y alrededor del [&hellip;]","og_url":"https:\/\/lospoliticosveracruz.com\/?p=79164","og_site_name":"Los pol\u00edticos Veracruz","article_publisher":"https:\/\/www.facebook.com\/people\/Notimemes-de-los-Polticos\/61565672886568\/","article_published_time":"2021-09-08T17:34:44+00:00","article_modified_time":"2021-09-08T18:24:52+00:00","og_image":[{"width":200,"height":200,"url":"https:\/\/lospoliticosveracruz.com\/wp-content\/uploads\/2016\/07\/Logo-Dor.jpg","type":"image\/jpeg"}],"author":"Lo viste en Los Pol\u00edticos","twitter_card":"summary_large_image","twitter_creator":"@LosPoliticosVer","twitter_site":"@LosPoliticosVer","twitter_misc":{"Escrito por":"Lo viste en Los Pol\u00edticos","Tiempo de lectura":"4 minutos"},"schema":{"@context":"https:\/\/schema.org","@graph":[{"@type":"Article","@id":"https:\/\/lospoliticosveracruz.com\/?p=79164#article","isPartOf":{"@id":"https:\/\/lospoliticosveracruz.com\/?p=79164"},"author":{"name":"Lo viste en Los Pol\u00edticos","@id":"https:\/\/lospoliticosveracruz.com\/#\/schema\/person\/b8702bb0e538456e6efd07080bf2a4a2"},"headline":"Fern\u00e1ndez Peredo, maestro de la simulaci\u00f3n","datePublished":"2021-09-08T17:34:44+00:00","dateModified":"2021-09-08T18:24:52+00:00","mainEntityOfPage":{"@id":"https:\/\/lospoliticosveracruz.com\/?p=79164"},"wordCount":884,"publisher":{"@id":"https:\/\/lospoliticosveracruz.com\/#organization"},"keywords":["Coatepec","Colegio de Veracruz","Enrique Fern\u00e1ndez Peredo","mercado Hidalgo","Secretar\u00eda de Turismo"],"articleSection":["Lavadero"],"inLanguage":"es"},{"@type":"WebPage","@id":"https:\/\/lospoliticosveracruz.com\/?p=79164","url":"https:\/\/lospoliticosveracruz.com\/?p=79164","name":"Fern\u00e1ndez Peredo, maestro de la simulaci\u00f3n - Los pol\u00edticos Veracruz","isPartOf":{"@id":"https:\/\/lospoliticosveracruz.com\/#website"},"datePublished":"2021-09-08T17:34:44+00:00","dateModified":"2021-09-08T18:24:52+00:00","breadcrumb":{"@id":"https:\/\/lospoliticosveracruz.com\/?p=79164#breadcrumb"},"inLanguage":"es","potentialAction":[{"@type":"ReadAction","target":["https:\/\/lospoliticosveracruz.com\/?p=79164"]}]},{"@type":"BreadcrumbList","@id":"https:\/\/lospoliticosveracruz.com\/?p=79164#breadcrumb","itemListElement":[{"@type":"ListItem","position":1,"name":"Portada","item":"https:\/\/lospoliticosveracruz.com\/"},{"@type":"ListItem","position":2,"name":"Fern\u00e1ndez Peredo, maestro de la simulaci\u00f3n"}]},{"@type":"WebSite","@id":"https:\/\/lospoliticosveracruz.com\/#website","url":"https:\/\/lospoliticosveracruz.com\/","name":"Los pol\u00edticos Veracruz","description":"","publisher":{"@id":"https:\/\/lospoliticosveracruz.com\/#organization"},"potentialAction":[{"@type":"SearchAction","target":{"@type":"EntryPoint","urlTemplate":"https:\/\/lospoliticosveracruz.com\/?s={search_term_string}"},"query-input":{"@type":"PropertyValueSpecification","valueRequired":true,"valueName":"search_term_string"}}],"inLanguage":"es"},{"@type":"Organization","@id":"https:\/\/lospoliticosveracruz.com\/#organization","name":"Los pol\u00edticos Veracruz","url":"https:\/\/lospoliticosveracruz.com\/","logo":{"@type":"ImageObject","inLanguage":"es","@id":"https:\/\/lospoliticosveracruz.com\/#\/schema\/logo\/image\/","url":"https:\/\/lospoliticosveracruz.com\/wp-content\/uploads\/2025\/12\/Logo-Nuevo-LOS-POLITICOS-1.jpg","contentUrl":"https:\/\/lospoliticosveracruz.com\/wp-content\/uploads\/2025\/12\/Logo-Nuevo-LOS-POLITICOS-1.jpg","width":260,"height":70,"caption":"Los pol\u00edticos Veracruz"},"image":{"@id":"https:\/\/lospoliticosveracruz.com\/#\/schema\/logo\/image\/"},"sameAs":["https:\/\/www.facebook.com\/people\/Notimemes-de-los-Polticos\/61565672886568\/","https:\/\/x.com\/LosPoliticosVer"]},{"@type":"Person","@id":"https:\/\/lospoliticosveracruz.com\/#\/schema\/person\/b8702bb0e538456e6efd07080bf2a4a2","name":"Lo viste en Los Pol\u00edticos","image":{"@type":"ImageObject","inLanguage":"es","@id":"https:\/\/secure.gravatar.com\/avatar\/3a8de04a2656d44082be478bd6c086daa447c4651605818287b9532d3d0bd435?s=96&d=mm&r=g","url":"https:\/\/secure.gravatar.com\/avatar\/3a8de04a2656d44082be478bd6c086daa447c4651605818287b9532d3d0bd435?s=96&d=mm&r=g","contentUrl":"https:\/\/secure.gravatar.com\/avatar\/3a8de04a2656d44082be478bd6c086daa447c4651605818287b9532d3d0bd435?s=96&d=mm&r=g","caption":"Lo viste en Los Pol\u00edticos"},"url":"https:\/\/lospoliticosveracruz.com\/?author=2"}]}},"_links":{"self":[{"href":"https:\/\/lospoliticosveracruz.com\/index.php?rest_route=\/wp\/v2\/posts\/79164","targetHints":{"allow":["GET"]}}],"collection":[{"href":"https:\/\/lospoliticosveracruz.com\/index.php?rest_route=\/wp\/v2\/posts"}],"about":[{"href":"https:\/\/lospoliticosveracruz.com\/index.php?rest_route=\/wp\/v2\/types\/post"}],"author":[{"embeddable":true,"href":"https:\/\/lospoliticosveracruz.com\/index.php?rest_route=\/wp\/v2\/users\/2"}],"replies":[{"embeddable":true,"href":"https:\/\/lospoliticosveracruz.com\/index.php?rest_route=%2Fwp%2Fv2%2Fcomments&post=79164"}],"version-history":[{"count":2,"href":"https:\/\/lospoliticosveracruz.com\/index.php?rest_route=\/wp\/v2\/posts\/79164\/revisions"}],"predecessor-version":[{"id":79181,"href":"https:\/\/lospoliticosveracruz.com\/index.php?rest_route=\/wp\/v2\/posts\/79164\/revisions\/79181"}],"wp:attachment":[{"href":"https:\/\/lospoliticosveracruz.com\/index.php?rest_route=%2Fwp%2Fv2%2Fmedia&parent=79164"}],"wp:term":[{"taxonomy":"category","embeddable":true,"href":"https:\/\/lospoliticosveracruz.com\/index.php?rest_route=%2Fwp%2Fv2%2Fcategories&post=79164"},{"taxonomy":"post_tag","embeddable":true,"href":"https:\/\/lospoliticosveracruz.com\/index.php?rest_route=%2Fwp%2Fv2%2Ftags&post=79164"}],"curies":[{"name":"wp","href":"https:\/\/api.w.org\/{rel}","templated":true}]}}