{"id":79178,"date":"2021-09-08T13:19:58","date_gmt":"2021-09-08T18:19:58","guid":{"rendered":"http:\/\/www.lospoliticosveracruz.com.mx\/?p=79178"},"modified":"2021-09-08T13:20:03","modified_gmt":"2021-09-08T18:20:03","slug":"la-importancia-del-jefe-de-prensa","status":"publish","type":"post","link":"https:\/\/lospoliticosveracruz.com\/?p=79178","title":{"rendered":"La importancia del Jefe de Prensa"},"content":{"rendered":"\n<p><\/p>\n\n\n\n<p><strong>Miguel Angel Cristiani Gonz\u00e1lez<br><\/strong><em>Bit\u00e1cora Pol\u00edtica<\/em><\/p>\n\n\n\n<p>La importancia que tiene para todos los pol\u00edticos, sin importar el partido bajo el cual se encuentren acobijados, el contar con un buen Jefe de Prensa o de Comunicaci\u00f3n Social como se les llama ahora, qued\u00f3 de manifiesto esta semana en dos casos que se dieron en el altiplano, el primero en el Senado de la Rep\u00fablica y el segundo en la C\u00e1mara de Diputados.<br>Hasta la semana pasada, el senador porte\u00f1o Julen Rementer\u00eda del Puerto, coordinador de la bancada del PAN en el Senado de la Rep\u00fablica, se perfilaba como el posible abanderado de ese partido en la elecci\u00f3n estatal para gobernador del estado, pero luego de haber firmado una carta con el espa\u00f1ol Santiago Abascal del partido radical de ultra derecha VOX, para detener el avance del comunismo en Latinoam\u00e9rica, los pocos votos que podr\u00eda haber acumulado se fueron por la alcantarilla y estuvo a punto de ser destituido como coordinador de los panistas.<br>Para tratar de justificar y pedir perd\u00f3n por la pifia pol\u00edtica, se asegur\u00f3 que Julen Rementer\u00eda del Puerto no sab\u00eda de lo que se trataba la reuni\u00f3n y que solamente hab\u00eda acudido a tomarse la foto en las instalaciones de la bancada panista con los espa\u00f1oles de VOX.<br>Como el hilo siempre se rompe por lo m\u00e1s delgado, en el VOX Gate, la culpa se la echaron al encargado de manejar las redes sociales, quien habr\u00eda sido el encargado de contactar y traer a los espa\u00f1oles a firmar la famosa carta.<br>Como que resulta un tanto incre\u00edble, que un operador de redes sociales, vaya a tener el poder para negociar e invitar a los representantes del partido espa\u00f1ol VOX para que vinieran a tomarse la foto con Julen Rementer\u00eda.<br>A poco el senador Julen Rementer\u00eda, no hab\u00eda o\u00eddo nunca hablar de VOX, a pesar de que por sus or\u00edgenes espa\u00f1oles seguramente que en m\u00e1s de una ocasi\u00f3n hab\u00eda viajado ya tambi\u00e9n a la Madre Patria.<br>Pero todo lo anterior sirve para evidenciar el alto costo que, para un pol\u00edtico, puede tener el tener dentro de su equipo de colaboradores, a un improvisado comunicador, sin experiencia y mucho menos capacidad para manejar no solo las redes sociales, sino construir una buena imagen pol\u00edtica.<br>Ahora que se han puesto de moda los famosos Youtuberos, que con un tel\u00e9fono celular suben a las redes sociales fotos y videos, como si con eso fueran a lograr una buena imagen de sus jefes.<br>Pero, en fin, cada quien, es due\u00f1o de su propio destino.<br>En contraste, en la C\u00e1mara de Diputados federal, este martes, rindi\u00f3 protesta como nuevo Coordinador de Comunicaci\u00f3n Social, el veracruzano -de Minatitl\u00e1n- Miguel Angel Luna Modesto, quien a partir de ahora ser\u00e1 el responsable de la comunicaci\u00f3n institucional del \u00f3rgano legislativo.<br>Miguel Angel Luna, como es ampliamente conocido en los medios veracruzanos, es un comunicador profesional, bien preparado, con una amplia experiencia y trayectoria en el manejo de la informaci\u00f3n institucional y en medios de comunicaci\u00f3n privados.<br>Desde el nivel municipal, como coordinador de comunicaci\u00f3n social en Coatzacoalcos, hasta nivel estatal, en el gobierno del estado.<br>Cuenta con estudios de postgrado en marketing pol\u00edtico y conoce muy bien las estrategias de comunicaci\u00f3n que se deben de seguir desde el gobierno.<br>Su designaci\u00f3n como Coordinador de Comunicaci\u00f3n Social del Congreso Federal fue bien recibida en su natal Veracruz, en donde ha cultivado relaciones con los medios y periodistas, a lo largo de m\u00e1s de 25 a\u00f1os de trayectoria profesional.<br>Luna Modesto fue propuesto por el tambi\u00e9n nuevo presidente de la Mesa Directiva, el diputado minatitleco Sergio Guti\u00e9rrez Luna y avalado por todos los Coordinadores de los diferentes Grupos Legislativos en la C\u00e1mara.<br>Seguramente que bajo la coordinaci\u00f3n de Miguel Angel Luna se habr\u00e1n de empezar a notar los cambios para bien, que se tendr\u00e1n que dar en esa importante oficina.<br>Por lo pronto, ya el mism\u00edsimo presidente de la rep\u00fablica, Andr\u00e9s Manuel L\u00f3pez Obrador ya ha comentado desde la conferencia ma\u00f1anera, que en el presidente de la Mesa Directiva en la C\u00e1mara de Diputados Sergio Guti\u00e9rrez Luna tiene MORENA un gran aliado, para todo lo que se avecina en el futuro pol\u00edtico nacional y l\u00f3gicamente que tambi\u00e9n en lo estatal.<br>Con esa menci\u00f3n presidencial, se prendieron tambi\u00e9n los reflectores de la pol\u00edtica, sobre el diputado federal minatitleco, que a partir de ahora, contar\u00e1 con un profesional de la comunicaci\u00f3n social, para todo lo que viene, en donde Sergio Guti\u00e9rrez Luna seguramente habr\u00e1 de ser protagonista.<\/p>\n","protected":false},"excerpt":{"rendered":"<p>Miguel Angel Cristiani Gonz\u00e1lezBit\u00e1cora Pol\u00edtica La importancia que tiene para todos los pol\u00edticos, sin importar el partido bajo el cual se encuentren acobijados, el contar con un buen Jefe de Prensa o de Comunicaci\u00f3n Social como se les llama ahora, qued\u00f3 de manifiesto esta semana en dos casos que se dieron en el altiplano, el [&hellip;]<\/p>\n","protected":false},"author":2,"featured_media":0,"comment_status":"closed","ping_status":"closed","sticky":false,"template":"","format":"standard","meta":{"tdm_status":"","tdm_grid_status":"","footnotes":""},"categories":[70],"tags":[1569,29917,30299,1312,1315,16147],"class_list":{"0":"post-79178","1":"post","2":"type-post","3":"status-publish","4":"format-standard","6":"category-de-opinion","7":"tag-julen-rementeria-del-puerto","8":"tag-miguel-angel-cristiani-gonzalez-2","9":"tag-miguel-angel-luna","10":"tag-periodistas","11":"tag-senado-de-la-republica","12":"tag-sergio-gutierrez-luna"},"yoast_head":"<!-- This site is optimized with the Yoast SEO plugin v27.4 - https:\/\/yoast.com\/product\/yoast-seo-wordpress\/ -->\n<title>La importancia del Jefe de Prensa - Los pol\u00edticos Veracruz<\/title>\n<meta name=\"robots\" content=\"index, follow, max-snippet:-1, max-image-preview:large, max-video-preview:-1\" \/>\n<link rel=\"canonical\" href=\"https:\/\/lospoliticosveracruz.com\/?p=79178\" \/>\n<meta property=\"og:locale\" content=\"es_ES\" \/>\n<meta property=\"og:type\" content=\"article\" \/>\n<meta property=\"og:title\" content=\"La importancia del Jefe de Prensa - Los pol\u00edticos Veracruz\" \/>\n<meta property=\"og:description\" content=\"Miguel Angel Cristiani Gonz\u00e1lezBit\u00e1cora Pol\u00edtica La importancia que tiene para todos los pol\u00edticos, sin importar el partido bajo el cual se encuentren acobijados, el contar con un buen Jefe de Prensa o de Comunicaci\u00f3n Social como se les llama ahora, qued\u00f3 de manifiesto esta semana en dos casos que se dieron en el altiplano, el [&hellip;]\" \/>\n<meta property=\"og:url\" content=\"https:\/\/lospoliticosveracruz.com\/?p=79178\" \/>\n<meta property=\"og:site_name\" content=\"Los pol\u00edticos Veracruz\" \/>\n<meta property=\"article:publisher\" content=\"https:\/\/www.facebook.com\/people\/Notimemes-de-los-Polticos\/61565672886568\/\" \/>\n<meta property=\"article:published_time\" content=\"2021-09-08T18:19:58+00:00\" \/>\n<meta property=\"article:modified_time\" content=\"2021-09-08T18:20:03+00:00\" \/>\n<meta property=\"og:image\" content=\"https:\/\/lospoliticosveracruz.com\/wp-content\/uploads\/2016\/07\/Logo-Dor.jpg\" \/>\n\t<meta property=\"og:image:width\" content=\"200\" \/>\n\t<meta property=\"og:image:height\" content=\"200\" \/>\n\t<meta property=\"og:image:type\" content=\"image\/jpeg\" \/>\n<meta name=\"author\" content=\"Lo viste en Los Pol\u00edticos\" \/>\n<meta name=\"twitter:card\" content=\"summary_large_image\" \/>\n<meta name=\"twitter:creator\" content=\"@LosPoliticosVer\" \/>\n<meta name=\"twitter:site\" content=\"@LosPoliticosVer\" \/>\n<meta name=\"twitter:label1\" content=\"Escrito por\" \/>\n\t<meta name=\"twitter:data1\" content=\"Lo viste en Los Pol\u00edticos\" \/>\n\t<meta name=\"twitter:label2\" content=\"Tiempo de lectura\" \/>\n\t<meta name=\"twitter:data2\" content=\"4 minutos\" \/>\n<script type=\"application\/ld+json\" class=\"yoast-schema-graph\">{\"@context\":\"https:\\\/\\\/schema.org\",\"@graph\":[{\"@type\":\"Article\",\"@id\":\"https:\\\/\\\/lospoliticosveracruz.com\\\/?p=79178#article\",\"isPartOf\":{\"@id\":\"https:\\\/\\\/lospoliticosveracruz.com\\\/?p=79178\"},\"author\":{\"name\":\"Lo viste en Los Pol\u00edticos\",\"@id\":\"https:\\\/\\\/lospoliticosveracruz.com\\\/#\\\/schema\\\/person\\\/b8702bb0e538456e6efd07080bf2a4a2\"},\"headline\":\"La importancia del Jefe de Prensa\",\"datePublished\":\"2021-09-08T18:19:58+00:00\",\"dateModified\":\"2021-09-08T18:20:03+00:00\",\"mainEntityOfPage\":{\"@id\":\"https:\\\/\\\/lospoliticosveracruz.com\\\/?p=79178\"},\"wordCount\":824,\"publisher\":{\"@id\":\"https:\\\/\\\/lospoliticosveracruz.com\\\/#organization\"},\"keywords\":[\"Julen Rementer\u00eda del Puerto\",\"Miguel Angel Cristiani Gonz\u00e1lez\",\"Miguel Angel Luna\",\"periodistas\",\"Senado de la Rep\u00fablica\",\"Sergio Guti\u00e9rrez Luna\"],\"articleSection\":[\"De Opini\u00f3n\"],\"inLanguage\":\"es\"},{\"@type\":\"WebPage\",\"@id\":\"https:\\\/\\\/lospoliticosveracruz.com\\\/?p=79178\",\"url\":\"https:\\\/\\\/lospoliticosveracruz.com\\\/?p=79178\",\"name\":\"La importancia del Jefe de Prensa - Los pol\u00edticos Veracruz\",\"isPartOf\":{\"@id\":\"https:\\\/\\\/lospoliticosveracruz.com\\\/#website\"},\"datePublished\":\"2021-09-08T18:19:58+00:00\",\"dateModified\":\"2021-09-08T18:20:03+00:00\",\"breadcrumb\":{\"@id\":\"https:\\\/\\\/lospoliticosveracruz.com\\\/?p=79178#breadcrumb\"},\"inLanguage\":\"es\",\"potentialAction\":[{\"@type\":\"ReadAction\",\"target\":[\"https:\\\/\\\/lospoliticosveracruz.com\\\/?p=79178\"]}]},{\"@type\":\"BreadcrumbList\",\"@id\":\"https:\\\/\\\/lospoliticosveracruz.com\\\/?p=79178#breadcrumb\",\"itemListElement\":[{\"@type\":\"ListItem\",\"position\":1,\"name\":\"Portada\",\"item\":\"https:\\\/\\\/lospoliticosveracruz.com\\\/\"},{\"@type\":\"ListItem\",\"position\":2,\"name\":\"La importancia del Jefe de Prensa\"}]},{\"@type\":\"WebSite\",\"@id\":\"https:\\\/\\\/lospoliticosveracruz.com\\\/#website\",\"url\":\"https:\\\/\\\/lospoliticosveracruz.com\\\/\",\"name\":\"Los pol\u00edticos Veracruz\",\"description\":\"\",\"publisher\":{\"@id\":\"https:\\\/\\\/lospoliticosveracruz.com\\\/#organization\"},\"potentialAction\":[{\"@type\":\"SearchAction\",\"target\":{\"@type\":\"EntryPoint\",\"urlTemplate\":\"https:\\\/\\\/lospoliticosveracruz.com\\\/?s={search_term_string}\"},\"query-input\":{\"@type\":\"PropertyValueSpecification\",\"valueRequired\":true,\"valueName\":\"search_term_string\"}}],\"inLanguage\":\"es\"},{\"@type\":\"Organization\",\"@id\":\"https:\\\/\\\/lospoliticosveracruz.com\\\/#organization\",\"name\":\"Los pol\u00edticos Veracruz\",\"url\":\"https:\\\/\\\/lospoliticosveracruz.com\\\/\",\"logo\":{\"@type\":\"ImageObject\",\"inLanguage\":\"es\",\"@id\":\"https:\\\/\\\/lospoliticosveracruz.com\\\/#\\\/schema\\\/logo\\\/image\\\/\",\"url\":\"https:\\\/\\\/lospoliticosveracruz.com\\\/wp-content\\\/uploads\\\/2025\\\/12\\\/Logo-Nuevo-LOS-POLITICOS-1.jpg\",\"contentUrl\":\"https:\\\/\\\/lospoliticosveracruz.com\\\/wp-content\\\/uploads\\\/2025\\\/12\\\/Logo-Nuevo-LOS-POLITICOS-1.jpg\",\"width\":260,\"height\":70,\"caption\":\"Los pol\u00edticos Veracruz\"},\"image\":{\"@id\":\"https:\\\/\\\/lospoliticosveracruz.com\\\/#\\\/schema\\\/logo\\\/image\\\/\"},\"sameAs\":[\"https:\\\/\\\/www.facebook.com\\\/people\\\/Notimemes-de-los-Polticos\\\/61565672886568\\\/\",\"https:\\\/\\\/x.com\\\/LosPoliticosVer\"]},{\"@type\":\"Person\",\"@id\":\"https:\\\/\\\/lospoliticosveracruz.com\\\/#\\\/schema\\\/person\\\/b8702bb0e538456e6efd07080bf2a4a2\",\"name\":\"Lo viste en Los Pol\u00edticos\",\"image\":{\"@type\":\"ImageObject\",\"inLanguage\":\"es\",\"@id\":\"https:\\\/\\\/secure.gravatar.com\\\/avatar\\\/3a8de04a2656d44082be478bd6c086daa447c4651605818287b9532d3d0bd435?s=96&d=mm&r=g\",\"url\":\"https:\\\/\\\/secure.gravatar.com\\\/avatar\\\/3a8de04a2656d44082be478bd6c086daa447c4651605818287b9532d3d0bd435?s=96&d=mm&r=g\",\"contentUrl\":\"https:\\\/\\\/secure.gravatar.com\\\/avatar\\\/3a8de04a2656d44082be478bd6c086daa447c4651605818287b9532d3d0bd435?s=96&d=mm&r=g\",\"caption\":\"Lo viste en Los Pol\u00edticos\"},\"url\":\"https:\\\/\\\/lospoliticosveracruz.com\\\/?author=2\"}]}<\/script>\n<!-- \/ Yoast SEO plugin. -->","yoast_head_json":{"title":"La importancia del Jefe de Prensa - Los pol\u00edticos Veracruz","robots":{"index":"index","follow":"follow","max-snippet":"max-snippet:-1","max-image-preview":"max-image-preview:large","max-video-preview":"max-video-preview:-1"},"canonical":"https:\/\/lospoliticosveracruz.com\/?p=79178","og_locale":"es_ES","og_type":"article","og_title":"La importancia del Jefe de Prensa - Los pol\u00edticos Veracruz","og_description":"Miguel Angel Cristiani Gonz\u00e1lezBit\u00e1cora Pol\u00edtica La importancia que tiene para todos los pol\u00edticos, sin importar el partido bajo el cual se encuentren acobijados, el contar con un buen Jefe de Prensa o de Comunicaci\u00f3n Social como se les llama ahora, qued\u00f3 de manifiesto esta semana en dos casos que se dieron en el altiplano, el [&hellip;]","og_url":"https:\/\/lospoliticosveracruz.com\/?p=79178","og_site_name":"Los pol\u00edticos Veracruz","article_publisher":"https:\/\/www.facebook.com\/people\/Notimemes-de-los-Polticos\/61565672886568\/","article_published_time":"2021-09-08T18:19:58+00:00","article_modified_time":"2021-09-08T18:20:03+00:00","og_image":[{"width":200,"height":200,"url":"https:\/\/lospoliticosveracruz.com\/wp-content\/uploads\/2016\/07\/Logo-Dor.jpg","type":"image\/jpeg"}],"author":"Lo viste en Los Pol\u00edticos","twitter_card":"summary_large_image","twitter_creator":"@LosPoliticosVer","twitter_site":"@LosPoliticosVer","twitter_misc":{"Escrito por":"Lo viste en Los Pol\u00edticos","Tiempo de lectura":"4 minutos"},"schema":{"@context":"https:\/\/schema.org","@graph":[{"@type":"Article","@id":"https:\/\/lospoliticosveracruz.com\/?p=79178#article","isPartOf":{"@id":"https:\/\/lospoliticosveracruz.com\/?p=79178"},"author":{"name":"Lo viste en Los Pol\u00edticos","@id":"https:\/\/lospoliticosveracruz.com\/#\/schema\/person\/b8702bb0e538456e6efd07080bf2a4a2"},"headline":"La importancia del Jefe de Prensa","datePublished":"2021-09-08T18:19:58+00:00","dateModified":"2021-09-08T18:20:03+00:00","mainEntityOfPage":{"@id":"https:\/\/lospoliticosveracruz.com\/?p=79178"},"wordCount":824,"publisher":{"@id":"https:\/\/lospoliticosveracruz.com\/#organization"},"keywords":["Julen Rementer\u00eda del Puerto","Miguel Angel Cristiani Gonz\u00e1lez","Miguel Angel Luna","periodistas","Senado de la Rep\u00fablica","Sergio Guti\u00e9rrez Luna"],"articleSection":["De Opini\u00f3n"],"inLanguage":"es"},{"@type":"WebPage","@id":"https:\/\/lospoliticosveracruz.com\/?p=79178","url":"https:\/\/lospoliticosveracruz.com\/?p=79178","name":"La importancia del Jefe de Prensa - Los pol\u00edticos Veracruz","isPartOf":{"@id":"https:\/\/lospoliticosveracruz.com\/#website"},"datePublished":"2021-09-08T18:19:58+00:00","dateModified":"2021-09-08T18:20:03+00:00","breadcrumb":{"@id":"https:\/\/lospoliticosveracruz.com\/?p=79178#breadcrumb"},"inLanguage":"es","potentialAction":[{"@type":"ReadAction","target":["https:\/\/lospoliticosveracruz.com\/?p=79178"]}]},{"@type":"BreadcrumbList","@id":"https:\/\/lospoliticosveracruz.com\/?p=79178#breadcrumb","itemListElement":[{"@type":"ListItem","position":1,"name":"Portada","item":"https:\/\/lospoliticosveracruz.com\/"},{"@type":"ListItem","position":2,"name":"La importancia del Jefe de Prensa"}]},{"@type":"WebSite","@id":"https:\/\/lospoliticosveracruz.com\/#website","url":"https:\/\/lospoliticosveracruz.com\/","name":"Los pol\u00edticos Veracruz","description":"","publisher":{"@id":"https:\/\/lospoliticosveracruz.com\/#organization"},"potentialAction":[{"@type":"SearchAction","target":{"@type":"EntryPoint","urlTemplate":"https:\/\/lospoliticosveracruz.com\/?s={search_term_string}"},"query-input":{"@type":"PropertyValueSpecification","valueRequired":true,"valueName":"search_term_string"}}],"inLanguage":"es"},{"@type":"Organization","@id":"https:\/\/lospoliticosveracruz.com\/#organization","name":"Los pol\u00edticos Veracruz","url":"https:\/\/lospoliticosveracruz.com\/","logo":{"@type":"ImageObject","inLanguage":"es","@id":"https:\/\/lospoliticosveracruz.com\/#\/schema\/logo\/image\/","url":"https:\/\/lospoliticosveracruz.com\/wp-content\/uploads\/2025\/12\/Logo-Nuevo-LOS-POLITICOS-1.jpg","contentUrl":"https:\/\/lospoliticosveracruz.com\/wp-content\/uploads\/2025\/12\/Logo-Nuevo-LOS-POLITICOS-1.jpg","width":260,"height":70,"caption":"Los pol\u00edticos Veracruz"},"image":{"@id":"https:\/\/lospoliticosveracruz.com\/#\/schema\/logo\/image\/"},"sameAs":["https:\/\/www.facebook.com\/people\/Notimemes-de-los-Polticos\/61565672886568\/","https:\/\/x.com\/LosPoliticosVer"]},{"@type":"Person","@id":"https:\/\/lospoliticosveracruz.com\/#\/schema\/person\/b8702bb0e538456e6efd07080bf2a4a2","name":"Lo viste en Los Pol\u00edticos","image":{"@type":"ImageObject","inLanguage":"es","@id":"https:\/\/secure.gravatar.com\/avatar\/3a8de04a2656d44082be478bd6c086daa447c4651605818287b9532d3d0bd435?s=96&d=mm&r=g","url":"https:\/\/secure.gravatar.com\/avatar\/3a8de04a2656d44082be478bd6c086daa447c4651605818287b9532d3d0bd435?s=96&d=mm&r=g","contentUrl":"https:\/\/secure.gravatar.com\/avatar\/3a8de04a2656d44082be478bd6c086daa447c4651605818287b9532d3d0bd435?s=96&d=mm&r=g","caption":"Lo viste en Los Pol\u00edticos"},"url":"https:\/\/lospoliticosveracruz.com\/?author=2"}]}},"_links":{"self":[{"href":"https:\/\/lospoliticosveracruz.com\/index.php?rest_route=\/wp\/v2\/posts\/79178","targetHints":{"allow":["GET"]}}],"collection":[{"href":"https:\/\/lospoliticosveracruz.com\/index.php?rest_route=\/wp\/v2\/posts"}],"about":[{"href":"https:\/\/lospoliticosveracruz.com\/index.php?rest_route=\/wp\/v2\/types\/post"}],"author":[{"embeddable":true,"href":"https:\/\/lospoliticosveracruz.com\/index.php?rest_route=\/wp\/v2\/users\/2"}],"replies":[{"embeddable":true,"href":"https:\/\/lospoliticosveracruz.com\/index.php?rest_route=%2Fwp%2Fv2%2Fcomments&post=79178"}],"version-history":[{"count":1,"href":"https:\/\/lospoliticosveracruz.com\/index.php?rest_route=\/wp\/v2\/posts\/79178\/revisions"}],"predecessor-version":[{"id":79180,"href":"https:\/\/lospoliticosveracruz.com\/index.php?rest_route=\/wp\/v2\/posts\/79178\/revisions\/79180"}],"wp:attachment":[{"href":"https:\/\/lospoliticosveracruz.com\/index.php?rest_route=%2Fwp%2Fv2%2Fmedia&parent=79178"}],"wp:term":[{"taxonomy":"category","embeddable":true,"href":"https:\/\/lospoliticosveracruz.com\/index.php?rest_route=%2Fwp%2Fv2%2Fcategories&post=79178"},{"taxonomy":"post_tag","embeddable":true,"href":"https:\/\/lospoliticosveracruz.com\/index.php?rest_route=%2Fwp%2Fv2%2Ftags&post=79178"}],"curies":[{"name":"wp","href":"https:\/\/api.w.org\/{rel}","templated":true}]}}