{"id":79189,"date":"2021-09-08T16:18:38","date_gmt":"2021-09-08T21:18:38","guid":{"rendered":"http:\/\/www.lospoliticosveracruz.com.mx\/?p=79189"},"modified":"2021-09-08T16:18:42","modified_gmt":"2021-09-08T21:18:42","slug":"el-31-de-octubre-todos-vacunados","status":"publish","type":"post","link":"https:\/\/lospoliticosveracruz.com\/?p=79189","title":{"rendered":"El 31 de octubre, todos vacunados"},"content":{"rendered":"\n<p><\/p>\n\n\n\n<p><\/p>\n\n\n\n<p><strong>Xalapa<\/strong><br>El delegado de los programas de Bienestar, Manuel Huerta Ladr\u00f3n de Guevara, inform\u00f3 que a partir de este mi\u00e9rcoles inicia un nuevo periodo de vacunaci\u00f3n contra el coronavirus y la meta es que todos los veracruzanos est\u00e9n vacunados a m\u00e1s tardar el 31 de octubre.<\/p>\n\n\n\n<div class=\"wp-block-image\"><figure class=\"alignleft size-large is-resized\"><a href=\"http:\/\/www.lospoliticosveracruz.com.mx\/wp-content\/uploads\/2021\/09\/Varadero.jpeg\"><img decoding=\"async\" src=\"http:\/\/www.lospoliticosveracruz.com.mx\/wp-content\/uploads\/2021\/09\/Varadero-576x1024.jpeg\" alt=\"\" class=\"wp-image-79072\" width=\"250\"\/><\/a><\/figure><\/div>\n\n\n\n<p><br>\u00abYa estar\u00edamos llegando a la etapa final y estamos cerrando en municipios todos los esquemas de vacunaci\u00f3n y el cierre total en Veracruz lo tendremos a m\u00e1s tardar el 31 de octubre todos vacunados\u00bb.<br>De ah\u00ed que en Orizaba estar\u00e1n los m\u00f3dulos del 10 al 11 de septiembre; C\u00f3rdoba del 10 al 13.<br>En Mart\u00ednez de la Torre del 13 al 16 y en Tuxpan del 15 al 18 de septiembre en poblaci\u00f3n de 18 a 29 a\u00f1os, pero abierta remisos.<br>En segunda dosis, en poblaci\u00f3n de 40 a 49 a\u00f1os de edad \u00abempezamos lo que traemos de arrastre en Agua Dulce y Tuxpan, que es el 8 se septiembre\u00bb.<br>En Chumatl\u00e1n, Coxquihui, Coyutla, Filomeno Mata, Mecatl\u00e1n, Zozocolco, Camar\u00f3n de Tejeda, Carrillo Puerto, Chocam\u00e1n, Cuetzalan, en muchos m\u00e1s municipios a partir del 9 de septiembre de 30 a 29 a\u00f1os .<br>En ese mismo d\u00eda, pero para el sector de 40 a 49 a\u00f1os en Xochiapa, Zentla, Acultzingo, Acatzinga, Atlahuilco, Huilapan, Ixhuatlancillo, Acula, Amatitl\u00e1n, Carlos A.Carrillo, Colipa, Ixhuatl\u00e1n del Sureste, Moloac\u00e1n, Ixhuatl\u00e1n de los Reyes, Atoyac, Hueyapan de Ocampo, El Higo, Guti\u00e9rrez Zamora, San Rafael y Nautla.<br>El 10 de septiembre en Chontla, Citlaltelpetl, Huayacocotla, Ilamatl\u00e1n, Texcatepec, Coahuitl\u00e1n, Chacaltianguis, Tepetzintla, Chinampa de Gorostiza, Camerino Z.Mendoza, Ixtaczoquitl\u00e1n, Las Choapas, Catemaco, Naranjos, Cosamaloapan y C\u00f3rdoba.<\/p>\n","protected":false},"excerpt":{"rendered":"<p>XalapaEl delegado de los programas de Bienestar, Manuel Huerta Ladr\u00f3n de Guevara, inform\u00f3 que a partir de este mi\u00e9rcoles inicia un nuevo periodo de vacunaci\u00f3n contra el coronavirus y la meta es que todos los veracruzanos est\u00e9n vacunados a m\u00e1s tardar el 31 de octubre. \u00abYa estar\u00edamos llegando a la etapa final y estamos cerrando [&hellip;]<\/p>\n","protected":false},"author":2,"featured_media":0,"comment_status":"closed","ping_status":"closed","sticky":false,"template":"","format":"standard","meta":{"tdm_status":"","tdm_grid_status":"","footnotes":""},"categories":[73],"tags":[17020,16264,1850,19347,195],"class_list":{"0":"post-79189","1":"post","2":"type-post","3":"status-publish","4":"format-standard","6":"category-de-boleto","7":"tag-bienestar","8":"tag-coronavirus","9":"tag-manuel-huerta-ladron-de-guevara","10":"tag-vacunacion","11":"tag-veracruz"},"yoast_head":"<!-- This site is optimized with the Yoast SEO plugin v27.4 - https:\/\/yoast.com\/product\/yoast-seo-wordpress\/ -->\n<title>El 31 de octubre, todos vacunados - Los pol\u00edticos Veracruz<\/title>\n<meta name=\"robots\" content=\"index, follow, max-snippet:-1, max-image-preview:large, max-video-preview:-1\" \/>\n<link rel=\"canonical\" href=\"https:\/\/lospoliticosveracruz.com\/?p=79189\" \/>\n<meta property=\"og:locale\" content=\"es_ES\" \/>\n<meta property=\"og:type\" content=\"article\" \/>\n<meta property=\"og:title\" content=\"El 31 de octubre, todos vacunados - Los pol\u00edticos Veracruz\" \/>\n<meta property=\"og:description\" content=\"XalapaEl delegado de los programas de Bienestar, Manuel Huerta Ladr\u00f3n de Guevara, inform\u00f3 que a partir de este mi\u00e9rcoles inicia un nuevo periodo de vacunaci\u00f3n contra el coronavirus y la meta es que todos los veracruzanos est\u00e9n vacunados a m\u00e1s tardar el 31 de octubre. \u00abYa estar\u00edamos llegando a la etapa final y estamos cerrando [&hellip;]\" \/>\n<meta property=\"og:url\" content=\"https:\/\/lospoliticosveracruz.com\/?p=79189\" \/>\n<meta property=\"og:site_name\" content=\"Los pol\u00edticos Veracruz\" \/>\n<meta property=\"article:publisher\" content=\"https:\/\/www.facebook.com\/people\/Notimemes-de-los-Polticos\/61565672886568\/\" \/>\n<meta property=\"article:published_time\" content=\"2021-09-08T21:18:38+00:00\" \/>\n<meta property=\"article:modified_time\" content=\"2021-09-08T21:18:42+00:00\" \/>\n<meta property=\"og:image\" content=\"http:\/\/www.lospoliticosveracruz.com.mx\/wp-content\/uploads\/2021\/09\/Varadero-576x1024.jpeg\" \/>\n<meta name=\"author\" content=\"Lo viste en Los Pol\u00edticos\" \/>\n<meta name=\"twitter:card\" content=\"summary_large_image\" \/>\n<meta name=\"twitter:creator\" content=\"@LosPoliticosVer\" \/>\n<meta name=\"twitter:site\" content=\"@LosPoliticosVer\" \/>\n<meta name=\"twitter:label1\" content=\"Escrito por\" \/>\n\t<meta name=\"twitter:data1\" content=\"Lo viste en Los Pol\u00edticos\" \/>\n\t<meta name=\"twitter:label2\" content=\"Tiempo de lectura\" \/>\n\t<meta name=\"twitter:data2\" content=\"1 minuto\" \/>\n<script type=\"application\/ld+json\" class=\"yoast-schema-graph\">{\"@context\":\"https:\\\/\\\/schema.org\",\"@graph\":[{\"@type\":\"Article\",\"@id\":\"https:\\\/\\\/lospoliticosveracruz.com\\\/?p=79189#article\",\"isPartOf\":{\"@id\":\"https:\\\/\\\/lospoliticosveracruz.com\\\/?p=79189\"},\"author\":{\"name\":\"Lo viste en Los Pol\u00edticos\",\"@id\":\"https:\\\/\\\/lospoliticosveracruz.com\\\/#\\\/schema\\\/person\\\/b8702bb0e538456e6efd07080bf2a4a2\"},\"headline\":\"El 31 de octubre, todos vacunados\",\"datePublished\":\"2021-09-08T21:18:38+00:00\",\"dateModified\":\"2021-09-08T21:18:42+00:00\",\"mainEntityOfPage\":{\"@id\":\"https:\\\/\\\/lospoliticosveracruz.com\\\/?p=79189\"},\"wordCount\":277,\"publisher\":{\"@id\":\"https:\\\/\\\/lospoliticosveracruz.com\\\/#organization\"},\"image\":{\"@id\":\"https:\\\/\\\/lospoliticosveracruz.com\\\/?p=79189#primaryimage\"},\"thumbnailUrl\":\"http:\\\/\\\/www.lospoliticosveracruz.com.mx\\\/wp-content\\\/uploads\\\/2021\\\/09\\\/Varadero-576x1024.jpeg\",\"keywords\":[\"Bienestar\",\"coronavirus\",\"Manuel Huerta Ladr\u00f3n de Guevara\",\"Vacunaci\u00f3n\",\"Veracruz\"],\"articleSection\":[\"De Boleto\"],\"inLanguage\":\"es\"},{\"@type\":\"WebPage\",\"@id\":\"https:\\\/\\\/lospoliticosveracruz.com\\\/?p=79189\",\"url\":\"https:\\\/\\\/lospoliticosveracruz.com\\\/?p=79189\",\"name\":\"El 31 de octubre, todos vacunados - Los pol\u00edticos Veracruz\",\"isPartOf\":{\"@id\":\"https:\\\/\\\/lospoliticosveracruz.com\\\/#website\"},\"primaryImageOfPage\":{\"@id\":\"https:\\\/\\\/lospoliticosveracruz.com\\\/?p=79189#primaryimage\"},\"image\":{\"@id\":\"https:\\\/\\\/lospoliticosveracruz.com\\\/?p=79189#primaryimage\"},\"thumbnailUrl\":\"http:\\\/\\\/www.lospoliticosveracruz.com.mx\\\/wp-content\\\/uploads\\\/2021\\\/09\\\/Varadero-576x1024.jpeg\",\"datePublished\":\"2021-09-08T21:18:38+00:00\",\"dateModified\":\"2021-09-08T21:18:42+00:00\",\"breadcrumb\":{\"@id\":\"https:\\\/\\\/lospoliticosveracruz.com\\\/?p=79189#breadcrumb\"},\"inLanguage\":\"es\",\"potentialAction\":[{\"@type\":\"ReadAction\",\"target\":[\"https:\\\/\\\/lospoliticosveracruz.com\\\/?p=79189\"]}]},{\"@type\":\"ImageObject\",\"inLanguage\":\"es\",\"@id\":\"https:\\\/\\\/lospoliticosveracruz.com\\\/?p=79189#primaryimage\",\"url\":\"http:\\\/\\\/www.lospoliticosveracruz.com.mx\\\/wp-content\\\/uploads\\\/2021\\\/09\\\/Varadero-576x1024.jpeg\",\"contentUrl\":\"http:\\\/\\\/www.lospoliticosveracruz.com.mx\\\/wp-content\\\/uploads\\\/2021\\\/09\\\/Varadero-576x1024.jpeg\"},{\"@type\":\"BreadcrumbList\",\"@id\":\"https:\\\/\\\/lospoliticosveracruz.com\\\/?p=79189#breadcrumb\",\"itemListElement\":[{\"@type\":\"ListItem\",\"position\":1,\"name\":\"Portada\",\"item\":\"https:\\\/\\\/lospoliticosveracruz.com\\\/\"},{\"@type\":\"ListItem\",\"position\":2,\"name\":\"El 31 de octubre, todos vacunados\"}]},{\"@type\":\"WebSite\",\"@id\":\"https:\\\/\\\/lospoliticosveracruz.com\\\/#website\",\"url\":\"https:\\\/\\\/lospoliticosveracruz.com\\\/\",\"name\":\"Los pol\u00edticos Veracruz\",\"description\":\"\",\"publisher\":{\"@id\":\"https:\\\/\\\/lospoliticosveracruz.com\\\/#organization\"},\"potentialAction\":[{\"@type\":\"SearchAction\",\"target\":{\"@type\":\"EntryPoint\",\"urlTemplate\":\"https:\\\/\\\/lospoliticosveracruz.com\\\/?s={search_term_string}\"},\"query-input\":{\"@type\":\"PropertyValueSpecification\",\"valueRequired\":true,\"valueName\":\"search_term_string\"}}],\"inLanguage\":\"es\"},{\"@type\":\"Organization\",\"@id\":\"https:\\\/\\\/lospoliticosveracruz.com\\\/#organization\",\"name\":\"Los pol\u00edticos Veracruz\",\"url\":\"https:\\\/\\\/lospoliticosveracruz.com\\\/\",\"logo\":{\"@type\":\"ImageObject\",\"inLanguage\":\"es\",\"@id\":\"https:\\\/\\\/lospoliticosveracruz.com\\\/#\\\/schema\\\/logo\\\/image\\\/\",\"url\":\"https:\\\/\\\/lospoliticosveracruz.com\\\/wp-content\\\/uploads\\\/2025\\\/12\\\/Logo-Nuevo-LOS-POLITICOS-1.jpg\",\"contentUrl\":\"https:\\\/\\\/lospoliticosveracruz.com\\\/wp-content\\\/uploads\\\/2025\\\/12\\\/Logo-Nuevo-LOS-POLITICOS-1.jpg\",\"width\":260,\"height\":70,\"caption\":\"Los pol\u00edticos Veracruz\"},\"image\":{\"@id\":\"https:\\\/\\\/lospoliticosveracruz.com\\\/#\\\/schema\\\/logo\\\/image\\\/\"},\"sameAs\":[\"https:\\\/\\\/www.facebook.com\\\/people\\\/Notimemes-de-los-Polticos\\\/61565672886568\\\/\",\"https:\\\/\\\/x.com\\\/LosPoliticosVer\"]},{\"@type\":\"Person\",\"@id\":\"https:\\\/\\\/lospoliticosveracruz.com\\\/#\\\/schema\\\/person\\\/b8702bb0e538456e6efd07080bf2a4a2\",\"name\":\"Lo viste en Los Pol\u00edticos\",\"image\":{\"@type\":\"ImageObject\",\"inLanguage\":\"es\",\"@id\":\"https:\\\/\\\/secure.gravatar.com\\\/avatar\\\/3a8de04a2656d44082be478bd6c086daa447c4651605818287b9532d3d0bd435?s=96&d=mm&r=g\",\"url\":\"https:\\\/\\\/secure.gravatar.com\\\/avatar\\\/3a8de04a2656d44082be478bd6c086daa447c4651605818287b9532d3d0bd435?s=96&d=mm&r=g\",\"contentUrl\":\"https:\\\/\\\/secure.gravatar.com\\\/avatar\\\/3a8de04a2656d44082be478bd6c086daa447c4651605818287b9532d3d0bd435?s=96&d=mm&r=g\",\"caption\":\"Lo viste en Los Pol\u00edticos\"},\"url\":\"https:\\\/\\\/lospoliticosveracruz.com\\\/?author=2\"}]}<\/script>\n<!-- \/ Yoast SEO plugin. -->","yoast_head_json":{"title":"El 31 de octubre, todos vacunados - Los pol\u00edticos Veracruz","robots":{"index":"index","follow":"follow","max-snippet":"max-snippet:-1","max-image-preview":"max-image-preview:large","max-video-preview":"max-video-preview:-1"},"canonical":"https:\/\/lospoliticosveracruz.com\/?p=79189","og_locale":"es_ES","og_type":"article","og_title":"El 31 de octubre, todos vacunados - Los pol\u00edticos Veracruz","og_description":"XalapaEl delegado de los programas de Bienestar, Manuel Huerta Ladr\u00f3n de Guevara, inform\u00f3 que a partir de este mi\u00e9rcoles inicia un nuevo periodo de vacunaci\u00f3n contra el coronavirus y la meta es que todos los veracruzanos est\u00e9n vacunados a m\u00e1s tardar el 31 de octubre. \u00abYa estar\u00edamos llegando a la etapa final y estamos cerrando [&hellip;]","og_url":"https:\/\/lospoliticosveracruz.com\/?p=79189","og_site_name":"Los pol\u00edticos Veracruz","article_publisher":"https:\/\/www.facebook.com\/people\/Notimemes-de-los-Polticos\/61565672886568\/","article_published_time":"2021-09-08T21:18:38+00:00","article_modified_time":"2021-09-08T21:18:42+00:00","og_image":[{"url":"http:\/\/www.lospoliticosveracruz.com.mx\/wp-content\/uploads\/2021\/09\/Varadero-576x1024.jpeg","type":"","width":"","height":""}],"author":"Lo viste en Los Pol\u00edticos","twitter_card":"summary_large_image","twitter_creator":"@LosPoliticosVer","twitter_site":"@LosPoliticosVer","twitter_misc":{"Escrito por":"Lo viste en Los Pol\u00edticos","Tiempo de lectura":"1 minuto"},"schema":{"@context":"https:\/\/schema.org","@graph":[{"@type":"Article","@id":"https:\/\/lospoliticosveracruz.com\/?p=79189#article","isPartOf":{"@id":"https:\/\/lospoliticosveracruz.com\/?p=79189"},"author":{"name":"Lo viste en Los Pol\u00edticos","@id":"https:\/\/lospoliticosveracruz.com\/#\/schema\/person\/b8702bb0e538456e6efd07080bf2a4a2"},"headline":"El 31 de octubre, todos vacunados","datePublished":"2021-09-08T21:18:38+00:00","dateModified":"2021-09-08T21:18:42+00:00","mainEntityOfPage":{"@id":"https:\/\/lospoliticosveracruz.com\/?p=79189"},"wordCount":277,"publisher":{"@id":"https:\/\/lospoliticosveracruz.com\/#organization"},"image":{"@id":"https:\/\/lospoliticosveracruz.com\/?p=79189#primaryimage"},"thumbnailUrl":"http:\/\/www.lospoliticosveracruz.com.mx\/wp-content\/uploads\/2021\/09\/Varadero-576x1024.jpeg","keywords":["Bienestar","coronavirus","Manuel Huerta Ladr\u00f3n de Guevara","Vacunaci\u00f3n","Veracruz"],"articleSection":["De Boleto"],"inLanguage":"es"},{"@type":"WebPage","@id":"https:\/\/lospoliticosveracruz.com\/?p=79189","url":"https:\/\/lospoliticosveracruz.com\/?p=79189","name":"El 31 de octubre, todos vacunados - Los pol\u00edticos Veracruz","isPartOf":{"@id":"https:\/\/lospoliticosveracruz.com\/#website"},"primaryImageOfPage":{"@id":"https:\/\/lospoliticosveracruz.com\/?p=79189#primaryimage"},"image":{"@id":"https:\/\/lospoliticosveracruz.com\/?p=79189#primaryimage"},"thumbnailUrl":"http:\/\/www.lospoliticosveracruz.com.mx\/wp-content\/uploads\/2021\/09\/Varadero-576x1024.jpeg","datePublished":"2021-09-08T21:18:38+00:00","dateModified":"2021-09-08T21:18:42+00:00","breadcrumb":{"@id":"https:\/\/lospoliticosveracruz.com\/?p=79189#breadcrumb"},"inLanguage":"es","potentialAction":[{"@type":"ReadAction","target":["https:\/\/lospoliticosveracruz.com\/?p=79189"]}]},{"@type":"ImageObject","inLanguage":"es","@id":"https:\/\/lospoliticosveracruz.com\/?p=79189#primaryimage","url":"http:\/\/www.lospoliticosveracruz.com.mx\/wp-content\/uploads\/2021\/09\/Varadero-576x1024.jpeg","contentUrl":"http:\/\/www.lospoliticosveracruz.com.mx\/wp-content\/uploads\/2021\/09\/Varadero-576x1024.jpeg"},{"@type":"BreadcrumbList","@id":"https:\/\/lospoliticosveracruz.com\/?p=79189#breadcrumb","itemListElement":[{"@type":"ListItem","position":1,"name":"Portada","item":"https:\/\/lospoliticosveracruz.com\/"},{"@type":"ListItem","position":2,"name":"El 31 de octubre, todos vacunados"}]},{"@type":"WebSite","@id":"https:\/\/lospoliticosveracruz.com\/#website","url":"https:\/\/lospoliticosveracruz.com\/","name":"Los pol\u00edticos Veracruz","description":"","publisher":{"@id":"https:\/\/lospoliticosveracruz.com\/#organization"},"potentialAction":[{"@type":"SearchAction","target":{"@type":"EntryPoint","urlTemplate":"https:\/\/lospoliticosveracruz.com\/?s={search_term_string}"},"query-input":{"@type":"PropertyValueSpecification","valueRequired":true,"valueName":"search_term_string"}}],"inLanguage":"es"},{"@type":"Organization","@id":"https:\/\/lospoliticosveracruz.com\/#organization","name":"Los pol\u00edticos Veracruz","url":"https:\/\/lospoliticosveracruz.com\/","logo":{"@type":"ImageObject","inLanguage":"es","@id":"https:\/\/lospoliticosveracruz.com\/#\/schema\/logo\/image\/","url":"https:\/\/lospoliticosveracruz.com\/wp-content\/uploads\/2025\/12\/Logo-Nuevo-LOS-POLITICOS-1.jpg","contentUrl":"https:\/\/lospoliticosveracruz.com\/wp-content\/uploads\/2025\/12\/Logo-Nuevo-LOS-POLITICOS-1.jpg","width":260,"height":70,"caption":"Los pol\u00edticos Veracruz"},"image":{"@id":"https:\/\/lospoliticosveracruz.com\/#\/schema\/logo\/image\/"},"sameAs":["https:\/\/www.facebook.com\/people\/Notimemes-de-los-Polticos\/61565672886568\/","https:\/\/x.com\/LosPoliticosVer"]},{"@type":"Person","@id":"https:\/\/lospoliticosveracruz.com\/#\/schema\/person\/b8702bb0e538456e6efd07080bf2a4a2","name":"Lo viste en Los Pol\u00edticos","image":{"@type":"ImageObject","inLanguage":"es","@id":"https:\/\/secure.gravatar.com\/avatar\/3a8de04a2656d44082be478bd6c086daa447c4651605818287b9532d3d0bd435?s=96&d=mm&r=g","url":"https:\/\/secure.gravatar.com\/avatar\/3a8de04a2656d44082be478bd6c086daa447c4651605818287b9532d3d0bd435?s=96&d=mm&r=g","contentUrl":"https:\/\/secure.gravatar.com\/avatar\/3a8de04a2656d44082be478bd6c086daa447c4651605818287b9532d3d0bd435?s=96&d=mm&r=g","caption":"Lo viste en Los Pol\u00edticos"},"url":"https:\/\/lospoliticosveracruz.com\/?author=2"}]}},"_links":{"self":[{"href":"https:\/\/lospoliticosveracruz.com\/index.php?rest_route=\/wp\/v2\/posts\/79189","targetHints":{"allow":["GET"]}}],"collection":[{"href":"https:\/\/lospoliticosveracruz.com\/index.php?rest_route=\/wp\/v2\/posts"}],"about":[{"href":"https:\/\/lospoliticosveracruz.com\/index.php?rest_route=\/wp\/v2\/types\/post"}],"author":[{"embeddable":true,"href":"https:\/\/lospoliticosveracruz.com\/index.php?rest_route=\/wp\/v2\/users\/2"}],"replies":[{"embeddable":true,"href":"https:\/\/lospoliticosveracruz.com\/index.php?rest_route=%2Fwp%2Fv2%2Fcomments&post=79189"}],"version-history":[{"count":1,"href":"https:\/\/lospoliticosveracruz.com\/index.php?rest_route=\/wp\/v2\/posts\/79189\/revisions"}],"predecessor-version":[{"id":79190,"href":"https:\/\/lospoliticosveracruz.com\/index.php?rest_route=\/wp\/v2\/posts\/79189\/revisions\/79190"}],"wp:attachment":[{"href":"https:\/\/lospoliticosveracruz.com\/index.php?rest_route=%2Fwp%2Fv2%2Fmedia&parent=79189"}],"wp:term":[{"taxonomy":"category","embeddable":true,"href":"https:\/\/lospoliticosveracruz.com\/index.php?rest_route=%2Fwp%2Fv2%2Fcategories&post=79189"},{"taxonomy":"post_tag","embeddable":true,"href":"https:\/\/lospoliticosveracruz.com\/index.php?rest_route=%2Fwp%2Fv2%2Ftags&post=79189"}],"curies":[{"name":"wp","href":"https:\/\/api.w.org\/{rel}","templated":true}]}}