{"id":79241,"date":"2021-09-10T07:57:42","date_gmt":"2021-09-10T12:57:42","guid":{"rendered":"https:\/\/lospoliticosveracruz.com.mx\/?p=79241"},"modified":"2021-09-10T07:57:46","modified_gmt":"2021-09-10T12:57:46","slug":"confianza-en-su-adn","status":"publish","type":"post","link":"https:\/\/lospoliticosveracruz.com\/?p=79241","title":{"rendered":"Confianza en su ADN"},"content":{"rendered":"\n<p><strong>Ricardo Ch\u00faa<br><\/strong><em>Sale y Vale<\/em><\/p>\n\n\n\n<p>VERACRUZ, LA FAMILIA F\u00c9LIZ\u2026 Podr\u00e1 decir el gobernador, Cuitl\u00e1huac Garc\u00eda, que la reci\u00e9n nombrada secretaria del Trabajo, Dorheny Garc\u00eda Cayetano, no es su pariente y que investig\u00f3 hasta sus tatarabuelos\u2026 Pero lo mismo dijo del primo Eleazar Guerrero y sali\u00f3 que si, entonces, con los cambios del gabinete, pareciera que en MORENA se afianzan en un gobierno \u00abFAMILIAR\u00bb\u2026 Es esa visi\u00f3n \u00abPATROMONIALISTA\u00bb que tanto criticaron al PRI y PAN\u2026 Pero hacen lo mismo y con poder todos son iguales\u2026 LOS JUGADORES CAMBIAN, EL JUEGO NO\u2026<\/p>\n\n\n\n<div class=\"wp-block-image\"><figure class=\"alignleft size-large is-resized\"><a href=\"https:\/\/lospoliticosveracruz.com.mx\/wp-content\/uploads\/2021\/09\/Varadero.jpeg\"><img decoding=\"async\" src=\"https:\/\/lospoliticosveracruz.com.mx\/wp-content\/uploads\/2021\/09\/Varadero-576x1024.jpeg\" alt=\"\" class=\"wp-image-79072\" width=\"250\"\/><\/a><\/figure><\/div>\n\n\n\n<p>Al final de este cambio que se dio en el gabinete estatal, y que en este espacio lo anunciamos el pasado jueves, pero no esper\u00e1bamos que fuera Dorheny a quien incluyeran al gobierno del \u00abhermano\u00bb\u2026 En MORENA ratifican su forma de hacer pol\u00edtica\u2026 Los Morenos de Palacio de Gobierno, no conf\u00edan en nadie, no van a cumplir su palabra de sumar acuerdos\u2026 Ni tampoco van a sumar a gente o grupos pol\u00edticos que no sean de ellos\u2026 Por eso, cada d\u00eda se cierran m\u00e1s con sus propia gente aunque en los pasillos pol\u00edticos lo llamen \u00abMEDIO NEPOTISMO\u00bb\u2026.<\/p>\n\n\n\n<p>Esto deja claro que por la incapacidad de cumplir acuerdos y de hacer pol\u00edtica\u2026 Por ello, cada d\u00eda se cierran m\u00e1s y s\u00f3lo tienen confianza en su ADN por la desconfianza que tienen a otros actores pol\u00edticos para llevar a un gobierno en buen puerto en los \u00faltimos 3 a\u00f1os del mismo\u2026 Y como Cuitl\u00e1huac Garc\u00eda COPIA en todo al Presidente, Andr\u00e9s Manuel L\u00f3pez Obrador, con el tema de Dorheny, cumple con la ahora nueva forma de hacer \u00abpol\u00edtica p\u00fablica\u00bb: 90 por ciento lealtad y 10 por ciento capacidad\u2026 PUNTO\u2026<\/p>\n\n\n\n<p>Hasta pareciera slogan de centro comercial \u00abdonde la familia est\u00e1 de acuerdo\u00bb\u2026 Ya que ella del 2018 para ac\u00e1 en el gobierno de Cuitl\u00e1huac fue diputada federal plurinominal y ahora titular de la STYPS\u2026 La hermana directora Jur\u00eddica de la Secretar\u00eda de Seguridad P\u00fablica y desde hace meses Magistrada del Poder Judicial y el esposo es el titular de la Secretar\u00eda de Infraestructura y Obras P\u00fablicas, Elio Hern\u00e1ndez Guti\u00e9rrez\u2026 QUE BONITA FAMILIA. Y EL GOBERNADOR EST\u00c1 DE ACUERDO\u2026<\/p>\n\n\n\n<p>Adem\u00e1s al enterarse del cambio de titular de STYPS\u2026 El \u00abcirculo rojo\u00bb en Veracruz se\u00f1alaban que esta dependencia es de mucho di\u00e1logo y mucha concertaci\u00f3n, de acercamiento con la clase productiva del Estado\u2026 Es decir, su funci\u00f3n es conciliar y mediar con di\u00e1logo porque el secretario debe ser un conocedor de la problem\u00e1tica social, econ\u00f3mica y pol\u00edtica de la entidad\u2026 De la situaci\u00f3n actual y la falta de generaci\u00f3n de empleos\u2026 Y a Dorheny no se le conoce por estas aptitudes o por lo menos tener una visi\u00f3n obrero y patronal\u2026 ESE ES EL PROBLEMA\u2026<\/p>\n\n\n\n<p>Tambi\u00e9n dudan que tenga la idea de como facilitar la inversi\u00f3n\u2026 De como resolver o mediar alg\u00fan problema que pueda presentarse por alguna huelga de trabajadores\u2026 Se\u00f1alan que Dorheny no puede llevar la STyPS como llevar\u00eda a MORENA\u2026 Ah\u00ed se pueden dar hasta con tubo y no pasa nada.. Pero en una dependencia con tantos problemas generados por el desempleo debido a el COVID\u2026 Se duda de que pueda con este \u00abpaquete\u00bb\u2026 OJO y nada tiene que ver el tema de genero\u2026 Es la experiencia en el \u00e1mbito laboral, obrero y patronal\u2026<\/p>\n\n\n\n<p>Ya que mencionan que Dorheny sin ning\u00fan \u00abfogueo\u00bb en actividades obrero-patronales y con actitudes pol\u00edticas, al estilo MORENA, de que no acuerdan con nadie que no sea de sus grupos\u2026 A d\u00f3nde va a parar la dependencia\u2026 Qu\u00e9 har\u00e1 en una secretaria que tiene la representaci\u00f3n de la promoci\u00f3n del empleo, de tener los contactos de ubicar y de contar un atlas de las oportunidades de inversi\u00f3n que pueda tener Veracruz\u2026 Ojal\u00e1 Garc\u00eda Cayetano cumpla las expectativas y no sea s\u00f3lo 90 por ciento lealtad\u2026 Sino POBRE VERACRUZ\u2026 AMEN\u2026<\/p>\n\n\n\n<p>LA TRAICIONES DE BAHENA\u2026 Al secretario General del Congreso Local, el poderoso, Domingo Bahena Corbal\u00e1\u2026 Trabajadores y diputados de oposici\u00f3n y hasta del mismo MORENA, lo conocen como \u00abDomingo Va-Hiena\u00bb\u2026 Y los cuales, sin empachos se\u00f1alan que sumando a uno m\u00e1s de su la larga lista de traiciones, se le puede sumar ahora el diputado y presidente de la JUCOPO, Juan Javier G\u00f3mez Cazar\u00edn, al cual, el de J\u00e1ltipan lo abandona para sumarse al poderoso grupo de Palacio de Gobierno\u2026 Se acaba el poder y se acaba el amor\u2026<\/p>\n\n\n\n<p>Pero bien dice el dicho: \u00abNo tiene la culpa el indio, sino quien lo hace compadre\u00bb\u2026 Y eso es s\u00f3lo responsabilidad de Cazar\u00edn, que empodero a Bahena como un personaje que maneja la Legislatura del Estado a su antojo\u2026 Y esto porque todos aquellos que han hecho \u00abcompadres\u00bb a \u00abVa-Hiena\u00bb, es ya abultada la lista de nombres, a quienes les ha dado la \u00abespalda\u00bb en su oportunidad y de los primeros se puede mencionar al tambi\u00e9n diputado local del PAN, Enrique Cambranis, como tambi\u00e9n Tito Delf\u00edn o Rolando Andrade cuando Bahena era panista\u2026<\/p>\n\n\n\n<p>Estos personajes llevaron en su momento a \u00abVa-Hiena\u00bb con Joaqu\u00edn Guzm\u00e1n Avil\u00e9s\u2026 Y pasado el tiempo, tambi\u00e9n al \u00abChapito\u00bb lo hizo \u00abmorder el polvo\u00bb\u2026 Bahena famoso en el PAN por los problemas judiciales y demandas en las que estaba inmerso\u2026 Pero MORENA lo \u00abjala\u00bb cuando Bahena se congracia al \u00abromper\u00bb con el PAN porque supuestamente todo el PAN estaba favoreciendo a los Yunes Azules\u2026 Y por presentarse como \u00abAntiYunes\u00bb\u2026 Cuitl\u00e1huac y Cazar\u00edn lo \u00abjalar\u00f3n\u00bb\u2026 Ahora ya abandono a su suerte a este \u00faltimo porque ya no ser\u00e1 diputado\u2026<\/p>\n\n\n\n<p>Al ir escalando posiciones con MORENA\u2026 El error de Cuitl\u00e1huac fue mandarlo al Congreso Local, sin conocimiento de leyes y legislaci\u00f3n\u2026 Ha cometido los peores desaguisados legislativos que se tengan memoria en el recinto\u2026 Y con todos esos \u00abdesmanes\u00bb, Cazar\u00edn lo protegi\u00f3 de los ataques y se\u00f1alamientos de propios y extra\u00f1os\u2026 Era su hombre de confianza, su aliado, su \u00abbrother\u00bb\u2026 Pero la \u00abnaturaleza\u00bb de Bahena volvi\u00f3 a renacer y al verlo sin chance\u2026 Sus ojos se posaron en Palacio de Gobierno\u2026 Y ahora, de all\u00e1 es\u2026<\/p>\n\n\n\n<p>EN RESUMEN\u2026 Todas las pifias legislativas que ha cometido este Congreso Local, ha tenido que ver \u00abMingo\u00bb Bahena\u2026 Y que le han dado una REPUTACI\u00d3N verdaderamente triste y vergonzosa al recinto\u2026 S\u00f3lo basta recordar la Revocaci\u00f3n de Mandato cuando quisieron cubrir a Cuitl\u00e1huac y la famosa Ley Electoral que se cay\u00f3\u2026 Todo eso pas\u00f3 por las manos de \u00abVa.Hiena\u00bb\u2026. As\u00ed que no est\u00e1 ah\u00ed, por conocedor\u2026 Sino por saber abrirse y traicionar a tiempo para cambiar de \u00abbando\u00bb\u2026 Cazar\u00edn es uno m\u00e1s y Palacio de Gobierno lo sabe\u2026 AMEN\u2026<\/p>\n","protected":false},"excerpt":{"rendered":"<p>Ricardo Ch\u00faaSale y Vale VERACRUZ, LA FAMILIA F\u00c9LIZ\u2026 Podr\u00e1 decir el gobernador, Cuitl\u00e1huac Garc\u00eda, que la reci\u00e9n nombrada secretaria del Trabajo, Dorheny Garc\u00eda Cayetano, no es su pariente y que investig\u00f3 hasta sus tatarabuelos\u2026 Pero lo mismo dijo del primo Eleazar Guerrero y sali\u00f3 que si, entonces, con los cambios del gabinete, pareciera que en [&hellip;]<\/p>\n","protected":false},"author":2,"featured_media":0,"comment_status":"closed","ping_status":"closed","sticky":false,"template":"","format":"standard","meta":{"tdm_status":"","tdm_grid_status":"","footnotes":""},"categories":[70],"tags":[1681,13952,13640,14501,30313,1026,13604,19049],"class_list":{"0":"post-79241","1":"post","2":"type-post","3":"status-publish","4":"format-standard","6":"category-de-opinion","7":"tag-cuitlahuac-garcia","8":"tag-dorheny-garcia-cayetano","9":"tag-eleazar-guerrero","10":"tag-elio-hernandez-gutierrez","11":"tag-medio-nepotismo","12":"tag-morena","13":"tag-ricardo-chua","14":"tag-styps"},"yoast_head":"<!-- This site is optimized with the Yoast SEO plugin v27.4 - https:\/\/yoast.com\/product\/yoast-seo-wordpress\/ -->\n<title>Confianza en su ADN - Los pol\u00edticos Veracruz<\/title>\n<meta name=\"robots\" content=\"index, follow, max-snippet:-1, max-image-preview:large, max-video-preview:-1\" \/>\n<link rel=\"canonical\" href=\"https:\/\/lospoliticosveracruz.com\/?p=79241\" \/>\n<meta property=\"og:locale\" content=\"es_ES\" \/>\n<meta property=\"og:type\" content=\"article\" \/>\n<meta property=\"og:title\" content=\"Confianza en su ADN - Los pol\u00edticos Veracruz\" \/>\n<meta property=\"og:description\" content=\"Ricardo Ch\u00faaSale y Vale VERACRUZ, LA FAMILIA F\u00c9LIZ\u2026 Podr\u00e1 decir el gobernador, Cuitl\u00e1huac Garc\u00eda, que la reci\u00e9n nombrada secretaria del Trabajo, Dorheny Garc\u00eda Cayetano, no es su pariente y que investig\u00f3 hasta sus tatarabuelos\u2026 Pero lo mismo dijo del primo Eleazar Guerrero y sali\u00f3 que si, entonces, con los cambios del gabinete, pareciera que en [&hellip;]\" \/>\n<meta property=\"og:url\" content=\"https:\/\/lospoliticosveracruz.com\/?p=79241\" \/>\n<meta property=\"og:site_name\" content=\"Los pol\u00edticos Veracruz\" \/>\n<meta property=\"article:publisher\" content=\"https:\/\/www.facebook.com\/people\/Notimemes-de-los-Polticos\/61565672886568\/\" \/>\n<meta property=\"article:published_time\" content=\"2021-09-10T12:57:42+00:00\" \/>\n<meta property=\"article:modified_time\" content=\"2021-09-10T12:57:46+00:00\" \/>\n<meta property=\"og:image\" content=\"https:\/\/lospoliticosveracruz.com.mx\/wp-content\/uploads\/2021\/09\/Varadero-576x1024.jpeg\" \/>\n<meta name=\"author\" content=\"Lo viste en Los Pol\u00edticos\" \/>\n<meta name=\"twitter:card\" content=\"summary_large_image\" \/>\n<meta name=\"twitter:creator\" content=\"@LosPoliticosVer\" \/>\n<meta name=\"twitter:site\" content=\"@LosPoliticosVer\" \/>\n<meta name=\"twitter:label1\" content=\"Escrito por\" \/>\n\t<meta name=\"twitter:data1\" content=\"Lo viste en Los Pol\u00edticos\" \/>\n\t<meta name=\"twitter:label2\" content=\"Tiempo de lectura\" \/>\n\t<meta name=\"twitter:data2\" content=\"6 minutos\" \/>\n<script type=\"application\/ld+json\" class=\"yoast-schema-graph\">{\"@context\":\"https:\\\/\\\/schema.org\",\"@graph\":[{\"@type\":\"Article\",\"@id\":\"https:\\\/\\\/lospoliticosveracruz.com\\\/?p=79241#article\",\"isPartOf\":{\"@id\":\"https:\\\/\\\/lospoliticosveracruz.com\\\/?p=79241\"},\"author\":{\"name\":\"Lo viste en Los Pol\u00edticos\",\"@id\":\"https:\\\/\\\/lospoliticosveracruz.com\\\/#\\\/schema\\\/person\\\/b8702bb0e538456e6efd07080bf2a4a2\"},\"headline\":\"Confianza en su ADN\",\"datePublished\":\"2021-09-10T12:57:42+00:00\",\"dateModified\":\"2021-09-10T12:57:46+00:00\",\"mainEntityOfPage\":{\"@id\":\"https:\\\/\\\/lospoliticosveracruz.com\\\/?p=79241\"},\"wordCount\":1164,\"publisher\":{\"@id\":\"https:\\\/\\\/lospoliticosveracruz.com\\\/#organization\"},\"image\":{\"@id\":\"https:\\\/\\\/lospoliticosveracruz.com\\\/?p=79241#primaryimage\"},\"thumbnailUrl\":\"https:\\\/\\\/lospoliticosveracruz.com.mx\\\/wp-content\\\/uploads\\\/2021\\\/09\\\/Varadero-576x1024.jpeg\",\"keywords\":[\"Cuitl\u00e1huac Garc\u00eda\",\"Dorheny Garc\u00eda Cayetano\",\"Eleazar Guerrero\",\"Elio Hern\u00e1ndez Guti\u00e9rrez\",\"MEDIO NEPOTISMO\",\"Morena\",\"Ricardo Ch\u00faa\",\"STyPS\"],\"articleSection\":[\"De Opini\u00f3n\"],\"inLanguage\":\"es\"},{\"@type\":\"WebPage\",\"@id\":\"https:\\\/\\\/lospoliticosveracruz.com\\\/?p=79241\",\"url\":\"https:\\\/\\\/lospoliticosveracruz.com\\\/?p=79241\",\"name\":\"Confianza en su ADN - Los pol\u00edticos Veracruz\",\"isPartOf\":{\"@id\":\"https:\\\/\\\/lospoliticosveracruz.com\\\/#website\"},\"primaryImageOfPage\":{\"@id\":\"https:\\\/\\\/lospoliticosveracruz.com\\\/?p=79241#primaryimage\"},\"image\":{\"@id\":\"https:\\\/\\\/lospoliticosveracruz.com\\\/?p=79241#primaryimage\"},\"thumbnailUrl\":\"https:\\\/\\\/lospoliticosveracruz.com.mx\\\/wp-content\\\/uploads\\\/2021\\\/09\\\/Varadero-576x1024.jpeg\",\"datePublished\":\"2021-09-10T12:57:42+00:00\",\"dateModified\":\"2021-09-10T12:57:46+00:00\",\"breadcrumb\":{\"@id\":\"https:\\\/\\\/lospoliticosveracruz.com\\\/?p=79241#breadcrumb\"},\"inLanguage\":\"es\",\"potentialAction\":[{\"@type\":\"ReadAction\",\"target\":[\"https:\\\/\\\/lospoliticosveracruz.com\\\/?p=79241\"]}]},{\"@type\":\"ImageObject\",\"inLanguage\":\"es\",\"@id\":\"https:\\\/\\\/lospoliticosveracruz.com\\\/?p=79241#primaryimage\",\"url\":\"https:\\\/\\\/lospoliticosveracruz.com.mx\\\/wp-content\\\/uploads\\\/2021\\\/09\\\/Varadero-576x1024.jpeg\",\"contentUrl\":\"https:\\\/\\\/lospoliticosveracruz.com.mx\\\/wp-content\\\/uploads\\\/2021\\\/09\\\/Varadero-576x1024.jpeg\"},{\"@type\":\"BreadcrumbList\",\"@id\":\"https:\\\/\\\/lospoliticosveracruz.com\\\/?p=79241#breadcrumb\",\"itemListElement\":[{\"@type\":\"ListItem\",\"position\":1,\"name\":\"Portada\",\"item\":\"https:\\\/\\\/lospoliticosveracruz.com\\\/\"},{\"@type\":\"ListItem\",\"position\":2,\"name\":\"Confianza en su ADN\"}]},{\"@type\":\"WebSite\",\"@id\":\"https:\\\/\\\/lospoliticosveracruz.com\\\/#website\",\"url\":\"https:\\\/\\\/lospoliticosveracruz.com\\\/\",\"name\":\"Los pol\u00edticos Veracruz\",\"description\":\"\",\"publisher\":{\"@id\":\"https:\\\/\\\/lospoliticosveracruz.com\\\/#organization\"},\"potentialAction\":[{\"@type\":\"SearchAction\",\"target\":{\"@type\":\"EntryPoint\",\"urlTemplate\":\"https:\\\/\\\/lospoliticosveracruz.com\\\/?s={search_term_string}\"},\"query-input\":{\"@type\":\"PropertyValueSpecification\",\"valueRequired\":true,\"valueName\":\"search_term_string\"}}],\"inLanguage\":\"es\"},{\"@type\":\"Organization\",\"@id\":\"https:\\\/\\\/lospoliticosveracruz.com\\\/#organization\",\"name\":\"Los pol\u00edticos Veracruz\",\"url\":\"https:\\\/\\\/lospoliticosveracruz.com\\\/\",\"logo\":{\"@type\":\"ImageObject\",\"inLanguage\":\"es\",\"@id\":\"https:\\\/\\\/lospoliticosveracruz.com\\\/#\\\/schema\\\/logo\\\/image\\\/\",\"url\":\"https:\\\/\\\/lospoliticosveracruz.com\\\/wp-content\\\/uploads\\\/2025\\\/12\\\/Logo-Nuevo-LOS-POLITICOS-1.jpg\",\"contentUrl\":\"https:\\\/\\\/lospoliticosveracruz.com\\\/wp-content\\\/uploads\\\/2025\\\/12\\\/Logo-Nuevo-LOS-POLITICOS-1.jpg\",\"width\":260,\"height\":70,\"caption\":\"Los pol\u00edticos Veracruz\"},\"image\":{\"@id\":\"https:\\\/\\\/lospoliticosveracruz.com\\\/#\\\/schema\\\/logo\\\/image\\\/\"},\"sameAs\":[\"https:\\\/\\\/www.facebook.com\\\/people\\\/Notimemes-de-los-Polticos\\\/61565672886568\\\/\",\"https:\\\/\\\/x.com\\\/LosPoliticosVer\"]},{\"@type\":\"Person\",\"@id\":\"https:\\\/\\\/lospoliticosveracruz.com\\\/#\\\/schema\\\/person\\\/b8702bb0e538456e6efd07080bf2a4a2\",\"name\":\"Lo viste en Los Pol\u00edticos\",\"image\":{\"@type\":\"ImageObject\",\"inLanguage\":\"es\",\"@id\":\"https:\\\/\\\/secure.gravatar.com\\\/avatar\\\/3a8de04a2656d44082be478bd6c086daa447c4651605818287b9532d3d0bd435?s=96&d=mm&r=g\",\"url\":\"https:\\\/\\\/secure.gravatar.com\\\/avatar\\\/3a8de04a2656d44082be478bd6c086daa447c4651605818287b9532d3d0bd435?s=96&d=mm&r=g\",\"contentUrl\":\"https:\\\/\\\/secure.gravatar.com\\\/avatar\\\/3a8de04a2656d44082be478bd6c086daa447c4651605818287b9532d3d0bd435?s=96&d=mm&r=g\",\"caption\":\"Lo viste en Los Pol\u00edticos\"},\"url\":\"https:\\\/\\\/lospoliticosveracruz.com\\\/?author=2\"}]}<\/script>\n<!-- \/ Yoast SEO plugin. -->","yoast_head_json":{"title":"Confianza en su ADN - Los pol\u00edticos Veracruz","robots":{"index":"index","follow":"follow","max-snippet":"max-snippet:-1","max-image-preview":"max-image-preview:large","max-video-preview":"max-video-preview:-1"},"canonical":"https:\/\/lospoliticosveracruz.com\/?p=79241","og_locale":"es_ES","og_type":"article","og_title":"Confianza en su ADN - Los pol\u00edticos Veracruz","og_description":"Ricardo Ch\u00faaSale y Vale VERACRUZ, LA FAMILIA F\u00c9LIZ\u2026 Podr\u00e1 decir el gobernador, Cuitl\u00e1huac Garc\u00eda, que la reci\u00e9n nombrada secretaria del Trabajo, Dorheny Garc\u00eda Cayetano, no es su pariente y que investig\u00f3 hasta sus tatarabuelos\u2026 Pero lo mismo dijo del primo Eleazar Guerrero y sali\u00f3 que si, entonces, con los cambios del gabinete, pareciera que en [&hellip;]","og_url":"https:\/\/lospoliticosveracruz.com\/?p=79241","og_site_name":"Los pol\u00edticos Veracruz","article_publisher":"https:\/\/www.facebook.com\/people\/Notimemes-de-los-Polticos\/61565672886568\/","article_published_time":"2021-09-10T12:57:42+00:00","article_modified_time":"2021-09-10T12:57:46+00:00","og_image":[{"url":"https:\/\/lospoliticosveracruz.com.mx\/wp-content\/uploads\/2021\/09\/Varadero-576x1024.jpeg","type":"","width":"","height":""}],"author":"Lo viste en Los Pol\u00edticos","twitter_card":"summary_large_image","twitter_creator":"@LosPoliticosVer","twitter_site":"@LosPoliticosVer","twitter_misc":{"Escrito por":"Lo viste en Los Pol\u00edticos","Tiempo de lectura":"6 minutos"},"schema":{"@context":"https:\/\/schema.org","@graph":[{"@type":"Article","@id":"https:\/\/lospoliticosveracruz.com\/?p=79241#article","isPartOf":{"@id":"https:\/\/lospoliticosveracruz.com\/?p=79241"},"author":{"name":"Lo viste en Los Pol\u00edticos","@id":"https:\/\/lospoliticosveracruz.com\/#\/schema\/person\/b8702bb0e538456e6efd07080bf2a4a2"},"headline":"Confianza en su ADN","datePublished":"2021-09-10T12:57:42+00:00","dateModified":"2021-09-10T12:57:46+00:00","mainEntityOfPage":{"@id":"https:\/\/lospoliticosveracruz.com\/?p=79241"},"wordCount":1164,"publisher":{"@id":"https:\/\/lospoliticosveracruz.com\/#organization"},"image":{"@id":"https:\/\/lospoliticosveracruz.com\/?p=79241#primaryimage"},"thumbnailUrl":"https:\/\/lospoliticosveracruz.com.mx\/wp-content\/uploads\/2021\/09\/Varadero-576x1024.jpeg","keywords":["Cuitl\u00e1huac Garc\u00eda","Dorheny Garc\u00eda Cayetano","Eleazar Guerrero","Elio Hern\u00e1ndez Guti\u00e9rrez","MEDIO NEPOTISMO","Morena","Ricardo Ch\u00faa","STyPS"],"articleSection":["De Opini\u00f3n"],"inLanguage":"es"},{"@type":"WebPage","@id":"https:\/\/lospoliticosveracruz.com\/?p=79241","url":"https:\/\/lospoliticosveracruz.com\/?p=79241","name":"Confianza en su ADN - Los pol\u00edticos Veracruz","isPartOf":{"@id":"https:\/\/lospoliticosveracruz.com\/#website"},"primaryImageOfPage":{"@id":"https:\/\/lospoliticosveracruz.com\/?p=79241#primaryimage"},"image":{"@id":"https:\/\/lospoliticosveracruz.com\/?p=79241#primaryimage"},"thumbnailUrl":"https:\/\/lospoliticosveracruz.com.mx\/wp-content\/uploads\/2021\/09\/Varadero-576x1024.jpeg","datePublished":"2021-09-10T12:57:42+00:00","dateModified":"2021-09-10T12:57:46+00:00","breadcrumb":{"@id":"https:\/\/lospoliticosveracruz.com\/?p=79241#breadcrumb"},"inLanguage":"es","potentialAction":[{"@type":"ReadAction","target":["https:\/\/lospoliticosveracruz.com\/?p=79241"]}]},{"@type":"ImageObject","inLanguage":"es","@id":"https:\/\/lospoliticosveracruz.com\/?p=79241#primaryimage","url":"https:\/\/lospoliticosveracruz.com.mx\/wp-content\/uploads\/2021\/09\/Varadero-576x1024.jpeg","contentUrl":"https:\/\/lospoliticosveracruz.com.mx\/wp-content\/uploads\/2021\/09\/Varadero-576x1024.jpeg"},{"@type":"BreadcrumbList","@id":"https:\/\/lospoliticosveracruz.com\/?p=79241#breadcrumb","itemListElement":[{"@type":"ListItem","position":1,"name":"Portada","item":"https:\/\/lospoliticosveracruz.com\/"},{"@type":"ListItem","position":2,"name":"Confianza en su ADN"}]},{"@type":"WebSite","@id":"https:\/\/lospoliticosveracruz.com\/#website","url":"https:\/\/lospoliticosveracruz.com\/","name":"Los pol\u00edticos Veracruz","description":"","publisher":{"@id":"https:\/\/lospoliticosveracruz.com\/#organization"},"potentialAction":[{"@type":"SearchAction","target":{"@type":"EntryPoint","urlTemplate":"https:\/\/lospoliticosveracruz.com\/?s={search_term_string}"},"query-input":{"@type":"PropertyValueSpecification","valueRequired":true,"valueName":"search_term_string"}}],"inLanguage":"es"},{"@type":"Organization","@id":"https:\/\/lospoliticosveracruz.com\/#organization","name":"Los pol\u00edticos Veracruz","url":"https:\/\/lospoliticosveracruz.com\/","logo":{"@type":"ImageObject","inLanguage":"es","@id":"https:\/\/lospoliticosveracruz.com\/#\/schema\/logo\/image\/","url":"https:\/\/lospoliticosveracruz.com\/wp-content\/uploads\/2025\/12\/Logo-Nuevo-LOS-POLITICOS-1.jpg","contentUrl":"https:\/\/lospoliticosveracruz.com\/wp-content\/uploads\/2025\/12\/Logo-Nuevo-LOS-POLITICOS-1.jpg","width":260,"height":70,"caption":"Los pol\u00edticos Veracruz"},"image":{"@id":"https:\/\/lospoliticosveracruz.com\/#\/schema\/logo\/image\/"},"sameAs":["https:\/\/www.facebook.com\/people\/Notimemes-de-los-Polticos\/61565672886568\/","https:\/\/x.com\/LosPoliticosVer"]},{"@type":"Person","@id":"https:\/\/lospoliticosveracruz.com\/#\/schema\/person\/b8702bb0e538456e6efd07080bf2a4a2","name":"Lo viste en Los Pol\u00edticos","image":{"@type":"ImageObject","inLanguage":"es","@id":"https:\/\/secure.gravatar.com\/avatar\/3a8de04a2656d44082be478bd6c086daa447c4651605818287b9532d3d0bd435?s=96&d=mm&r=g","url":"https:\/\/secure.gravatar.com\/avatar\/3a8de04a2656d44082be478bd6c086daa447c4651605818287b9532d3d0bd435?s=96&d=mm&r=g","contentUrl":"https:\/\/secure.gravatar.com\/avatar\/3a8de04a2656d44082be478bd6c086daa447c4651605818287b9532d3d0bd435?s=96&d=mm&r=g","caption":"Lo viste en Los Pol\u00edticos"},"url":"https:\/\/lospoliticosveracruz.com\/?author=2"}]}},"_links":{"self":[{"href":"https:\/\/lospoliticosveracruz.com\/index.php?rest_route=\/wp\/v2\/posts\/79241","targetHints":{"allow":["GET"]}}],"collection":[{"href":"https:\/\/lospoliticosveracruz.com\/index.php?rest_route=\/wp\/v2\/posts"}],"about":[{"href":"https:\/\/lospoliticosveracruz.com\/index.php?rest_route=\/wp\/v2\/types\/post"}],"author":[{"embeddable":true,"href":"https:\/\/lospoliticosveracruz.com\/index.php?rest_route=\/wp\/v2\/users\/2"}],"replies":[{"embeddable":true,"href":"https:\/\/lospoliticosveracruz.com\/index.php?rest_route=%2Fwp%2Fv2%2Fcomments&post=79241"}],"version-history":[{"count":1,"href":"https:\/\/lospoliticosveracruz.com\/index.php?rest_route=\/wp\/v2\/posts\/79241\/revisions"}],"predecessor-version":[{"id":79243,"href":"https:\/\/lospoliticosveracruz.com\/index.php?rest_route=\/wp\/v2\/posts\/79241\/revisions\/79243"}],"wp:attachment":[{"href":"https:\/\/lospoliticosveracruz.com\/index.php?rest_route=%2Fwp%2Fv2%2Fmedia&parent=79241"}],"wp:term":[{"taxonomy":"category","embeddable":true,"href":"https:\/\/lospoliticosveracruz.com\/index.php?rest_route=%2Fwp%2Fv2%2Fcategories&post=79241"},{"taxonomy":"post_tag","embeddable":true,"href":"https:\/\/lospoliticosveracruz.com\/index.php?rest_route=%2Fwp%2Fv2%2Ftags&post=79241"}],"curies":[{"name":"wp","href":"https:\/\/api.w.org\/{rel}","templated":true}]}}