{"id":79244,"date":"2021-09-10T08:08:53","date_gmt":"2021-09-10T13:08:53","guid":{"rendered":"https:\/\/lospoliticosveracruz.com.mx\/?p=79244"},"modified":"2021-09-10T08:08:57","modified_gmt":"2021-09-10T13:08:57","slug":"poder-judicial-mas-atrocidades","status":"publish","type":"post","link":"https:\/\/lospoliticosveracruz.com\/?p=79244","title":{"rendered":"Poder Judicial, m\u00e1s atrocidades"},"content":{"rendered":"\n<p><strong>Miguel \u00c1ngel G\u00f3mez Ruiz<\/strong><\/p>\n\n\n\n<p><em>Contrapunto<br><\/em><\/p>\n\n\n\n<p>El Poder Judicial se llen\u00f3 de suciedad desde que la mal llamada 4\u00aa transformaci\u00f3n lleg\u00f3 a gobernar. Aunque se molesten los exquisitos o los tundeteclas que laboran para el sistema. No hay otra forma de decirlo.<\/p>\n\n\n\n<div class=\"wp-block-image\"><figure class=\"alignleft size-large is-resized\"><a href=\"https:\/\/lospoliticosveracruz.com.mx\/wp-content\/uploads\/2021\/09\/Varadero.jpeg\"><img decoding=\"async\" src=\"https:\/\/lospoliticosveracruz.com.mx\/wp-content\/uploads\/2021\/09\/Varadero-576x1024.jpeg\" alt=\"\" class=\"wp-image-79072\" width=\"250\"\/><\/a><\/figure><\/div>\n\n\n\n<p>Primero, el gobernador Cuitl\u00e1huac Garc\u00eda Jim\u00e9nez, que se entrometi\u00f3 en ese poder para hacer y deshacer. Logr\u00f3 sacar del Poder Judicial a Edel \u00c1lvarez Pe\u00f1a que bien podr\u00eda haber buscado un segundo per\u00edodo. A fin de no tener problemas, se hizo a un lado.<\/p>\n\n\n\n<p>Posteriormente, el mandatario logr\u00f3 colocar a Sof\u00eda Mart\u00ednez Huerta como presidente, una completa improvisada y que permaneci\u00f3 muchos a\u00f1os como secretaria de un juzgado municipal. Sin preparaci\u00f3n, sin una carrera judicial que garantizara que se conducir\u00eda con brillantez. No, a los pocos meses de magistrada incurri\u00f3 en actos de corrupci\u00f3n y fue inhabilitada y a\u00fan no ha quedado claro qu\u00e9 ocurri\u00f3 con los recursos que habr\u00eda desviado.<\/p>\n\n\n\n<p>Un grupo de magistrados, encabezados por Concepci\u00f3n Flores Saviaga destituyeron a Mart\u00ednez Huerta y tuvieron la mala fortuna o mala pata de elegir a una que estaba peor que la destituida. Se trat\u00f3 de Isabel In\u00e9s Romero Cruz, que fue una empleada mediocre por muchos a\u00f1os tanto en el tribunal como en el juzgado a donde fue enviada para evitar que fuera a la c\u00e1rcel.<\/p>\n\n\n\n<p>Sin grandes estudios, ni maestr\u00edas ni doctorados y ya estando pr\u00e1cticamente retirada, Romero Cruz se sac\u00f3 la loter\u00eda y fue convertida en presidente del Poder judicial. Con ella, se adhiri\u00f3 un extenso grupo de personas carentes de carrera judicial y adem\u00e1s, muchos empleados recomendados por el gobernador Cuitl\u00e1huac Garc\u00eda y su pariente, Eleazar Guerrero.<\/p>\n\n\n\n<p>Todos improvisados, comenzaron a hacer y deshacer en el Poder Judicial. Se gastaron el presupuesto 2021 en siete meses, han da\u00f1ado a la estructura del Poder Judicial y, adem\u00e1s, muchos empleados, sin merecerlo, tienen salarios elevados.<\/p>\n\n\n\n<p>Inclusive, grandes amigas del gobernador Cuitl\u00e1huac Garc\u00eda Jim\u00e9nez fueron convertidas en magistradas. La mayor parte, carentes de conocimientos. Entre ellas, Aileth Garc\u00eda Cayetano, que se frustr\u00f3 al no ser elegida fiscal anticorrupci\u00f3n y que es comadre de Cuitl\u00e1huac, pues es esposa de Elio Hern\u00e1ndez, titular de la Secretar\u00eda de Infraestructura y Obras P\u00fablicas (Siop).<\/p>\n\n\n\n<p>Como premio por el compadrazgo o comadrazgo seg\u00fan se quiera ver, Aileth Garc\u00eda es ahora magistrada. No tiene carrera judicial pero ya es magistrada y simula cobrar menos para disminuir los gastos de all\u00ed, pues casi todos en el Poder Judicial est\u00e1n contentos de trabajar para el gobernador.<\/p>\n\n\n\n<p>De hecho, Cuitl\u00e1huac Garc\u00eda Jim\u00e9nez, Isabel In\u00e9s Romero y los diputados de Morena, se han burlado de la ley al no reponer en sus cargos a los magistrados Marco Antonio Lezama Moo y Roberto Dorantes Romero, quienes cuentan con amparos, es decir, tanto el gobernador como sus trabajadores violentaron la ley de Amparo.<\/p>\n\n\n\n<p>Y para m\u00e1s, la propia Isabel In\u00e9s Romero Cruz se someti\u00f3 al mandatario, casi casi bes\u00e1ndole los pies, al aceptar un presupuesto muy reducido para este a\u00f1o, casi 600 millones menos y como es natural, ante tanto lujo de los morenistas el dinero se acab\u00f3.<\/p>\n\n\n\n<p>Ahora, tendr\u00e1 que valerse de una ampliaci\u00f3n presupuestal, en lugar de haber promovido una controversia por no haber recibido el dos por ciento del presupuesto estatal, tal y como lo marca la Constituci\u00f3n.<\/p>\n\n\n\n<p>El Poder Judicial de Veracruz va en ca\u00edda hacia el abismo, pues ni siquiera Isabel In\u00e9s Romero tiene conocimiento sobre c\u00f3mo manejar un presupuesto y eso se lo ha dejado muy claro, pues ella no s\u00f3lo se somete a las \u00f3rdenes del gobernador, sino que tambi\u00e9n obedece al consejero Humberto Hern\u00e1ndez Reducindo, colocado all\u00ed por el diputado Juan Javier G\u00f3mez Cazar\u00edn y por supuesto, por Joana Marl\u00e9n Bautista, llevada hasta all\u00ed por Eleazar Guerrero, pues era su secretaria particular.<\/p>\n\n\n\n<p><strong>Atropello contra magistradas (os)<\/strong><\/p>\n\n\n\n<p>No s\u00f3lo Isabel In\u00e9s y su camarilla violentaron la ley de amparo al pasarse por el arco del triunfo las resoluciones de la Suprema Corte de Justicia de la Naci\u00f3n (SCJN) con relaci\u00f3n a los casos de Roberto Dorantes y Marco Antonio Lezama Moo.<\/p>\n\n\n\n<p>Tambi\u00e9n violentaron los derechos de Concepci\u00f3n Flores Saviaga, en lo que representa un castigo por las declaraciones que realiz\u00f3 contra el mal trabajo realizado por la presidente y su banda.<\/p>\n\n\n\n<p>Flores Saviaga critic\u00f3 el mal manejo de los recursos all\u00ed y, adem\u00e1s, las malas decisiones de una presidente que no da una.<\/p>\n\n\n\n<p>Le quitaron su despacho y se lo entregaron a Lizbeth Hern\u00e1ndez. Ahora la magistrada Concepci\u00f3n ser\u00e1 visitadora y todo apunta a que es una venganza.<\/p>\n\n\n\n<p>Y tambi\u00e9n arremeti\u00f3 contra la magistrada Yolanda Cecilia Casta\u00f1eda Palmeros, que la supera en conocimientos, capacidad, experiencia y calidad humana. El 17 de agosto pasado Isabel In\u00e9s \u2013al estilo chimoltrufia- le envi\u00f3 un escrito para ordenarle que deb\u00eda dejar su despacho. Y no s\u00f3lo eso, orden\u00f3 al personal de la Contralor\u00eda para que rompiera varios reconocimientos que gan\u00f3 en su extraordinaria carrera.<\/p>\n\n\n\n<p>Pero algo que ignoran el gobernador y su banda de truhanes es que en alg\u00fan momento la justicia les caer\u00e1 encima, precisamente porque desconocen la ley. Ya se ver\u00e1.<\/p>\n","protected":false},"excerpt":{"rendered":"<p>Miguel \u00c1ngel G\u00f3mez Ruiz Contrapunto El Poder Judicial se llen\u00f3 de suciedad desde que la mal llamada 4\u00aa transformaci\u00f3n lleg\u00f3 a gobernar. Aunque se molesten los exquisitos o los tundeteclas que laboran para el sistema. No hay otra forma de decirlo. Primero, el gobernador Cuitl\u00e1huac Garc\u00eda Jim\u00e9nez, que se entrometi\u00f3 en ese poder para hacer [&hellip;]<\/p>\n","protected":false},"author":2,"featured_media":0,"comment_status":"closed","ping_status":"closed","sticky":false,"template":"","format":"standard","meta":{"tdm_status":"","tdm_grid_status":"","footnotes":""},"categories":[70],"tags":[1681,13640,15828,29735,15313,82,19817],"class_list":{"0":"post-79244","1":"post","2":"type-post","3":"status-publish","4":"format-standard","6":"category-de-opinion","7":"tag-cuitlahuac-garcia","8":"tag-eleazar-guerrero","9":"tag-elio-hernandez","10":"tag-isabel-ines-romero","11":"tag-marco-antonio-lezama-moo","12":"tag-poder-judicial","13":"tag-roberto-dorantes-romero"},"yoast_head":"<!-- This site is optimized with the Yoast SEO plugin v27.4 - https:\/\/yoast.com\/product\/yoast-seo-wordpress\/ -->\n<title>Poder Judicial, m\u00e1s atrocidades - Los pol\u00edticos Veracruz<\/title>\n<meta name=\"robots\" content=\"index, follow, max-snippet:-1, max-image-preview:large, max-video-preview:-1\" \/>\n<link rel=\"canonical\" href=\"https:\/\/lospoliticosveracruz.com\/?p=79244\" \/>\n<meta property=\"og:locale\" content=\"es_ES\" \/>\n<meta property=\"og:type\" content=\"article\" \/>\n<meta property=\"og:title\" content=\"Poder Judicial, m\u00e1s atrocidades - Los pol\u00edticos Veracruz\" \/>\n<meta property=\"og:description\" content=\"Miguel \u00c1ngel G\u00f3mez Ruiz Contrapunto El Poder Judicial se llen\u00f3 de suciedad desde que la mal llamada 4\u00aa transformaci\u00f3n lleg\u00f3 a gobernar. Aunque se molesten los exquisitos o los tundeteclas que laboran para el sistema. No hay otra forma de decirlo. Primero, el gobernador Cuitl\u00e1huac Garc\u00eda Jim\u00e9nez, que se entrometi\u00f3 en ese poder para hacer [&hellip;]\" \/>\n<meta property=\"og:url\" content=\"https:\/\/lospoliticosveracruz.com\/?p=79244\" \/>\n<meta property=\"og:site_name\" content=\"Los pol\u00edticos Veracruz\" \/>\n<meta property=\"article:publisher\" content=\"https:\/\/www.facebook.com\/people\/Notimemes-de-los-Polticos\/61565672886568\/\" \/>\n<meta property=\"article:published_time\" content=\"2021-09-10T13:08:53+00:00\" \/>\n<meta property=\"article:modified_time\" content=\"2021-09-10T13:08:57+00:00\" \/>\n<meta property=\"og:image\" content=\"https:\/\/lospoliticosveracruz.com.mx\/wp-content\/uploads\/2021\/09\/Varadero-576x1024.jpeg\" \/>\n<meta name=\"author\" content=\"Lo viste en Los Pol\u00edticos\" \/>\n<meta name=\"twitter:card\" content=\"summary_large_image\" \/>\n<meta name=\"twitter:creator\" content=\"@LosPoliticosVer\" \/>\n<meta name=\"twitter:site\" content=\"@LosPoliticosVer\" \/>\n<meta name=\"twitter:label1\" content=\"Escrito por\" \/>\n\t<meta name=\"twitter:data1\" content=\"Lo viste en Los Pol\u00edticos\" \/>\n\t<meta name=\"twitter:label2\" content=\"Tiempo de lectura\" \/>\n\t<meta name=\"twitter:data2\" content=\"5 minutos\" \/>\n<script type=\"application\/ld+json\" class=\"yoast-schema-graph\">{\"@context\":\"https:\\\/\\\/schema.org\",\"@graph\":[{\"@type\":\"Article\",\"@id\":\"https:\\\/\\\/lospoliticosveracruz.com\\\/?p=79244#article\",\"isPartOf\":{\"@id\":\"https:\\\/\\\/lospoliticosveracruz.com\\\/?p=79244\"},\"author\":{\"name\":\"Lo viste en Los Pol\u00edticos\",\"@id\":\"https:\\\/\\\/lospoliticosveracruz.com\\\/#\\\/schema\\\/person\\\/b8702bb0e538456e6efd07080bf2a4a2\"},\"headline\":\"Poder Judicial, m\u00e1s atrocidades\",\"datePublished\":\"2021-09-10T13:08:53+00:00\",\"dateModified\":\"2021-09-10T13:08:57+00:00\",\"mainEntityOfPage\":{\"@id\":\"https:\\\/\\\/lospoliticosveracruz.com\\\/?p=79244\"},\"wordCount\":912,\"publisher\":{\"@id\":\"https:\\\/\\\/lospoliticosveracruz.com\\\/#organization\"},\"image\":{\"@id\":\"https:\\\/\\\/lospoliticosveracruz.com\\\/?p=79244#primaryimage\"},\"thumbnailUrl\":\"https:\\\/\\\/lospoliticosveracruz.com.mx\\\/wp-content\\\/uploads\\\/2021\\\/09\\\/Varadero-576x1024.jpeg\",\"keywords\":[\"Cuitl\u00e1huac Garc\u00eda\",\"Eleazar Guerrero\",\"Elio Hern\u00e1ndez\",\"Isabel In\u00e9s Romero\",\"Marco Antonio Lezama Moo\",\"Poder Judicial\",\"Roberto Dorantes Romero\"],\"articleSection\":[\"De Opini\u00f3n\"],\"inLanguage\":\"es\"},{\"@type\":\"WebPage\",\"@id\":\"https:\\\/\\\/lospoliticosveracruz.com\\\/?p=79244\",\"url\":\"https:\\\/\\\/lospoliticosveracruz.com\\\/?p=79244\",\"name\":\"Poder Judicial, m\u00e1s atrocidades - Los pol\u00edticos Veracruz\",\"isPartOf\":{\"@id\":\"https:\\\/\\\/lospoliticosveracruz.com\\\/#website\"},\"primaryImageOfPage\":{\"@id\":\"https:\\\/\\\/lospoliticosveracruz.com\\\/?p=79244#primaryimage\"},\"image\":{\"@id\":\"https:\\\/\\\/lospoliticosveracruz.com\\\/?p=79244#primaryimage\"},\"thumbnailUrl\":\"https:\\\/\\\/lospoliticosveracruz.com.mx\\\/wp-content\\\/uploads\\\/2021\\\/09\\\/Varadero-576x1024.jpeg\",\"datePublished\":\"2021-09-10T13:08:53+00:00\",\"dateModified\":\"2021-09-10T13:08:57+00:00\",\"breadcrumb\":{\"@id\":\"https:\\\/\\\/lospoliticosveracruz.com\\\/?p=79244#breadcrumb\"},\"inLanguage\":\"es\",\"potentialAction\":[{\"@type\":\"ReadAction\",\"target\":[\"https:\\\/\\\/lospoliticosveracruz.com\\\/?p=79244\"]}]},{\"@type\":\"ImageObject\",\"inLanguage\":\"es\",\"@id\":\"https:\\\/\\\/lospoliticosveracruz.com\\\/?p=79244#primaryimage\",\"url\":\"https:\\\/\\\/lospoliticosveracruz.com.mx\\\/wp-content\\\/uploads\\\/2021\\\/09\\\/Varadero-576x1024.jpeg\",\"contentUrl\":\"https:\\\/\\\/lospoliticosveracruz.com.mx\\\/wp-content\\\/uploads\\\/2021\\\/09\\\/Varadero-576x1024.jpeg\"},{\"@type\":\"BreadcrumbList\",\"@id\":\"https:\\\/\\\/lospoliticosveracruz.com\\\/?p=79244#breadcrumb\",\"itemListElement\":[{\"@type\":\"ListItem\",\"position\":1,\"name\":\"Portada\",\"item\":\"https:\\\/\\\/lospoliticosveracruz.com\\\/\"},{\"@type\":\"ListItem\",\"position\":2,\"name\":\"Poder Judicial, m\u00e1s atrocidades\"}]},{\"@type\":\"WebSite\",\"@id\":\"https:\\\/\\\/lospoliticosveracruz.com\\\/#website\",\"url\":\"https:\\\/\\\/lospoliticosveracruz.com\\\/\",\"name\":\"Los pol\u00edticos Veracruz\",\"description\":\"\",\"publisher\":{\"@id\":\"https:\\\/\\\/lospoliticosveracruz.com\\\/#organization\"},\"potentialAction\":[{\"@type\":\"SearchAction\",\"target\":{\"@type\":\"EntryPoint\",\"urlTemplate\":\"https:\\\/\\\/lospoliticosveracruz.com\\\/?s={search_term_string}\"},\"query-input\":{\"@type\":\"PropertyValueSpecification\",\"valueRequired\":true,\"valueName\":\"search_term_string\"}}],\"inLanguage\":\"es\"},{\"@type\":\"Organization\",\"@id\":\"https:\\\/\\\/lospoliticosveracruz.com\\\/#organization\",\"name\":\"Los pol\u00edticos Veracruz\",\"url\":\"https:\\\/\\\/lospoliticosveracruz.com\\\/\",\"logo\":{\"@type\":\"ImageObject\",\"inLanguage\":\"es\",\"@id\":\"https:\\\/\\\/lospoliticosveracruz.com\\\/#\\\/schema\\\/logo\\\/image\\\/\",\"url\":\"https:\\\/\\\/lospoliticosveracruz.com\\\/wp-content\\\/uploads\\\/2025\\\/12\\\/Logo-Nuevo-LOS-POLITICOS-1.jpg\",\"contentUrl\":\"https:\\\/\\\/lospoliticosveracruz.com\\\/wp-content\\\/uploads\\\/2025\\\/12\\\/Logo-Nuevo-LOS-POLITICOS-1.jpg\",\"width\":260,\"height\":70,\"caption\":\"Los pol\u00edticos Veracruz\"},\"image\":{\"@id\":\"https:\\\/\\\/lospoliticosveracruz.com\\\/#\\\/schema\\\/logo\\\/image\\\/\"},\"sameAs\":[\"https:\\\/\\\/www.facebook.com\\\/people\\\/Notimemes-de-los-Polticos\\\/61565672886568\\\/\",\"https:\\\/\\\/x.com\\\/LosPoliticosVer\"]},{\"@type\":\"Person\",\"@id\":\"https:\\\/\\\/lospoliticosveracruz.com\\\/#\\\/schema\\\/person\\\/b8702bb0e538456e6efd07080bf2a4a2\",\"name\":\"Lo viste en Los Pol\u00edticos\",\"image\":{\"@type\":\"ImageObject\",\"inLanguage\":\"es\",\"@id\":\"https:\\\/\\\/secure.gravatar.com\\\/avatar\\\/3a8de04a2656d44082be478bd6c086daa447c4651605818287b9532d3d0bd435?s=96&d=mm&r=g\",\"url\":\"https:\\\/\\\/secure.gravatar.com\\\/avatar\\\/3a8de04a2656d44082be478bd6c086daa447c4651605818287b9532d3d0bd435?s=96&d=mm&r=g\",\"contentUrl\":\"https:\\\/\\\/secure.gravatar.com\\\/avatar\\\/3a8de04a2656d44082be478bd6c086daa447c4651605818287b9532d3d0bd435?s=96&d=mm&r=g\",\"caption\":\"Lo viste en Los Pol\u00edticos\"},\"url\":\"https:\\\/\\\/lospoliticosveracruz.com\\\/?author=2\"}]}<\/script>\n<!-- \/ Yoast SEO plugin. -->","yoast_head_json":{"title":"Poder Judicial, m\u00e1s atrocidades - Los pol\u00edticos Veracruz","robots":{"index":"index","follow":"follow","max-snippet":"max-snippet:-1","max-image-preview":"max-image-preview:large","max-video-preview":"max-video-preview:-1"},"canonical":"https:\/\/lospoliticosveracruz.com\/?p=79244","og_locale":"es_ES","og_type":"article","og_title":"Poder Judicial, m\u00e1s atrocidades - Los pol\u00edticos Veracruz","og_description":"Miguel \u00c1ngel G\u00f3mez Ruiz Contrapunto El Poder Judicial se llen\u00f3 de suciedad desde que la mal llamada 4\u00aa transformaci\u00f3n lleg\u00f3 a gobernar. Aunque se molesten los exquisitos o los tundeteclas que laboran para el sistema. No hay otra forma de decirlo. Primero, el gobernador Cuitl\u00e1huac Garc\u00eda Jim\u00e9nez, que se entrometi\u00f3 en ese poder para hacer [&hellip;]","og_url":"https:\/\/lospoliticosveracruz.com\/?p=79244","og_site_name":"Los pol\u00edticos Veracruz","article_publisher":"https:\/\/www.facebook.com\/people\/Notimemes-de-los-Polticos\/61565672886568\/","article_published_time":"2021-09-10T13:08:53+00:00","article_modified_time":"2021-09-10T13:08:57+00:00","og_image":[{"url":"https:\/\/lospoliticosveracruz.com.mx\/wp-content\/uploads\/2021\/09\/Varadero-576x1024.jpeg","type":"","width":"","height":""}],"author":"Lo viste en Los Pol\u00edticos","twitter_card":"summary_large_image","twitter_creator":"@LosPoliticosVer","twitter_site":"@LosPoliticosVer","twitter_misc":{"Escrito por":"Lo viste en Los Pol\u00edticos","Tiempo de lectura":"5 minutos"},"schema":{"@context":"https:\/\/schema.org","@graph":[{"@type":"Article","@id":"https:\/\/lospoliticosveracruz.com\/?p=79244#article","isPartOf":{"@id":"https:\/\/lospoliticosveracruz.com\/?p=79244"},"author":{"name":"Lo viste en Los Pol\u00edticos","@id":"https:\/\/lospoliticosveracruz.com\/#\/schema\/person\/b8702bb0e538456e6efd07080bf2a4a2"},"headline":"Poder Judicial, m\u00e1s atrocidades","datePublished":"2021-09-10T13:08:53+00:00","dateModified":"2021-09-10T13:08:57+00:00","mainEntityOfPage":{"@id":"https:\/\/lospoliticosveracruz.com\/?p=79244"},"wordCount":912,"publisher":{"@id":"https:\/\/lospoliticosveracruz.com\/#organization"},"image":{"@id":"https:\/\/lospoliticosveracruz.com\/?p=79244#primaryimage"},"thumbnailUrl":"https:\/\/lospoliticosveracruz.com.mx\/wp-content\/uploads\/2021\/09\/Varadero-576x1024.jpeg","keywords":["Cuitl\u00e1huac Garc\u00eda","Eleazar Guerrero","Elio Hern\u00e1ndez","Isabel In\u00e9s Romero","Marco Antonio Lezama Moo","Poder Judicial","Roberto Dorantes Romero"],"articleSection":["De Opini\u00f3n"],"inLanguage":"es"},{"@type":"WebPage","@id":"https:\/\/lospoliticosveracruz.com\/?p=79244","url":"https:\/\/lospoliticosveracruz.com\/?p=79244","name":"Poder Judicial, m\u00e1s atrocidades - Los pol\u00edticos Veracruz","isPartOf":{"@id":"https:\/\/lospoliticosveracruz.com\/#website"},"primaryImageOfPage":{"@id":"https:\/\/lospoliticosveracruz.com\/?p=79244#primaryimage"},"image":{"@id":"https:\/\/lospoliticosveracruz.com\/?p=79244#primaryimage"},"thumbnailUrl":"https:\/\/lospoliticosveracruz.com.mx\/wp-content\/uploads\/2021\/09\/Varadero-576x1024.jpeg","datePublished":"2021-09-10T13:08:53+00:00","dateModified":"2021-09-10T13:08:57+00:00","breadcrumb":{"@id":"https:\/\/lospoliticosveracruz.com\/?p=79244#breadcrumb"},"inLanguage":"es","potentialAction":[{"@type":"ReadAction","target":["https:\/\/lospoliticosveracruz.com\/?p=79244"]}]},{"@type":"ImageObject","inLanguage":"es","@id":"https:\/\/lospoliticosveracruz.com\/?p=79244#primaryimage","url":"https:\/\/lospoliticosveracruz.com.mx\/wp-content\/uploads\/2021\/09\/Varadero-576x1024.jpeg","contentUrl":"https:\/\/lospoliticosveracruz.com.mx\/wp-content\/uploads\/2021\/09\/Varadero-576x1024.jpeg"},{"@type":"BreadcrumbList","@id":"https:\/\/lospoliticosveracruz.com\/?p=79244#breadcrumb","itemListElement":[{"@type":"ListItem","position":1,"name":"Portada","item":"https:\/\/lospoliticosveracruz.com\/"},{"@type":"ListItem","position":2,"name":"Poder Judicial, m\u00e1s atrocidades"}]},{"@type":"WebSite","@id":"https:\/\/lospoliticosveracruz.com\/#website","url":"https:\/\/lospoliticosveracruz.com\/","name":"Los pol\u00edticos Veracruz","description":"","publisher":{"@id":"https:\/\/lospoliticosveracruz.com\/#organization"},"potentialAction":[{"@type":"SearchAction","target":{"@type":"EntryPoint","urlTemplate":"https:\/\/lospoliticosveracruz.com\/?s={search_term_string}"},"query-input":{"@type":"PropertyValueSpecification","valueRequired":true,"valueName":"search_term_string"}}],"inLanguage":"es"},{"@type":"Organization","@id":"https:\/\/lospoliticosveracruz.com\/#organization","name":"Los pol\u00edticos Veracruz","url":"https:\/\/lospoliticosveracruz.com\/","logo":{"@type":"ImageObject","inLanguage":"es","@id":"https:\/\/lospoliticosveracruz.com\/#\/schema\/logo\/image\/","url":"https:\/\/lospoliticosveracruz.com\/wp-content\/uploads\/2025\/12\/Logo-Nuevo-LOS-POLITICOS-1.jpg","contentUrl":"https:\/\/lospoliticosveracruz.com\/wp-content\/uploads\/2025\/12\/Logo-Nuevo-LOS-POLITICOS-1.jpg","width":260,"height":70,"caption":"Los pol\u00edticos Veracruz"},"image":{"@id":"https:\/\/lospoliticosveracruz.com\/#\/schema\/logo\/image\/"},"sameAs":["https:\/\/www.facebook.com\/people\/Notimemes-de-los-Polticos\/61565672886568\/","https:\/\/x.com\/LosPoliticosVer"]},{"@type":"Person","@id":"https:\/\/lospoliticosveracruz.com\/#\/schema\/person\/b8702bb0e538456e6efd07080bf2a4a2","name":"Lo viste en Los Pol\u00edticos","image":{"@type":"ImageObject","inLanguage":"es","@id":"https:\/\/secure.gravatar.com\/avatar\/3a8de04a2656d44082be478bd6c086daa447c4651605818287b9532d3d0bd435?s=96&d=mm&r=g","url":"https:\/\/secure.gravatar.com\/avatar\/3a8de04a2656d44082be478bd6c086daa447c4651605818287b9532d3d0bd435?s=96&d=mm&r=g","contentUrl":"https:\/\/secure.gravatar.com\/avatar\/3a8de04a2656d44082be478bd6c086daa447c4651605818287b9532d3d0bd435?s=96&d=mm&r=g","caption":"Lo viste en Los Pol\u00edticos"},"url":"https:\/\/lospoliticosveracruz.com\/?author=2"}]}},"_links":{"self":[{"href":"https:\/\/lospoliticosveracruz.com\/index.php?rest_route=\/wp\/v2\/posts\/79244","targetHints":{"allow":["GET"]}}],"collection":[{"href":"https:\/\/lospoliticosveracruz.com\/index.php?rest_route=\/wp\/v2\/posts"}],"about":[{"href":"https:\/\/lospoliticosveracruz.com\/index.php?rest_route=\/wp\/v2\/types\/post"}],"author":[{"embeddable":true,"href":"https:\/\/lospoliticosveracruz.com\/index.php?rest_route=\/wp\/v2\/users\/2"}],"replies":[{"embeddable":true,"href":"https:\/\/lospoliticosveracruz.com\/index.php?rest_route=%2Fwp%2Fv2%2Fcomments&post=79244"}],"version-history":[{"count":1,"href":"https:\/\/lospoliticosveracruz.com\/index.php?rest_route=\/wp\/v2\/posts\/79244\/revisions"}],"predecessor-version":[{"id":79246,"href":"https:\/\/lospoliticosveracruz.com\/index.php?rest_route=\/wp\/v2\/posts\/79244\/revisions\/79246"}],"wp:attachment":[{"href":"https:\/\/lospoliticosveracruz.com\/index.php?rest_route=%2Fwp%2Fv2%2Fmedia&parent=79244"}],"wp:term":[{"taxonomy":"category","embeddable":true,"href":"https:\/\/lospoliticosveracruz.com\/index.php?rest_route=%2Fwp%2Fv2%2Fcategories&post=79244"},{"taxonomy":"post_tag","embeddable":true,"href":"https:\/\/lospoliticosveracruz.com\/index.php?rest_route=%2Fwp%2Fv2%2Ftags&post=79244"}],"curies":[{"name":"wp","href":"https:\/\/api.w.org\/{rel}","templated":true}]}}