{"id":79247,"date":"2021-09-10T08:17:27","date_gmt":"2021-09-10T13:17:27","guid":{"rendered":"https:\/\/lospoliticosveracruz.com.mx\/?p=79247"},"modified":"2021-09-10T08:17:32","modified_gmt":"2021-09-10T13:17:32","slug":"la-independencia-i","status":"publish","type":"post","link":"https:\/\/lospoliticosveracruz.com\/?p=79247","title":{"rendered":"La independencia I"},"content":{"rendered":"\n<p><strong>Felipe de Jes\u00fas Fern\u00e1ndez Basilio<br><\/strong><em>Desde A Janela<br><\/em><\/p>\n\n\n\n<p>El pr\u00f3ximo 27 de septiembre de 2021 se conmemoran 200 a\u00f1os de la independencia, as\u00ed a secas, de M\u00e9xico y es que resulta que ese d\u00eda con la entrada del Ej\u00e9rcito Trigarante a la Ciudad de M\u00e9xico, la cual era el \u00faltimo basti\u00f3n importante que se manten\u00eda fiel a la autoridad de la metr\u00f3poli (Espa\u00f1a) y por ello marc\u00f3 en los hechos el inicio de la nueva naci\u00f3n mexicana.<\/p>\n\n\n\n<div class=\"wp-block-image\"><figure class=\"alignleft size-large is-resized\"><a href=\"https:\/\/lospoliticosveracruz.com.mx\/wp-content\/uploads\/2021\/09\/Varadero.jpeg\"><img decoding=\"async\" src=\"https:\/\/lospoliticosveracruz.com.mx\/wp-content\/uploads\/2021\/09\/Varadero-576x1024.jpeg\" alt=\"\" class=\"wp-image-79072\" width=\"250\"\/><\/a><\/figure><\/div>\n\n\n\n<p><br>Sin embargo, esta fecha es muy dif\u00edcil de comprender para el pueblo mexicano debido a que la historia que en las escuelas se ha contado en por lo menos un siglo, es por decir lo menos bastante enredada ya que carece de un hilo conductor y eso sucede debido a que los que crearon la historia oficial, a fin de crear un pante\u00f3n del Olimpo a su gusto, revolvieron movimientos que no tuvieron nada que ver entre s\u00ed.<br>Y en efecto, la independencia de M\u00e9xico es el tema m\u00e1s complejo de tratar en cuanto a la historia mexicana se refiere y eso sucede porque a diferencia de cualquier otro, ll\u00e1mese: conquista, reforma, intervenciones extranjeras, revoluci\u00f3n, presidencialismo, etc. en los que existe por lo menos un punto de partida conocido por todos, el cual consiste en una serie de hechos hilvanados, en los que solo hay que precisar algunos aspectos de los hechos en s\u00ed o de los personajes que participaron en ellos a la luz de las fuentes de la \u00e9poca o bien de los descubrimientos de la historia y sus disciplinas auxiliares modernas.<br>M\u00e1s para la independencia eso no ocurre, porque como ya se ha dicho, los hechos narrados por la historia oficial no est\u00e1n hilados l\u00f3gicamente y por ello estoy convencido que la independencia de M\u00e9xico es el tema de temas en la historia del pa\u00eds; no omito mencionar que con la revoluci\u00f3n pudiera suceder algo similar, sobre todo por la diversidad de movimientos que tuvo y porque debido a ello es dif\u00edcil precisar su final, m\u00e1s como ya se dijo: la historia difundida sigue siendo lineal y entendible para todos.<br>Mientras que en el caso de la independencia existe una verdadera confusi\u00f3n en cuanto a lo sucedido y tan es as\u00ed que los mexicanos no sabemos bien a bien qu\u00e9 celebramos y cu\u00e1ndo lo hacemos nos limitamos a celebrar fechas como aut\u00f3matas debido a que, si pens\u00e1ramos un poco no entender\u00edamos la l\u00f3gica de las celebraciones y ejemplos de ello tenemos varios:<br>La fiesta nacional se celebra un 16 de septiembre y se dice que ese es el d\u00eda de la independencia, aunque despu\u00e9s existe una efem\u00e9ride perdida que dice que un 27 de septiembre se consum\u00f3 la independencia y si entendemos que por consumar se entiende el llevar a cabo totalmente algo, entonces la cosa deja de ser tan f\u00e1cilmente comprensible, porque \u00bfC\u00f3mo es posible que la independencia tuviera lugar en una fecha y se llevara a cabo en otra?, como que algo no cuadra, \u00bfVerdad?<br>Tambi\u00e9n se nos ha dicho que la \u00abgesta de la independencia\u00bb comenz\u00f3 con la invasi\u00f3n napole\u00f3nica de Espa\u00f1a y la imposici\u00f3n como Rey de Jos\u00e9 Bonaparte, un hermano del emperador franc\u00e9s y que ellos hizo que las colonias americanas buscasen independizarse de la metr\u00f3poli, ya que no aceptaban la imposici\u00f3n del gabacho, (cabe aclarar que el t\u00e9rmino gabacho es una manera despectiva en Espa\u00f1a para referirse a los franceses y que a su vez lleg\u00f3 del sur de Francia cuyos habitantes as\u00ed llamaban a los franceses del norte que en la edad media los invadieron y que con la misma l\u00f3gica en M\u00e9xico se emplea para referirse a todo lo estadounidense) lo cual aplic\u00f3 para otros virreinatos y capitan\u00edas generales mas no para la entonces Nueva Espa\u00f1a ni para el Per\u00fa, la cual mayoritariamente se mantuvo fiel a la monarqu\u00eda original de la metr\u00f3poli.<br>Adem\u00e1s, otra cuesti\u00f3n il\u00f3gica que encontramos en lo que respecta al tema de la independencia es que \u00bfC\u00f3mo es posible que, si fue declarada la independencia en 1810 se nos diga que la primera constituci\u00f3n moderna que rigi\u00f3 en estas tierras fue la de C\u00e1diz de 1812 en cuya elaboraci\u00f3n, por cierto, hubo constituyentes novohispanos?, ya que si en 1810 supuestamente ya \u00e9ramos independientes no puede ser que se reconociera como propia una constituci\u00f3n espa\u00f1ola notoriamente posterior a la independencia; a menos que a diferencia de lo que narra la historia oficial, en 1812 estas tierras todav\u00eda formaran parte de la corona espa\u00f1ola y lo peor de todo es que la historia oficial tambi\u00e9n apoya esto \u00faltimo.<br>En conclusi\u00f3n podemos darnos cuenta que en un af\u00e1n de negar los hechos y circunstancias que no les gustaban a los historiadores oficiales (la realizaci\u00f3n de la independencia de forma casi pac\u00edfica por parte de los criollos que combatieron a los insurgentes y que luego sumaron a sus filas a los \u00faltimos) y as\u00ed mismo de adular a personajes posteriores a la independencia (como lo fue establecer como el d\u00eda nacional el cumplea\u00f1os D. Porfirio D\u00edaz) los hechos fueron deliberadamente tergiversados de tal manera que el relato resulta imposible de comprender de manera l\u00f3gica.<br>Basten estas consideraciones iniciales para ir entendiendo un poco sobre este tema tan ocultado por la historia oficial y durante el mes iremos abordando temas como los movimientos que hubo, la manera en que las autoridades reaccionaron y finalmente trataremos la independencia como tal y abordaremos la interesant\u00edsima figura del ocultado pero real padre de la patria.<\/p>\n\n\n\n<p>felfebas@gmail.com<br>Twitter: @FelipeFBasilio<\/p>\n","protected":false},"excerpt":{"rendered":"<p>Felipe de Jes\u00fas Fern\u00e1ndez BasilioDesde A Janela El pr\u00f3ximo 27 de septiembre de 2021 se conmemoran 200 a\u00f1os de la independencia, as\u00ed a secas, de M\u00e9xico y es que resulta que ese d\u00eda con la entrada del Ej\u00e9rcito Trigarante a la Ciudad de M\u00e9xico, la cual era el \u00faltimo basti\u00f3n importante que se manten\u00eda fiel [&hellip;]<\/p>\n","protected":false},"author":2,"featured_media":0,"comment_status":"closed","ping_status":"closed","sticky":false,"template":"","format":"standard","meta":{"tdm_status":"","tdm_grid_status":"","footnotes":""},"categories":[70],"tags":[30314,30315,14877,30316,2205],"class_list":{"0":"post-79247","1":"post","2":"type-post","3":"status-publish","4":"format-standard","6":"category-de-opinion","7":"tag-ejercito-trigarante","8":"tag-invasion-napoleonica","9":"tag-miguel-hidalgo-y-costilla","10":"tag-padre-de-la-patria","11":"tag-porfirio-diaz"},"yoast_head":"<!-- This site is optimized with the Yoast SEO plugin v27.4 - https:\/\/yoast.com\/product\/yoast-seo-wordpress\/ -->\n<title>La independencia I - Los pol\u00edticos Veracruz<\/title>\n<meta name=\"robots\" content=\"index, follow, max-snippet:-1, max-image-preview:large, max-video-preview:-1\" \/>\n<link rel=\"canonical\" href=\"https:\/\/lospoliticosveracruz.com\/?p=79247\" \/>\n<meta property=\"og:locale\" content=\"es_ES\" \/>\n<meta property=\"og:type\" content=\"article\" \/>\n<meta property=\"og:title\" content=\"La independencia I - Los pol\u00edticos Veracruz\" \/>\n<meta property=\"og:description\" content=\"Felipe de Jes\u00fas Fern\u00e1ndez BasilioDesde A Janela El pr\u00f3ximo 27 de septiembre de 2021 se conmemoran 200 a\u00f1os de la independencia, as\u00ed a secas, de M\u00e9xico y es que resulta que ese d\u00eda con la entrada del Ej\u00e9rcito Trigarante a la Ciudad de M\u00e9xico, la cual era el \u00faltimo basti\u00f3n importante que se manten\u00eda fiel [&hellip;]\" \/>\n<meta property=\"og:url\" content=\"https:\/\/lospoliticosveracruz.com\/?p=79247\" \/>\n<meta property=\"og:site_name\" content=\"Los pol\u00edticos Veracruz\" \/>\n<meta property=\"article:publisher\" content=\"https:\/\/www.facebook.com\/people\/Notimemes-de-los-Polticos\/61565672886568\/\" \/>\n<meta property=\"article:published_time\" content=\"2021-09-10T13:17:27+00:00\" \/>\n<meta property=\"article:modified_time\" content=\"2021-09-10T13:17:32+00:00\" \/>\n<meta property=\"og:image\" content=\"https:\/\/lospoliticosveracruz.com.mx\/wp-content\/uploads\/2021\/09\/Varadero-576x1024.jpeg\" \/>\n<meta name=\"author\" content=\"Lo viste en Los Pol\u00edticos\" \/>\n<meta name=\"twitter:card\" content=\"summary_large_image\" \/>\n<meta name=\"twitter:creator\" content=\"@LosPoliticosVer\" \/>\n<meta name=\"twitter:site\" content=\"@LosPoliticosVer\" \/>\n<meta name=\"twitter:label1\" content=\"Escrito por\" \/>\n\t<meta name=\"twitter:data1\" content=\"Lo viste en Los Pol\u00edticos\" \/>\n\t<meta name=\"twitter:label2\" content=\"Tiempo de lectura\" \/>\n\t<meta name=\"twitter:data2\" content=\"5 minutos\" \/>\n<script type=\"application\/ld+json\" class=\"yoast-schema-graph\">{\"@context\":\"https:\\\/\\\/schema.org\",\"@graph\":[{\"@type\":\"Article\",\"@id\":\"https:\\\/\\\/lospoliticosveracruz.com\\\/?p=79247#article\",\"isPartOf\":{\"@id\":\"https:\\\/\\\/lospoliticosveracruz.com\\\/?p=79247\"},\"author\":{\"name\":\"Lo viste en Los Pol\u00edticos\",\"@id\":\"https:\\\/\\\/lospoliticosveracruz.com\\\/#\\\/schema\\\/person\\\/b8702bb0e538456e6efd07080bf2a4a2\"},\"headline\":\"La independencia I\",\"datePublished\":\"2021-09-10T13:17:27+00:00\",\"dateModified\":\"2021-09-10T13:17:32+00:00\",\"mainEntityOfPage\":{\"@id\":\"https:\\\/\\\/lospoliticosveracruz.com\\\/?p=79247\"},\"wordCount\":982,\"publisher\":{\"@id\":\"https:\\\/\\\/lospoliticosveracruz.com\\\/#organization\"},\"image\":{\"@id\":\"https:\\\/\\\/lospoliticosveracruz.com\\\/?p=79247#primaryimage\"},\"thumbnailUrl\":\"https:\\\/\\\/lospoliticosveracruz.com.mx\\\/wp-content\\\/uploads\\\/2021\\\/09\\\/Varadero-576x1024.jpeg\",\"keywords\":[\"Ej\u00e9rcito Trigarante\",\"invasi\u00f3n napole\u00f3nica\",\"Miguel Hidalgo y Costilla\",\"Padre de la patria\",\"Porfirio D\u00edaz\"],\"articleSection\":[\"De Opini\u00f3n\"],\"inLanguage\":\"es\"},{\"@type\":\"WebPage\",\"@id\":\"https:\\\/\\\/lospoliticosveracruz.com\\\/?p=79247\",\"url\":\"https:\\\/\\\/lospoliticosveracruz.com\\\/?p=79247\",\"name\":\"La independencia I - Los pol\u00edticos Veracruz\",\"isPartOf\":{\"@id\":\"https:\\\/\\\/lospoliticosveracruz.com\\\/#website\"},\"primaryImageOfPage\":{\"@id\":\"https:\\\/\\\/lospoliticosveracruz.com\\\/?p=79247#primaryimage\"},\"image\":{\"@id\":\"https:\\\/\\\/lospoliticosveracruz.com\\\/?p=79247#primaryimage\"},\"thumbnailUrl\":\"https:\\\/\\\/lospoliticosveracruz.com.mx\\\/wp-content\\\/uploads\\\/2021\\\/09\\\/Varadero-576x1024.jpeg\",\"datePublished\":\"2021-09-10T13:17:27+00:00\",\"dateModified\":\"2021-09-10T13:17:32+00:00\",\"breadcrumb\":{\"@id\":\"https:\\\/\\\/lospoliticosveracruz.com\\\/?p=79247#breadcrumb\"},\"inLanguage\":\"es\",\"potentialAction\":[{\"@type\":\"ReadAction\",\"target\":[\"https:\\\/\\\/lospoliticosveracruz.com\\\/?p=79247\"]}]},{\"@type\":\"ImageObject\",\"inLanguage\":\"es\",\"@id\":\"https:\\\/\\\/lospoliticosveracruz.com\\\/?p=79247#primaryimage\",\"url\":\"https:\\\/\\\/lospoliticosveracruz.com.mx\\\/wp-content\\\/uploads\\\/2021\\\/09\\\/Varadero-576x1024.jpeg\",\"contentUrl\":\"https:\\\/\\\/lospoliticosveracruz.com.mx\\\/wp-content\\\/uploads\\\/2021\\\/09\\\/Varadero-576x1024.jpeg\"},{\"@type\":\"BreadcrumbList\",\"@id\":\"https:\\\/\\\/lospoliticosveracruz.com\\\/?p=79247#breadcrumb\",\"itemListElement\":[{\"@type\":\"ListItem\",\"position\":1,\"name\":\"Portada\",\"item\":\"https:\\\/\\\/lospoliticosveracruz.com\\\/\"},{\"@type\":\"ListItem\",\"position\":2,\"name\":\"La independencia I\"}]},{\"@type\":\"WebSite\",\"@id\":\"https:\\\/\\\/lospoliticosveracruz.com\\\/#website\",\"url\":\"https:\\\/\\\/lospoliticosveracruz.com\\\/\",\"name\":\"Los pol\u00edticos Veracruz\",\"description\":\"\",\"publisher\":{\"@id\":\"https:\\\/\\\/lospoliticosveracruz.com\\\/#organization\"},\"potentialAction\":[{\"@type\":\"SearchAction\",\"target\":{\"@type\":\"EntryPoint\",\"urlTemplate\":\"https:\\\/\\\/lospoliticosveracruz.com\\\/?s={search_term_string}\"},\"query-input\":{\"@type\":\"PropertyValueSpecification\",\"valueRequired\":true,\"valueName\":\"search_term_string\"}}],\"inLanguage\":\"es\"},{\"@type\":\"Organization\",\"@id\":\"https:\\\/\\\/lospoliticosveracruz.com\\\/#organization\",\"name\":\"Los pol\u00edticos Veracruz\",\"url\":\"https:\\\/\\\/lospoliticosveracruz.com\\\/\",\"logo\":{\"@type\":\"ImageObject\",\"inLanguage\":\"es\",\"@id\":\"https:\\\/\\\/lospoliticosveracruz.com\\\/#\\\/schema\\\/logo\\\/image\\\/\",\"url\":\"https:\\\/\\\/lospoliticosveracruz.com\\\/wp-content\\\/uploads\\\/2025\\\/12\\\/Logo-Nuevo-LOS-POLITICOS-1.jpg\",\"contentUrl\":\"https:\\\/\\\/lospoliticosveracruz.com\\\/wp-content\\\/uploads\\\/2025\\\/12\\\/Logo-Nuevo-LOS-POLITICOS-1.jpg\",\"width\":260,\"height\":70,\"caption\":\"Los pol\u00edticos Veracruz\"},\"image\":{\"@id\":\"https:\\\/\\\/lospoliticosveracruz.com\\\/#\\\/schema\\\/logo\\\/image\\\/\"},\"sameAs\":[\"https:\\\/\\\/www.facebook.com\\\/people\\\/Notimemes-de-los-Polticos\\\/61565672886568\\\/\",\"https:\\\/\\\/x.com\\\/LosPoliticosVer\"]},{\"@type\":\"Person\",\"@id\":\"https:\\\/\\\/lospoliticosveracruz.com\\\/#\\\/schema\\\/person\\\/b8702bb0e538456e6efd07080bf2a4a2\",\"name\":\"Lo viste en Los Pol\u00edticos\",\"image\":{\"@type\":\"ImageObject\",\"inLanguage\":\"es\",\"@id\":\"https:\\\/\\\/secure.gravatar.com\\\/avatar\\\/3a8de04a2656d44082be478bd6c086daa447c4651605818287b9532d3d0bd435?s=96&d=mm&r=g\",\"url\":\"https:\\\/\\\/secure.gravatar.com\\\/avatar\\\/3a8de04a2656d44082be478bd6c086daa447c4651605818287b9532d3d0bd435?s=96&d=mm&r=g\",\"contentUrl\":\"https:\\\/\\\/secure.gravatar.com\\\/avatar\\\/3a8de04a2656d44082be478bd6c086daa447c4651605818287b9532d3d0bd435?s=96&d=mm&r=g\",\"caption\":\"Lo viste en Los Pol\u00edticos\"},\"url\":\"https:\\\/\\\/lospoliticosveracruz.com\\\/?author=2\"}]}<\/script>\n<!-- \/ Yoast SEO plugin. -->","yoast_head_json":{"title":"La independencia I - Los pol\u00edticos Veracruz","robots":{"index":"index","follow":"follow","max-snippet":"max-snippet:-1","max-image-preview":"max-image-preview:large","max-video-preview":"max-video-preview:-1"},"canonical":"https:\/\/lospoliticosveracruz.com\/?p=79247","og_locale":"es_ES","og_type":"article","og_title":"La independencia I - Los pol\u00edticos Veracruz","og_description":"Felipe de Jes\u00fas Fern\u00e1ndez BasilioDesde A Janela El pr\u00f3ximo 27 de septiembre de 2021 se conmemoran 200 a\u00f1os de la independencia, as\u00ed a secas, de M\u00e9xico y es que resulta que ese d\u00eda con la entrada del Ej\u00e9rcito Trigarante a la Ciudad de M\u00e9xico, la cual era el \u00faltimo basti\u00f3n importante que se manten\u00eda fiel [&hellip;]","og_url":"https:\/\/lospoliticosveracruz.com\/?p=79247","og_site_name":"Los pol\u00edticos Veracruz","article_publisher":"https:\/\/www.facebook.com\/people\/Notimemes-de-los-Polticos\/61565672886568\/","article_published_time":"2021-09-10T13:17:27+00:00","article_modified_time":"2021-09-10T13:17:32+00:00","og_image":[{"url":"https:\/\/lospoliticosveracruz.com.mx\/wp-content\/uploads\/2021\/09\/Varadero-576x1024.jpeg","type":"","width":"","height":""}],"author":"Lo viste en Los Pol\u00edticos","twitter_card":"summary_large_image","twitter_creator":"@LosPoliticosVer","twitter_site":"@LosPoliticosVer","twitter_misc":{"Escrito por":"Lo viste en Los Pol\u00edticos","Tiempo de lectura":"5 minutos"},"schema":{"@context":"https:\/\/schema.org","@graph":[{"@type":"Article","@id":"https:\/\/lospoliticosveracruz.com\/?p=79247#article","isPartOf":{"@id":"https:\/\/lospoliticosveracruz.com\/?p=79247"},"author":{"name":"Lo viste en Los Pol\u00edticos","@id":"https:\/\/lospoliticosveracruz.com\/#\/schema\/person\/b8702bb0e538456e6efd07080bf2a4a2"},"headline":"La independencia I","datePublished":"2021-09-10T13:17:27+00:00","dateModified":"2021-09-10T13:17:32+00:00","mainEntityOfPage":{"@id":"https:\/\/lospoliticosveracruz.com\/?p=79247"},"wordCount":982,"publisher":{"@id":"https:\/\/lospoliticosveracruz.com\/#organization"},"image":{"@id":"https:\/\/lospoliticosveracruz.com\/?p=79247#primaryimage"},"thumbnailUrl":"https:\/\/lospoliticosveracruz.com.mx\/wp-content\/uploads\/2021\/09\/Varadero-576x1024.jpeg","keywords":["Ej\u00e9rcito Trigarante","invasi\u00f3n napole\u00f3nica","Miguel Hidalgo y Costilla","Padre de la patria","Porfirio D\u00edaz"],"articleSection":["De Opini\u00f3n"],"inLanguage":"es"},{"@type":"WebPage","@id":"https:\/\/lospoliticosveracruz.com\/?p=79247","url":"https:\/\/lospoliticosveracruz.com\/?p=79247","name":"La independencia I - Los pol\u00edticos Veracruz","isPartOf":{"@id":"https:\/\/lospoliticosveracruz.com\/#website"},"primaryImageOfPage":{"@id":"https:\/\/lospoliticosveracruz.com\/?p=79247#primaryimage"},"image":{"@id":"https:\/\/lospoliticosveracruz.com\/?p=79247#primaryimage"},"thumbnailUrl":"https:\/\/lospoliticosveracruz.com.mx\/wp-content\/uploads\/2021\/09\/Varadero-576x1024.jpeg","datePublished":"2021-09-10T13:17:27+00:00","dateModified":"2021-09-10T13:17:32+00:00","breadcrumb":{"@id":"https:\/\/lospoliticosveracruz.com\/?p=79247#breadcrumb"},"inLanguage":"es","potentialAction":[{"@type":"ReadAction","target":["https:\/\/lospoliticosveracruz.com\/?p=79247"]}]},{"@type":"ImageObject","inLanguage":"es","@id":"https:\/\/lospoliticosveracruz.com\/?p=79247#primaryimage","url":"https:\/\/lospoliticosveracruz.com.mx\/wp-content\/uploads\/2021\/09\/Varadero-576x1024.jpeg","contentUrl":"https:\/\/lospoliticosveracruz.com.mx\/wp-content\/uploads\/2021\/09\/Varadero-576x1024.jpeg"},{"@type":"BreadcrumbList","@id":"https:\/\/lospoliticosveracruz.com\/?p=79247#breadcrumb","itemListElement":[{"@type":"ListItem","position":1,"name":"Portada","item":"https:\/\/lospoliticosveracruz.com\/"},{"@type":"ListItem","position":2,"name":"La independencia I"}]},{"@type":"WebSite","@id":"https:\/\/lospoliticosveracruz.com\/#website","url":"https:\/\/lospoliticosveracruz.com\/","name":"Los pol\u00edticos Veracruz","description":"","publisher":{"@id":"https:\/\/lospoliticosveracruz.com\/#organization"},"potentialAction":[{"@type":"SearchAction","target":{"@type":"EntryPoint","urlTemplate":"https:\/\/lospoliticosveracruz.com\/?s={search_term_string}"},"query-input":{"@type":"PropertyValueSpecification","valueRequired":true,"valueName":"search_term_string"}}],"inLanguage":"es"},{"@type":"Organization","@id":"https:\/\/lospoliticosveracruz.com\/#organization","name":"Los pol\u00edticos Veracruz","url":"https:\/\/lospoliticosveracruz.com\/","logo":{"@type":"ImageObject","inLanguage":"es","@id":"https:\/\/lospoliticosveracruz.com\/#\/schema\/logo\/image\/","url":"https:\/\/lospoliticosveracruz.com\/wp-content\/uploads\/2025\/12\/Logo-Nuevo-LOS-POLITICOS-1.jpg","contentUrl":"https:\/\/lospoliticosveracruz.com\/wp-content\/uploads\/2025\/12\/Logo-Nuevo-LOS-POLITICOS-1.jpg","width":260,"height":70,"caption":"Los pol\u00edticos Veracruz"},"image":{"@id":"https:\/\/lospoliticosveracruz.com\/#\/schema\/logo\/image\/"},"sameAs":["https:\/\/www.facebook.com\/people\/Notimemes-de-los-Polticos\/61565672886568\/","https:\/\/x.com\/LosPoliticosVer"]},{"@type":"Person","@id":"https:\/\/lospoliticosveracruz.com\/#\/schema\/person\/b8702bb0e538456e6efd07080bf2a4a2","name":"Lo viste en Los Pol\u00edticos","image":{"@type":"ImageObject","inLanguage":"es","@id":"https:\/\/secure.gravatar.com\/avatar\/3a8de04a2656d44082be478bd6c086daa447c4651605818287b9532d3d0bd435?s=96&d=mm&r=g","url":"https:\/\/secure.gravatar.com\/avatar\/3a8de04a2656d44082be478bd6c086daa447c4651605818287b9532d3d0bd435?s=96&d=mm&r=g","contentUrl":"https:\/\/secure.gravatar.com\/avatar\/3a8de04a2656d44082be478bd6c086daa447c4651605818287b9532d3d0bd435?s=96&d=mm&r=g","caption":"Lo viste en Los Pol\u00edticos"},"url":"https:\/\/lospoliticosveracruz.com\/?author=2"}]}},"_links":{"self":[{"href":"https:\/\/lospoliticosveracruz.com\/index.php?rest_route=\/wp\/v2\/posts\/79247","targetHints":{"allow":["GET"]}}],"collection":[{"href":"https:\/\/lospoliticosveracruz.com\/index.php?rest_route=\/wp\/v2\/posts"}],"about":[{"href":"https:\/\/lospoliticosveracruz.com\/index.php?rest_route=\/wp\/v2\/types\/post"}],"author":[{"embeddable":true,"href":"https:\/\/lospoliticosveracruz.com\/index.php?rest_route=\/wp\/v2\/users\/2"}],"replies":[{"embeddable":true,"href":"https:\/\/lospoliticosveracruz.com\/index.php?rest_route=%2Fwp%2Fv2%2Fcomments&post=79247"}],"version-history":[{"count":1,"href":"https:\/\/lospoliticosveracruz.com\/index.php?rest_route=\/wp\/v2\/posts\/79247\/revisions"}],"predecessor-version":[{"id":79249,"href":"https:\/\/lospoliticosveracruz.com\/index.php?rest_route=\/wp\/v2\/posts\/79247\/revisions\/79249"}],"wp:attachment":[{"href":"https:\/\/lospoliticosveracruz.com\/index.php?rest_route=%2Fwp%2Fv2%2Fmedia&parent=79247"}],"wp:term":[{"taxonomy":"category","embeddable":true,"href":"https:\/\/lospoliticosveracruz.com\/index.php?rest_route=%2Fwp%2Fv2%2Fcategories&post=79247"},{"taxonomy":"post_tag","embeddable":true,"href":"https:\/\/lospoliticosveracruz.com\/index.php?rest_route=%2Fwp%2Fv2%2Ftags&post=79247"}],"curies":[{"name":"wp","href":"https:\/\/api.w.org\/{rel}","templated":true}]}}