{"id":79298,"date":"2021-09-10T18:22:48","date_gmt":"2021-09-10T23:22:48","guid":{"rendered":"https:\/\/lospoliticosveracruz.com.mx\/?p=79298"},"modified":"2021-09-10T18:22:51","modified_gmt":"2021-09-10T23:22:51","slug":"simona-la-ahorradora","status":"publish","type":"post","link":"https:\/\/lospoliticosveracruz.com\/?p=79298","title":{"rendered":"Simona, la ahorradora"},"content":{"rendered":"\n<p><strong>Teresa Carbajal<\/strong><\/p>\n\n\n\n<p><em>Debo, no niego; pago, lo justo<br><\/em> <\/p>\n\n\n\n<p>El ahorro y cr\u00e9dito popular seguir\u00e1 siendo un sue\u00f1o en este pa\u00eds, mientras no se tenga una regulaci\u00f3n legal vasta que ponga l\u00edmites al lucro que en los hechos obtienen las cajas, por prestar a los m\u00e1s pobres su propio dinero.<br>Con datos del Instituto Nacional de Estad\u00edstica y Geograf\u00eda y (INEGI) poco m\u00e1s de un mill\u00f3n de mujeres perdieron su empleo en M\u00e9xico durante el \u00faltimo a\u00f1o y un gran n\u00famero de ellas de entre 25 y 44 a\u00f1os hoy en d\u00eda operan en la informalidad hecho que sin duda les limita en la posibilidad de acceder a financiamientos formales o bancarios; al respecto Sonia Garza Presidenta de la Asociaci\u00f3n Mexicana de Mujeres Empresarias (AMMJE) se\u00f1al\u00f3, que el empoderamiento econ\u00f3mico de las mujeres es clave para lograr la verdadera igualdad.<\/p>\n\n\n\n<div class=\"wp-block-image\"><figure class=\"alignleft size-large is-resized\"><a href=\"https:\/\/lospoliticosveracruz.com.mx\/wp-content\/uploads\/2021\/09\/Varadero.jpeg\"><img decoding=\"async\" src=\"https:\/\/lospoliticosveracruz.com.mx\/wp-content\/uploads\/2021\/09\/Varadero-576x1024.jpeg\" alt=\"\" class=\"wp-image-79072\" width=\"250\"\/><\/a><\/figure><\/div>\n\n\n\n<p><br>Coincido con Sonia, derivado de la crisis econ\u00f3mica que padecemos cuya soluci\u00f3n -en parte- se ha encontrado en el auto empleo, necesitamos fuentes de cr\u00e9dito que contribuyan a esa aspiraci\u00f3n de fortalecer y empoderar a las mujeres en el plano econ\u00f3mico; desafortunadamente y dada la forma en que actualmente funciona el cr\u00e9dito en nuestro pa\u00eds, en un alto porcentaje de casos nos muestra que quien pide y recibe un cr\u00e9dito tiene m\u00e1s posibilidades de empobrecerse que de salir del apuro.<br>El hecho se observa tanto en zonas urbanas, como en localidades rurales y apartadas en donde operan las cajas de ahorro populares como una forma de organizar a los habitantes de comunicades con el fin, seg\u00fan dicen, de establecer din\u00e1micas de ahorro y cr\u00e9dito que ayuden a la econom\u00eda local y familiar, con la nobleza de ser \u00abpopulares\u00bb as\u00ed, bajo ese comercial logran captar la atenci\u00f3n, y el inter\u00e9s de los habitantes -principalmente mujeres- que aspiran a contribuir con el gasto familiar o bien, que son el sost\u00e9n absoluto de su familia, y que por tanto necesitan peque\u00f1os pr\u00e9stamos para desarrollar una actividad comercial o productiva que les reporte ingresos.<br>Este fue el caso de, Simona, una mujer adulta mayor vecina de Tlaltetela, Veracruz quien este a\u00f1o, a la edad de 84 a\u00f1os, falleci\u00f3 generando un gran dolor a sus familiares; Simona fue una mujer trabajadora, que no vio barreras en su origen, edad o estado f\u00edsico y se dedic\u00f3 hasta sus \u00faltimos d\u00edas a la siembra de caf\u00e9.<br>Dicha actividad le requer\u00eda de vez en cuando de peque\u00f1os apoyos econ\u00f3micos antes de la cosecha, entonces atendiendo al llamado de \u00abapoyo\u00bb que la caja de ahorros de su localidad ofrec\u00eda particularmente a las mujeres cafetaleras, a principios de este a\u00f1o pidi\u00f3 9 mil pesos, no era la primera que lo hac\u00eda pues llevaba ya varios a\u00f1os en esa cooperativa de mujeres.<br>La forma de organizarse era por grupos, y una socia avalaba a la otra con sus ahorros, accediendo con cada pr\u00e9stamo a la firma de documentos mercantiles como pagar\u00e9s para respaldar la deuda, aparte de la documentaci\u00f3n ordinaria que debe firmarse al pertenecer a una sociedad como la mencionada.<br>Al sorprenderla la muerte, quedaban aun pendientes 6 de sus pagos, sin embargo, la caja ten\u00eda en su poder los ahorros de Simona (cerca de 3 mil pesos), y el valor de su certificado de socia (por 300 pesos); aunado a ello una clausula del contrato daba cuenta del compromiso que le ofreci\u00f3 la caja de descontar el 50% de la deuda en caso de fallecimiento, y descontar adem\u00e1s el importe de sus ahorros y el certificado.<br>A\u00fan as\u00ed desde entonces los cobradores de la caja, visitan diariamente al viudo para cobrarle el total de la deuda, no solo a \u00e9l, tambi\u00e9n a las socias que firmaron en su \u00abgrupo\u00bb y a su aval, sobre ellas pesa la amenaza de que tomar\u00e1n de sus ahorros (a lo chino) para pagar el total de la deuda de Simona, sin reconocer la obligaci\u00f3n pactada de descuento.<br>\u00a1No se vale que las cajas act\u00faen con abuso!, el tema del ahorro y cr\u00e9dito popular nos exige ser mas incisivos, insistentes y exigentes para con nuestros legisladores actuales, no debemos seguir permitiendo que se abuse de los mas pobres que solo aspiran a mejorar su calidad de vida por falta de leyes que nos protegen.<br>Llama al 2281148502 visite www.elbarzonrc.org Contacte elbarzonrc@yahoo.com.mx, O s\u00edgame en @terecarbajal<\/p>\n","protected":false},"excerpt":{"rendered":"<p>Teresa Carbajal Debo, no niego; pago, lo justo El ahorro y cr\u00e9dito popular seguir\u00e1 siendo un sue\u00f1o en este pa\u00eds, mientras no se tenga una regulaci\u00f3n legal vasta que ponga l\u00edmites al lucro que en los hechos obtienen las cajas, por prestar a los m\u00e1s pobres su propio dinero.Con datos del Instituto Nacional de Estad\u00edstica [&hellip;]<\/p>\n","protected":false},"author":2,"featured_media":0,"comment_status":"closed","ping_status":"closed","sticky":false,"template":"","format":"standard","meta":{"tdm_status":"","tdm_grid_status":"","footnotes":""},"categories":[70],"tags":[19223,30355,6969,178,15570],"class_list":{"0":"post-79298","1":"post","2":"type-post","3":"status-publish","4":"format-standard","6":"category-de-opinion","7":"tag-cajas-de-ahorro","8":"tag-cooperativa-de-mujeres","9":"tag-creditos","10":"tag-inegi","11":"tag-teresa-carbajal"},"yoast_head":"<!-- This site is optimized with the Yoast SEO plugin v27.4 - https:\/\/yoast.com\/product\/yoast-seo-wordpress\/ -->\n<title>Simona, la ahorradora - Los pol\u00edticos Veracruz<\/title>\n<meta name=\"robots\" content=\"index, follow, max-snippet:-1, max-image-preview:large, max-video-preview:-1\" \/>\n<link rel=\"canonical\" href=\"https:\/\/lospoliticosveracruz.com\/?p=79298\" \/>\n<meta property=\"og:locale\" content=\"es_ES\" \/>\n<meta property=\"og:type\" content=\"article\" \/>\n<meta property=\"og:title\" content=\"Simona, la ahorradora - Los pol\u00edticos Veracruz\" \/>\n<meta property=\"og:description\" content=\"Teresa Carbajal Debo, no niego; pago, lo justo El ahorro y cr\u00e9dito popular seguir\u00e1 siendo un sue\u00f1o en este pa\u00eds, mientras no se tenga una regulaci\u00f3n legal vasta que ponga l\u00edmites al lucro que en los hechos obtienen las cajas, por prestar a los m\u00e1s pobres su propio dinero.Con datos del Instituto Nacional de Estad\u00edstica [&hellip;]\" \/>\n<meta property=\"og:url\" content=\"https:\/\/lospoliticosveracruz.com\/?p=79298\" \/>\n<meta property=\"og:site_name\" content=\"Los pol\u00edticos Veracruz\" \/>\n<meta property=\"article:publisher\" content=\"https:\/\/www.facebook.com\/people\/Notimemes-de-los-Polticos\/61565672886568\/\" \/>\n<meta property=\"article:published_time\" content=\"2021-09-10T23:22:48+00:00\" \/>\n<meta property=\"article:modified_time\" content=\"2021-09-10T23:22:51+00:00\" \/>\n<meta property=\"og:image\" content=\"https:\/\/lospoliticosveracruz.com.mx\/wp-content\/uploads\/2021\/09\/Varadero-576x1024.jpeg\" \/>\n<meta name=\"author\" content=\"Lo viste en Los Pol\u00edticos\" \/>\n<meta name=\"twitter:card\" content=\"summary_large_image\" \/>\n<meta name=\"twitter:creator\" content=\"@LosPoliticosVer\" \/>\n<meta name=\"twitter:site\" content=\"@LosPoliticosVer\" \/>\n<meta name=\"twitter:label1\" content=\"Escrito por\" \/>\n\t<meta name=\"twitter:data1\" content=\"Lo viste en Los Pol\u00edticos\" \/>\n\t<meta name=\"twitter:label2\" content=\"Tiempo de lectura\" \/>\n\t<meta name=\"twitter:data2\" content=\"4 minutos\" \/>\n<script type=\"application\/ld+json\" class=\"yoast-schema-graph\">{\"@context\":\"https:\\\/\\\/schema.org\",\"@graph\":[{\"@type\":\"Article\",\"@id\":\"https:\\\/\\\/lospoliticosveracruz.com\\\/?p=79298#article\",\"isPartOf\":{\"@id\":\"https:\\\/\\\/lospoliticosveracruz.com\\\/?p=79298\"},\"author\":{\"name\":\"Lo viste en Los Pol\u00edticos\",\"@id\":\"https:\\\/\\\/lospoliticosveracruz.com\\\/#\\\/schema\\\/person\\\/b8702bb0e538456e6efd07080bf2a4a2\"},\"headline\":\"Simona, la ahorradora\",\"datePublished\":\"2021-09-10T23:22:48+00:00\",\"dateModified\":\"2021-09-10T23:22:51+00:00\",\"mainEntityOfPage\":{\"@id\":\"https:\\\/\\\/lospoliticosveracruz.com\\\/?p=79298\"},\"wordCount\":768,\"publisher\":{\"@id\":\"https:\\\/\\\/lospoliticosveracruz.com\\\/#organization\"},\"image\":{\"@id\":\"https:\\\/\\\/lospoliticosveracruz.com\\\/?p=79298#primaryimage\"},\"thumbnailUrl\":\"https:\\\/\\\/lospoliticosveracruz.com.mx\\\/wp-content\\\/uploads\\\/2021\\\/09\\\/Varadero-576x1024.jpeg\",\"keywords\":[\"Cajas de ahorro\",\"cooperativa de mujeres\",\"cr\u00e9ditos\",\"Inegi\",\"Teresa Carbajal\"],\"articleSection\":[\"De Opini\u00f3n\"],\"inLanguage\":\"es\"},{\"@type\":\"WebPage\",\"@id\":\"https:\\\/\\\/lospoliticosveracruz.com\\\/?p=79298\",\"url\":\"https:\\\/\\\/lospoliticosveracruz.com\\\/?p=79298\",\"name\":\"Simona, la ahorradora - Los pol\u00edticos Veracruz\",\"isPartOf\":{\"@id\":\"https:\\\/\\\/lospoliticosveracruz.com\\\/#website\"},\"primaryImageOfPage\":{\"@id\":\"https:\\\/\\\/lospoliticosveracruz.com\\\/?p=79298#primaryimage\"},\"image\":{\"@id\":\"https:\\\/\\\/lospoliticosveracruz.com\\\/?p=79298#primaryimage\"},\"thumbnailUrl\":\"https:\\\/\\\/lospoliticosveracruz.com.mx\\\/wp-content\\\/uploads\\\/2021\\\/09\\\/Varadero-576x1024.jpeg\",\"datePublished\":\"2021-09-10T23:22:48+00:00\",\"dateModified\":\"2021-09-10T23:22:51+00:00\",\"breadcrumb\":{\"@id\":\"https:\\\/\\\/lospoliticosveracruz.com\\\/?p=79298#breadcrumb\"},\"inLanguage\":\"es\",\"potentialAction\":[{\"@type\":\"ReadAction\",\"target\":[\"https:\\\/\\\/lospoliticosveracruz.com\\\/?p=79298\"]}]},{\"@type\":\"ImageObject\",\"inLanguage\":\"es\",\"@id\":\"https:\\\/\\\/lospoliticosveracruz.com\\\/?p=79298#primaryimage\",\"url\":\"https:\\\/\\\/lospoliticosveracruz.com.mx\\\/wp-content\\\/uploads\\\/2021\\\/09\\\/Varadero-576x1024.jpeg\",\"contentUrl\":\"https:\\\/\\\/lospoliticosveracruz.com.mx\\\/wp-content\\\/uploads\\\/2021\\\/09\\\/Varadero-576x1024.jpeg\"},{\"@type\":\"BreadcrumbList\",\"@id\":\"https:\\\/\\\/lospoliticosveracruz.com\\\/?p=79298#breadcrumb\",\"itemListElement\":[{\"@type\":\"ListItem\",\"position\":1,\"name\":\"Portada\",\"item\":\"https:\\\/\\\/lospoliticosveracruz.com\\\/\"},{\"@type\":\"ListItem\",\"position\":2,\"name\":\"Simona, la ahorradora\"}]},{\"@type\":\"WebSite\",\"@id\":\"https:\\\/\\\/lospoliticosveracruz.com\\\/#website\",\"url\":\"https:\\\/\\\/lospoliticosveracruz.com\\\/\",\"name\":\"Los pol\u00edticos Veracruz\",\"description\":\"\",\"publisher\":{\"@id\":\"https:\\\/\\\/lospoliticosveracruz.com\\\/#organization\"},\"potentialAction\":[{\"@type\":\"SearchAction\",\"target\":{\"@type\":\"EntryPoint\",\"urlTemplate\":\"https:\\\/\\\/lospoliticosveracruz.com\\\/?s={search_term_string}\"},\"query-input\":{\"@type\":\"PropertyValueSpecification\",\"valueRequired\":true,\"valueName\":\"search_term_string\"}}],\"inLanguage\":\"es\"},{\"@type\":\"Organization\",\"@id\":\"https:\\\/\\\/lospoliticosveracruz.com\\\/#organization\",\"name\":\"Los pol\u00edticos Veracruz\",\"url\":\"https:\\\/\\\/lospoliticosveracruz.com\\\/\",\"logo\":{\"@type\":\"ImageObject\",\"inLanguage\":\"es\",\"@id\":\"https:\\\/\\\/lospoliticosveracruz.com\\\/#\\\/schema\\\/logo\\\/image\\\/\",\"url\":\"https:\\\/\\\/lospoliticosveracruz.com\\\/wp-content\\\/uploads\\\/2025\\\/12\\\/Logo-Nuevo-LOS-POLITICOS-1.jpg\",\"contentUrl\":\"https:\\\/\\\/lospoliticosveracruz.com\\\/wp-content\\\/uploads\\\/2025\\\/12\\\/Logo-Nuevo-LOS-POLITICOS-1.jpg\",\"width\":260,\"height\":70,\"caption\":\"Los pol\u00edticos Veracruz\"},\"image\":{\"@id\":\"https:\\\/\\\/lospoliticosveracruz.com\\\/#\\\/schema\\\/logo\\\/image\\\/\"},\"sameAs\":[\"https:\\\/\\\/www.facebook.com\\\/people\\\/Notimemes-de-los-Polticos\\\/61565672886568\\\/\",\"https:\\\/\\\/x.com\\\/LosPoliticosVer\"]},{\"@type\":\"Person\",\"@id\":\"https:\\\/\\\/lospoliticosveracruz.com\\\/#\\\/schema\\\/person\\\/b8702bb0e538456e6efd07080bf2a4a2\",\"name\":\"Lo viste en Los Pol\u00edticos\",\"image\":{\"@type\":\"ImageObject\",\"inLanguage\":\"es\",\"@id\":\"https:\\\/\\\/secure.gravatar.com\\\/avatar\\\/3a8de04a2656d44082be478bd6c086daa447c4651605818287b9532d3d0bd435?s=96&d=mm&r=g\",\"url\":\"https:\\\/\\\/secure.gravatar.com\\\/avatar\\\/3a8de04a2656d44082be478bd6c086daa447c4651605818287b9532d3d0bd435?s=96&d=mm&r=g\",\"contentUrl\":\"https:\\\/\\\/secure.gravatar.com\\\/avatar\\\/3a8de04a2656d44082be478bd6c086daa447c4651605818287b9532d3d0bd435?s=96&d=mm&r=g\",\"caption\":\"Lo viste en Los Pol\u00edticos\"},\"url\":\"https:\\\/\\\/lospoliticosveracruz.com\\\/?author=2\"}]}<\/script>\n<!-- \/ Yoast SEO plugin. -->","yoast_head_json":{"title":"Simona, la ahorradora - Los pol\u00edticos Veracruz","robots":{"index":"index","follow":"follow","max-snippet":"max-snippet:-1","max-image-preview":"max-image-preview:large","max-video-preview":"max-video-preview:-1"},"canonical":"https:\/\/lospoliticosveracruz.com\/?p=79298","og_locale":"es_ES","og_type":"article","og_title":"Simona, la ahorradora - Los pol\u00edticos Veracruz","og_description":"Teresa Carbajal Debo, no niego; pago, lo justo El ahorro y cr\u00e9dito popular seguir\u00e1 siendo un sue\u00f1o en este pa\u00eds, mientras no se tenga una regulaci\u00f3n legal vasta que ponga l\u00edmites al lucro que en los hechos obtienen las cajas, por prestar a los m\u00e1s pobres su propio dinero.Con datos del Instituto Nacional de Estad\u00edstica [&hellip;]","og_url":"https:\/\/lospoliticosveracruz.com\/?p=79298","og_site_name":"Los pol\u00edticos Veracruz","article_publisher":"https:\/\/www.facebook.com\/people\/Notimemes-de-los-Polticos\/61565672886568\/","article_published_time":"2021-09-10T23:22:48+00:00","article_modified_time":"2021-09-10T23:22:51+00:00","og_image":[{"url":"https:\/\/lospoliticosveracruz.com.mx\/wp-content\/uploads\/2021\/09\/Varadero-576x1024.jpeg","type":"","width":"","height":""}],"author":"Lo viste en Los Pol\u00edticos","twitter_card":"summary_large_image","twitter_creator":"@LosPoliticosVer","twitter_site":"@LosPoliticosVer","twitter_misc":{"Escrito por":"Lo viste en Los Pol\u00edticos","Tiempo de lectura":"4 minutos"},"schema":{"@context":"https:\/\/schema.org","@graph":[{"@type":"Article","@id":"https:\/\/lospoliticosveracruz.com\/?p=79298#article","isPartOf":{"@id":"https:\/\/lospoliticosveracruz.com\/?p=79298"},"author":{"name":"Lo viste en Los Pol\u00edticos","@id":"https:\/\/lospoliticosveracruz.com\/#\/schema\/person\/b8702bb0e538456e6efd07080bf2a4a2"},"headline":"Simona, la ahorradora","datePublished":"2021-09-10T23:22:48+00:00","dateModified":"2021-09-10T23:22:51+00:00","mainEntityOfPage":{"@id":"https:\/\/lospoliticosveracruz.com\/?p=79298"},"wordCount":768,"publisher":{"@id":"https:\/\/lospoliticosveracruz.com\/#organization"},"image":{"@id":"https:\/\/lospoliticosveracruz.com\/?p=79298#primaryimage"},"thumbnailUrl":"https:\/\/lospoliticosveracruz.com.mx\/wp-content\/uploads\/2021\/09\/Varadero-576x1024.jpeg","keywords":["Cajas de ahorro","cooperativa de mujeres","cr\u00e9ditos","Inegi","Teresa Carbajal"],"articleSection":["De Opini\u00f3n"],"inLanguage":"es"},{"@type":"WebPage","@id":"https:\/\/lospoliticosveracruz.com\/?p=79298","url":"https:\/\/lospoliticosveracruz.com\/?p=79298","name":"Simona, la ahorradora - Los pol\u00edticos Veracruz","isPartOf":{"@id":"https:\/\/lospoliticosveracruz.com\/#website"},"primaryImageOfPage":{"@id":"https:\/\/lospoliticosveracruz.com\/?p=79298#primaryimage"},"image":{"@id":"https:\/\/lospoliticosveracruz.com\/?p=79298#primaryimage"},"thumbnailUrl":"https:\/\/lospoliticosveracruz.com.mx\/wp-content\/uploads\/2021\/09\/Varadero-576x1024.jpeg","datePublished":"2021-09-10T23:22:48+00:00","dateModified":"2021-09-10T23:22:51+00:00","breadcrumb":{"@id":"https:\/\/lospoliticosveracruz.com\/?p=79298#breadcrumb"},"inLanguage":"es","potentialAction":[{"@type":"ReadAction","target":["https:\/\/lospoliticosveracruz.com\/?p=79298"]}]},{"@type":"ImageObject","inLanguage":"es","@id":"https:\/\/lospoliticosveracruz.com\/?p=79298#primaryimage","url":"https:\/\/lospoliticosveracruz.com.mx\/wp-content\/uploads\/2021\/09\/Varadero-576x1024.jpeg","contentUrl":"https:\/\/lospoliticosveracruz.com.mx\/wp-content\/uploads\/2021\/09\/Varadero-576x1024.jpeg"},{"@type":"BreadcrumbList","@id":"https:\/\/lospoliticosveracruz.com\/?p=79298#breadcrumb","itemListElement":[{"@type":"ListItem","position":1,"name":"Portada","item":"https:\/\/lospoliticosveracruz.com\/"},{"@type":"ListItem","position":2,"name":"Simona, la ahorradora"}]},{"@type":"WebSite","@id":"https:\/\/lospoliticosveracruz.com\/#website","url":"https:\/\/lospoliticosveracruz.com\/","name":"Los pol\u00edticos Veracruz","description":"","publisher":{"@id":"https:\/\/lospoliticosveracruz.com\/#organization"},"potentialAction":[{"@type":"SearchAction","target":{"@type":"EntryPoint","urlTemplate":"https:\/\/lospoliticosveracruz.com\/?s={search_term_string}"},"query-input":{"@type":"PropertyValueSpecification","valueRequired":true,"valueName":"search_term_string"}}],"inLanguage":"es"},{"@type":"Organization","@id":"https:\/\/lospoliticosveracruz.com\/#organization","name":"Los pol\u00edticos Veracruz","url":"https:\/\/lospoliticosveracruz.com\/","logo":{"@type":"ImageObject","inLanguage":"es","@id":"https:\/\/lospoliticosveracruz.com\/#\/schema\/logo\/image\/","url":"https:\/\/lospoliticosveracruz.com\/wp-content\/uploads\/2025\/12\/Logo-Nuevo-LOS-POLITICOS-1.jpg","contentUrl":"https:\/\/lospoliticosveracruz.com\/wp-content\/uploads\/2025\/12\/Logo-Nuevo-LOS-POLITICOS-1.jpg","width":260,"height":70,"caption":"Los pol\u00edticos Veracruz"},"image":{"@id":"https:\/\/lospoliticosveracruz.com\/#\/schema\/logo\/image\/"},"sameAs":["https:\/\/www.facebook.com\/people\/Notimemes-de-los-Polticos\/61565672886568\/","https:\/\/x.com\/LosPoliticosVer"]},{"@type":"Person","@id":"https:\/\/lospoliticosveracruz.com\/#\/schema\/person\/b8702bb0e538456e6efd07080bf2a4a2","name":"Lo viste en Los Pol\u00edticos","image":{"@type":"ImageObject","inLanguage":"es","@id":"https:\/\/secure.gravatar.com\/avatar\/3a8de04a2656d44082be478bd6c086daa447c4651605818287b9532d3d0bd435?s=96&d=mm&r=g","url":"https:\/\/secure.gravatar.com\/avatar\/3a8de04a2656d44082be478bd6c086daa447c4651605818287b9532d3d0bd435?s=96&d=mm&r=g","contentUrl":"https:\/\/secure.gravatar.com\/avatar\/3a8de04a2656d44082be478bd6c086daa447c4651605818287b9532d3d0bd435?s=96&d=mm&r=g","caption":"Lo viste en Los Pol\u00edticos"},"url":"https:\/\/lospoliticosveracruz.com\/?author=2"}]}},"_links":{"self":[{"href":"https:\/\/lospoliticosveracruz.com\/index.php?rest_route=\/wp\/v2\/posts\/79298","targetHints":{"allow":["GET"]}}],"collection":[{"href":"https:\/\/lospoliticosveracruz.com\/index.php?rest_route=\/wp\/v2\/posts"}],"about":[{"href":"https:\/\/lospoliticosveracruz.com\/index.php?rest_route=\/wp\/v2\/types\/post"}],"author":[{"embeddable":true,"href":"https:\/\/lospoliticosveracruz.com\/index.php?rest_route=\/wp\/v2\/users\/2"}],"replies":[{"embeddable":true,"href":"https:\/\/lospoliticosveracruz.com\/index.php?rest_route=%2Fwp%2Fv2%2Fcomments&post=79298"}],"version-history":[{"count":1,"href":"https:\/\/lospoliticosveracruz.com\/index.php?rest_route=\/wp\/v2\/posts\/79298\/revisions"}],"predecessor-version":[{"id":79300,"href":"https:\/\/lospoliticosveracruz.com\/index.php?rest_route=\/wp\/v2\/posts\/79298\/revisions\/79300"}],"wp:attachment":[{"href":"https:\/\/lospoliticosveracruz.com\/index.php?rest_route=%2Fwp%2Fv2%2Fmedia&parent=79298"}],"wp:term":[{"taxonomy":"category","embeddable":true,"href":"https:\/\/lospoliticosveracruz.com\/index.php?rest_route=%2Fwp%2Fv2%2Fcategories&post=79298"},{"taxonomy":"post_tag","embeddable":true,"href":"https:\/\/lospoliticosveracruz.com\/index.php?rest_route=%2Fwp%2Fv2%2Ftags&post=79298"}],"curies":[{"name":"wp","href":"https:\/\/api.w.org\/{rel}","templated":true}]}}