{"id":79315,"date":"2021-09-11T12:14:10","date_gmt":"2021-09-11T17:14:10","guid":{"rendered":"https:\/\/lospoliticosveracruz.com.mx\/?p=79315"},"modified":"2021-09-11T12:14:13","modified_gmt":"2021-09-11T17:14:13","slug":"la-juventud-fortalece-transformacion-del-pri-marlon","status":"publish","type":"post","link":"https:\/\/lospoliticosveracruz.com\/?p=79315","title":{"rendered":"La juventud fortalece transformaci\u00f3n del PRI: Marlon"},"content":{"rendered":"\n<p><strong>Xalapa<\/strong><br>La capacidad, lealtad y el trabajo de las mujeres y hombres j\u00f3venes, fortalecen la transformaci\u00f3n del Partido Revolucionario Institucional, la nueva generaci\u00f3n, se enfila a enfrentar con decisi\u00f3n y firmeza, los pr\u00f3ximos procesos electorales en la entidad y en el pa\u00eds, afirm\u00f3, Marlon Ram\u00edrez Mar\u00edn, presidente del Comit\u00e9 Directivo Estatal (CDE) del PRI en Veracruz.<\/p>\n\n\n\n<p>En reuni\u00f3n con dirigentes y representantes de organismos juveniles, el presidente del CDE, present\u00f3 un informe relativo a los recientes procesos electorales, en el que detall\u00f3 aspectos de las acciones realizadas y los resultados obtenidos.<\/p>\n\n\n\n<p>Acompa\u00f1ado de la secretaria general del CDE, Arianna Angeles Aguirre, destac\u00f3 que se seguir\u00e1 trabajando en la renovaci\u00f3n de cuadros juveniles a nivel estatal, en la renovaci\u00f3n de comit\u00e9s municipales y en las diferentes \u00e1reas del partido.<\/p>\n\n\n\n<p>La estructura partidista continuar\u00e1 fortaleci\u00e9ndose con talento joven, con miras a la elecci\u00f3n del 2024, en la que se renovar\u00e1 la presidencia de la Rep\u00fablica, las senadur\u00edas, las diputaciones federales, la gubernatura de Veracruz, y las diputaciones locales.<\/p>\n\n\n\n<p>Despu\u00e9s de haber servido al partido, realizando estructura electoral, y llevando a cabo promoci\u00f3n y activismo, hoy con toda legitimidad, los j\u00f3venes pueden levantar la mano para aspirar a mejores cargos, incluso, a puestos de direcci\u00f3n y liderazgo en el partido a nivel estatal y nacional, qued\u00f3 asentado en la reuni\u00f3n.<\/p>\n\n\n\n<p>Cabe destacar que, desde la llegada de la actual dirigencia, mujeres y hombres j\u00f3venes han asumido cargos y representaciones en distintas \u00e1reas y responsabilidades partidistas, alrededor del 50 por ciento de los comit\u00e9s municipales del partido, tienen en su presidencia y secretar\u00eda general a j\u00f3venes, de igual forma, accedieron a espacios para participar en las precandidaturas y candidaturas en el reciente proceso electoral.<\/p>\n\n\n\n<p>Marlon Ram\u00edrez Mar\u00edn, detall\u00f3 que la actual dirigencia, ha recibido la menor cantidad de multas en la historia del PRI de Veracruz desde que se inici\u00f3 su aplicaci\u00f3n por parte del INE, \u201cy con datos de transparencia, les puedo asegurar que tambi\u00e9n somos la dirigencia con mayor claridad en nuestros tr\u00e1mites administrativos.\u201d<\/p>\n\n\n\n<p>Refiri\u00f3 que, a\u00fan con el descuento en las prerrogativas del partido, aplicado mientras estuvo vigente la reforma electoral que este gobierno impuls\u00f3, se logr\u00f3 mantener y aumentar la votaci\u00f3n en bastiones importantes, adem\u00e1s, llevar hasta la \u00faltima instancia la controversia constitucional que derog\u00f3 la mal llamada reforma electoral, que m\u00e1s bien fue un atentado a la democracia.<\/p>\n\n\n\n<p>\u201cEn este contexto, esta dirigencia les exige a ustedes como nuestro relevo generacional, que honren al partido en su actuaci\u00f3n como funcionarios p\u00fablicos y l\u00edderes pol\u00edticos, pero, sobre todo, que honren su fama p\u00fablica y el nombre que sus padres les heredaron y que ustedes le heredar\u00e1n a sus hijos, que sigan el ejemplo de quienes hemos levantado la voz en contra de las injusticias y las malas decisiones de esta administraci\u00f3n.\u201d<\/p>\n\n\n\n<p>\u201cSean cr\u00edticos con fundamento, debatan con datos duros, denuncien con pruebas, y sumen sus esfuerzos a todos los partidos e incluso a los gobiernos, cuando lo que propongan sea de beneficio y no de perjuicio a los veracruzanos, pero nunca se queden callados, porque su honestidad y trabajo los avala, sigan prepar\u00e1ndose y sean funcionarios p\u00fablicos eficaces, cercanos a la gente y responsables de sus actos\u00bb, dijo.<\/p>\n\n\n\n<p>Participaron en el encuentro: Carlos Rugerio Mart\u00ednez, dirigente de la Red de J\u00f3venes por M\u00e9xico, y regidor electo por Xalapa; N\u00e9stor Sosa Pe\u00f1a, presidente municipal electo de Chontla; Mario Ch\u00e1vez Su\u00e1rez, presidente del Comit\u00e9 Municipal de Paso del Macho; Roc\u00edo Hagmaier Espinoza, secretaria general del Comit\u00e9 Municipal Xalapa; Nadia Fernanda Ram\u00edrez Pineda, ex candidata a la diputaci\u00f3n local por Poza Rica; Sheyla Jara Balcazar, presidenta de la Red Juventud Popular de la CNOP en Veracruz; y Enrique Mendoza Ruiz, candidato a diputado local plurinominal.<\/p>\n\n\n\n<p>De igual forma, Katya Ortiz, candidata a la presidencia municipal de Boca del R\u00edo; Nemesio Dom\u00ednguez, s\u00edndico electo en Santiago Tuxtla; Jordi Hern\u00e1ndez Cejudo, secretario de Organizaci\u00f3n de la Red de J\u00f3venes por M\u00e9xico en Veracruz; Yessenia Gallardo Castillo, dirigente estatal de Expresi\u00f3n Juvenil Revolucionaria Veracruz; Aurora F\u00e1tima Mendoza Arcos, coordinadora estatal de Juventud Territorial; Alan Rivera, ex dirigente estatal de Juventud Territorial; Rodrigo Octavio M\u00e1rquez Garc\u00eda, delegado regional en Poza Rica; Gerardo Meunier, delegado Regional en \u00c1lamo.<\/p>\n\n\n\n<p>Tambi\u00e9n, Jorge Meade Ocaranza, delegado del CEN del PRI en Veracruz; Carlos Aceves Amezcua, secretario T\u00e9cnico del Consejo Pol\u00edtico Estatal; Ira\u00eds Morales Ju\u00e1rez, secretaria de Finanzas del CDE; Fabricio Cano, secretario de Ecolog\u00eda y Medio Ambiente; Fernando Kuri Kuri, secretario de Acci\u00f3n Electoral; Ram\u00f3n Alberto Reyes Viveros, secretario de Comunicaci\u00f3n Institucional y Estrategia; Ivett Leyva Eufrasio, contralora general; Arturo Jaramillo, secretario t\u00e9cnico del CDE; Erubiel Mendoza Hern\u00e1ndez, secretario Jur\u00eddico y Transparencia; C\u00e9sar Omar Rojas Adad, subsecretario de Operaci\u00f3n Pol\u00edtica.<\/p>\n","protected":false},"excerpt":{"rendered":"<p>XalapaLa capacidad, lealtad y el trabajo de las mujeres y hombres j\u00f3venes, fortalecen la transformaci\u00f3n del Partido Revolucionario Institucional, la nueva generaci\u00f3n, se enfila a enfrentar con decisi\u00f3n y firmeza, los pr\u00f3ximos procesos electorales en la entidad y en el pa\u00eds, afirm\u00f3, Marlon Ram\u00edrez Mar\u00edn, presidente del Comit\u00e9 Directivo Estatal (CDE) del PRI en Veracruz. [&hellip;]<\/p>\n","protected":false},"author":2,"featured_media":0,"comment_status":"closed","ping_status":"closed","sticky":false,"template":"","format":"standard","meta":{"tdm_status":"","tdm_grid_status":"","footnotes":""},"categories":[73],"tags":[3914,9014,554,30365,2908,30364,251,20392,30366],"class_list":{"0":"post-79315","1":"post","2":"type-post","3":"status-publish","4":"format-standard","6":"category-de-boleto","7":"tag-cde-del-pri","8":"tag-enrique-mendoza-ruiz","9":"tag-ine","10":"tag-mario-chavez-suarez","11":"tag-marlon-ramirez-marin","12":"tag-nestor-sosa-pena","13":"tag-pri","14":"tag-rocio-hagmaier-espinoza","15":"tag-sheyla-jara-balcazar-2"},"yoast_head":"<!-- This site is optimized with the Yoast SEO plugin v27.4 - https:\/\/yoast.com\/product\/yoast-seo-wordpress\/ -->\n<title>La juventud fortalece transformaci\u00f3n del PRI: Marlon - Los pol\u00edticos Veracruz<\/title>\n<meta name=\"robots\" content=\"index, follow, max-snippet:-1, max-image-preview:large, max-video-preview:-1\" \/>\n<link rel=\"canonical\" href=\"https:\/\/lospoliticosveracruz.com\/?p=79315\" \/>\n<meta property=\"og:locale\" content=\"es_ES\" \/>\n<meta property=\"og:type\" content=\"article\" \/>\n<meta property=\"og:title\" content=\"La juventud fortalece transformaci\u00f3n del PRI: Marlon - Los pol\u00edticos Veracruz\" \/>\n<meta property=\"og:description\" content=\"XalapaLa capacidad, lealtad y el trabajo de las mujeres y hombres j\u00f3venes, fortalecen la transformaci\u00f3n del Partido Revolucionario Institucional, la nueva generaci\u00f3n, se enfila a enfrentar con decisi\u00f3n y firmeza, los pr\u00f3ximos procesos electorales en la entidad y en el pa\u00eds, afirm\u00f3, Marlon Ram\u00edrez Mar\u00edn, presidente del Comit\u00e9 Directivo Estatal (CDE) del PRI en Veracruz. [&hellip;]\" \/>\n<meta property=\"og:url\" content=\"https:\/\/lospoliticosveracruz.com\/?p=79315\" \/>\n<meta property=\"og:site_name\" content=\"Los pol\u00edticos Veracruz\" \/>\n<meta property=\"article:publisher\" content=\"https:\/\/www.facebook.com\/people\/Notimemes-de-los-Polticos\/61565672886568\/\" \/>\n<meta property=\"article:published_time\" content=\"2021-09-11T17:14:10+00:00\" \/>\n<meta property=\"article:modified_time\" content=\"2021-09-11T17:14:13+00:00\" \/>\n<meta property=\"og:image\" content=\"https:\/\/lospoliticosveracruz.com\/wp-content\/uploads\/2016\/07\/Logo-Dor.jpg\" \/>\n\t<meta property=\"og:image:width\" content=\"200\" \/>\n\t<meta property=\"og:image:height\" content=\"200\" \/>\n\t<meta property=\"og:image:type\" content=\"image\/jpeg\" \/>\n<meta name=\"author\" content=\"Lo viste en Los Pol\u00edticos\" \/>\n<meta name=\"twitter:card\" content=\"summary_large_image\" \/>\n<meta name=\"twitter:creator\" content=\"@LosPoliticosVer\" \/>\n<meta name=\"twitter:site\" content=\"@LosPoliticosVer\" \/>\n<meta name=\"twitter:label1\" content=\"Escrito por\" \/>\n\t<meta name=\"twitter:data1\" content=\"Lo viste en Los Pol\u00edticos\" \/>\n\t<meta name=\"twitter:label2\" content=\"Tiempo de lectura\" \/>\n\t<meta name=\"twitter:data2\" content=\"4 minutos\" \/>\n<script type=\"application\/ld+json\" class=\"yoast-schema-graph\">{\"@context\":\"https:\\\/\\\/schema.org\",\"@graph\":[{\"@type\":\"Article\",\"@id\":\"https:\\\/\\\/lospoliticosveracruz.com\\\/?p=79315#article\",\"isPartOf\":{\"@id\":\"https:\\\/\\\/lospoliticosveracruz.com\\\/?p=79315\"},\"author\":{\"name\":\"Lo viste en Los Pol\u00edticos\",\"@id\":\"https:\\\/\\\/lospoliticosveracruz.com\\\/#\\\/schema\\\/person\\\/b8702bb0e538456e6efd07080bf2a4a2\"},\"headline\":\"La juventud fortalece transformaci\u00f3n del PRI: Marlon\",\"datePublished\":\"2021-09-11T17:14:10+00:00\",\"dateModified\":\"2021-09-11T17:14:13+00:00\",\"mainEntityOfPage\":{\"@id\":\"https:\\\/\\\/lospoliticosveracruz.com\\\/?p=79315\"},\"wordCount\":856,\"publisher\":{\"@id\":\"https:\\\/\\\/lospoliticosveracruz.com\\\/#organization\"},\"keywords\":[\"CDE del PRI\",\"Enrique Mendoza Ruiz\",\"INE\",\"Mario Ch\u00e1vez Su\u00e1rez\",\"Marlon Ram\u00edrez Mar\u00edn\",\"N\u00e9stor Sosa Pe\u00f1a\",\"PRI\",\"Roc\u00edo Hagmaier Espinoza\",\"Sheyla Jara Balcazar\"],\"articleSection\":[\"De Boleto\"],\"inLanguage\":\"es\"},{\"@type\":\"WebPage\",\"@id\":\"https:\\\/\\\/lospoliticosveracruz.com\\\/?p=79315\",\"url\":\"https:\\\/\\\/lospoliticosveracruz.com\\\/?p=79315\",\"name\":\"La juventud fortalece transformaci\u00f3n del PRI: Marlon - Los pol\u00edticos Veracruz\",\"isPartOf\":{\"@id\":\"https:\\\/\\\/lospoliticosveracruz.com\\\/#website\"},\"datePublished\":\"2021-09-11T17:14:10+00:00\",\"dateModified\":\"2021-09-11T17:14:13+00:00\",\"breadcrumb\":{\"@id\":\"https:\\\/\\\/lospoliticosveracruz.com\\\/?p=79315#breadcrumb\"},\"inLanguage\":\"es\",\"potentialAction\":[{\"@type\":\"ReadAction\",\"target\":[\"https:\\\/\\\/lospoliticosveracruz.com\\\/?p=79315\"]}]},{\"@type\":\"BreadcrumbList\",\"@id\":\"https:\\\/\\\/lospoliticosveracruz.com\\\/?p=79315#breadcrumb\",\"itemListElement\":[{\"@type\":\"ListItem\",\"position\":1,\"name\":\"Portada\",\"item\":\"https:\\\/\\\/lospoliticosveracruz.com\\\/\"},{\"@type\":\"ListItem\",\"position\":2,\"name\":\"La juventud fortalece transformaci\u00f3n del PRI: Marlon\"}]},{\"@type\":\"WebSite\",\"@id\":\"https:\\\/\\\/lospoliticosveracruz.com\\\/#website\",\"url\":\"https:\\\/\\\/lospoliticosveracruz.com\\\/\",\"name\":\"Los pol\u00edticos Veracruz\",\"description\":\"\",\"publisher\":{\"@id\":\"https:\\\/\\\/lospoliticosveracruz.com\\\/#organization\"},\"potentialAction\":[{\"@type\":\"SearchAction\",\"target\":{\"@type\":\"EntryPoint\",\"urlTemplate\":\"https:\\\/\\\/lospoliticosveracruz.com\\\/?s={search_term_string}\"},\"query-input\":{\"@type\":\"PropertyValueSpecification\",\"valueRequired\":true,\"valueName\":\"search_term_string\"}}],\"inLanguage\":\"es\"},{\"@type\":\"Organization\",\"@id\":\"https:\\\/\\\/lospoliticosveracruz.com\\\/#organization\",\"name\":\"Los pol\u00edticos Veracruz\",\"url\":\"https:\\\/\\\/lospoliticosveracruz.com\\\/\",\"logo\":{\"@type\":\"ImageObject\",\"inLanguage\":\"es\",\"@id\":\"https:\\\/\\\/lospoliticosveracruz.com\\\/#\\\/schema\\\/logo\\\/image\\\/\",\"url\":\"https:\\\/\\\/lospoliticosveracruz.com\\\/wp-content\\\/uploads\\\/2025\\\/12\\\/Logo-Nuevo-LOS-POLITICOS-1.jpg\",\"contentUrl\":\"https:\\\/\\\/lospoliticosveracruz.com\\\/wp-content\\\/uploads\\\/2025\\\/12\\\/Logo-Nuevo-LOS-POLITICOS-1.jpg\",\"width\":260,\"height\":70,\"caption\":\"Los pol\u00edticos Veracruz\"},\"image\":{\"@id\":\"https:\\\/\\\/lospoliticosveracruz.com\\\/#\\\/schema\\\/logo\\\/image\\\/\"},\"sameAs\":[\"https:\\\/\\\/www.facebook.com\\\/people\\\/Notimemes-de-los-Polticos\\\/61565672886568\\\/\",\"https:\\\/\\\/x.com\\\/LosPoliticosVer\"]},{\"@type\":\"Person\",\"@id\":\"https:\\\/\\\/lospoliticosveracruz.com\\\/#\\\/schema\\\/person\\\/b8702bb0e538456e6efd07080bf2a4a2\",\"name\":\"Lo viste en Los Pol\u00edticos\",\"image\":{\"@type\":\"ImageObject\",\"inLanguage\":\"es\",\"@id\":\"https:\\\/\\\/secure.gravatar.com\\\/avatar\\\/3a8de04a2656d44082be478bd6c086daa447c4651605818287b9532d3d0bd435?s=96&d=mm&r=g\",\"url\":\"https:\\\/\\\/secure.gravatar.com\\\/avatar\\\/3a8de04a2656d44082be478bd6c086daa447c4651605818287b9532d3d0bd435?s=96&d=mm&r=g\",\"contentUrl\":\"https:\\\/\\\/secure.gravatar.com\\\/avatar\\\/3a8de04a2656d44082be478bd6c086daa447c4651605818287b9532d3d0bd435?s=96&d=mm&r=g\",\"caption\":\"Lo viste en Los Pol\u00edticos\"},\"url\":\"https:\\\/\\\/lospoliticosveracruz.com\\\/?author=2\"}]}<\/script>\n<!-- \/ Yoast SEO plugin. -->","yoast_head_json":{"title":"La juventud fortalece transformaci\u00f3n del PRI: Marlon - Los pol\u00edticos Veracruz","robots":{"index":"index","follow":"follow","max-snippet":"max-snippet:-1","max-image-preview":"max-image-preview:large","max-video-preview":"max-video-preview:-1"},"canonical":"https:\/\/lospoliticosveracruz.com\/?p=79315","og_locale":"es_ES","og_type":"article","og_title":"La juventud fortalece transformaci\u00f3n del PRI: Marlon - Los pol\u00edticos Veracruz","og_description":"XalapaLa capacidad, lealtad y el trabajo de las mujeres y hombres j\u00f3venes, fortalecen la transformaci\u00f3n del Partido Revolucionario Institucional, la nueva generaci\u00f3n, se enfila a enfrentar con decisi\u00f3n y firmeza, los pr\u00f3ximos procesos electorales en la entidad y en el pa\u00eds, afirm\u00f3, Marlon Ram\u00edrez Mar\u00edn, presidente del Comit\u00e9 Directivo Estatal (CDE) del PRI en Veracruz. [&hellip;]","og_url":"https:\/\/lospoliticosveracruz.com\/?p=79315","og_site_name":"Los pol\u00edticos Veracruz","article_publisher":"https:\/\/www.facebook.com\/people\/Notimemes-de-los-Polticos\/61565672886568\/","article_published_time":"2021-09-11T17:14:10+00:00","article_modified_time":"2021-09-11T17:14:13+00:00","og_image":[{"width":200,"height":200,"url":"https:\/\/lospoliticosveracruz.com\/wp-content\/uploads\/2016\/07\/Logo-Dor.jpg","type":"image\/jpeg"}],"author":"Lo viste en Los Pol\u00edticos","twitter_card":"summary_large_image","twitter_creator":"@LosPoliticosVer","twitter_site":"@LosPoliticosVer","twitter_misc":{"Escrito por":"Lo viste en Los Pol\u00edticos","Tiempo de lectura":"4 minutos"},"schema":{"@context":"https:\/\/schema.org","@graph":[{"@type":"Article","@id":"https:\/\/lospoliticosveracruz.com\/?p=79315#article","isPartOf":{"@id":"https:\/\/lospoliticosveracruz.com\/?p=79315"},"author":{"name":"Lo viste en Los Pol\u00edticos","@id":"https:\/\/lospoliticosveracruz.com\/#\/schema\/person\/b8702bb0e538456e6efd07080bf2a4a2"},"headline":"La juventud fortalece transformaci\u00f3n del PRI: Marlon","datePublished":"2021-09-11T17:14:10+00:00","dateModified":"2021-09-11T17:14:13+00:00","mainEntityOfPage":{"@id":"https:\/\/lospoliticosveracruz.com\/?p=79315"},"wordCount":856,"publisher":{"@id":"https:\/\/lospoliticosveracruz.com\/#organization"},"keywords":["CDE del PRI","Enrique Mendoza Ruiz","INE","Mario Ch\u00e1vez Su\u00e1rez","Marlon Ram\u00edrez Mar\u00edn","N\u00e9stor Sosa Pe\u00f1a","PRI","Roc\u00edo Hagmaier Espinoza","Sheyla Jara Balcazar"],"articleSection":["De Boleto"],"inLanguage":"es"},{"@type":"WebPage","@id":"https:\/\/lospoliticosveracruz.com\/?p=79315","url":"https:\/\/lospoliticosveracruz.com\/?p=79315","name":"La juventud fortalece transformaci\u00f3n del PRI: Marlon - Los pol\u00edticos Veracruz","isPartOf":{"@id":"https:\/\/lospoliticosveracruz.com\/#website"},"datePublished":"2021-09-11T17:14:10+00:00","dateModified":"2021-09-11T17:14:13+00:00","breadcrumb":{"@id":"https:\/\/lospoliticosveracruz.com\/?p=79315#breadcrumb"},"inLanguage":"es","potentialAction":[{"@type":"ReadAction","target":["https:\/\/lospoliticosveracruz.com\/?p=79315"]}]},{"@type":"BreadcrumbList","@id":"https:\/\/lospoliticosveracruz.com\/?p=79315#breadcrumb","itemListElement":[{"@type":"ListItem","position":1,"name":"Portada","item":"https:\/\/lospoliticosveracruz.com\/"},{"@type":"ListItem","position":2,"name":"La juventud fortalece transformaci\u00f3n del PRI: Marlon"}]},{"@type":"WebSite","@id":"https:\/\/lospoliticosveracruz.com\/#website","url":"https:\/\/lospoliticosveracruz.com\/","name":"Los pol\u00edticos Veracruz","description":"","publisher":{"@id":"https:\/\/lospoliticosveracruz.com\/#organization"},"potentialAction":[{"@type":"SearchAction","target":{"@type":"EntryPoint","urlTemplate":"https:\/\/lospoliticosveracruz.com\/?s={search_term_string}"},"query-input":{"@type":"PropertyValueSpecification","valueRequired":true,"valueName":"search_term_string"}}],"inLanguage":"es"},{"@type":"Organization","@id":"https:\/\/lospoliticosveracruz.com\/#organization","name":"Los pol\u00edticos Veracruz","url":"https:\/\/lospoliticosveracruz.com\/","logo":{"@type":"ImageObject","inLanguage":"es","@id":"https:\/\/lospoliticosveracruz.com\/#\/schema\/logo\/image\/","url":"https:\/\/lospoliticosveracruz.com\/wp-content\/uploads\/2025\/12\/Logo-Nuevo-LOS-POLITICOS-1.jpg","contentUrl":"https:\/\/lospoliticosveracruz.com\/wp-content\/uploads\/2025\/12\/Logo-Nuevo-LOS-POLITICOS-1.jpg","width":260,"height":70,"caption":"Los pol\u00edticos Veracruz"},"image":{"@id":"https:\/\/lospoliticosveracruz.com\/#\/schema\/logo\/image\/"},"sameAs":["https:\/\/www.facebook.com\/people\/Notimemes-de-los-Polticos\/61565672886568\/","https:\/\/x.com\/LosPoliticosVer"]},{"@type":"Person","@id":"https:\/\/lospoliticosveracruz.com\/#\/schema\/person\/b8702bb0e538456e6efd07080bf2a4a2","name":"Lo viste en Los Pol\u00edticos","image":{"@type":"ImageObject","inLanguage":"es","@id":"https:\/\/secure.gravatar.com\/avatar\/3a8de04a2656d44082be478bd6c086daa447c4651605818287b9532d3d0bd435?s=96&d=mm&r=g","url":"https:\/\/secure.gravatar.com\/avatar\/3a8de04a2656d44082be478bd6c086daa447c4651605818287b9532d3d0bd435?s=96&d=mm&r=g","contentUrl":"https:\/\/secure.gravatar.com\/avatar\/3a8de04a2656d44082be478bd6c086daa447c4651605818287b9532d3d0bd435?s=96&d=mm&r=g","caption":"Lo viste en Los Pol\u00edticos"},"url":"https:\/\/lospoliticosveracruz.com\/?author=2"}]}},"_links":{"self":[{"href":"https:\/\/lospoliticosveracruz.com\/index.php?rest_route=\/wp\/v2\/posts\/79315","targetHints":{"allow":["GET"]}}],"collection":[{"href":"https:\/\/lospoliticosveracruz.com\/index.php?rest_route=\/wp\/v2\/posts"}],"about":[{"href":"https:\/\/lospoliticosveracruz.com\/index.php?rest_route=\/wp\/v2\/types\/post"}],"author":[{"embeddable":true,"href":"https:\/\/lospoliticosveracruz.com\/index.php?rest_route=\/wp\/v2\/users\/2"}],"replies":[{"embeddable":true,"href":"https:\/\/lospoliticosveracruz.com\/index.php?rest_route=%2Fwp%2Fv2%2Fcomments&post=79315"}],"version-history":[{"count":1,"href":"https:\/\/lospoliticosveracruz.com\/index.php?rest_route=\/wp\/v2\/posts\/79315\/revisions"}],"predecessor-version":[{"id":79317,"href":"https:\/\/lospoliticosveracruz.com\/index.php?rest_route=\/wp\/v2\/posts\/79315\/revisions\/79317"}],"wp:attachment":[{"href":"https:\/\/lospoliticosveracruz.com\/index.php?rest_route=%2Fwp%2Fv2%2Fmedia&parent=79315"}],"wp:term":[{"taxonomy":"category","embeddable":true,"href":"https:\/\/lospoliticosveracruz.com\/index.php?rest_route=%2Fwp%2Fv2%2Fcategories&post=79315"},{"taxonomy":"post_tag","embeddable":true,"href":"https:\/\/lospoliticosveracruz.com\/index.php?rest_route=%2Fwp%2Fv2%2Ftags&post=79315"}],"curies":[{"name":"wp","href":"https:\/\/api.w.org\/{rel}","templated":true}]}}