{"id":79386,"date":"2021-09-13T13:16:13","date_gmt":"2021-09-13T18:16:13","guid":{"rendered":"https:\/\/lospoliticosveracruz.com.mx\/?p=79386"},"modified":"2021-09-13T13:16:16","modified_gmt":"2021-09-13T18:16:16","slug":"el-amiguismo-en-la-uv","status":"publish","type":"post","link":"https:\/\/lospoliticosveracruz.com\/?p=79386","title":{"rendered":"El amiguismo en la UV"},"content":{"rendered":"\n<p><\/p>\n\n\n\n<p><strong>Miguel Angel Cristiani Gonz\u00e1lez<br><\/strong><em>Bit\u00e1cora Pol\u00edtica<\/em><\/p>\n\n\n\n<p><em><br><\/em>Para quienes, a estas alturas del partido, todav\u00eda no se reponen del asombro por la designaci\u00f3n de Mart\u00edn Aguilar S\u00e1nchez, investigador del Instituto de Investigaciones Hist\u00f3rico-Sociales, como rector de la Universidad Veracruzana para el per\u00edodo 2021-2025, pues resulta que ahora en Radio Bemba se ha empezado a filtrar que la designaci\u00f3n del m\u00e1s importante funcionario en la M\u00e1xima Casa de Estudios, se debi\u00f3 a la recomendaci\u00f3n que hiciera la mism\u00edsima esposa del presidente Andr\u00e9s Manuel L\u00f3pez Obrador, Beatriz Guti\u00e9rrez M\u00fcller.<br>Desde que la Junta de Gobierno -responsable de la elecci\u00f3n del rector- anunci\u00f3 que \u201cpor unanimidad de votos de sus miembros, se hab\u00eda elegido a Mart\u00edn Aguilar S\u00e1nchez como sustituto de Deifilia Ladr\u00f3n de Guevara, comenz\u00f3 a parecer sospechosa, la \u201ccasualidad\u201d de que todos los miembros votaran a favor del que hasta esa fecha era un perfecto desconocido en la comunidad universitaria.<br>Unanimidad, como para que no se viera que no se estaba cumpliendo con la \u201crecomendaci\u00f3n\u201d<br>Apoco ninguno de los otros dos miembros de la terna finalista, logr\u00f3 convencer y demostrar a los miembros de ese cuerpo electoral, que era mejor candidato y merec\u00eda tener al menos un voto a favor.<br>\u00bf\u00a1Entonces, para que escoger y hacer p\u00fablica una terna de finalistas, si todos iban a votar por el investigador Chairo!?<br>Por favor.<br>No se sabe, a ciencia cierta, como ser\u00eda que la esposa del presidente de la rep\u00fablica -que tambi\u00e9n es historiadora y periodista- habr\u00eda \u201csugerido\u201d que Mart\u00edn Aguilar, un investigador del Instituto de Investigaciones Hist\u00f3rico-Sociales de la UV, sin ninguna experiencia administrativa de valor, era la mejor opci\u00f3n que se ten\u00eda para encabezar los destinos de la instituci\u00f3n.<br>Apenas el viernes pasado, coment\u00e1bamos en la Bit\u00e1cora Pol\u00edtica el hecho de que todav\u00eda hasta hace unos meses el presidente L\u00f3pez Obrador repet\u00eda sin cansancio \u201cque nunca se permita el amiguismo, el influyentismo y nepotismo. Ninguna de esas lacras de la pol\u00edtica. Morena debe ser faro de moralidad.\u201d<br>De acuerdo con la enciclopedia de Wikipedia, Amiguismo es ser parcial para con los amigos en la concesi\u00f3n de empleos y otras ventajas a personas de confianza, sin importar si est\u00e1n calificados. Por lo tanto el amiguismo es contrario en la pr\u00e1ctica y en principio con la meritocracia.<br>Por su parte, la Real Academia de la Lengua Espa\u00f1ola define amiguismo como \u201cTendencia y pr\u00e1ctica de favorecer a los amigos en perjuicio del mejor derecho de terceras personas.\u201d<br>De confirmarse la versi\u00f3n, ser\u00eda sumamente grave, porque no solo se estar\u00eda practicando el amiguismo en la M\u00e1xima Casa de Estudios, sino que se estar\u00eda violando la mism\u00edsima Autonom\u00eda Universitaria que tanto se enarbola.<br>Hay que apuntar que la llamada autonom\u00eda universitaria es la independencia pol\u00edtica y administrativa de una universidad p\u00fablica, respecto de factores externos.<br>El principio de autonom\u00eda universitaria sostiene que la universidad debe ser aut\u00f3noma y autogobernada, y que debe elegir sus propias autoridades sin injerencia del poder pol\u00edtico, decidiendo sus propios estatutos y programas de estudio.<br>Y es tan grave que se haya elegido al rector por amiguismo con el m\u00e1ximo poder pol\u00edtico, que estar\u00eda poniendo adem\u00e1s en evidencia, a la llamada Junta de Gobierno, que su funci\u00f3n primordial es precisamente la de recibir, analizar y decidir sobre las mejores candidaturas a la Rector\u00eda.<br>Tal vez ser\u00eda conveniente, el establecer otro sistema de elecci\u00f3n, que no dependa de unos cuantos notables, sino que participe toda la comunidad universitaria, directores de escuelas, facultades, institutos, centros de investigaci\u00f3n, docentes y alumnos, que de hecho, ya est\u00e1n representados en el Consejo Universitario.<br>Mientras tanto, el calendario sigue corriendo, ahora bajo la rector\u00eda de Mart\u00edn Aguilar S\u00e1nchez, que ya deber\u00eda de estar dando a conocer los cambios y los nombres de quienes habr\u00e1n de ocupar -adem\u00e1s de la secretar\u00eda administrativa y acad\u00e9mica que ya fueron nombradas por la Junta de Gobierno- los otros principales puestos y \u00e1reas de trabajo.<br>En principio, ya se hace notar la ausencia -hasta ahora solo son rumores- de quien ser\u00e1 el responsable de la Coordinaci\u00f3n de Comunicaci\u00f3n Social, que se supone debe de estar informando desde ya, de lo que est\u00e1 ocurriendo en la Universidad Veracruzana, la instituci\u00f3n de ense\u00f1anza superior m\u00e1s importante del Golfo de M\u00e9xico y de todo el sureste del pa\u00eds.<br>Sin haber sido nombrada oficialmente a\u00fan, hay quien ya se pasea por los pasillos de Rector\u00eda, presumiendo que ser\u00e1 la nueva Coordinadora de Comunicaci\u00f3n Social y advierte a quienes hasta hace unos d\u00edas eran sus amigos y compa\u00f1eros reporteros y de lucha por la libertad de expresi\u00f3n, \u201cque en la nueva administraci\u00f3n, no habr\u00e1 convenios con ning\u00fan medio de comunicaci\u00f3n\u201d.<br>Ser\u00eda bueno que alguien le explique a esa luchadora social, que la Universidad Veracruzana, no es una dependencia oficial del gobierno del estado y que precisamente, una de sus funciones primordiales es la de la difusi\u00f3n de la cultura, junto con la docencia y la investigaci\u00f3n.<br>Por eso es que en su lema se puede leer: Liz de Veracruz, arte, ciencia y luz.<br>Aprovechado el viaje, que tambi\u00e9n le expliquen que los medios de comunicaci\u00f3n, como con los que la UV debiera de tener convenios de publicidad para que en sus espacios le publiquen sus comunicados, son empresas privadas, que precisamente viven de eso, de vender espacios en sus respectivos medios.<br>Pero si ya de entrada est\u00e1n arribando al poder chairo izquierdista, mediante el cuatachismo y el amiguismo, que se supone es opuesto a las ideolog\u00edas o tendencias pol\u00edticas de derecha, pues ahora se puede esperar cualquier otra cosa.<br>As\u00ed las cosas, por falta de un adecuado flujo de informaci\u00f3n, seguir\u00e1 imperando la zozobra y la inquietud sobre los cambios, que se supone, debe de hacer el nuevo rector Mart\u00edn Aguilar S\u00e1nchez.<\/p>\n","protected":false},"excerpt":{"rendered":"<p>Miguel Angel Cristiani Gonz\u00e1lezBit\u00e1cora Pol\u00edtica Para quienes, a estas alturas del partido, todav\u00eda no se reponen del asombro por la designaci\u00f3n de Mart\u00edn Aguilar S\u00e1nchez, investigador del Instituto de Investigaciones Hist\u00f3rico-Sociales, como rector de la Universidad Veracruzana para el per\u00edodo 2021-2025, pues resulta que ahora en Radio Bemba se ha empezado a filtrar que la [&hellip;]<\/p>\n","protected":false},"author":2,"featured_media":0,"comment_status":"closed","ping_status":"closed","sticky":false,"template":"","format":"standard","meta":{"tdm_status":"","tdm_grid_status":"","footnotes":""},"categories":[70],"tags":[618,8261,29146,29917,29242,30377],"class_list":{"0":"post-79386","1":"post","2":"type-post","3":"status-publish","4":"format-standard","6":"category-de-opinion","7":"tag-andres-manuel-lopez-obrador","8":"tag-beatriz-gutierrez-muller","9":"tag-martin-aguilar-sanchez-2","10":"tag-miguel-angel-cristiani-gonzalez-2","11":"tag-rector-de-la-universidad-veracruzana","12":"tag-sara-deifilia-ladron-de-guevara"},"yoast_head":"<!-- This site is optimized with the Yoast SEO plugin v27.4 - https:\/\/yoast.com\/product\/yoast-seo-wordpress\/ -->\n<title>El amiguismo en la UV - Los pol\u00edticos Veracruz<\/title>\n<meta name=\"robots\" content=\"index, follow, max-snippet:-1, max-image-preview:large, max-video-preview:-1\" \/>\n<link rel=\"canonical\" href=\"https:\/\/lospoliticosveracruz.com\/?p=79386\" \/>\n<meta property=\"og:locale\" content=\"es_ES\" \/>\n<meta property=\"og:type\" content=\"article\" \/>\n<meta property=\"og:title\" content=\"El amiguismo en la UV - Los pol\u00edticos Veracruz\" \/>\n<meta property=\"og:description\" content=\"Miguel Angel Cristiani Gonz\u00e1lezBit\u00e1cora Pol\u00edtica Para quienes, a estas alturas del partido, todav\u00eda no se reponen del asombro por la designaci\u00f3n de Mart\u00edn Aguilar S\u00e1nchez, investigador del Instituto de Investigaciones Hist\u00f3rico-Sociales, como rector de la Universidad Veracruzana para el per\u00edodo 2021-2025, pues resulta que ahora en Radio Bemba se ha empezado a filtrar que la [&hellip;]\" \/>\n<meta property=\"og:url\" content=\"https:\/\/lospoliticosveracruz.com\/?p=79386\" \/>\n<meta property=\"og:site_name\" content=\"Los pol\u00edticos Veracruz\" \/>\n<meta property=\"article:publisher\" content=\"https:\/\/www.facebook.com\/people\/Notimemes-de-los-Polticos\/61565672886568\/\" \/>\n<meta property=\"article:published_time\" content=\"2021-09-13T18:16:13+00:00\" \/>\n<meta property=\"article:modified_time\" content=\"2021-09-13T18:16:16+00:00\" \/>\n<meta property=\"og:image\" content=\"https:\/\/lospoliticosveracruz.com\/wp-content\/uploads\/2016\/07\/Logo-Dor.jpg\" \/>\n\t<meta property=\"og:image:width\" content=\"200\" \/>\n\t<meta property=\"og:image:height\" content=\"200\" \/>\n\t<meta property=\"og:image:type\" content=\"image\/jpeg\" \/>\n<meta name=\"author\" content=\"Lo viste en Los Pol\u00edticos\" \/>\n<meta name=\"twitter:card\" content=\"summary_large_image\" \/>\n<meta name=\"twitter:creator\" content=\"@LosPoliticosVer\" \/>\n<meta name=\"twitter:site\" content=\"@LosPoliticosVer\" \/>\n<meta name=\"twitter:label1\" content=\"Escrito por\" \/>\n\t<meta name=\"twitter:data1\" content=\"Lo viste en Los Pol\u00edticos\" \/>\n\t<meta name=\"twitter:label2\" content=\"Tiempo de lectura\" \/>\n\t<meta name=\"twitter:data2\" content=\"5 minutos\" \/>\n<script type=\"application\/ld+json\" class=\"yoast-schema-graph\">{\"@context\":\"https:\\\/\\\/schema.org\",\"@graph\":[{\"@type\":\"Article\",\"@id\":\"https:\\\/\\\/lospoliticosveracruz.com\\\/?p=79386#article\",\"isPartOf\":{\"@id\":\"https:\\\/\\\/lospoliticosveracruz.com\\\/?p=79386\"},\"author\":{\"name\":\"Lo viste en Los Pol\u00edticos\",\"@id\":\"https:\\\/\\\/lospoliticosveracruz.com\\\/#\\\/schema\\\/person\\\/b8702bb0e538456e6efd07080bf2a4a2\"},\"headline\":\"El amiguismo en la UV\",\"datePublished\":\"2021-09-13T18:16:13+00:00\",\"dateModified\":\"2021-09-13T18:16:16+00:00\",\"mainEntityOfPage\":{\"@id\":\"https:\\\/\\\/lospoliticosveracruz.com\\\/?p=79386\"},\"wordCount\":1053,\"publisher\":{\"@id\":\"https:\\\/\\\/lospoliticosveracruz.com\\\/#organization\"},\"keywords\":[\"Andr\u00e9s Manuel L\u00f3pez Obrador\",\"Beatriz Guti\u00e9rrez M\u00fcller\",\"Mart\u00edn Aguilar S\u00e1nchez\",\"Miguel Angel Cristiani Gonz\u00e1lez\",\"Rector de la Universidad Veracruzana\",\"Sara Deifilia Ladr\u00f3n de Guevara\"],\"articleSection\":[\"De Opini\u00f3n\"],\"inLanguage\":\"es\"},{\"@type\":\"WebPage\",\"@id\":\"https:\\\/\\\/lospoliticosveracruz.com\\\/?p=79386\",\"url\":\"https:\\\/\\\/lospoliticosveracruz.com\\\/?p=79386\",\"name\":\"El amiguismo en la UV - Los pol\u00edticos Veracruz\",\"isPartOf\":{\"@id\":\"https:\\\/\\\/lospoliticosveracruz.com\\\/#website\"},\"datePublished\":\"2021-09-13T18:16:13+00:00\",\"dateModified\":\"2021-09-13T18:16:16+00:00\",\"breadcrumb\":{\"@id\":\"https:\\\/\\\/lospoliticosveracruz.com\\\/?p=79386#breadcrumb\"},\"inLanguage\":\"es\",\"potentialAction\":[{\"@type\":\"ReadAction\",\"target\":[\"https:\\\/\\\/lospoliticosveracruz.com\\\/?p=79386\"]}]},{\"@type\":\"BreadcrumbList\",\"@id\":\"https:\\\/\\\/lospoliticosveracruz.com\\\/?p=79386#breadcrumb\",\"itemListElement\":[{\"@type\":\"ListItem\",\"position\":1,\"name\":\"Portada\",\"item\":\"https:\\\/\\\/lospoliticosveracruz.com\\\/\"},{\"@type\":\"ListItem\",\"position\":2,\"name\":\"El amiguismo en la UV\"}]},{\"@type\":\"WebSite\",\"@id\":\"https:\\\/\\\/lospoliticosveracruz.com\\\/#website\",\"url\":\"https:\\\/\\\/lospoliticosveracruz.com\\\/\",\"name\":\"Los pol\u00edticos Veracruz\",\"description\":\"\",\"publisher\":{\"@id\":\"https:\\\/\\\/lospoliticosveracruz.com\\\/#organization\"},\"potentialAction\":[{\"@type\":\"SearchAction\",\"target\":{\"@type\":\"EntryPoint\",\"urlTemplate\":\"https:\\\/\\\/lospoliticosveracruz.com\\\/?s={search_term_string}\"},\"query-input\":{\"@type\":\"PropertyValueSpecification\",\"valueRequired\":true,\"valueName\":\"search_term_string\"}}],\"inLanguage\":\"es\"},{\"@type\":\"Organization\",\"@id\":\"https:\\\/\\\/lospoliticosveracruz.com\\\/#organization\",\"name\":\"Los pol\u00edticos Veracruz\",\"url\":\"https:\\\/\\\/lospoliticosveracruz.com\\\/\",\"logo\":{\"@type\":\"ImageObject\",\"inLanguage\":\"es\",\"@id\":\"https:\\\/\\\/lospoliticosveracruz.com\\\/#\\\/schema\\\/logo\\\/image\\\/\",\"url\":\"https:\\\/\\\/lospoliticosveracruz.com\\\/wp-content\\\/uploads\\\/2025\\\/12\\\/Logo-Nuevo-LOS-POLITICOS-1.jpg\",\"contentUrl\":\"https:\\\/\\\/lospoliticosveracruz.com\\\/wp-content\\\/uploads\\\/2025\\\/12\\\/Logo-Nuevo-LOS-POLITICOS-1.jpg\",\"width\":260,\"height\":70,\"caption\":\"Los pol\u00edticos Veracruz\"},\"image\":{\"@id\":\"https:\\\/\\\/lospoliticosveracruz.com\\\/#\\\/schema\\\/logo\\\/image\\\/\"},\"sameAs\":[\"https:\\\/\\\/www.facebook.com\\\/people\\\/Notimemes-de-los-Polticos\\\/61565672886568\\\/\",\"https:\\\/\\\/x.com\\\/LosPoliticosVer\"]},{\"@type\":\"Person\",\"@id\":\"https:\\\/\\\/lospoliticosveracruz.com\\\/#\\\/schema\\\/person\\\/b8702bb0e538456e6efd07080bf2a4a2\",\"name\":\"Lo viste en Los Pol\u00edticos\",\"image\":{\"@type\":\"ImageObject\",\"inLanguage\":\"es\",\"@id\":\"https:\\\/\\\/secure.gravatar.com\\\/avatar\\\/3a8de04a2656d44082be478bd6c086daa447c4651605818287b9532d3d0bd435?s=96&d=mm&r=g\",\"url\":\"https:\\\/\\\/secure.gravatar.com\\\/avatar\\\/3a8de04a2656d44082be478bd6c086daa447c4651605818287b9532d3d0bd435?s=96&d=mm&r=g\",\"contentUrl\":\"https:\\\/\\\/secure.gravatar.com\\\/avatar\\\/3a8de04a2656d44082be478bd6c086daa447c4651605818287b9532d3d0bd435?s=96&d=mm&r=g\",\"caption\":\"Lo viste en Los Pol\u00edticos\"},\"url\":\"https:\\\/\\\/lospoliticosveracruz.com\\\/?author=2\"}]}<\/script>\n<!-- \/ Yoast SEO plugin. -->","yoast_head_json":{"title":"El amiguismo en la UV - Los pol\u00edticos Veracruz","robots":{"index":"index","follow":"follow","max-snippet":"max-snippet:-1","max-image-preview":"max-image-preview:large","max-video-preview":"max-video-preview:-1"},"canonical":"https:\/\/lospoliticosveracruz.com\/?p=79386","og_locale":"es_ES","og_type":"article","og_title":"El amiguismo en la UV - Los pol\u00edticos Veracruz","og_description":"Miguel Angel Cristiani Gonz\u00e1lezBit\u00e1cora Pol\u00edtica Para quienes, a estas alturas del partido, todav\u00eda no se reponen del asombro por la designaci\u00f3n de Mart\u00edn Aguilar S\u00e1nchez, investigador del Instituto de Investigaciones Hist\u00f3rico-Sociales, como rector de la Universidad Veracruzana para el per\u00edodo 2021-2025, pues resulta que ahora en Radio Bemba se ha empezado a filtrar que la [&hellip;]","og_url":"https:\/\/lospoliticosveracruz.com\/?p=79386","og_site_name":"Los pol\u00edticos Veracruz","article_publisher":"https:\/\/www.facebook.com\/people\/Notimemes-de-los-Polticos\/61565672886568\/","article_published_time":"2021-09-13T18:16:13+00:00","article_modified_time":"2021-09-13T18:16:16+00:00","og_image":[{"width":200,"height":200,"url":"https:\/\/lospoliticosveracruz.com\/wp-content\/uploads\/2016\/07\/Logo-Dor.jpg","type":"image\/jpeg"}],"author":"Lo viste en Los Pol\u00edticos","twitter_card":"summary_large_image","twitter_creator":"@LosPoliticosVer","twitter_site":"@LosPoliticosVer","twitter_misc":{"Escrito por":"Lo viste en Los Pol\u00edticos","Tiempo de lectura":"5 minutos"},"schema":{"@context":"https:\/\/schema.org","@graph":[{"@type":"Article","@id":"https:\/\/lospoliticosveracruz.com\/?p=79386#article","isPartOf":{"@id":"https:\/\/lospoliticosveracruz.com\/?p=79386"},"author":{"name":"Lo viste en Los Pol\u00edticos","@id":"https:\/\/lospoliticosveracruz.com\/#\/schema\/person\/b8702bb0e538456e6efd07080bf2a4a2"},"headline":"El amiguismo en la UV","datePublished":"2021-09-13T18:16:13+00:00","dateModified":"2021-09-13T18:16:16+00:00","mainEntityOfPage":{"@id":"https:\/\/lospoliticosveracruz.com\/?p=79386"},"wordCount":1053,"publisher":{"@id":"https:\/\/lospoliticosveracruz.com\/#organization"},"keywords":["Andr\u00e9s Manuel L\u00f3pez Obrador","Beatriz Guti\u00e9rrez M\u00fcller","Mart\u00edn Aguilar S\u00e1nchez","Miguel Angel Cristiani Gonz\u00e1lez","Rector de la Universidad Veracruzana","Sara Deifilia Ladr\u00f3n de Guevara"],"articleSection":["De Opini\u00f3n"],"inLanguage":"es"},{"@type":"WebPage","@id":"https:\/\/lospoliticosveracruz.com\/?p=79386","url":"https:\/\/lospoliticosveracruz.com\/?p=79386","name":"El amiguismo en la UV - Los pol\u00edticos Veracruz","isPartOf":{"@id":"https:\/\/lospoliticosveracruz.com\/#website"},"datePublished":"2021-09-13T18:16:13+00:00","dateModified":"2021-09-13T18:16:16+00:00","breadcrumb":{"@id":"https:\/\/lospoliticosveracruz.com\/?p=79386#breadcrumb"},"inLanguage":"es","potentialAction":[{"@type":"ReadAction","target":["https:\/\/lospoliticosveracruz.com\/?p=79386"]}]},{"@type":"BreadcrumbList","@id":"https:\/\/lospoliticosveracruz.com\/?p=79386#breadcrumb","itemListElement":[{"@type":"ListItem","position":1,"name":"Portada","item":"https:\/\/lospoliticosveracruz.com\/"},{"@type":"ListItem","position":2,"name":"El amiguismo en la UV"}]},{"@type":"WebSite","@id":"https:\/\/lospoliticosveracruz.com\/#website","url":"https:\/\/lospoliticosveracruz.com\/","name":"Los pol\u00edticos Veracruz","description":"","publisher":{"@id":"https:\/\/lospoliticosveracruz.com\/#organization"},"potentialAction":[{"@type":"SearchAction","target":{"@type":"EntryPoint","urlTemplate":"https:\/\/lospoliticosveracruz.com\/?s={search_term_string}"},"query-input":{"@type":"PropertyValueSpecification","valueRequired":true,"valueName":"search_term_string"}}],"inLanguage":"es"},{"@type":"Organization","@id":"https:\/\/lospoliticosveracruz.com\/#organization","name":"Los pol\u00edticos Veracruz","url":"https:\/\/lospoliticosveracruz.com\/","logo":{"@type":"ImageObject","inLanguage":"es","@id":"https:\/\/lospoliticosveracruz.com\/#\/schema\/logo\/image\/","url":"https:\/\/lospoliticosveracruz.com\/wp-content\/uploads\/2025\/12\/Logo-Nuevo-LOS-POLITICOS-1.jpg","contentUrl":"https:\/\/lospoliticosveracruz.com\/wp-content\/uploads\/2025\/12\/Logo-Nuevo-LOS-POLITICOS-1.jpg","width":260,"height":70,"caption":"Los pol\u00edticos Veracruz"},"image":{"@id":"https:\/\/lospoliticosveracruz.com\/#\/schema\/logo\/image\/"},"sameAs":["https:\/\/www.facebook.com\/people\/Notimemes-de-los-Polticos\/61565672886568\/","https:\/\/x.com\/LosPoliticosVer"]},{"@type":"Person","@id":"https:\/\/lospoliticosveracruz.com\/#\/schema\/person\/b8702bb0e538456e6efd07080bf2a4a2","name":"Lo viste en Los Pol\u00edticos","image":{"@type":"ImageObject","inLanguage":"es","@id":"https:\/\/secure.gravatar.com\/avatar\/3a8de04a2656d44082be478bd6c086daa447c4651605818287b9532d3d0bd435?s=96&d=mm&r=g","url":"https:\/\/secure.gravatar.com\/avatar\/3a8de04a2656d44082be478bd6c086daa447c4651605818287b9532d3d0bd435?s=96&d=mm&r=g","contentUrl":"https:\/\/secure.gravatar.com\/avatar\/3a8de04a2656d44082be478bd6c086daa447c4651605818287b9532d3d0bd435?s=96&d=mm&r=g","caption":"Lo viste en Los Pol\u00edticos"},"url":"https:\/\/lospoliticosveracruz.com\/?author=2"}]}},"_links":{"self":[{"href":"https:\/\/lospoliticosveracruz.com\/index.php?rest_route=\/wp\/v2\/posts\/79386","targetHints":{"allow":["GET"]}}],"collection":[{"href":"https:\/\/lospoliticosveracruz.com\/index.php?rest_route=\/wp\/v2\/posts"}],"about":[{"href":"https:\/\/lospoliticosveracruz.com\/index.php?rest_route=\/wp\/v2\/types\/post"}],"author":[{"embeddable":true,"href":"https:\/\/lospoliticosveracruz.com\/index.php?rest_route=\/wp\/v2\/users\/2"}],"replies":[{"embeddable":true,"href":"https:\/\/lospoliticosveracruz.com\/index.php?rest_route=%2Fwp%2Fv2%2Fcomments&post=79386"}],"version-history":[{"count":1,"href":"https:\/\/lospoliticosveracruz.com\/index.php?rest_route=\/wp\/v2\/posts\/79386\/revisions"}],"predecessor-version":[{"id":79387,"href":"https:\/\/lospoliticosveracruz.com\/index.php?rest_route=\/wp\/v2\/posts\/79386\/revisions\/79387"}],"wp:attachment":[{"href":"https:\/\/lospoliticosveracruz.com\/index.php?rest_route=%2Fwp%2Fv2%2Fmedia&parent=79386"}],"wp:term":[{"taxonomy":"category","embeddable":true,"href":"https:\/\/lospoliticosveracruz.com\/index.php?rest_route=%2Fwp%2Fv2%2Fcategories&post=79386"},{"taxonomy":"post_tag","embeddable":true,"href":"https:\/\/lospoliticosveracruz.com\/index.php?rest_route=%2Fwp%2Fv2%2Ftags&post=79386"}],"curies":[{"name":"wp","href":"https:\/\/api.w.org\/{rel}","templated":true}]}}