{"id":79388,"date":"2021-09-13T16:07:15","date_gmt":"2021-09-13T21:07:15","guid":{"rendered":"https:\/\/lospoliticosveracruz.com.mx\/?p=79388"},"modified":"2021-09-13T16:07:18","modified_gmt":"2021-09-13T21:07:18","slug":"pide-prd-al-ople-que-no-se-doble-ante-morena","status":"publish","type":"post","link":"https:\/\/lospoliticosveracruz.com\/?p=79388","title":{"rendered":"Pide PRD al OPLE que no se doble ante Morena"},"content":{"rendered":"\n<p><\/p>\n\n\n\n<p><strong>Xalapa<\/strong><br>Uno de los principales ordenamientos jur\u00eddicos que han acaparado el quehacer de la agenda p\u00fablica en las \u00faltimas d\u00e9cadas, ha sido el establecimiento de leyes y normas en materia pol\u00edtico-electoral a favor de la paridad de g\u00e9nero, como parte de la representaci\u00f3n legislativa en la C\u00e1mara de Diputados, tanto federal como estatales.<\/p>\n\n\n\n<div class=\"wp-block-image\"><figure class=\"alignleft size-medium\"><a href=\"https:\/\/lospoliticosveracruz.com.mx\/wp-content\/uploads\/2021\/09\/661B561F-C8B3-4EB3-B073-A34A73F68D94.jpeg\"><img decoding=\"async\" src=\"https:\/\/lospoliticosveracruz.com.mx\/wp-content\/uploads\/2021\/09\/661B561F-C8B3-4EB3-B073-A34A73F68D94-169x300.jpeg\" alt=\"\" class=\"wp-image-79390\"\/><\/a><\/figure><\/div>\n\n\n\n<p>El tema no es para nada menor. Su trascendencia estriba en proveer de reglamentaciones necesarias que permitan garantizar la integraci\u00f3n de las mujeres y su participaci\u00f3n, como eje determinante de la legislaci\u00f3n local.<\/p>\n\n\n\n<p>Por ello, causa extra\u00f1eza que despu\u00e9s de la jornada electoral del presente a\u00f1o, habiendo computado el cien por ciento de los sufragios y, por ende, arrojado los resultados que dar\u00e1n forma a la nueva Legislatura local; ahora, el partido en el poder pretenda incrustar, s\u00ed o s\u00ed y con autoritaria alevos\u00eda, a un diputado de representaci\u00f3n proporcional, cuando el ordenamiento en cuesti\u00f3n establece claramente la necesidad de mantener la paridad de g\u00e9nero, lo cual marginar\u00eda a \u00e9ste de ocupar una curul.<\/p>\n\n\n\n<p>Al respecto, la Direcci\u00f3n Estatal Ejecutiva del Partido de la Revoluci\u00f3n Democr\u00e1tica, tiene el firme compromiso de vigilar que se cumpla a cabalidad no solo con la paridad de g\u00e9nero en la integraci\u00f3n de la pr\u00f3xima legislatura en Veracruz, sino tambi\u00e9n exigiendo al Organismo P\u00fablico Local Electoral del Estado que honre su labor como \u00e1rbitro electoral con funciones administrativas, sin ceder a las presiones del Gobierno estatal para modificar las reglas establecidas en esta materia.<\/p>\n\n\n\n<p>De esta manera, manifestamos a la opini\u00f3n p\u00fablica, partidos pol\u00edticos e instituciones que, a trav\u00e9s de nuestras representaciones, esteramos vigilantes de que la asignaci\u00f3n de diputaciones se realice de manera correcta, mediante un proceso de asignaci\u00f3n transparente y apegado a Derecho, por lo cual, no permitiremos que el Gobierno del Estado o el partido en el poder, deformen una vez m\u00e1s la ley para favorecerse.<\/p>\n\n\n\n<p>Veracruz debe ser ejemplo en materia de igualdad. Por esta raz\u00f3n, es impermisible que la igualdad se interprete como un \u201ccastigo\u201d hacia alg\u00fan partido pol\u00edtico a un personaje en particular, como lo quieren hacer ver.<\/p>\n\n\n\n<p>Los partidos pol\u00edticos debemos compartir el objetivo de responder a la ciudadan\u00eda con acciones apegadas a Derecho y respetando la democracia, no \u201cpeleando\u201d por puestos en cualquier orden, y esto incluye, desde luego, la responsabilidad que los \u00f3rganos electorales tienen para recuperar la confianza perdida de la ciudadan\u00eda.<\/p>\n\n\n\n<p>Reiteramos: el PRD recurrir\u00e1 a todas las instancias necesarias para que se garantice la paridad de g\u00e9nero en la integraci\u00f3n de la pr\u00f3xima Legislatura. Estaremos vigilantes y reiteramos nuestro absoluto respaldo a la mujer, as\u00ed como a su necesaria representaci\u00f3n legislativa.<\/p>\n\n\n\n<p>Ya fue suficiente de torcer leyes para favorecer intereses particulares, de venganza pol\u00edtica y ahora, hasta para meter a la fuerza a diputados que no contaron con los votos necesarios para ocupar una diputaci\u00f3n por la v\u00eda plurinominal.<\/p>\n\n\n\n<p>La paridad de g\u00e9nero no debe estar en discusi\u00f3n.<\/p>\n","protected":false},"excerpt":{"rendered":"<p>XalapaUno de los principales ordenamientos jur\u00eddicos que han acaparado el quehacer de la agenda p\u00fablica en las \u00faltimas d\u00e9cadas, ha sido el establecimiento de leyes y normas en materia pol\u00edtico-electoral a favor de la paridad de g\u00e9nero, como parte de la representaci\u00f3n legislativa en la C\u00e1mara de Diputados, tanto federal como estatales. El tema no [&hellip;]<\/p>\n","protected":false},"author":2,"featured_media":0,"comment_status":"closed","ping_status":"closed","sticky":false,"template":"","format":"standard","meta":{"tdm_status":"","tdm_grid_status":"","footnotes":""},"categories":[73],"tags":[1026,12446,107,7887],"class_list":{"0":"post-79388","1":"post","2":"type-post","3":"status-publish","4":"format-standard","6":"category-de-boleto","7":"tag-morena","8":"tag-ople-veracruz","9":"tag-prd","10":"tag-sergio-cadena-martinez"},"yoast_head":"<!-- This site is optimized with the Yoast SEO plugin v27.4 - https:\/\/yoast.com\/product\/yoast-seo-wordpress\/ -->\n<title>Pide PRD al OPLE que no se doble ante Morena - Los pol\u00edticos Veracruz<\/title>\n<meta name=\"robots\" content=\"index, follow, max-snippet:-1, max-image-preview:large, max-video-preview:-1\" \/>\n<link rel=\"canonical\" href=\"https:\/\/lospoliticosveracruz.com\/?p=79388\" \/>\n<meta property=\"og:locale\" content=\"es_ES\" \/>\n<meta property=\"og:type\" content=\"article\" \/>\n<meta property=\"og:title\" content=\"Pide PRD al OPLE que no se doble ante Morena - Los pol\u00edticos Veracruz\" \/>\n<meta property=\"og:description\" content=\"XalapaUno de los principales ordenamientos jur\u00eddicos que han acaparado el quehacer de la agenda p\u00fablica en las \u00faltimas d\u00e9cadas, ha sido el establecimiento de leyes y normas en materia pol\u00edtico-electoral a favor de la paridad de g\u00e9nero, como parte de la representaci\u00f3n legislativa en la C\u00e1mara de Diputados, tanto federal como estatales. El tema no [&hellip;]\" \/>\n<meta property=\"og:url\" content=\"https:\/\/lospoliticosveracruz.com\/?p=79388\" \/>\n<meta property=\"og:site_name\" content=\"Los pol\u00edticos Veracruz\" \/>\n<meta property=\"article:publisher\" content=\"https:\/\/www.facebook.com\/people\/Notimemes-de-los-Polticos\/61565672886568\/\" \/>\n<meta property=\"article:published_time\" content=\"2021-09-13T21:07:15+00:00\" \/>\n<meta property=\"article:modified_time\" content=\"2021-09-13T21:07:18+00:00\" \/>\n<meta property=\"og:image\" content=\"https:\/\/lospoliticosveracruz.com.mx\/wp-content\/uploads\/2021\/09\/661B561F-C8B3-4EB3-B073-A34A73F68D94-169x300.jpeg\" \/>\n<meta name=\"author\" content=\"Lo viste en Los Pol\u00edticos\" \/>\n<meta name=\"twitter:card\" content=\"summary_large_image\" \/>\n<meta name=\"twitter:creator\" content=\"@LosPoliticosVer\" \/>\n<meta name=\"twitter:site\" content=\"@LosPoliticosVer\" \/>\n<meta name=\"twitter:label1\" content=\"Escrito por\" \/>\n\t<meta name=\"twitter:data1\" content=\"Lo viste en Los Pol\u00edticos\" \/>\n\t<meta name=\"twitter:label2\" content=\"Tiempo de lectura\" \/>\n\t<meta name=\"twitter:data2\" content=\"3 minutos\" \/>\n<script type=\"application\/ld+json\" class=\"yoast-schema-graph\">{\"@context\":\"https:\\\/\\\/schema.org\",\"@graph\":[{\"@type\":\"Article\",\"@id\":\"https:\\\/\\\/lospoliticosveracruz.com\\\/?p=79388#article\",\"isPartOf\":{\"@id\":\"https:\\\/\\\/lospoliticosveracruz.com\\\/?p=79388\"},\"author\":{\"name\":\"Lo viste en Los Pol\u00edticos\",\"@id\":\"https:\\\/\\\/lospoliticosveracruz.com\\\/#\\\/schema\\\/person\\\/b8702bb0e538456e6efd07080bf2a4a2\"},\"headline\":\"Pide PRD al OPLE que no se doble ante Morena\",\"datePublished\":\"2021-09-13T21:07:15+00:00\",\"dateModified\":\"2021-09-13T21:07:18+00:00\",\"mainEntityOfPage\":{\"@id\":\"https:\\\/\\\/lospoliticosveracruz.com\\\/?p=79388\"},\"wordCount\":537,\"publisher\":{\"@id\":\"https:\\\/\\\/lospoliticosveracruz.com\\\/#organization\"},\"image\":{\"@id\":\"https:\\\/\\\/lospoliticosveracruz.com\\\/?p=79388#primaryimage\"},\"thumbnailUrl\":\"https:\\\/\\\/lospoliticosveracruz.com.mx\\\/wp-content\\\/uploads\\\/2021\\\/09\\\/661B561F-C8B3-4EB3-B073-A34A73F68D94-169x300.jpeg\",\"keywords\":[\"Morena\",\"OPLE Veracruz\",\"PRD\",\"Sergio Cadena Mart\u00ednez\"],\"articleSection\":[\"De Boleto\"],\"inLanguage\":\"es\"},{\"@type\":\"WebPage\",\"@id\":\"https:\\\/\\\/lospoliticosveracruz.com\\\/?p=79388\",\"url\":\"https:\\\/\\\/lospoliticosveracruz.com\\\/?p=79388\",\"name\":\"Pide PRD al OPLE que no se doble ante Morena - Los pol\u00edticos Veracruz\",\"isPartOf\":{\"@id\":\"https:\\\/\\\/lospoliticosveracruz.com\\\/#website\"},\"primaryImageOfPage\":{\"@id\":\"https:\\\/\\\/lospoliticosveracruz.com\\\/?p=79388#primaryimage\"},\"image\":{\"@id\":\"https:\\\/\\\/lospoliticosveracruz.com\\\/?p=79388#primaryimage\"},\"thumbnailUrl\":\"https:\\\/\\\/lospoliticosveracruz.com.mx\\\/wp-content\\\/uploads\\\/2021\\\/09\\\/661B561F-C8B3-4EB3-B073-A34A73F68D94-169x300.jpeg\",\"datePublished\":\"2021-09-13T21:07:15+00:00\",\"dateModified\":\"2021-09-13T21:07:18+00:00\",\"breadcrumb\":{\"@id\":\"https:\\\/\\\/lospoliticosveracruz.com\\\/?p=79388#breadcrumb\"},\"inLanguage\":\"es\",\"potentialAction\":[{\"@type\":\"ReadAction\",\"target\":[\"https:\\\/\\\/lospoliticosveracruz.com\\\/?p=79388\"]}]},{\"@type\":\"ImageObject\",\"inLanguage\":\"es\",\"@id\":\"https:\\\/\\\/lospoliticosveracruz.com\\\/?p=79388#primaryimage\",\"url\":\"https:\\\/\\\/lospoliticosveracruz.com.mx\\\/wp-content\\\/uploads\\\/2021\\\/09\\\/661B561F-C8B3-4EB3-B073-A34A73F68D94-169x300.jpeg\",\"contentUrl\":\"https:\\\/\\\/lospoliticosveracruz.com.mx\\\/wp-content\\\/uploads\\\/2021\\\/09\\\/661B561F-C8B3-4EB3-B073-A34A73F68D94-169x300.jpeg\"},{\"@type\":\"BreadcrumbList\",\"@id\":\"https:\\\/\\\/lospoliticosveracruz.com\\\/?p=79388#breadcrumb\",\"itemListElement\":[{\"@type\":\"ListItem\",\"position\":1,\"name\":\"Portada\",\"item\":\"https:\\\/\\\/lospoliticosveracruz.com\\\/\"},{\"@type\":\"ListItem\",\"position\":2,\"name\":\"Pide PRD al OPLE que no se doble ante Morena\"}]},{\"@type\":\"WebSite\",\"@id\":\"https:\\\/\\\/lospoliticosveracruz.com\\\/#website\",\"url\":\"https:\\\/\\\/lospoliticosveracruz.com\\\/\",\"name\":\"Los pol\u00edticos Veracruz\",\"description\":\"\",\"publisher\":{\"@id\":\"https:\\\/\\\/lospoliticosveracruz.com\\\/#organization\"},\"potentialAction\":[{\"@type\":\"SearchAction\",\"target\":{\"@type\":\"EntryPoint\",\"urlTemplate\":\"https:\\\/\\\/lospoliticosveracruz.com\\\/?s={search_term_string}\"},\"query-input\":{\"@type\":\"PropertyValueSpecification\",\"valueRequired\":true,\"valueName\":\"search_term_string\"}}],\"inLanguage\":\"es\"},{\"@type\":\"Organization\",\"@id\":\"https:\\\/\\\/lospoliticosveracruz.com\\\/#organization\",\"name\":\"Los pol\u00edticos Veracruz\",\"url\":\"https:\\\/\\\/lospoliticosveracruz.com\\\/\",\"logo\":{\"@type\":\"ImageObject\",\"inLanguage\":\"es\",\"@id\":\"https:\\\/\\\/lospoliticosveracruz.com\\\/#\\\/schema\\\/logo\\\/image\\\/\",\"url\":\"https:\\\/\\\/lospoliticosveracruz.com\\\/wp-content\\\/uploads\\\/2025\\\/12\\\/Logo-Nuevo-LOS-POLITICOS-1.jpg\",\"contentUrl\":\"https:\\\/\\\/lospoliticosveracruz.com\\\/wp-content\\\/uploads\\\/2025\\\/12\\\/Logo-Nuevo-LOS-POLITICOS-1.jpg\",\"width\":260,\"height\":70,\"caption\":\"Los pol\u00edticos Veracruz\"},\"image\":{\"@id\":\"https:\\\/\\\/lospoliticosveracruz.com\\\/#\\\/schema\\\/logo\\\/image\\\/\"},\"sameAs\":[\"https:\\\/\\\/www.facebook.com\\\/people\\\/Notimemes-de-los-Polticos\\\/61565672886568\\\/\",\"https:\\\/\\\/x.com\\\/LosPoliticosVer\"]},{\"@type\":\"Person\",\"@id\":\"https:\\\/\\\/lospoliticosveracruz.com\\\/#\\\/schema\\\/person\\\/b8702bb0e538456e6efd07080bf2a4a2\",\"name\":\"Lo viste en Los Pol\u00edticos\",\"image\":{\"@type\":\"ImageObject\",\"inLanguage\":\"es\",\"@id\":\"https:\\\/\\\/secure.gravatar.com\\\/avatar\\\/3a8de04a2656d44082be478bd6c086daa447c4651605818287b9532d3d0bd435?s=96&d=mm&r=g\",\"url\":\"https:\\\/\\\/secure.gravatar.com\\\/avatar\\\/3a8de04a2656d44082be478bd6c086daa447c4651605818287b9532d3d0bd435?s=96&d=mm&r=g\",\"contentUrl\":\"https:\\\/\\\/secure.gravatar.com\\\/avatar\\\/3a8de04a2656d44082be478bd6c086daa447c4651605818287b9532d3d0bd435?s=96&d=mm&r=g\",\"caption\":\"Lo viste en Los Pol\u00edticos\"},\"url\":\"https:\\\/\\\/lospoliticosveracruz.com\\\/?author=2\"}]}<\/script>\n<!-- \/ Yoast SEO plugin. -->","yoast_head_json":{"title":"Pide PRD al OPLE que no se doble ante Morena - Los pol\u00edticos Veracruz","robots":{"index":"index","follow":"follow","max-snippet":"max-snippet:-1","max-image-preview":"max-image-preview:large","max-video-preview":"max-video-preview:-1"},"canonical":"https:\/\/lospoliticosveracruz.com\/?p=79388","og_locale":"es_ES","og_type":"article","og_title":"Pide PRD al OPLE que no se doble ante Morena - Los pol\u00edticos Veracruz","og_description":"XalapaUno de los principales ordenamientos jur\u00eddicos que han acaparado el quehacer de la agenda p\u00fablica en las \u00faltimas d\u00e9cadas, ha sido el establecimiento de leyes y normas en materia pol\u00edtico-electoral a favor de la paridad de g\u00e9nero, como parte de la representaci\u00f3n legislativa en la C\u00e1mara de Diputados, tanto federal como estatales. El tema no [&hellip;]","og_url":"https:\/\/lospoliticosveracruz.com\/?p=79388","og_site_name":"Los pol\u00edticos Veracruz","article_publisher":"https:\/\/www.facebook.com\/people\/Notimemes-de-los-Polticos\/61565672886568\/","article_published_time":"2021-09-13T21:07:15+00:00","article_modified_time":"2021-09-13T21:07:18+00:00","og_image":[{"url":"https:\/\/lospoliticosveracruz.com.mx\/wp-content\/uploads\/2021\/09\/661B561F-C8B3-4EB3-B073-A34A73F68D94-169x300.jpeg","type":"","width":"","height":""}],"author":"Lo viste en Los Pol\u00edticos","twitter_card":"summary_large_image","twitter_creator":"@LosPoliticosVer","twitter_site":"@LosPoliticosVer","twitter_misc":{"Escrito por":"Lo viste en Los Pol\u00edticos","Tiempo de lectura":"3 minutos"},"schema":{"@context":"https:\/\/schema.org","@graph":[{"@type":"Article","@id":"https:\/\/lospoliticosveracruz.com\/?p=79388#article","isPartOf":{"@id":"https:\/\/lospoliticosveracruz.com\/?p=79388"},"author":{"name":"Lo viste en Los Pol\u00edticos","@id":"https:\/\/lospoliticosveracruz.com\/#\/schema\/person\/b8702bb0e538456e6efd07080bf2a4a2"},"headline":"Pide PRD al OPLE que no se doble ante Morena","datePublished":"2021-09-13T21:07:15+00:00","dateModified":"2021-09-13T21:07:18+00:00","mainEntityOfPage":{"@id":"https:\/\/lospoliticosveracruz.com\/?p=79388"},"wordCount":537,"publisher":{"@id":"https:\/\/lospoliticosveracruz.com\/#organization"},"image":{"@id":"https:\/\/lospoliticosveracruz.com\/?p=79388#primaryimage"},"thumbnailUrl":"https:\/\/lospoliticosveracruz.com.mx\/wp-content\/uploads\/2021\/09\/661B561F-C8B3-4EB3-B073-A34A73F68D94-169x300.jpeg","keywords":["Morena","OPLE Veracruz","PRD","Sergio Cadena Mart\u00ednez"],"articleSection":["De Boleto"],"inLanguage":"es"},{"@type":"WebPage","@id":"https:\/\/lospoliticosveracruz.com\/?p=79388","url":"https:\/\/lospoliticosveracruz.com\/?p=79388","name":"Pide PRD al OPLE que no se doble ante Morena - Los pol\u00edticos Veracruz","isPartOf":{"@id":"https:\/\/lospoliticosveracruz.com\/#website"},"primaryImageOfPage":{"@id":"https:\/\/lospoliticosveracruz.com\/?p=79388#primaryimage"},"image":{"@id":"https:\/\/lospoliticosveracruz.com\/?p=79388#primaryimage"},"thumbnailUrl":"https:\/\/lospoliticosveracruz.com.mx\/wp-content\/uploads\/2021\/09\/661B561F-C8B3-4EB3-B073-A34A73F68D94-169x300.jpeg","datePublished":"2021-09-13T21:07:15+00:00","dateModified":"2021-09-13T21:07:18+00:00","breadcrumb":{"@id":"https:\/\/lospoliticosveracruz.com\/?p=79388#breadcrumb"},"inLanguage":"es","potentialAction":[{"@type":"ReadAction","target":["https:\/\/lospoliticosveracruz.com\/?p=79388"]}]},{"@type":"ImageObject","inLanguage":"es","@id":"https:\/\/lospoliticosveracruz.com\/?p=79388#primaryimage","url":"https:\/\/lospoliticosveracruz.com.mx\/wp-content\/uploads\/2021\/09\/661B561F-C8B3-4EB3-B073-A34A73F68D94-169x300.jpeg","contentUrl":"https:\/\/lospoliticosveracruz.com.mx\/wp-content\/uploads\/2021\/09\/661B561F-C8B3-4EB3-B073-A34A73F68D94-169x300.jpeg"},{"@type":"BreadcrumbList","@id":"https:\/\/lospoliticosveracruz.com\/?p=79388#breadcrumb","itemListElement":[{"@type":"ListItem","position":1,"name":"Portada","item":"https:\/\/lospoliticosveracruz.com\/"},{"@type":"ListItem","position":2,"name":"Pide PRD al OPLE que no se doble ante Morena"}]},{"@type":"WebSite","@id":"https:\/\/lospoliticosveracruz.com\/#website","url":"https:\/\/lospoliticosveracruz.com\/","name":"Los pol\u00edticos Veracruz","description":"","publisher":{"@id":"https:\/\/lospoliticosveracruz.com\/#organization"},"potentialAction":[{"@type":"SearchAction","target":{"@type":"EntryPoint","urlTemplate":"https:\/\/lospoliticosveracruz.com\/?s={search_term_string}"},"query-input":{"@type":"PropertyValueSpecification","valueRequired":true,"valueName":"search_term_string"}}],"inLanguage":"es"},{"@type":"Organization","@id":"https:\/\/lospoliticosveracruz.com\/#organization","name":"Los pol\u00edticos Veracruz","url":"https:\/\/lospoliticosveracruz.com\/","logo":{"@type":"ImageObject","inLanguage":"es","@id":"https:\/\/lospoliticosveracruz.com\/#\/schema\/logo\/image\/","url":"https:\/\/lospoliticosveracruz.com\/wp-content\/uploads\/2025\/12\/Logo-Nuevo-LOS-POLITICOS-1.jpg","contentUrl":"https:\/\/lospoliticosveracruz.com\/wp-content\/uploads\/2025\/12\/Logo-Nuevo-LOS-POLITICOS-1.jpg","width":260,"height":70,"caption":"Los pol\u00edticos Veracruz"},"image":{"@id":"https:\/\/lospoliticosveracruz.com\/#\/schema\/logo\/image\/"},"sameAs":["https:\/\/www.facebook.com\/people\/Notimemes-de-los-Polticos\/61565672886568\/","https:\/\/x.com\/LosPoliticosVer"]},{"@type":"Person","@id":"https:\/\/lospoliticosveracruz.com\/#\/schema\/person\/b8702bb0e538456e6efd07080bf2a4a2","name":"Lo viste en Los Pol\u00edticos","image":{"@type":"ImageObject","inLanguage":"es","@id":"https:\/\/secure.gravatar.com\/avatar\/3a8de04a2656d44082be478bd6c086daa447c4651605818287b9532d3d0bd435?s=96&d=mm&r=g","url":"https:\/\/secure.gravatar.com\/avatar\/3a8de04a2656d44082be478bd6c086daa447c4651605818287b9532d3d0bd435?s=96&d=mm&r=g","contentUrl":"https:\/\/secure.gravatar.com\/avatar\/3a8de04a2656d44082be478bd6c086daa447c4651605818287b9532d3d0bd435?s=96&d=mm&r=g","caption":"Lo viste en Los Pol\u00edticos"},"url":"https:\/\/lospoliticosveracruz.com\/?author=2"}]}},"_links":{"self":[{"href":"https:\/\/lospoliticosveracruz.com\/index.php?rest_route=\/wp\/v2\/posts\/79388","targetHints":{"allow":["GET"]}}],"collection":[{"href":"https:\/\/lospoliticosveracruz.com\/index.php?rest_route=\/wp\/v2\/posts"}],"about":[{"href":"https:\/\/lospoliticosveracruz.com\/index.php?rest_route=\/wp\/v2\/types\/post"}],"author":[{"embeddable":true,"href":"https:\/\/lospoliticosveracruz.com\/index.php?rest_route=\/wp\/v2\/users\/2"}],"replies":[{"embeddable":true,"href":"https:\/\/lospoliticosveracruz.com\/index.php?rest_route=%2Fwp%2Fv2%2Fcomments&post=79388"}],"version-history":[{"count":1,"href":"https:\/\/lospoliticosveracruz.com\/index.php?rest_route=\/wp\/v2\/posts\/79388\/revisions"}],"predecessor-version":[{"id":79391,"href":"https:\/\/lospoliticosveracruz.com\/index.php?rest_route=\/wp\/v2\/posts\/79388\/revisions\/79391"}],"wp:attachment":[{"href":"https:\/\/lospoliticosveracruz.com\/index.php?rest_route=%2Fwp%2Fv2%2Fmedia&parent=79388"}],"wp:term":[{"taxonomy":"category","embeddable":true,"href":"https:\/\/lospoliticosveracruz.com\/index.php?rest_route=%2Fwp%2Fv2%2Fcategories&post=79388"},{"taxonomy":"post_tag","embeddable":true,"href":"https:\/\/lospoliticosveracruz.com\/index.php?rest_route=%2Fwp%2Fv2%2Ftags&post=79388"}],"curies":[{"name":"wp","href":"https:\/\/api.w.org\/{rel}","templated":true}]}}