{"id":79398,"date":"2021-09-13T23:00:00","date_gmt":"2021-09-14T04:00:00","guid":{"rendered":"https:\/\/lospoliticosveracruz.com.mx\/?p=79398"},"modified":"2021-09-14T09:03:03","modified_gmt":"2021-09-14T14:03:03","slug":"cambio-en-el-pan","status":"publish","type":"post","link":"https:\/\/lospoliticosveracruz.com\/?p=79398","title":{"rendered":"Cambio en el PAN\u2026"},"content":{"rendered":"\n<p><strong>Salvador Mu\u00f1oz<\/strong><\/p>\n\n\n\n<p><em>Los Pol\u00edticos<br><\/em><\/p>\n\n\n\n<p>El show que se vivi\u00f3 el pasado domingo protagonizado por el PAN de Veracruz, v\u00eda sus distintos militantes, los que participaron, los que aclararon, y los que desde la barrera opinan, deja en claro algo: \u00a1urge el cambio!<br>Tranquilos, pro Chapitos; tranquilos, contra Chapitos; teiquirisi, los neutrales\u2026 no me refiero al cambio de dirigencia en s\u00ed\u2026 al final eso es un asunto suyo nom\u00e1s\u2026<\/p>\n\n\n\n<div class=\"wp-block-image\"><figure class=\"alignleft size-large is-resized\"><a href=\"https:\/\/lospoliticosveracruz.com.mx\/wp-content\/uploads\/2021\/09\/661B561F-C8B3-4EB3-B073-A34A73F68D94.jpeg\"><img decoding=\"async\" src=\"https:\/\/lospoliticosveracruz.com.mx\/wp-content\/uploads\/2021\/09\/661B561F-C8B3-4EB3-B073-A34A73F68D94-576x1024.jpeg\" alt=\"\" class=\"wp-image-79390\" width=\"250\"\/><\/a><\/figure><\/div>\n\n\n\n<p><br>Si bien, los suspiritos azules han de tener mejor el pulso de su partido, del sentir de sus militantes, de entender que est\u00e1n en el mejor momento para hacer y deshacer (y no como ocurri\u00f3 en la pasada elecci\u00f3n que se les vino encima el cambio de dirigencia y con ello una escisi\u00f3n que parece muy dif\u00edcil de poder cicatrizar ante las nubes de tormenta que se ciernen sobre la pr\u00f3xima elecci\u00f3n interna azul) los grupos que se disputen el poder \u201cbleu\u201d es posible que tengan tambi\u00e9n en cuenta algo que las \u00faltimas elecciones les han dejado: el sentir ciudadano.<br>Cualquiera que aspire la dirigencia, ya debe tener en claro esos sentires que por supuesto, se intercalan con lo que dec\u00eda al principio\u2026 \u00a1un cambio en el panista!<br>Sean Chapitos, Yunistas, Neutros o Viejos\u2026 los altibajos que ha tenido el PAN recientemente, son para analizar y desmenuzar con mucho tiento para entender qu\u00e9 ha hecho bien y qu\u00e9 mal, que generan el \u201cda y quita\u201d de un veracruzano al que no terminan por convencer de que pueden ser una real opci\u00f3n\u2026<br>Por ejemplo, partamos desde el 2015, que es cuando participa Morena en elecciones y hoy est\u00e1 en el poder:<br>El comportamiento electoral del PAN de Veracruz en elecciones para Diputados Federales era as\u00ed: Obtuvo en ese proceso 550 mil 812 votos. Se estaba en la antesala del fin de gobierno de Javier Duarte de Ochoa y el PRI llegaba arriba de 706 mil votos. Ojo, porque Morena, en su estreno, logr\u00f3 311 mil votos.<br>Para el 2018, el PAN duplica sus votos a 1 mill\u00f3n 202 mil aproximados (aunque pierde la elecci\u00f3n de Gobernador) mientras que el PRI va en picada para alcanzar casi 460 mil votos\u2026 \u00bfy Morena? pues de los 311 mil pas\u00f3 a 1 mill\u00f3n 574 mil votos envueltos en el efecto AMLO lo que le da la Gubernatura\u2026 La cantidad de votos azules se entienden por ser gobierno estatal en ese instante.<br>Ahora veamos sin efecto AMLO los n\u00fameros al menos de estos tres partidos en este reciente proceso del 2021:<br>El PAN perdi\u00f3 el medio mill\u00f3n obtenido en el pasado proceso electoral y alcanza 558 mil votos aproximados. El PRI sigue en descenso libre pero m\u00e1s controlado: 403 mil votos aproximados. Morena baja a 1 mill\u00f3n 410 mil votos cerrando n\u00fameros.<br>Vayamos a las Elecciones Municipales del 2017, con un a\u00f1o de Gobierno panista, cuando Morena inicia su participaci\u00f3n en este ramo:<br>A nivel estatal, el comportamiento electoral hist\u00f3rico del PAN fue as\u00ed: casi 780 mil votos mientras que el PRI obten\u00eda unos 517 mil votos. \u00bfY Morena? 584 mil 41 votos; pocos municipios pero relevantes. Este 2021, sus n\u00fameros fueron \u00e9stos: 548 mil y medio para el PAN, es decir, 200 mil menos. El PRI sigui\u00f3 en descenso en algo parecido a una ca\u00edda controlada, con 400 mil votos aproximados y Morena, los duplic\u00f3 a 1 mill\u00f3n 64 mil y cacho de votos.<br>\u00bfY si nos vamos al Poder Legislativo para checar el comportamiento? Volvemos a iniciar en el 2016, con la participaci\u00f3n de Morena en esas elecciones por primera vez:<br>El PAN fue mayor\u00eda con cerca de 806 mil votos; Morena alcanz\u00f3 677 mil votos aproximados y algo similar el PRI, con casi 691 mil\u2026<br>Para el 2018, el PAN sube a 990 mil (siendo poder); el PRI cae a 472 mil y Morena, arriba del mill\u00f3n y medio para ser Aplanadora legislativa.<br>El PAN para esta elecci\u00f3n para renovar el Congreso local (2021) desciende a un poquito arriba del medio mill\u00f3n de votos\u2026 el PRI cae a 366 mil votos (no tan dr\u00e1stico como el PAN, pero sigue en descenso), y Morena, a pesar de repetir como Mayor\u00eda, pierde 200 mil votos para situarse en 1 mill\u00f3n 300 mil y cacho.<br>El comportamiento electoral del veracruzano premia y castiga al PAN, que parece que gusta de jugar al sube y baja electoral; se entiende el papel de discernir, criticar, opinar al interior del partido, pero tambi\u00e9n comprender que hoy, en cinco o seis a\u00f1os, Morena se los ha venido comiendo poco a poco, solos o con alianzas que van en contra de la l\u00f3gica\u2026 primero, con el PRD (\u00bfse tolera con Movimiento Ciudadano?); luego con el PRI, antagonistas por excelencia\u2026 los esc\u00e1ndalos entre ellos y los provocados por Julen y VOX\u2026 \u00bfa qu\u00e9 le apuesta el PAN de Veracruz en estas elecciones por su dirigencia? Cualquiera que est\u00e9 dispuesto a participar a llevar las riendas del partido, debe buscar entender qu\u00e9 hace que el pueblo veracruzano no los tome como una opci\u00f3n real de cambio, porque no me digan que en el 2016 lo fueron\u2026 en una de \u00e9sas, quiz\u00e1s no se vot\u00f3 por Yunes Linares ni por el PAN, sino contra Duarte y lo que \u00e9l representaba (los n\u00fameros ac\u00e1 presentados del PRI son m\u00e1s claros)\u2026 chequen sus votos y sus dirigentes; chequen qu\u00e9 tan bueno es ir solos y qu\u00e9 tan bueno, en alianza, pero sobre todo, cambien ese chip que los hace ver un partido cerrado, elitista, moralino, perfecto, hechos a mano y aparte, conflictivos entre s\u00ed\u2026 a lo mejor en una de \u00e9sas, el veracruzano los pueda tomar m\u00e1s en serio.<\/p>\n\n\n\n<p>smcainito@gmail.com<\/p>\n","protected":false},"excerpt":{"rendered":"<p>Salvador Mu\u00f1oz Los Pol\u00edticos El show que se vivi\u00f3 el pasado domingo protagonizado por el PAN de Veracruz, v\u00eda sus distintos militantes, los que participaron, los que aclararon, y los que desde la barrera opinan, deja en claro algo: \u00a1urge el cambio!Tranquilos, pro Chapitos; tranquilos, contra Chapitos; teiquirisi, los neutrales\u2026 no me refiero al cambio [&hellip;]<\/p>\n","protected":false},"author":2,"featured_media":0,"comment_status":"closed","ping_status":"closed","sticky":false,"template":"","format":"standard","meta":{"tdm_status":"","tdm_grid_status":"","footnotes":""},"categories":[70],"tags":[1569,1026,266,251,195,161],"class_list":{"0":"post-79398","1":"post","2":"type-post","3":"status-publish","4":"format-standard","6":"category-de-opinion","7":"tag-julen-rementeria-del-puerto","8":"tag-morena","9":"tag-pan","10":"tag-pri","11":"tag-veracruz","12":"tag-yunes-linares"},"yoast_head":"<!-- This site is optimized with the Yoast SEO plugin v27.4 - https:\/\/yoast.com\/product\/yoast-seo-wordpress\/ -->\n<title>Cambio en el PAN\u2026 - Los pol\u00edticos Veracruz<\/title>\n<meta name=\"robots\" content=\"index, follow, max-snippet:-1, max-image-preview:large, max-video-preview:-1\" \/>\n<link rel=\"canonical\" href=\"https:\/\/lospoliticosveracruz.com\/?p=79398\" \/>\n<meta property=\"og:locale\" content=\"es_ES\" \/>\n<meta property=\"og:type\" content=\"article\" \/>\n<meta property=\"og:title\" content=\"Cambio en el PAN\u2026 - Los pol\u00edticos Veracruz\" \/>\n<meta property=\"og:description\" content=\"Salvador Mu\u00f1oz Los Pol\u00edticos El show que se vivi\u00f3 el pasado domingo protagonizado por el PAN de Veracruz, v\u00eda sus distintos militantes, los que participaron, los que aclararon, y los que desde la barrera opinan, deja en claro algo: \u00a1urge el cambio!Tranquilos, pro Chapitos; tranquilos, contra Chapitos; teiquirisi, los neutrales\u2026 no me refiero al cambio [&hellip;]\" \/>\n<meta property=\"og:url\" content=\"https:\/\/lospoliticosveracruz.com\/?p=79398\" \/>\n<meta property=\"og:site_name\" content=\"Los pol\u00edticos Veracruz\" \/>\n<meta property=\"article:publisher\" content=\"https:\/\/www.facebook.com\/people\/Notimemes-de-los-Polticos\/61565672886568\/\" \/>\n<meta property=\"article:published_time\" content=\"2021-09-14T04:00:00+00:00\" \/>\n<meta property=\"article:modified_time\" content=\"2021-09-14T14:03:03+00:00\" \/>\n<meta property=\"og:image\" content=\"https:\/\/lospoliticosveracruz.com.mx\/wp-content\/uploads\/2021\/09\/661B561F-C8B3-4EB3-B073-A34A73F68D94-576x1024.jpeg\" \/>\n<meta name=\"author\" content=\"Lo viste en Los Pol\u00edticos\" \/>\n<meta name=\"twitter:card\" content=\"summary_large_image\" \/>\n<meta name=\"twitter:creator\" content=\"@LosPoliticosVer\" \/>\n<meta name=\"twitter:site\" content=\"@LosPoliticosVer\" \/>\n<meta name=\"twitter:label1\" content=\"Escrito por\" \/>\n\t<meta name=\"twitter:data1\" content=\"Lo viste en Los Pol\u00edticos\" \/>\n\t<meta name=\"twitter:label2\" content=\"Tiempo de lectura\" \/>\n\t<meta name=\"twitter:data2\" content=\"5 minutos\" \/>\n<script type=\"application\/ld+json\" class=\"yoast-schema-graph\">{\"@context\":\"https:\\\/\\\/schema.org\",\"@graph\":[{\"@type\":\"Article\",\"@id\":\"https:\\\/\\\/lospoliticosveracruz.com\\\/?p=79398#article\",\"isPartOf\":{\"@id\":\"https:\\\/\\\/lospoliticosveracruz.com\\\/?p=79398\"},\"author\":{\"name\":\"Lo viste en Los Pol\u00edticos\",\"@id\":\"https:\\\/\\\/lospoliticosveracruz.com\\\/#\\\/schema\\\/person\\\/b8702bb0e538456e6efd07080bf2a4a2\"},\"headline\":\"Cambio en el PAN\u2026\",\"datePublished\":\"2021-09-14T04:00:00+00:00\",\"dateModified\":\"2021-09-14T14:03:03+00:00\",\"mainEntityOfPage\":{\"@id\":\"https:\\\/\\\/lospoliticosveracruz.com\\\/?p=79398\"},\"wordCount\":943,\"publisher\":{\"@id\":\"https:\\\/\\\/lospoliticosveracruz.com\\\/#organization\"},\"image\":{\"@id\":\"https:\\\/\\\/lospoliticosveracruz.com\\\/?p=79398#primaryimage\"},\"thumbnailUrl\":\"https:\\\/\\\/lospoliticosveracruz.com.mx\\\/wp-content\\\/uploads\\\/2021\\\/09\\\/661B561F-C8B3-4EB3-B073-A34A73F68D94-576x1024.jpeg\",\"keywords\":[\"Julen Rementer\u00eda del Puerto\",\"Morena\",\"PAN\",\"PRI\",\"Veracruz\",\"Yunes Linares\"],\"articleSection\":[\"De Opini\u00f3n\"],\"inLanguage\":\"es\"},{\"@type\":\"WebPage\",\"@id\":\"https:\\\/\\\/lospoliticosveracruz.com\\\/?p=79398\",\"url\":\"https:\\\/\\\/lospoliticosveracruz.com\\\/?p=79398\",\"name\":\"Cambio en el PAN\u2026 - Los pol\u00edticos Veracruz\",\"isPartOf\":{\"@id\":\"https:\\\/\\\/lospoliticosveracruz.com\\\/#website\"},\"primaryImageOfPage\":{\"@id\":\"https:\\\/\\\/lospoliticosveracruz.com\\\/?p=79398#primaryimage\"},\"image\":{\"@id\":\"https:\\\/\\\/lospoliticosveracruz.com\\\/?p=79398#primaryimage\"},\"thumbnailUrl\":\"https:\\\/\\\/lospoliticosveracruz.com.mx\\\/wp-content\\\/uploads\\\/2021\\\/09\\\/661B561F-C8B3-4EB3-B073-A34A73F68D94-576x1024.jpeg\",\"datePublished\":\"2021-09-14T04:00:00+00:00\",\"dateModified\":\"2021-09-14T14:03:03+00:00\",\"breadcrumb\":{\"@id\":\"https:\\\/\\\/lospoliticosveracruz.com\\\/?p=79398#breadcrumb\"},\"inLanguage\":\"es\",\"potentialAction\":[{\"@type\":\"ReadAction\",\"target\":[\"https:\\\/\\\/lospoliticosveracruz.com\\\/?p=79398\"]}]},{\"@type\":\"ImageObject\",\"inLanguage\":\"es\",\"@id\":\"https:\\\/\\\/lospoliticosveracruz.com\\\/?p=79398#primaryimage\",\"url\":\"https:\\\/\\\/lospoliticosveracruz.com.mx\\\/wp-content\\\/uploads\\\/2021\\\/09\\\/661B561F-C8B3-4EB3-B073-A34A73F68D94-576x1024.jpeg\",\"contentUrl\":\"https:\\\/\\\/lospoliticosveracruz.com.mx\\\/wp-content\\\/uploads\\\/2021\\\/09\\\/661B561F-C8B3-4EB3-B073-A34A73F68D94-576x1024.jpeg\"},{\"@type\":\"BreadcrumbList\",\"@id\":\"https:\\\/\\\/lospoliticosveracruz.com\\\/?p=79398#breadcrumb\",\"itemListElement\":[{\"@type\":\"ListItem\",\"position\":1,\"name\":\"Portada\",\"item\":\"https:\\\/\\\/lospoliticosveracruz.com\\\/\"},{\"@type\":\"ListItem\",\"position\":2,\"name\":\"Cambio en el PAN\u2026\"}]},{\"@type\":\"WebSite\",\"@id\":\"https:\\\/\\\/lospoliticosveracruz.com\\\/#website\",\"url\":\"https:\\\/\\\/lospoliticosveracruz.com\\\/\",\"name\":\"Los pol\u00edticos Veracruz\",\"description\":\"\",\"publisher\":{\"@id\":\"https:\\\/\\\/lospoliticosveracruz.com\\\/#organization\"},\"potentialAction\":[{\"@type\":\"SearchAction\",\"target\":{\"@type\":\"EntryPoint\",\"urlTemplate\":\"https:\\\/\\\/lospoliticosveracruz.com\\\/?s={search_term_string}\"},\"query-input\":{\"@type\":\"PropertyValueSpecification\",\"valueRequired\":true,\"valueName\":\"search_term_string\"}}],\"inLanguage\":\"es\"},{\"@type\":\"Organization\",\"@id\":\"https:\\\/\\\/lospoliticosveracruz.com\\\/#organization\",\"name\":\"Los pol\u00edticos Veracruz\",\"url\":\"https:\\\/\\\/lospoliticosveracruz.com\\\/\",\"logo\":{\"@type\":\"ImageObject\",\"inLanguage\":\"es\",\"@id\":\"https:\\\/\\\/lospoliticosveracruz.com\\\/#\\\/schema\\\/logo\\\/image\\\/\",\"url\":\"https:\\\/\\\/lospoliticosveracruz.com\\\/wp-content\\\/uploads\\\/2025\\\/12\\\/Logo-Nuevo-LOS-POLITICOS-1.jpg\",\"contentUrl\":\"https:\\\/\\\/lospoliticosveracruz.com\\\/wp-content\\\/uploads\\\/2025\\\/12\\\/Logo-Nuevo-LOS-POLITICOS-1.jpg\",\"width\":260,\"height\":70,\"caption\":\"Los pol\u00edticos Veracruz\"},\"image\":{\"@id\":\"https:\\\/\\\/lospoliticosveracruz.com\\\/#\\\/schema\\\/logo\\\/image\\\/\"},\"sameAs\":[\"https:\\\/\\\/www.facebook.com\\\/people\\\/Notimemes-de-los-Polticos\\\/61565672886568\\\/\",\"https:\\\/\\\/x.com\\\/LosPoliticosVer\"]},{\"@type\":\"Person\",\"@id\":\"https:\\\/\\\/lospoliticosveracruz.com\\\/#\\\/schema\\\/person\\\/b8702bb0e538456e6efd07080bf2a4a2\",\"name\":\"Lo viste en Los Pol\u00edticos\",\"image\":{\"@type\":\"ImageObject\",\"inLanguage\":\"es\",\"@id\":\"https:\\\/\\\/secure.gravatar.com\\\/avatar\\\/3a8de04a2656d44082be478bd6c086daa447c4651605818287b9532d3d0bd435?s=96&d=mm&r=g\",\"url\":\"https:\\\/\\\/secure.gravatar.com\\\/avatar\\\/3a8de04a2656d44082be478bd6c086daa447c4651605818287b9532d3d0bd435?s=96&d=mm&r=g\",\"contentUrl\":\"https:\\\/\\\/secure.gravatar.com\\\/avatar\\\/3a8de04a2656d44082be478bd6c086daa447c4651605818287b9532d3d0bd435?s=96&d=mm&r=g\",\"caption\":\"Lo viste en Los Pol\u00edticos\"},\"url\":\"https:\\\/\\\/lospoliticosveracruz.com\\\/?author=2\"}]}<\/script>\n<!-- \/ Yoast SEO plugin. -->","yoast_head_json":{"title":"Cambio en el PAN\u2026 - Los pol\u00edticos Veracruz","robots":{"index":"index","follow":"follow","max-snippet":"max-snippet:-1","max-image-preview":"max-image-preview:large","max-video-preview":"max-video-preview:-1"},"canonical":"https:\/\/lospoliticosveracruz.com\/?p=79398","og_locale":"es_ES","og_type":"article","og_title":"Cambio en el PAN\u2026 - Los pol\u00edticos Veracruz","og_description":"Salvador Mu\u00f1oz Los Pol\u00edticos El show que se vivi\u00f3 el pasado domingo protagonizado por el PAN de Veracruz, v\u00eda sus distintos militantes, los que participaron, los que aclararon, y los que desde la barrera opinan, deja en claro algo: \u00a1urge el cambio!Tranquilos, pro Chapitos; tranquilos, contra Chapitos; teiquirisi, los neutrales\u2026 no me refiero al cambio [&hellip;]","og_url":"https:\/\/lospoliticosveracruz.com\/?p=79398","og_site_name":"Los pol\u00edticos Veracruz","article_publisher":"https:\/\/www.facebook.com\/people\/Notimemes-de-los-Polticos\/61565672886568\/","article_published_time":"2021-09-14T04:00:00+00:00","article_modified_time":"2021-09-14T14:03:03+00:00","og_image":[{"url":"https:\/\/lospoliticosveracruz.com.mx\/wp-content\/uploads\/2021\/09\/661B561F-C8B3-4EB3-B073-A34A73F68D94-576x1024.jpeg","type":"","width":"","height":""}],"author":"Lo viste en Los Pol\u00edticos","twitter_card":"summary_large_image","twitter_creator":"@LosPoliticosVer","twitter_site":"@LosPoliticosVer","twitter_misc":{"Escrito por":"Lo viste en Los Pol\u00edticos","Tiempo de lectura":"5 minutos"},"schema":{"@context":"https:\/\/schema.org","@graph":[{"@type":"Article","@id":"https:\/\/lospoliticosveracruz.com\/?p=79398#article","isPartOf":{"@id":"https:\/\/lospoliticosveracruz.com\/?p=79398"},"author":{"name":"Lo viste en Los Pol\u00edticos","@id":"https:\/\/lospoliticosveracruz.com\/#\/schema\/person\/b8702bb0e538456e6efd07080bf2a4a2"},"headline":"Cambio en el PAN\u2026","datePublished":"2021-09-14T04:00:00+00:00","dateModified":"2021-09-14T14:03:03+00:00","mainEntityOfPage":{"@id":"https:\/\/lospoliticosveracruz.com\/?p=79398"},"wordCount":943,"publisher":{"@id":"https:\/\/lospoliticosveracruz.com\/#organization"},"image":{"@id":"https:\/\/lospoliticosveracruz.com\/?p=79398#primaryimage"},"thumbnailUrl":"https:\/\/lospoliticosveracruz.com.mx\/wp-content\/uploads\/2021\/09\/661B561F-C8B3-4EB3-B073-A34A73F68D94-576x1024.jpeg","keywords":["Julen Rementer\u00eda del Puerto","Morena","PAN","PRI","Veracruz","Yunes Linares"],"articleSection":["De Opini\u00f3n"],"inLanguage":"es"},{"@type":"WebPage","@id":"https:\/\/lospoliticosveracruz.com\/?p=79398","url":"https:\/\/lospoliticosveracruz.com\/?p=79398","name":"Cambio en el PAN\u2026 - Los pol\u00edticos Veracruz","isPartOf":{"@id":"https:\/\/lospoliticosveracruz.com\/#website"},"primaryImageOfPage":{"@id":"https:\/\/lospoliticosveracruz.com\/?p=79398#primaryimage"},"image":{"@id":"https:\/\/lospoliticosveracruz.com\/?p=79398#primaryimage"},"thumbnailUrl":"https:\/\/lospoliticosveracruz.com.mx\/wp-content\/uploads\/2021\/09\/661B561F-C8B3-4EB3-B073-A34A73F68D94-576x1024.jpeg","datePublished":"2021-09-14T04:00:00+00:00","dateModified":"2021-09-14T14:03:03+00:00","breadcrumb":{"@id":"https:\/\/lospoliticosveracruz.com\/?p=79398#breadcrumb"},"inLanguage":"es","potentialAction":[{"@type":"ReadAction","target":["https:\/\/lospoliticosveracruz.com\/?p=79398"]}]},{"@type":"ImageObject","inLanguage":"es","@id":"https:\/\/lospoliticosveracruz.com\/?p=79398#primaryimage","url":"https:\/\/lospoliticosveracruz.com.mx\/wp-content\/uploads\/2021\/09\/661B561F-C8B3-4EB3-B073-A34A73F68D94-576x1024.jpeg","contentUrl":"https:\/\/lospoliticosveracruz.com.mx\/wp-content\/uploads\/2021\/09\/661B561F-C8B3-4EB3-B073-A34A73F68D94-576x1024.jpeg"},{"@type":"BreadcrumbList","@id":"https:\/\/lospoliticosveracruz.com\/?p=79398#breadcrumb","itemListElement":[{"@type":"ListItem","position":1,"name":"Portada","item":"https:\/\/lospoliticosveracruz.com\/"},{"@type":"ListItem","position":2,"name":"Cambio en el PAN\u2026"}]},{"@type":"WebSite","@id":"https:\/\/lospoliticosveracruz.com\/#website","url":"https:\/\/lospoliticosveracruz.com\/","name":"Los pol\u00edticos Veracruz","description":"","publisher":{"@id":"https:\/\/lospoliticosveracruz.com\/#organization"},"potentialAction":[{"@type":"SearchAction","target":{"@type":"EntryPoint","urlTemplate":"https:\/\/lospoliticosveracruz.com\/?s={search_term_string}"},"query-input":{"@type":"PropertyValueSpecification","valueRequired":true,"valueName":"search_term_string"}}],"inLanguage":"es"},{"@type":"Organization","@id":"https:\/\/lospoliticosveracruz.com\/#organization","name":"Los pol\u00edticos Veracruz","url":"https:\/\/lospoliticosveracruz.com\/","logo":{"@type":"ImageObject","inLanguage":"es","@id":"https:\/\/lospoliticosveracruz.com\/#\/schema\/logo\/image\/","url":"https:\/\/lospoliticosveracruz.com\/wp-content\/uploads\/2025\/12\/Logo-Nuevo-LOS-POLITICOS-1.jpg","contentUrl":"https:\/\/lospoliticosveracruz.com\/wp-content\/uploads\/2025\/12\/Logo-Nuevo-LOS-POLITICOS-1.jpg","width":260,"height":70,"caption":"Los pol\u00edticos Veracruz"},"image":{"@id":"https:\/\/lospoliticosveracruz.com\/#\/schema\/logo\/image\/"},"sameAs":["https:\/\/www.facebook.com\/people\/Notimemes-de-los-Polticos\/61565672886568\/","https:\/\/x.com\/LosPoliticosVer"]},{"@type":"Person","@id":"https:\/\/lospoliticosveracruz.com\/#\/schema\/person\/b8702bb0e538456e6efd07080bf2a4a2","name":"Lo viste en Los Pol\u00edticos","image":{"@type":"ImageObject","inLanguage":"es","@id":"https:\/\/secure.gravatar.com\/avatar\/3a8de04a2656d44082be478bd6c086daa447c4651605818287b9532d3d0bd435?s=96&d=mm&r=g","url":"https:\/\/secure.gravatar.com\/avatar\/3a8de04a2656d44082be478bd6c086daa447c4651605818287b9532d3d0bd435?s=96&d=mm&r=g","contentUrl":"https:\/\/secure.gravatar.com\/avatar\/3a8de04a2656d44082be478bd6c086daa447c4651605818287b9532d3d0bd435?s=96&d=mm&r=g","caption":"Lo viste en Los Pol\u00edticos"},"url":"https:\/\/lospoliticosveracruz.com\/?author=2"}]}},"_links":{"self":[{"href":"https:\/\/lospoliticosveracruz.com\/index.php?rest_route=\/wp\/v2\/posts\/79398","targetHints":{"allow":["GET"]}}],"collection":[{"href":"https:\/\/lospoliticosveracruz.com\/index.php?rest_route=\/wp\/v2\/posts"}],"about":[{"href":"https:\/\/lospoliticosveracruz.com\/index.php?rest_route=\/wp\/v2\/types\/post"}],"author":[{"embeddable":true,"href":"https:\/\/lospoliticosveracruz.com\/index.php?rest_route=\/wp\/v2\/users\/2"}],"replies":[{"embeddable":true,"href":"https:\/\/lospoliticosveracruz.com\/index.php?rest_route=%2Fwp%2Fv2%2Fcomments&post=79398"}],"version-history":[{"count":1,"href":"https:\/\/lospoliticosveracruz.com\/index.php?rest_route=\/wp\/v2\/posts\/79398\/revisions"}],"predecessor-version":[{"id":79399,"href":"https:\/\/lospoliticosveracruz.com\/index.php?rest_route=\/wp\/v2\/posts\/79398\/revisions\/79399"}],"wp:attachment":[{"href":"https:\/\/lospoliticosveracruz.com\/index.php?rest_route=%2Fwp%2Fv2%2Fmedia&parent=79398"}],"wp:term":[{"taxonomy":"category","embeddable":true,"href":"https:\/\/lospoliticosveracruz.com\/index.php?rest_route=%2Fwp%2Fv2%2Fcategories&post=79398"},{"taxonomy":"post_tag","embeddable":true,"href":"https:\/\/lospoliticosveracruz.com\/index.php?rest_route=%2Fwp%2Fv2%2Ftags&post=79398"}],"curies":[{"name":"wp","href":"https:\/\/api.w.org\/{rel}","templated":true}]}}