{"id":79400,"date":"2021-09-13T20:09:07","date_gmt":"2021-09-14T01:09:07","guid":{"rendered":"https:\/\/lospoliticosveracruz.com.mx\/?p=79400"},"modified":"2021-09-13T20:09:10","modified_gmt":"2021-09-14T01:09:10","slug":"agosto-aprobado","status":"publish","type":"post","link":"https:\/\/lospoliticosveracruz.com\/?p=79400","title":{"rendered":"Agosto, aprobado"},"content":{"rendered":"\n<p><\/p>\n\n\n\n<p><strong>C\u00f3rdoba<\/strong><br>El Cabildo del Ayuntamiento de C\u00f3rdoba aprob\u00f3 los estados financieros correspondientes al mes de agosto por mayor\u00eda de votos, conforme lo dispuesto en los art\u00edculos 72, fracci\u00f3n XIII de la Ley Org\u00e1nica del Municipio Libre y art\u00edculo 270, fracci\u00f3n XI del C\u00f3digo Hacendario Municipal para el Estado de Veracruz.<\/p>\n\n\n\n<div class=\"wp-block-image\"><figure class=\"alignleft size-large is-resized\"><a href=\"https:\/\/lospoliticosveracruz.com.mx\/wp-content\/uploads\/2021\/09\/661B561F-C8B3-4EB3-B073-A34A73F68D94.jpeg\"><img decoding=\"async\" src=\"https:\/\/lospoliticosveracruz.com.mx\/wp-content\/uploads\/2021\/09\/661B561F-C8B3-4EB3-B073-A34A73F68D94-576x1024.jpeg\" alt=\"\" class=\"wp-image-79390\" width=\"250\"\/><\/a><\/figure><\/div>\n\n\n\n<p>El tesorero municipal, Emilio Jos\u00e9 Cangas Miranda, inform\u00f3 que para el mes de agosto, los ingresos fueron de 58 millones 440 mil pesos, de los que 49 millones 833 mil pesos se recibieron en participaciones federales y aportaciones, mientras que los egresos fueron por 72 millones 395 mil pesos.<\/p>\n\n\n\n<p>En cifras acumuladas, Cangas Miranda, detall\u00f3 que hasta el mes de agosto el municipio de C\u00f3rdoba tuvo ingresos por 534 millones 189 mil pesos y egresos por 465 millones 680 mil pesos, para obtener un diferencial a dicho mes de 68 millones de pesos 509 mil pesos.<\/p>\n\n\n\n<p>Durante la cent\u00e9sima nonag\u00e9sima sesi\u00f3n ordinaria de Cabildo, y en cumplimiento a lo establecido en el art\u00edculo 106 de la Ley Org\u00e1nica del Municipio Libre y el art\u00edculo 308 del C\u00f3digo Hacendario Municipal para el Estado de Veracruz, las y los regidores aprobaron los proyectos de Ley de Ingresos y Presupuesto de Egresos para el ejercicio 2022, mismos que quedaron por 723 millones 806 mil 408 pesos.<\/p>\n\n\n\n<p>En ese sentido, el Tesorero Municipal, detall\u00f3 que estos proyectos se elaboraron bajo los principios de racionalidad, austeridad y disciplina del gasto p\u00fablico. Adelant\u00f3 que tras la votaci\u00f3n del Cabildo, se remitir\u00e1 al Congreso del Estado para su aprobaci\u00f3n en el mes de diciembre.<\/p>\n\n\n\n<p>Dijo que una vez autorizadas la Ley de Ingresos y el Presupuesto de Egresos 2022 podr\u00e1 ser modificada por la comuna entrante de acuerdo a sus proyecciones durante los primeros quince d\u00edas del mes de enero.<\/p>\n","protected":false},"excerpt":{"rendered":"<p>C\u00f3rdobaEl Cabildo del Ayuntamiento de C\u00f3rdoba aprob\u00f3 los estados financieros correspondientes al mes de agosto por mayor\u00eda de votos, conforme lo dispuesto en los art\u00edculos 72, fracci\u00f3n XIII de la Ley Org\u00e1nica del Municipio Libre y art\u00edculo 270, fracci\u00f3n XI del C\u00f3digo Hacendario Municipal para el Estado de Veracruz. El tesorero municipal, Emilio Jos\u00e9 Cangas [&hellip;]<\/p>\n","protected":false},"author":2,"featured_media":0,"comment_status":"closed","ping_status":"closed","sticky":false,"template":"","format":"standard","meta":{"tdm_status":"","tdm_grid_status":"","footnotes":""},"categories":[73],"tags":[1049,21273,30394,10253],"class_list":{"0":"post-79400","1":"post","2":"type-post","3":"status-publish","4":"format-standard","6":"category-de-boleto","7":"tag-codigo-hacendario","8":"tag-emilio-jose-cangas-miranda","9":"tag-ley-de-ingresos-y-presupuesto-de-egresos","10":"tag-ley-organica-del-municipio-libre"},"yoast_head":"<!-- This site is optimized with the Yoast SEO plugin v27.4 - https:\/\/yoast.com\/product\/yoast-seo-wordpress\/ -->\n<title>Agosto, aprobado - Los pol\u00edticos Veracruz<\/title>\n<meta name=\"robots\" content=\"index, follow, max-snippet:-1, max-image-preview:large, max-video-preview:-1\" \/>\n<link rel=\"canonical\" href=\"https:\/\/lospoliticosveracruz.com\/?p=79400\" \/>\n<meta property=\"og:locale\" content=\"es_ES\" \/>\n<meta property=\"og:type\" content=\"article\" \/>\n<meta property=\"og:title\" content=\"Agosto, aprobado - Los pol\u00edticos Veracruz\" \/>\n<meta property=\"og:description\" content=\"C\u00f3rdobaEl Cabildo del Ayuntamiento de C\u00f3rdoba aprob\u00f3 los estados financieros correspondientes al mes de agosto por mayor\u00eda de votos, conforme lo dispuesto en los art\u00edculos 72, fracci\u00f3n XIII de la Ley Org\u00e1nica del Municipio Libre y art\u00edculo 270, fracci\u00f3n XI del C\u00f3digo Hacendario Municipal para el Estado de Veracruz. El tesorero municipal, Emilio Jos\u00e9 Cangas [&hellip;]\" \/>\n<meta property=\"og:url\" content=\"https:\/\/lospoliticosveracruz.com\/?p=79400\" \/>\n<meta property=\"og:site_name\" content=\"Los pol\u00edticos Veracruz\" \/>\n<meta property=\"article:publisher\" content=\"https:\/\/www.facebook.com\/people\/Notimemes-de-los-Polticos\/61565672886568\/\" \/>\n<meta property=\"article:published_time\" content=\"2021-09-14T01:09:07+00:00\" \/>\n<meta property=\"article:modified_time\" content=\"2021-09-14T01:09:10+00:00\" \/>\n<meta property=\"og:image\" content=\"https:\/\/lospoliticosveracruz.com.mx\/wp-content\/uploads\/2021\/09\/661B561F-C8B3-4EB3-B073-A34A73F68D94-576x1024.jpeg\" \/>\n<meta name=\"author\" content=\"Lo viste en Los Pol\u00edticos\" \/>\n<meta name=\"twitter:card\" content=\"summary_large_image\" \/>\n<meta name=\"twitter:creator\" content=\"@LosPoliticosVer\" \/>\n<meta name=\"twitter:site\" content=\"@LosPoliticosVer\" \/>\n<meta name=\"twitter:label1\" content=\"Escrito por\" \/>\n\t<meta name=\"twitter:data1\" content=\"Lo viste en Los Pol\u00edticos\" \/>\n\t<meta name=\"twitter:label2\" content=\"Tiempo de lectura\" \/>\n\t<meta name=\"twitter:data2\" content=\"1 minuto\" \/>\n<script type=\"application\/ld+json\" class=\"yoast-schema-graph\">{\"@context\":\"https:\\\/\\\/schema.org\",\"@graph\":[{\"@type\":\"Article\",\"@id\":\"https:\\\/\\\/lospoliticosveracruz.com\\\/?p=79400#article\",\"isPartOf\":{\"@id\":\"https:\\\/\\\/lospoliticosveracruz.com\\\/?p=79400\"},\"author\":{\"name\":\"Lo viste en Los Pol\u00edticos\",\"@id\":\"https:\\\/\\\/lospoliticosveracruz.com\\\/#\\\/schema\\\/person\\\/b8702bb0e538456e6efd07080bf2a4a2\"},\"headline\":\"Agosto, aprobado\",\"datePublished\":\"2021-09-14T01:09:07+00:00\",\"dateModified\":\"2021-09-14T01:09:10+00:00\",\"mainEntityOfPage\":{\"@id\":\"https:\\\/\\\/lospoliticosveracruz.com\\\/?p=79400\"},\"wordCount\":295,\"publisher\":{\"@id\":\"https:\\\/\\\/lospoliticosveracruz.com\\\/#organization\"},\"image\":{\"@id\":\"https:\\\/\\\/lospoliticosveracruz.com\\\/?p=79400#primaryimage\"},\"thumbnailUrl\":\"https:\\\/\\\/lospoliticosveracruz.com.mx\\\/wp-content\\\/uploads\\\/2021\\\/09\\\/661B561F-C8B3-4EB3-B073-A34A73F68D94-576x1024.jpeg\",\"keywords\":[\"C\u00f3digo Hacendario\",\"Emilio Jos\u00e9 Cangas Miranda\",\"Ley de Ingresos y Presupuesto de Egresos\",\"Ley Org\u00e1nica del Municipio Libre\"],\"articleSection\":[\"De Boleto\"],\"inLanguage\":\"es\"},{\"@type\":\"WebPage\",\"@id\":\"https:\\\/\\\/lospoliticosveracruz.com\\\/?p=79400\",\"url\":\"https:\\\/\\\/lospoliticosveracruz.com\\\/?p=79400\",\"name\":\"Agosto, aprobado - Los pol\u00edticos Veracruz\",\"isPartOf\":{\"@id\":\"https:\\\/\\\/lospoliticosveracruz.com\\\/#website\"},\"primaryImageOfPage\":{\"@id\":\"https:\\\/\\\/lospoliticosveracruz.com\\\/?p=79400#primaryimage\"},\"image\":{\"@id\":\"https:\\\/\\\/lospoliticosveracruz.com\\\/?p=79400#primaryimage\"},\"thumbnailUrl\":\"https:\\\/\\\/lospoliticosveracruz.com.mx\\\/wp-content\\\/uploads\\\/2021\\\/09\\\/661B561F-C8B3-4EB3-B073-A34A73F68D94-576x1024.jpeg\",\"datePublished\":\"2021-09-14T01:09:07+00:00\",\"dateModified\":\"2021-09-14T01:09:10+00:00\",\"breadcrumb\":{\"@id\":\"https:\\\/\\\/lospoliticosveracruz.com\\\/?p=79400#breadcrumb\"},\"inLanguage\":\"es\",\"potentialAction\":[{\"@type\":\"ReadAction\",\"target\":[\"https:\\\/\\\/lospoliticosveracruz.com\\\/?p=79400\"]}]},{\"@type\":\"ImageObject\",\"inLanguage\":\"es\",\"@id\":\"https:\\\/\\\/lospoliticosveracruz.com\\\/?p=79400#primaryimage\",\"url\":\"https:\\\/\\\/lospoliticosveracruz.com.mx\\\/wp-content\\\/uploads\\\/2021\\\/09\\\/661B561F-C8B3-4EB3-B073-A34A73F68D94-576x1024.jpeg\",\"contentUrl\":\"https:\\\/\\\/lospoliticosveracruz.com.mx\\\/wp-content\\\/uploads\\\/2021\\\/09\\\/661B561F-C8B3-4EB3-B073-A34A73F68D94-576x1024.jpeg\"},{\"@type\":\"BreadcrumbList\",\"@id\":\"https:\\\/\\\/lospoliticosveracruz.com\\\/?p=79400#breadcrumb\",\"itemListElement\":[{\"@type\":\"ListItem\",\"position\":1,\"name\":\"Portada\",\"item\":\"https:\\\/\\\/lospoliticosveracruz.com\\\/\"},{\"@type\":\"ListItem\",\"position\":2,\"name\":\"Agosto, aprobado\"}]},{\"@type\":\"WebSite\",\"@id\":\"https:\\\/\\\/lospoliticosveracruz.com\\\/#website\",\"url\":\"https:\\\/\\\/lospoliticosveracruz.com\\\/\",\"name\":\"Los pol\u00edticos Veracruz\",\"description\":\"\",\"publisher\":{\"@id\":\"https:\\\/\\\/lospoliticosveracruz.com\\\/#organization\"},\"potentialAction\":[{\"@type\":\"SearchAction\",\"target\":{\"@type\":\"EntryPoint\",\"urlTemplate\":\"https:\\\/\\\/lospoliticosveracruz.com\\\/?s={search_term_string}\"},\"query-input\":{\"@type\":\"PropertyValueSpecification\",\"valueRequired\":true,\"valueName\":\"search_term_string\"}}],\"inLanguage\":\"es\"},{\"@type\":\"Organization\",\"@id\":\"https:\\\/\\\/lospoliticosveracruz.com\\\/#organization\",\"name\":\"Los pol\u00edticos Veracruz\",\"url\":\"https:\\\/\\\/lospoliticosveracruz.com\\\/\",\"logo\":{\"@type\":\"ImageObject\",\"inLanguage\":\"es\",\"@id\":\"https:\\\/\\\/lospoliticosveracruz.com\\\/#\\\/schema\\\/logo\\\/image\\\/\",\"url\":\"https:\\\/\\\/lospoliticosveracruz.com\\\/wp-content\\\/uploads\\\/2025\\\/12\\\/Logo-Nuevo-LOS-POLITICOS-1.jpg\",\"contentUrl\":\"https:\\\/\\\/lospoliticosveracruz.com\\\/wp-content\\\/uploads\\\/2025\\\/12\\\/Logo-Nuevo-LOS-POLITICOS-1.jpg\",\"width\":260,\"height\":70,\"caption\":\"Los pol\u00edticos Veracruz\"},\"image\":{\"@id\":\"https:\\\/\\\/lospoliticosveracruz.com\\\/#\\\/schema\\\/logo\\\/image\\\/\"},\"sameAs\":[\"https:\\\/\\\/www.facebook.com\\\/people\\\/Notimemes-de-los-Polticos\\\/61565672886568\\\/\",\"https:\\\/\\\/x.com\\\/LosPoliticosVer\"]},{\"@type\":\"Person\",\"@id\":\"https:\\\/\\\/lospoliticosveracruz.com\\\/#\\\/schema\\\/person\\\/b8702bb0e538456e6efd07080bf2a4a2\",\"name\":\"Lo viste en Los Pol\u00edticos\",\"image\":{\"@type\":\"ImageObject\",\"inLanguage\":\"es\",\"@id\":\"https:\\\/\\\/secure.gravatar.com\\\/avatar\\\/3a8de04a2656d44082be478bd6c086daa447c4651605818287b9532d3d0bd435?s=96&d=mm&r=g\",\"url\":\"https:\\\/\\\/secure.gravatar.com\\\/avatar\\\/3a8de04a2656d44082be478bd6c086daa447c4651605818287b9532d3d0bd435?s=96&d=mm&r=g\",\"contentUrl\":\"https:\\\/\\\/secure.gravatar.com\\\/avatar\\\/3a8de04a2656d44082be478bd6c086daa447c4651605818287b9532d3d0bd435?s=96&d=mm&r=g\",\"caption\":\"Lo viste en Los Pol\u00edticos\"},\"url\":\"https:\\\/\\\/lospoliticosveracruz.com\\\/?author=2\"}]}<\/script>\n<!-- \/ Yoast SEO plugin. -->","yoast_head_json":{"title":"Agosto, aprobado - Los pol\u00edticos Veracruz","robots":{"index":"index","follow":"follow","max-snippet":"max-snippet:-1","max-image-preview":"max-image-preview:large","max-video-preview":"max-video-preview:-1"},"canonical":"https:\/\/lospoliticosveracruz.com\/?p=79400","og_locale":"es_ES","og_type":"article","og_title":"Agosto, aprobado - Los pol\u00edticos Veracruz","og_description":"C\u00f3rdobaEl Cabildo del Ayuntamiento de C\u00f3rdoba aprob\u00f3 los estados financieros correspondientes al mes de agosto por mayor\u00eda de votos, conforme lo dispuesto en los art\u00edculos 72, fracci\u00f3n XIII de la Ley Org\u00e1nica del Municipio Libre y art\u00edculo 270, fracci\u00f3n XI del C\u00f3digo Hacendario Municipal para el Estado de Veracruz. El tesorero municipal, Emilio Jos\u00e9 Cangas [&hellip;]","og_url":"https:\/\/lospoliticosveracruz.com\/?p=79400","og_site_name":"Los pol\u00edticos Veracruz","article_publisher":"https:\/\/www.facebook.com\/people\/Notimemes-de-los-Polticos\/61565672886568\/","article_published_time":"2021-09-14T01:09:07+00:00","article_modified_time":"2021-09-14T01:09:10+00:00","og_image":[{"url":"https:\/\/lospoliticosveracruz.com.mx\/wp-content\/uploads\/2021\/09\/661B561F-C8B3-4EB3-B073-A34A73F68D94-576x1024.jpeg","type":"","width":"","height":""}],"author":"Lo viste en Los Pol\u00edticos","twitter_card":"summary_large_image","twitter_creator":"@LosPoliticosVer","twitter_site":"@LosPoliticosVer","twitter_misc":{"Escrito por":"Lo viste en Los Pol\u00edticos","Tiempo de lectura":"1 minuto"},"schema":{"@context":"https:\/\/schema.org","@graph":[{"@type":"Article","@id":"https:\/\/lospoliticosveracruz.com\/?p=79400#article","isPartOf":{"@id":"https:\/\/lospoliticosveracruz.com\/?p=79400"},"author":{"name":"Lo viste en Los Pol\u00edticos","@id":"https:\/\/lospoliticosveracruz.com\/#\/schema\/person\/b8702bb0e538456e6efd07080bf2a4a2"},"headline":"Agosto, aprobado","datePublished":"2021-09-14T01:09:07+00:00","dateModified":"2021-09-14T01:09:10+00:00","mainEntityOfPage":{"@id":"https:\/\/lospoliticosveracruz.com\/?p=79400"},"wordCount":295,"publisher":{"@id":"https:\/\/lospoliticosveracruz.com\/#organization"},"image":{"@id":"https:\/\/lospoliticosveracruz.com\/?p=79400#primaryimage"},"thumbnailUrl":"https:\/\/lospoliticosveracruz.com.mx\/wp-content\/uploads\/2021\/09\/661B561F-C8B3-4EB3-B073-A34A73F68D94-576x1024.jpeg","keywords":["C\u00f3digo Hacendario","Emilio Jos\u00e9 Cangas Miranda","Ley de Ingresos y Presupuesto de Egresos","Ley Org\u00e1nica del Municipio Libre"],"articleSection":["De Boleto"],"inLanguage":"es"},{"@type":"WebPage","@id":"https:\/\/lospoliticosveracruz.com\/?p=79400","url":"https:\/\/lospoliticosveracruz.com\/?p=79400","name":"Agosto, aprobado - Los pol\u00edticos Veracruz","isPartOf":{"@id":"https:\/\/lospoliticosveracruz.com\/#website"},"primaryImageOfPage":{"@id":"https:\/\/lospoliticosveracruz.com\/?p=79400#primaryimage"},"image":{"@id":"https:\/\/lospoliticosveracruz.com\/?p=79400#primaryimage"},"thumbnailUrl":"https:\/\/lospoliticosveracruz.com.mx\/wp-content\/uploads\/2021\/09\/661B561F-C8B3-4EB3-B073-A34A73F68D94-576x1024.jpeg","datePublished":"2021-09-14T01:09:07+00:00","dateModified":"2021-09-14T01:09:10+00:00","breadcrumb":{"@id":"https:\/\/lospoliticosveracruz.com\/?p=79400#breadcrumb"},"inLanguage":"es","potentialAction":[{"@type":"ReadAction","target":["https:\/\/lospoliticosveracruz.com\/?p=79400"]}]},{"@type":"ImageObject","inLanguage":"es","@id":"https:\/\/lospoliticosveracruz.com\/?p=79400#primaryimage","url":"https:\/\/lospoliticosveracruz.com.mx\/wp-content\/uploads\/2021\/09\/661B561F-C8B3-4EB3-B073-A34A73F68D94-576x1024.jpeg","contentUrl":"https:\/\/lospoliticosveracruz.com.mx\/wp-content\/uploads\/2021\/09\/661B561F-C8B3-4EB3-B073-A34A73F68D94-576x1024.jpeg"},{"@type":"BreadcrumbList","@id":"https:\/\/lospoliticosveracruz.com\/?p=79400#breadcrumb","itemListElement":[{"@type":"ListItem","position":1,"name":"Portada","item":"https:\/\/lospoliticosveracruz.com\/"},{"@type":"ListItem","position":2,"name":"Agosto, aprobado"}]},{"@type":"WebSite","@id":"https:\/\/lospoliticosveracruz.com\/#website","url":"https:\/\/lospoliticosveracruz.com\/","name":"Los pol\u00edticos Veracruz","description":"","publisher":{"@id":"https:\/\/lospoliticosveracruz.com\/#organization"},"potentialAction":[{"@type":"SearchAction","target":{"@type":"EntryPoint","urlTemplate":"https:\/\/lospoliticosveracruz.com\/?s={search_term_string}"},"query-input":{"@type":"PropertyValueSpecification","valueRequired":true,"valueName":"search_term_string"}}],"inLanguage":"es"},{"@type":"Organization","@id":"https:\/\/lospoliticosveracruz.com\/#organization","name":"Los pol\u00edticos Veracruz","url":"https:\/\/lospoliticosveracruz.com\/","logo":{"@type":"ImageObject","inLanguage":"es","@id":"https:\/\/lospoliticosveracruz.com\/#\/schema\/logo\/image\/","url":"https:\/\/lospoliticosveracruz.com\/wp-content\/uploads\/2025\/12\/Logo-Nuevo-LOS-POLITICOS-1.jpg","contentUrl":"https:\/\/lospoliticosveracruz.com\/wp-content\/uploads\/2025\/12\/Logo-Nuevo-LOS-POLITICOS-1.jpg","width":260,"height":70,"caption":"Los pol\u00edticos Veracruz"},"image":{"@id":"https:\/\/lospoliticosveracruz.com\/#\/schema\/logo\/image\/"},"sameAs":["https:\/\/www.facebook.com\/people\/Notimemes-de-los-Polticos\/61565672886568\/","https:\/\/x.com\/LosPoliticosVer"]},{"@type":"Person","@id":"https:\/\/lospoliticosveracruz.com\/#\/schema\/person\/b8702bb0e538456e6efd07080bf2a4a2","name":"Lo viste en Los Pol\u00edticos","image":{"@type":"ImageObject","inLanguage":"es","@id":"https:\/\/secure.gravatar.com\/avatar\/3a8de04a2656d44082be478bd6c086daa447c4651605818287b9532d3d0bd435?s=96&d=mm&r=g","url":"https:\/\/secure.gravatar.com\/avatar\/3a8de04a2656d44082be478bd6c086daa447c4651605818287b9532d3d0bd435?s=96&d=mm&r=g","contentUrl":"https:\/\/secure.gravatar.com\/avatar\/3a8de04a2656d44082be478bd6c086daa447c4651605818287b9532d3d0bd435?s=96&d=mm&r=g","caption":"Lo viste en Los Pol\u00edticos"},"url":"https:\/\/lospoliticosveracruz.com\/?author=2"}]}},"_links":{"self":[{"href":"https:\/\/lospoliticosveracruz.com\/index.php?rest_route=\/wp\/v2\/posts\/79400","targetHints":{"allow":["GET"]}}],"collection":[{"href":"https:\/\/lospoliticosveracruz.com\/index.php?rest_route=\/wp\/v2\/posts"}],"about":[{"href":"https:\/\/lospoliticosveracruz.com\/index.php?rest_route=\/wp\/v2\/types\/post"}],"author":[{"embeddable":true,"href":"https:\/\/lospoliticosveracruz.com\/index.php?rest_route=\/wp\/v2\/users\/2"}],"replies":[{"embeddable":true,"href":"https:\/\/lospoliticosveracruz.com\/index.php?rest_route=%2Fwp%2Fv2%2Fcomments&post=79400"}],"version-history":[{"count":1,"href":"https:\/\/lospoliticosveracruz.com\/index.php?rest_route=\/wp\/v2\/posts\/79400\/revisions"}],"predecessor-version":[{"id":79402,"href":"https:\/\/lospoliticosveracruz.com\/index.php?rest_route=\/wp\/v2\/posts\/79400\/revisions\/79402"}],"wp:attachment":[{"href":"https:\/\/lospoliticosveracruz.com\/index.php?rest_route=%2Fwp%2Fv2%2Fmedia&parent=79400"}],"wp:term":[{"taxonomy":"category","embeddable":true,"href":"https:\/\/lospoliticosveracruz.com\/index.php?rest_route=%2Fwp%2Fv2%2Fcategories&post=79400"},{"taxonomy":"post_tag","embeddable":true,"href":"https:\/\/lospoliticosveracruz.com\/index.php?rest_route=%2Fwp%2Fv2%2Ftags&post=79400"}],"curies":[{"name":"wp","href":"https:\/\/api.w.org\/{rel}","templated":true}]}}