{"id":79472,"date":"2021-09-15T23:57:00","date_gmt":"2021-09-16T04:57:00","guid":{"rendered":"https:\/\/lospoliticosveracruz.com.mx\/?p=79472"},"modified":"2021-09-15T14:03:53","modified_gmt":"2021-09-15T19:03:53","slug":"gomez-cazarin-a-la-jucopo","status":"publish","type":"post","link":"https:\/\/lospoliticosveracruz.com\/?p=79472","title":{"rendered":"G\u00f3mez Cazar\u00edn, a la Jucopo!"},"content":{"rendered":"\n<p><strong>Salvador Mu\u00f1oz<\/strong><\/p>\n\n\n\n<p><em>Los Pol\u00edticos<\/em><\/p>\n\n\n\n<p><\/p>\n\n\n\n<p>Todo est\u00e1 cantado para que G\u00f3mez Cazar\u00edn encabece en la pr\u00f3xima Legislatura la Junta de Coordinaci\u00f3n Pol\u00edtica tras alcanzar la ansiada diputaci\u00f3n plurinominal.<\/p>\n\n\n\n<div class=\"wp-block-image\"><figure class=\"alignleft size-medium\"><a href=\"https:\/\/lospoliticosveracruz.com.mx\/wp-content\/uploads\/2021\/09\/661B561F-C8B3-4EB3-B073-A34A73F68D94.jpeg\"><img decoding=\"async\" src=\"https:\/\/lospoliticosveracruz.com.mx\/wp-content\/uploads\/2021\/09\/661B561F-C8B3-4EB3-B073-A34A73F68D94-169x300.jpeg\" alt=\"\" class=\"wp-image-79390\"\/><\/a><\/figure><\/div>\n\n\n\n<p><br>El mismo G\u00f3mez Cazar\u00edn ya anunci\u00f3 que se buscar\u00e1 dar beneficio a todos los municipios y sectores, a trav\u00e9s de la creaci\u00f3n de leyes y reformas; ah, y por supuesto, la coordinaci\u00f3n que ha de haber con el Gobierno del Estado.<br>\u201cAmor con amor se paga y desde el Congreso del Estado, con todas nuestras diputadas y diputados serviremos al pueblo de la mano de nuestra gobernadora Layda Sansores San Rom\u00e1n y nuestro presidente Andr\u00e9s Manuel L\u00f3pez Obrador, nuestro gu\u00eda, el senador An\u00edbal Ostoa, con todos nuestros amigos de este nuevo gobierno de la 4T\u201d\u2026<br>S\u00ed, Alejandro G\u00f3mez Cazar\u00edn, hermano del Car\u00f3n, ha de ser el Jucopo del Congreso local de Campeche.<br>El pasado lunes, Juan Javier G\u00f3mez Cazar\u00edn al parecer fue a celebrar dos eventos en Campeche: el triunfo de Morena con Layda Sansores, y el ascenso de su hermano, quien adem\u00e1s, es dirigente del partido en Ciudad del Carmen.<br>En otras palabras, estamos a casi nada de que dos hermanos, en dos entidades diferentes, ocupen el mismo cargo en sus respectivos congresos locales\u2026 y las se\u00f1ales parecen estar dadas para que en una de \u00e9sas, Campeche y Veracruz coordinen esfuerzos para fortalecer tanto a sus mandatarios estatales como al partido.<br>Claro que para que eso se d\u00e9, debe rendir protesta como Diputado en la LXVI Legislatura Juan Javier G\u00f3mez Cazar\u00edn, donde muchos, incluyendo morenos prietos y negros, esperan que la paridad de g\u00e9nero le d\u00e9 el rev\u00e9s al nativo de Hueyapan.<br>El asunto es c\u00f3mo van a aplicar la paridad de g\u00e9nero, bajo qu\u00e9 concepto, porque si es similar al que le aplicaron al Partido Verde Ecologista a nivel federal en San L\u00e1zaro, repetimos, son el PVEM y el PT de Veracruz, los que menos candidatas propusieron en las pasadas elecciones por las curules\u2026 es decir, el PT podr\u00eda \u201cceder\u201d su lugar a una mujer y verle alas Ram\u00f3n D\u00edaz a su curul (delegado del partido del Trabajo) o en el Verde, nuevamente, Marcelo Ruiz S\u00e1nchez se estar\u00eda quedando en la orilla pero con la posibilidad de que, como premio de consolaci\u00f3n, postergar por ene ocasi\u00f3n su mandato en el Partido\u2026<br>Una de las se\u00f1ales m\u00e1s claras que se dio ante esta posibilidad, la expuso el mismo dirigente del Partido Verde, cuando al ser entrevistado, dijo que tienen derecho a una plurinominal, pero lo m\u00e1s interesante es la frase que extern\u00f3: \u201cLa determinaci\u00f3n de los nombres y los g\u00e9neros seremos muy respetuosos en el Tribunal, porque en el Partido Verde se impulsa a las mujeres y estaremos atentos. Lo que es un hecho es que se respetar\u00e1 la equidad de g\u00e9nero\u201d (sic).<br>Pareciera que est\u00e1 consciente de que esa pluri que es la manzana de la discordia para los malquerientes y bienquerientes del Car\u00f3n, ser\u00e1 para una Mujer del Verde, lo que de acuerdo a los c\u00e1lculos que est\u00e1n haciendo en el OPLE (que en su primer ensayo arroj\u00f3 26 hombres y 24 mujeres) al quitarle un var\u00f3n al verde, dar\u00eda la paridad de g\u00e9nero y el pase autom\u00e1tico para G\u00f3mez Cazar\u00edn y as\u00ed, entonces, se estar\u00eda en la gran posibilidad de que dos hermanos, en distintos Congresos, en distintos estados, fueran en sus respectivas Legislaturas, los Jucopos\u2026 ya ven\u2026 no quer\u00edan uno y en una de \u00e9sas, les dan dos!<\/p>\n\n\n\n<p>smcainito@gmail.com<\/p>\n","protected":false},"excerpt":{"rendered":"<p>Salvador Mu\u00f1oz Los Pol\u00edticos Todo est\u00e1 cantado para que G\u00f3mez Cazar\u00edn encabece en la pr\u00f3xima Legislatura la Junta de Coordinaci\u00f3n Pol\u00edtica tras alcanzar la ansiada diputaci\u00f3n plurinominal. El mismo G\u00f3mez Cazar\u00edn ya anunci\u00f3 que se buscar\u00e1 dar beneficio a todos los municipios y sectores, a trav\u00e9s de la creaci\u00f3n de leyes y reformas; ah, y [&hellip;]<\/p>\n","protected":false},"author":2,"featured_media":0,"comment_status":"closed","ping_status":"closed","sticky":false,"template":"","format":"standard","meta":{"tdm_status":"","tdm_grid_status":"","footnotes":""},"categories":[70],"tags":[17426,618,12695,30407,17843,1026,26116],"class_list":{"0":"post-79472","1":"post","2":"type-post","3":"status-publish","4":"format-standard","6":"category-de-opinion","7":"tag-4t","8":"tag-andres-manuel-lopez-obrador","9":"tag-juan-javier-gomez-cazarin","10":"tag-layda-sansores-san-roman","11":"tag-marcelo-ruiz-sanchez","12":"tag-morena","13":"tag-morena-pvem-pt"},"yoast_head":"<!-- This site is optimized with the Yoast SEO plugin v27.4 - https:\/\/yoast.com\/product\/yoast-seo-wordpress\/ -->\n<title>G\u00f3mez Cazar\u00edn, a la Jucopo! - Los pol\u00edticos Veracruz<\/title>\n<meta name=\"robots\" content=\"index, follow, max-snippet:-1, max-image-preview:large, max-video-preview:-1\" \/>\n<link rel=\"canonical\" href=\"https:\/\/lospoliticosveracruz.com\/?p=79472\" \/>\n<meta property=\"og:locale\" content=\"es_ES\" \/>\n<meta property=\"og:type\" content=\"article\" \/>\n<meta property=\"og:title\" content=\"G\u00f3mez Cazar\u00edn, a la Jucopo! - Los pol\u00edticos Veracruz\" \/>\n<meta property=\"og:description\" content=\"Salvador Mu\u00f1oz Los Pol\u00edticos Todo est\u00e1 cantado para que G\u00f3mez Cazar\u00edn encabece en la pr\u00f3xima Legislatura la Junta de Coordinaci\u00f3n Pol\u00edtica tras alcanzar la ansiada diputaci\u00f3n plurinominal. El mismo G\u00f3mez Cazar\u00edn ya anunci\u00f3 que se buscar\u00e1 dar beneficio a todos los municipios y sectores, a trav\u00e9s de la creaci\u00f3n de leyes y reformas; ah, y [&hellip;]\" \/>\n<meta property=\"og:url\" content=\"https:\/\/lospoliticosveracruz.com\/?p=79472\" \/>\n<meta property=\"og:site_name\" content=\"Los pol\u00edticos Veracruz\" \/>\n<meta property=\"article:publisher\" content=\"https:\/\/www.facebook.com\/people\/Notimemes-de-los-Polticos\/61565672886568\/\" \/>\n<meta property=\"article:published_time\" content=\"2021-09-16T04:57:00+00:00\" \/>\n<meta property=\"og:image\" content=\"https:\/\/lospoliticosveracruz.com.mx\/wp-content\/uploads\/2021\/09\/661B561F-C8B3-4EB3-B073-A34A73F68D94-169x300.jpeg\" \/>\n<meta name=\"author\" content=\"Lo viste en Los Pol\u00edticos\" \/>\n<meta name=\"twitter:card\" content=\"summary_large_image\" \/>\n<meta name=\"twitter:creator\" content=\"@LosPoliticosVer\" \/>\n<meta name=\"twitter:site\" content=\"@LosPoliticosVer\" \/>\n<meta name=\"twitter:label1\" content=\"Escrito por\" \/>\n\t<meta name=\"twitter:data1\" content=\"Lo viste en Los Pol\u00edticos\" \/>\n\t<meta name=\"twitter:label2\" content=\"Tiempo de lectura\" \/>\n\t<meta name=\"twitter:data2\" content=\"3 minutos\" \/>\n<script type=\"application\/ld+json\" class=\"yoast-schema-graph\">{\"@context\":\"https:\\\/\\\/schema.org\",\"@graph\":[{\"@type\":\"Article\",\"@id\":\"https:\\\/\\\/lospoliticosveracruz.com\\\/?p=79472#article\",\"isPartOf\":{\"@id\":\"https:\\\/\\\/lospoliticosveracruz.com\\\/?p=79472\"},\"author\":{\"name\":\"Lo viste en Los Pol\u00edticos\",\"@id\":\"https:\\\/\\\/lospoliticosveracruz.com\\\/#\\\/schema\\\/person\\\/b8702bb0e538456e6efd07080bf2a4a2\"},\"headline\":\"G\u00f3mez Cazar\u00edn, a la Jucopo!\",\"datePublished\":\"2021-09-16T04:57:00+00:00\",\"mainEntityOfPage\":{\"@id\":\"https:\\\/\\\/lospoliticosveracruz.com\\\/?p=79472\"},\"wordCount\":634,\"publisher\":{\"@id\":\"https:\\\/\\\/lospoliticosveracruz.com\\\/#organization\"},\"image\":{\"@id\":\"https:\\\/\\\/lospoliticosveracruz.com\\\/?p=79472#primaryimage\"},\"thumbnailUrl\":\"https:\\\/\\\/lospoliticosveracruz.com.mx\\\/wp-content\\\/uploads\\\/2021\\\/09\\\/661B561F-C8B3-4EB3-B073-A34A73F68D94-169x300.jpeg\",\"keywords\":[\"4T\",\"Andr\u00e9s Manuel L\u00f3pez Obrador\",\"Juan Javier G\u00f3mez Cazar\u00edn\",\"Layda Sansores San Rom\u00e1n\",\"Marcelo Ruiz S\u00e1nchez\",\"Morena\",\"MORENA-PVEM-PT\"],\"articleSection\":[\"De Opini\u00f3n\"],\"inLanguage\":\"es\"},{\"@type\":\"WebPage\",\"@id\":\"https:\\\/\\\/lospoliticosveracruz.com\\\/?p=79472\",\"url\":\"https:\\\/\\\/lospoliticosveracruz.com\\\/?p=79472\",\"name\":\"G\u00f3mez Cazar\u00edn, a la Jucopo! - Los pol\u00edticos Veracruz\",\"isPartOf\":{\"@id\":\"https:\\\/\\\/lospoliticosveracruz.com\\\/#website\"},\"primaryImageOfPage\":{\"@id\":\"https:\\\/\\\/lospoliticosveracruz.com\\\/?p=79472#primaryimage\"},\"image\":{\"@id\":\"https:\\\/\\\/lospoliticosveracruz.com\\\/?p=79472#primaryimage\"},\"thumbnailUrl\":\"https:\\\/\\\/lospoliticosveracruz.com.mx\\\/wp-content\\\/uploads\\\/2021\\\/09\\\/661B561F-C8B3-4EB3-B073-A34A73F68D94-169x300.jpeg\",\"datePublished\":\"2021-09-16T04:57:00+00:00\",\"breadcrumb\":{\"@id\":\"https:\\\/\\\/lospoliticosveracruz.com\\\/?p=79472#breadcrumb\"},\"inLanguage\":\"es\",\"potentialAction\":[{\"@type\":\"ReadAction\",\"target\":[\"https:\\\/\\\/lospoliticosveracruz.com\\\/?p=79472\"]}]},{\"@type\":\"ImageObject\",\"inLanguage\":\"es\",\"@id\":\"https:\\\/\\\/lospoliticosveracruz.com\\\/?p=79472#primaryimage\",\"url\":\"https:\\\/\\\/lospoliticosveracruz.com.mx\\\/wp-content\\\/uploads\\\/2021\\\/09\\\/661B561F-C8B3-4EB3-B073-A34A73F68D94-169x300.jpeg\",\"contentUrl\":\"https:\\\/\\\/lospoliticosveracruz.com.mx\\\/wp-content\\\/uploads\\\/2021\\\/09\\\/661B561F-C8B3-4EB3-B073-A34A73F68D94-169x300.jpeg\"},{\"@type\":\"BreadcrumbList\",\"@id\":\"https:\\\/\\\/lospoliticosveracruz.com\\\/?p=79472#breadcrumb\",\"itemListElement\":[{\"@type\":\"ListItem\",\"position\":1,\"name\":\"Portada\",\"item\":\"https:\\\/\\\/lospoliticosveracruz.com\\\/\"},{\"@type\":\"ListItem\",\"position\":2,\"name\":\"G\u00f3mez Cazar\u00edn, a la Jucopo!\"}]},{\"@type\":\"WebSite\",\"@id\":\"https:\\\/\\\/lospoliticosveracruz.com\\\/#website\",\"url\":\"https:\\\/\\\/lospoliticosveracruz.com\\\/\",\"name\":\"Los pol\u00edticos Veracruz\",\"description\":\"\",\"publisher\":{\"@id\":\"https:\\\/\\\/lospoliticosveracruz.com\\\/#organization\"},\"potentialAction\":[{\"@type\":\"SearchAction\",\"target\":{\"@type\":\"EntryPoint\",\"urlTemplate\":\"https:\\\/\\\/lospoliticosveracruz.com\\\/?s={search_term_string}\"},\"query-input\":{\"@type\":\"PropertyValueSpecification\",\"valueRequired\":true,\"valueName\":\"search_term_string\"}}],\"inLanguage\":\"es\"},{\"@type\":\"Organization\",\"@id\":\"https:\\\/\\\/lospoliticosveracruz.com\\\/#organization\",\"name\":\"Los pol\u00edticos Veracruz\",\"url\":\"https:\\\/\\\/lospoliticosveracruz.com\\\/\",\"logo\":{\"@type\":\"ImageObject\",\"inLanguage\":\"es\",\"@id\":\"https:\\\/\\\/lospoliticosveracruz.com\\\/#\\\/schema\\\/logo\\\/image\\\/\",\"url\":\"https:\\\/\\\/lospoliticosveracruz.com\\\/wp-content\\\/uploads\\\/2025\\\/12\\\/Logo-Nuevo-LOS-POLITICOS-1.jpg\",\"contentUrl\":\"https:\\\/\\\/lospoliticosveracruz.com\\\/wp-content\\\/uploads\\\/2025\\\/12\\\/Logo-Nuevo-LOS-POLITICOS-1.jpg\",\"width\":260,\"height\":70,\"caption\":\"Los pol\u00edticos Veracruz\"},\"image\":{\"@id\":\"https:\\\/\\\/lospoliticosveracruz.com\\\/#\\\/schema\\\/logo\\\/image\\\/\"},\"sameAs\":[\"https:\\\/\\\/www.facebook.com\\\/people\\\/Notimemes-de-los-Polticos\\\/61565672886568\\\/\",\"https:\\\/\\\/x.com\\\/LosPoliticosVer\"]},{\"@type\":\"Person\",\"@id\":\"https:\\\/\\\/lospoliticosveracruz.com\\\/#\\\/schema\\\/person\\\/b8702bb0e538456e6efd07080bf2a4a2\",\"name\":\"Lo viste en Los Pol\u00edticos\",\"image\":{\"@type\":\"ImageObject\",\"inLanguage\":\"es\",\"@id\":\"https:\\\/\\\/secure.gravatar.com\\\/avatar\\\/3a8de04a2656d44082be478bd6c086daa447c4651605818287b9532d3d0bd435?s=96&d=mm&r=g\",\"url\":\"https:\\\/\\\/secure.gravatar.com\\\/avatar\\\/3a8de04a2656d44082be478bd6c086daa447c4651605818287b9532d3d0bd435?s=96&d=mm&r=g\",\"contentUrl\":\"https:\\\/\\\/secure.gravatar.com\\\/avatar\\\/3a8de04a2656d44082be478bd6c086daa447c4651605818287b9532d3d0bd435?s=96&d=mm&r=g\",\"caption\":\"Lo viste en Los Pol\u00edticos\"},\"url\":\"https:\\\/\\\/lospoliticosveracruz.com\\\/?author=2\"}]}<\/script>\n<!-- \/ Yoast SEO plugin. -->","yoast_head_json":{"title":"G\u00f3mez Cazar\u00edn, a la Jucopo! - Los pol\u00edticos Veracruz","robots":{"index":"index","follow":"follow","max-snippet":"max-snippet:-1","max-image-preview":"max-image-preview:large","max-video-preview":"max-video-preview:-1"},"canonical":"https:\/\/lospoliticosveracruz.com\/?p=79472","og_locale":"es_ES","og_type":"article","og_title":"G\u00f3mez Cazar\u00edn, a la Jucopo! - Los pol\u00edticos Veracruz","og_description":"Salvador Mu\u00f1oz Los Pol\u00edticos Todo est\u00e1 cantado para que G\u00f3mez Cazar\u00edn encabece en la pr\u00f3xima Legislatura la Junta de Coordinaci\u00f3n Pol\u00edtica tras alcanzar la ansiada diputaci\u00f3n plurinominal. El mismo G\u00f3mez Cazar\u00edn ya anunci\u00f3 que se buscar\u00e1 dar beneficio a todos los municipios y sectores, a trav\u00e9s de la creaci\u00f3n de leyes y reformas; ah, y [&hellip;]","og_url":"https:\/\/lospoliticosveracruz.com\/?p=79472","og_site_name":"Los pol\u00edticos Veracruz","article_publisher":"https:\/\/www.facebook.com\/people\/Notimemes-de-los-Polticos\/61565672886568\/","article_published_time":"2021-09-16T04:57:00+00:00","og_image":[{"url":"https:\/\/lospoliticosveracruz.com.mx\/wp-content\/uploads\/2021\/09\/661B561F-C8B3-4EB3-B073-A34A73F68D94-169x300.jpeg","type":"","width":"","height":""}],"author":"Lo viste en Los Pol\u00edticos","twitter_card":"summary_large_image","twitter_creator":"@LosPoliticosVer","twitter_site":"@LosPoliticosVer","twitter_misc":{"Escrito por":"Lo viste en Los Pol\u00edticos","Tiempo de lectura":"3 minutos"},"schema":{"@context":"https:\/\/schema.org","@graph":[{"@type":"Article","@id":"https:\/\/lospoliticosveracruz.com\/?p=79472#article","isPartOf":{"@id":"https:\/\/lospoliticosveracruz.com\/?p=79472"},"author":{"name":"Lo viste en Los Pol\u00edticos","@id":"https:\/\/lospoliticosveracruz.com\/#\/schema\/person\/b8702bb0e538456e6efd07080bf2a4a2"},"headline":"G\u00f3mez Cazar\u00edn, a la Jucopo!","datePublished":"2021-09-16T04:57:00+00:00","mainEntityOfPage":{"@id":"https:\/\/lospoliticosveracruz.com\/?p=79472"},"wordCount":634,"publisher":{"@id":"https:\/\/lospoliticosveracruz.com\/#organization"},"image":{"@id":"https:\/\/lospoliticosveracruz.com\/?p=79472#primaryimage"},"thumbnailUrl":"https:\/\/lospoliticosveracruz.com.mx\/wp-content\/uploads\/2021\/09\/661B561F-C8B3-4EB3-B073-A34A73F68D94-169x300.jpeg","keywords":["4T","Andr\u00e9s Manuel L\u00f3pez Obrador","Juan Javier G\u00f3mez Cazar\u00edn","Layda Sansores San Rom\u00e1n","Marcelo Ruiz S\u00e1nchez","Morena","MORENA-PVEM-PT"],"articleSection":["De Opini\u00f3n"],"inLanguage":"es"},{"@type":"WebPage","@id":"https:\/\/lospoliticosveracruz.com\/?p=79472","url":"https:\/\/lospoliticosveracruz.com\/?p=79472","name":"G\u00f3mez Cazar\u00edn, a la Jucopo! - Los pol\u00edticos Veracruz","isPartOf":{"@id":"https:\/\/lospoliticosveracruz.com\/#website"},"primaryImageOfPage":{"@id":"https:\/\/lospoliticosveracruz.com\/?p=79472#primaryimage"},"image":{"@id":"https:\/\/lospoliticosveracruz.com\/?p=79472#primaryimage"},"thumbnailUrl":"https:\/\/lospoliticosveracruz.com.mx\/wp-content\/uploads\/2021\/09\/661B561F-C8B3-4EB3-B073-A34A73F68D94-169x300.jpeg","datePublished":"2021-09-16T04:57:00+00:00","breadcrumb":{"@id":"https:\/\/lospoliticosveracruz.com\/?p=79472#breadcrumb"},"inLanguage":"es","potentialAction":[{"@type":"ReadAction","target":["https:\/\/lospoliticosveracruz.com\/?p=79472"]}]},{"@type":"ImageObject","inLanguage":"es","@id":"https:\/\/lospoliticosveracruz.com\/?p=79472#primaryimage","url":"https:\/\/lospoliticosveracruz.com.mx\/wp-content\/uploads\/2021\/09\/661B561F-C8B3-4EB3-B073-A34A73F68D94-169x300.jpeg","contentUrl":"https:\/\/lospoliticosveracruz.com.mx\/wp-content\/uploads\/2021\/09\/661B561F-C8B3-4EB3-B073-A34A73F68D94-169x300.jpeg"},{"@type":"BreadcrumbList","@id":"https:\/\/lospoliticosveracruz.com\/?p=79472#breadcrumb","itemListElement":[{"@type":"ListItem","position":1,"name":"Portada","item":"https:\/\/lospoliticosveracruz.com\/"},{"@type":"ListItem","position":2,"name":"G\u00f3mez Cazar\u00edn, a la Jucopo!"}]},{"@type":"WebSite","@id":"https:\/\/lospoliticosveracruz.com\/#website","url":"https:\/\/lospoliticosveracruz.com\/","name":"Los pol\u00edticos Veracruz","description":"","publisher":{"@id":"https:\/\/lospoliticosveracruz.com\/#organization"},"potentialAction":[{"@type":"SearchAction","target":{"@type":"EntryPoint","urlTemplate":"https:\/\/lospoliticosveracruz.com\/?s={search_term_string}"},"query-input":{"@type":"PropertyValueSpecification","valueRequired":true,"valueName":"search_term_string"}}],"inLanguage":"es"},{"@type":"Organization","@id":"https:\/\/lospoliticosveracruz.com\/#organization","name":"Los pol\u00edticos Veracruz","url":"https:\/\/lospoliticosveracruz.com\/","logo":{"@type":"ImageObject","inLanguage":"es","@id":"https:\/\/lospoliticosveracruz.com\/#\/schema\/logo\/image\/","url":"https:\/\/lospoliticosveracruz.com\/wp-content\/uploads\/2025\/12\/Logo-Nuevo-LOS-POLITICOS-1.jpg","contentUrl":"https:\/\/lospoliticosveracruz.com\/wp-content\/uploads\/2025\/12\/Logo-Nuevo-LOS-POLITICOS-1.jpg","width":260,"height":70,"caption":"Los pol\u00edticos Veracruz"},"image":{"@id":"https:\/\/lospoliticosveracruz.com\/#\/schema\/logo\/image\/"},"sameAs":["https:\/\/www.facebook.com\/people\/Notimemes-de-los-Polticos\/61565672886568\/","https:\/\/x.com\/LosPoliticosVer"]},{"@type":"Person","@id":"https:\/\/lospoliticosveracruz.com\/#\/schema\/person\/b8702bb0e538456e6efd07080bf2a4a2","name":"Lo viste en Los Pol\u00edticos","image":{"@type":"ImageObject","inLanguage":"es","@id":"https:\/\/secure.gravatar.com\/avatar\/3a8de04a2656d44082be478bd6c086daa447c4651605818287b9532d3d0bd435?s=96&d=mm&r=g","url":"https:\/\/secure.gravatar.com\/avatar\/3a8de04a2656d44082be478bd6c086daa447c4651605818287b9532d3d0bd435?s=96&d=mm&r=g","contentUrl":"https:\/\/secure.gravatar.com\/avatar\/3a8de04a2656d44082be478bd6c086daa447c4651605818287b9532d3d0bd435?s=96&d=mm&r=g","caption":"Lo viste en Los Pol\u00edticos"},"url":"https:\/\/lospoliticosveracruz.com\/?author=2"}]}},"_links":{"self":[{"href":"https:\/\/lospoliticosveracruz.com\/index.php?rest_route=\/wp\/v2\/posts\/79472","targetHints":{"allow":["GET"]}}],"collection":[{"href":"https:\/\/lospoliticosveracruz.com\/index.php?rest_route=\/wp\/v2\/posts"}],"about":[{"href":"https:\/\/lospoliticosveracruz.com\/index.php?rest_route=\/wp\/v2\/types\/post"}],"author":[{"embeddable":true,"href":"https:\/\/lospoliticosveracruz.com\/index.php?rest_route=\/wp\/v2\/users\/2"}],"replies":[{"embeddable":true,"href":"https:\/\/lospoliticosveracruz.com\/index.php?rest_route=%2Fwp%2Fv2%2Fcomments&post=79472"}],"version-history":[{"count":1,"href":"https:\/\/lospoliticosveracruz.com\/index.php?rest_route=\/wp\/v2\/posts\/79472\/revisions"}],"predecessor-version":[{"id":79474,"href":"https:\/\/lospoliticosveracruz.com\/index.php?rest_route=\/wp\/v2\/posts\/79472\/revisions\/79474"}],"wp:attachment":[{"href":"https:\/\/lospoliticosveracruz.com\/index.php?rest_route=%2Fwp%2Fv2%2Fmedia&parent=79472"}],"wp:term":[{"taxonomy":"category","embeddable":true,"href":"https:\/\/lospoliticosveracruz.com\/index.php?rest_route=%2Fwp%2Fv2%2Fcategories&post=79472"},{"taxonomy":"post_tag","embeddable":true,"href":"https:\/\/lospoliticosveracruz.com\/index.php?rest_route=%2Fwp%2Fv2%2Ftags&post=79472"}],"curies":[{"name":"wp","href":"https:\/\/api.w.org\/{rel}","templated":true}]}}