{"id":79710,"date":"2021-09-21T18:15:51","date_gmt":"2021-09-21T23:15:51","guid":{"rendered":"https:\/\/lospoliticosveracruz.com.mx\/?p=79710"},"modified":"2021-09-21T18:17:54","modified_gmt":"2021-09-21T23:17:54","slug":"la-memoria-contra-el-olvido","status":"publish","type":"post","link":"https:\/\/lospoliticosveracruz.com\/?p=79710","title":{"rendered":"La memoria contra el olvido"},"content":{"rendered":"\n<p><strong>Jorge Arturo Rodr\u00edguez<\/strong><\/p>\n\n\n\n<p><em>Tierra de Babel<br><\/em><\/p>\n\n\n\n<p><\/p>\n\n\n\n<p>No hay que olvidarlo: \u00bfsomos o no somos?, \u00bfestamos o no estamos?, \u00bfseguimos o no seguimos?, \u00bfvivimos o morimos? Vamos a medio camino\u2026 \u00bfde terracer\u00eda? \u00bfA\u00fan no estamos en el primer mundo? \u00bfM\u00e9xico es un campo minado? \u00bfMa\u00f1ana seremos? \u00bfO somos hoy? \u00bfEstamos de la chingada o somos muy cabrones? \u00bfLe entramos o no le entramos? \u00bfAguantamos o nos hacemos \u201cp\u00e9njamos\u201d? \u00bfPa\u2019 d\u00f3nde jalamos? En fin, no hay que olvidar porque el mundo se va acabar, dicen. Ram\u00f3n G\u00f3mez de la Serna escribi\u00f3: \u201cTen\u00eda tan mala memoria que se olvid\u00f3 de que ten\u00eda mala memoria y se acord\u00f3 de todo.\u201d<\/p>\n\n\n\n<div class=\"wp-block-image\"><figure class=\"alignleft size-large is-resized\"><a href=\"https:\/\/lospoliticosveracruz.com.mx\/wp-content\/uploads\/2021\/09\/661B561F-C8B3-4EB3-B073-A34A73F68D94.jpeg\"><img decoding=\"async\" src=\"https:\/\/lospoliticosveracruz.com.mx\/wp-content\/uploads\/2021\/09\/661B561F-C8B3-4EB3-B073-A34A73F68D94-576x1024.jpeg\" alt=\"\" class=\"wp-image-79390\" width=\"250\"\/><\/a><\/figure><\/div>\n\n\n\n<p><br>Entonces, para no olvidarnos, conviene repetir las palabras del secretario general de la ONU, Ant\u00f3nio Guterres, pronunciadas este martes 21 de septiembre, al abrir la Asamblea General de dicha organizaci\u00f3n, cuando nos alert\u00f3 que el mundo \u201cnunca ha estado tan amenazado ni tan dividido\u201d. Y se\u00f1al\u00f3 que \u201cel mundo debe despertar. Estamos al borde de un abismo y movi\u00e9ndonos en la direcci\u00f3n equivocada.\u201d Luego dijo que \u201cnos enfrentamos a la mayor cascada de crisis de nuestra vida. Temo que nuestro mundo se dirige hacia dos conjuntos diferentes de reglas econ\u00f3micas, comerciales, financieras y tecnol\u00f3gicas, dos enfoques divergentes en el desarrollo de la inteligencia artificial y finalmente dos estrategias militares y geopol\u00edticas diferentes.\u201d S\u00ed, eso dijo ante los l\u00edderes mundiales y refiri\u00e9ndose, especialmente, a Estados Unidos y China. \u00bfEn manos de qui\u00e9nes estamos? Y a esta crisis mundial le agregamos la situaci\u00f3n de M\u00e9xico con sus dimes y diretes, mientras la sobrellevamos en un terreno minado y donde parece que se apuesta por el olvido o s\u00f3lo recordamos lo que a nuestros intereses conviene.<br>Pero ya lo dijo el genial Groucho Marx: \u201cNunca olvido una cara, pero con la suya voy a hacer una excepci\u00f3n.\u201d No todo est\u00e1 perdido. El pol\u00e9mico escritor Mario Vargas Llosa expres\u00f3: \u201cTenemos que aceptar que tenemos much\u00edsimos problemas, que nos hemos ido quedando atr\u00e1s, pero tambi\u00e9n que esos problemas tienen una soluci\u00f3n, y condicionar nuestra acci\u00f3n en el campo pol\u00edtico para solucionarlos.\u201d Y consider\u00f3: \u201cSin embargo, digamos, no creo que los problemas de Am\u00e9rica Latina sean insolubles, siempre y cuando la mayor\u00eda de latinoamericanos acepte una realidad, una realidad que en el campo pol\u00edtico significa que hay un solo modelo de desarrollo.\u201d<br>Afirm\u00f3 que este modelo est\u00e1 vinculado \u201ca la libertad, a la diversidad, a la libertad de opini\u00f3n\u201d. Creo que se entiende. El chiste es no olvidar. Porque, dijera Milan Kundera, la lucha del hombre contra el poder es la lucha de la memoria contra el olvido.<br>Y ya saben, \u201ces tan corto el amor y tan largo el olvido\u201d, escribiera Pablo Neruda.<\/p>\n\n\n\n<p><strong>De cinismo y anexas<\/strong><\/p>\n\n\n\n<p>Por cierto, este martes 21 de septiembre es el D\u00eda Mundial de Alzheimer. Seg\u00fan la Organizaci\u00f3n Mundial de la Salud (OMS), al menos 30 millones de personas se ven afectadas en todo el mundo. \u00bfCu\u00e1l mundo?<br>No olvidemos. A veces no s\u00e9 ni d\u00f3nde dej\u00e9 las pinches llaves y mucho menos c\u00f3mo me llamo: si Jorge, Arturo, Georges, Arthur, Koki\u2026 Porque a veces me llaman: \u201cMi amor\u201d, \u201cMi tigre\u201d, \u201cMi todo\u2026 para nada\u201d. O simplemente: \u201cInche pendejo\u201d. Tons no es Alzheimer; es pendejez.<br>Ya en serio: no olvidemos.<\/p>\n\n\n\n<p><strong>De cinismo y anexas<\/strong><\/p>\n\n\n\n<p>Con el debido respeto, va lo siguiente:<\/p>\n\n\n\n<p>Con la nueva tecnolog\u00eda aplicada para la fertilidad, una mujer de 65 a\u00f1os dio a luz a un beb\u00e9. Cuando sali\u00f3 del Hospital y fue a su casa, llegaron sus familiares a visitarla.<br>-\u00bfPodemos ver al beb\u00e9?, pregunt\u00f3 uno de ellos.<br>-Todav\u00eda no -dijo la flamante madre de 65 a\u00f1os-, dentro de poco.<br>Pas\u00f3 media hora y otro de los familiares pregunt\u00f3:<br>-\u00bfYa podemos conocer al nuevo beb\u00e9?<br>-Todav\u00eda noooooo -dijo la madre.<br>Pas\u00f3 otro rato, y volvieron a preguntarle, impacientes:<br>-Pero bueno, \u00bfcu\u00e1ndo vamos a ver al beb\u00e9?<br>-Cuando llore -respondi\u00f3 la madre.<br>-\u00bfCu\u00e1ndo llore? \u2013exclamaron-. \u00bfPor qu\u00e9 tenemos que esperar hasta que llore?<br>-PORQUE NO ME ACUERDO D\u00d3NDE LO PUSE.<\/p>\n\n\n\n<p>Ah\u00ed se ven.<\/p>\n","protected":false},"excerpt":{"rendered":"<p>Jorge Arturo Rodr\u00edguez Tierra de Babel No hay que olvidarlo: \u00bfsomos o no somos?, \u00bfestamos o no estamos?, \u00bfseguimos o no seguimos?, \u00bfvivimos o morimos? Vamos a medio camino\u2026 \u00bfde terracer\u00eda? \u00bfA\u00fan no estamos en el primer mundo? \u00bfM\u00e9xico es un campo minado? \u00bfMa\u00f1ana seremos? \u00bfO somos hoy? \u00bfEstamos de la chingada o somos muy [&hellip;]<\/p>\n","protected":false},"author":2,"featured_media":0,"comment_status":"closed","ping_status":"closed","sticky":false,"template":"","format":"standard","meta":{"tdm_status":"","tdm_grid_status":"","footnotes":""},"categories":[70],"tags":[2677,3757,395,385,17694],"class_list":{"0":"post-79710","1":"post","2":"type-post","3":"status-publish","4":"format-standard","6":"category-de-opinion","7":"tag-jorge-arturo-rodriguez","8":"tag-mario-vargas-llosa","9":"tag-mexico","10":"tag-onu","11":"tag-ramon-gomez-de-la-serna"},"yoast_head":"<!-- This site is optimized with the Yoast SEO plugin v27.4 - https:\/\/yoast.com\/product\/yoast-seo-wordpress\/ -->\n<title>La memoria contra el olvido - Los pol\u00edticos Veracruz<\/title>\n<meta name=\"robots\" content=\"index, follow, max-snippet:-1, max-image-preview:large, max-video-preview:-1\" \/>\n<link rel=\"canonical\" href=\"https:\/\/lospoliticosveracruz.com\/?p=79710\" \/>\n<meta property=\"og:locale\" content=\"es_ES\" \/>\n<meta property=\"og:type\" content=\"article\" \/>\n<meta property=\"og:title\" content=\"La memoria contra el olvido - Los pol\u00edticos Veracruz\" \/>\n<meta property=\"og:description\" content=\"Jorge Arturo Rodr\u00edguez Tierra de Babel No hay que olvidarlo: \u00bfsomos o no somos?, \u00bfestamos o no estamos?, \u00bfseguimos o no seguimos?, \u00bfvivimos o morimos? Vamos a medio camino\u2026 \u00bfde terracer\u00eda? \u00bfA\u00fan no estamos en el primer mundo? \u00bfM\u00e9xico es un campo minado? \u00bfMa\u00f1ana seremos? \u00bfO somos hoy? \u00bfEstamos de la chingada o somos muy [&hellip;]\" \/>\n<meta property=\"og:url\" content=\"https:\/\/lospoliticosveracruz.com\/?p=79710\" \/>\n<meta property=\"og:site_name\" content=\"Los pol\u00edticos Veracruz\" \/>\n<meta property=\"article:publisher\" content=\"https:\/\/www.facebook.com\/people\/Notimemes-de-los-Polticos\/61565672886568\/\" \/>\n<meta property=\"article:published_time\" content=\"2021-09-21T23:15:51+00:00\" \/>\n<meta property=\"article:modified_time\" content=\"2021-09-21T23:17:54+00:00\" \/>\n<meta property=\"og:image\" content=\"https:\/\/lospoliticosveracruz.com.mx\/wp-content\/uploads\/2021\/09\/661B561F-C8B3-4EB3-B073-A34A73F68D94-576x1024.jpeg\" \/>\n<meta name=\"author\" content=\"Lo viste en Los Pol\u00edticos\" \/>\n<meta name=\"twitter:card\" content=\"summary_large_image\" \/>\n<meta name=\"twitter:creator\" content=\"@LosPoliticosVer\" \/>\n<meta name=\"twitter:site\" content=\"@LosPoliticosVer\" \/>\n<meta name=\"twitter:label1\" content=\"Escrito por\" \/>\n\t<meta name=\"twitter:data1\" content=\"Lo viste en Los Pol\u00edticos\" \/>\n\t<meta name=\"twitter:label2\" content=\"Tiempo de lectura\" \/>\n\t<meta name=\"twitter:data2\" content=\"4 minutos\" \/>\n<script type=\"application\/ld+json\" class=\"yoast-schema-graph\">{\"@context\":\"https:\\\/\\\/schema.org\",\"@graph\":[{\"@type\":\"Article\",\"@id\":\"https:\\\/\\\/lospoliticosveracruz.com\\\/?p=79710#article\",\"isPartOf\":{\"@id\":\"https:\\\/\\\/lospoliticosveracruz.com\\\/?p=79710\"},\"author\":{\"name\":\"Lo viste en Los Pol\u00edticos\",\"@id\":\"https:\\\/\\\/lospoliticosveracruz.com\\\/#\\\/schema\\\/person\\\/b8702bb0e538456e6efd07080bf2a4a2\"},\"headline\":\"La memoria contra el olvido\",\"datePublished\":\"2021-09-21T23:15:51+00:00\",\"dateModified\":\"2021-09-21T23:17:54+00:00\",\"mainEntityOfPage\":{\"@id\":\"https:\\\/\\\/lospoliticosveracruz.com\\\/?p=79710\"},\"wordCount\":716,\"publisher\":{\"@id\":\"https:\\\/\\\/lospoliticosveracruz.com\\\/#organization\"},\"image\":{\"@id\":\"https:\\\/\\\/lospoliticosveracruz.com\\\/?p=79710#primaryimage\"},\"thumbnailUrl\":\"https:\\\/\\\/lospoliticosveracruz.com.mx\\\/wp-content\\\/uploads\\\/2021\\\/09\\\/661B561F-C8B3-4EB3-B073-A34A73F68D94-576x1024.jpeg\",\"keywords\":[\"Jorge Arturo Rodr\u00edguez\",\"Mario Vargas Llosa\",\"M\u00e9xico\",\"ONU\",\"Ram\u00f3n G\u00f3mez de la Serna\"],\"articleSection\":[\"De Opini\u00f3n\"],\"inLanguage\":\"es\"},{\"@type\":\"WebPage\",\"@id\":\"https:\\\/\\\/lospoliticosveracruz.com\\\/?p=79710\",\"url\":\"https:\\\/\\\/lospoliticosveracruz.com\\\/?p=79710\",\"name\":\"La memoria contra el olvido - Los pol\u00edticos Veracruz\",\"isPartOf\":{\"@id\":\"https:\\\/\\\/lospoliticosveracruz.com\\\/#website\"},\"primaryImageOfPage\":{\"@id\":\"https:\\\/\\\/lospoliticosveracruz.com\\\/?p=79710#primaryimage\"},\"image\":{\"@id\":\"https:\\\/\\\/lospoliticosveracruz.com\\\/?p=79710#primaryimage\"},\"thumbnailUrl\":\"https:\\\/\\\/lospoliticosveracruz.com.mx\\\/wp-content\\\/uploads\\\/2021\\\/09\\\/661B561F-C8B3-4EB3-B073-A34A73F68D94-576x1024.jpeg\",\"datePublished\":\"2021-09-21T23:15:51+00:00\",\"dateModified\":\"2021-09-21T23:17:54+00:00\",\"breadcrumb\":{\"@id\":\"https:\\\/\\\/lospoliticosveracruz.com\\\/?p=79710#breadcrumb\"},\"inLanguage\":\"es\",\"potentialAction\":[{\"@type\":\"ReadAction\",\"target\":[\"https:\\\/\\\/lospoliticosveracruz.com\\\/?p=79710\"]}]},{\"@type\":\"ImageObject\",\"inLanguage\":\"es\",\"@id\":\"https:\\\/\\\/lospoliticosveracruz.com\\\/?p=79710#primaryimage\",\"url\":\"https:\\\/\\\/lospoliticosveracruz.com.mx\\\/wp-content\\\/uploads\\\/2021\\\/09\\\/661B561F-C8B3-4EB3-B073-A34A73F68D94-576x1024.jpeg\",\"contentUrl\":\"https:\\\/\\\/lospoliticosveracruz.com.mx\\\/wp-content\\\/uploads\\\/2021\\\/09\\\/661B561F-C8B3-4EB3-B073-A34A73F68D94-576x1024.jpeg\"},{\"@type\":\"BreadcrumbList\",\"@id\":\"https:\\\/\\\/lospoliticosveracruz.com\\\/?p=79710#breadcrumb\",\"itemListElement\":[{\"@type\":\"ListItem\",\"position\":1,\"name\":\"Portada\",\"item\":\"https:\\\/\\\/lospoliticosveracruz.com\\\/\"},{\"@type\":\"ListItem\",\"position\":2,\"name\":\"La memoria contra el olvido\"}]},{\"@type\":\"WebSite\",\"@id\":\"https:\\\/\\\/lospoliticosveracruz.com\\\/#website\",\"url\":\"https:\\\/\\\/lospoliticosveracruz.com\\\/\",\"name\":\"Los pol\u00edticos Veracruz\",\"description\":\"\",\"publisher\":{\"@id\":\"https:\\\/\\\/lospoliticosveracruz.com\\\/#organization\"},\"potentialAction\":[{\"@type\":\"SearchAction\",\"target\":{\"@type\":\"EntryPoint\",\"urlTemplate\":\"https:\\\/\\\/lospoliticosveracruz.com\\\/?s={search_term_string}\"},\"query-input\":{\"@type\":\"PropertyValueSpecification\",\"valueRequired\":true,\"valueName\":\"search_term_string\"}}],\"inLanguage\":\"es\"},{\"@type\":\"Organization\",\"@id\":\"https:\\\/\\\/lospoliticosveracruz.com\\\/#organization\",\"name\":\"Los pol\u00edticos Veracruz\",\"url\":\"https:\\\/\\\/lospoliticosveracruz.com\\\/\",\"logo\":{\"@type\":\"ImageObject\",\"inLanguage\":\"es\",\"@id\":\"https:\\\/\\\/lospoliticosveracruz.com\\\/#\\\/schema\\\/logo\\\/image\\\/\",\"url\":\"https:\\\/\\\/lospoliticosveracruz.com\\\/wp-content\\\/uploads\\\/2025\\\/12\\\/Logo-Nuevo-LOS-POLITICOS-1.jpg\",\"contentUrl\":\"https:\\\/\\\/lospoliticosveracruz.com\\\/wp-content\\\/uploads\\\/2025\\\/12\\\/Logo-Nuevo-LOS-POLITICOS-1.jpg\",\"width\":260,\"height\":70,\"caption\":\"Los pol\u00edticos Veracruz\"},\"image\":{\"@id\":\"https:\\\/\\\/lospoliticosveracruz.com\\\/#\\\/schema\\\/logo\\\/image\\\/\"},\"sameAs\":[\"https:\\\/\\\/www.facebook.com\\\/people\\\/Notimemes-de-los-Polticos\\\/61565672886568\\\/\",\"https:\\\/\\\/x.com\\\/LosPoliticosVer\"]},{\"@type\":\"Person\",\"@id\":\"https:\\\/\\\/lospoliticosveracruz.com\\\/#\\\/schema\\\/person\\\/b8702bb0e538456e6efd07080bf2a4a2\",\"name\":\"Lo viste en Los Pol\u00edticos\",\"image\":{\"@type\":\"ImageObject\",\"inLanguage\":\"es\",\"@id\":\"https:\\\/\\\/secure.gravatar.com\\\/avatar\\\/3a8de04a2656d44082be478bd6c086daa447c4651605818287b9532d3d0bd435?s=96&d=mm&r=g\",\"url\":\"https:\\\/\\\/secure.gravatar.com\\\/avatar\\\/3a8de04a2656d44082be478bd6c086daa447c4651605818287b9532d3d0bd435?s=96&d=mm&r=g\",\"contentUrl\":\"https:\\\/\\\/secure.gravatar.com\\\/avatar\\\/3a8de04a2656d44082be478bd6c086daa447c4651605818287b9532d3d0bd435?s=96&d=mm&r=g\",\"caption\":\"Lo viste en Los Pol\u00edticos\"},\"url\":\"https:\\\/\\\/lospoliticosveracruz.com\\\/?author=2\"}]}<\/script>\n<!-- \/ Yoast SEO plugin. -->","yoast_head_json":{"title":"La memoria contra el olvido - Los pol\u00edticos Veracruz","robots":{"index":"index","follow":"follow","max-snippet":"max-snippet:-1","max-image-preview":"max-image-preview:large","max-video-preview":"max-video-preview:-1"},"canonical":"https:\/\/lospoliticosveracruz.com\/?p=79710","og_locale":"es_ES","og_type":"article","og_title":"La memoria contra el olvido - Los pol\u00edticos Veracruz","og_description":"Jorge Arturo Rodr\u00edguez Tierra de Babel No hay que olvidarlo: \u00bfsomos o no somos?, \u00bfestamos o no estamos?, \u00bfseguimos o no seguimos?, \u00bfvivimos o morimos? Vamos a medio camino\u2026 \u00bfde terracer\u00eda? \u00bfA\u00fan no estamos en el primer mundo? \u00bfM\u00e9xico es un campo minado? \u00bfMa\u00f1ana seremos? \u00bfO somos hoy? \u00bfEstamos de la chingada o somos muy [&hellip;]","og_url":"https:\/\/lospoliticosveracruz.com\/?p=79710","og_site_name":"Los pol\u00edticos Veracruz","article_publisher":"https:\/\/www.facebook.com\/people\/Notimemes-de-los-Polticos\/61565672886568\/","article_published_time":"2021-09-21T23:15:51+00:00","article_modified_time":"2021-09-21T23:17:54+00:00","og_image":[{"url":"https:\/\/lospoliticosveracruz.com.mx\/wp-content\/uploads\/2021\/09\/661B561F-C8B3-4EB3-B073-A34A73F68D94-576x1024.jpeg","type":"","width":"","height":""}],"author":"Lo viste en Los Pol\u00edticos","twitter_card":"summary_large_image","twitter_creator":"@LosPoliticosVer","twitter_site":"@LosPoliticosVer","twitter_misc":{"Escrito por":"Lo viste en Los Pol\u00edticos","Tiempo de lectura":"4 minutos"},"schema":{"@context":"https:\/\/schema.org","@graph":[{"@type":"Article","@id":"https:\/\/lospoliticosveracruz.com\/?p=79710#article","isPartOf":{"@id":"https:\/\/lospoliticosveracruz.com\/?p=79710"},"author":{"name":"Lo viste en Los Pol\u00edticos","@id":"https:\/\/lospoliticosveracruz.com\/#\/schema\/person\/b8702bb0e538456e6efd07080bf2a4a2"},"headline":"La memoria contra el olvido","datePublished":"2021-09-21T23:15:51+00:00","dateModified":"2021-09-21T23:17:54+00:00","mainEntityOfPage":{"@id":"https:\/\/lospoliticosveracruz.com\/?p=79710"},"wordCount":716,"publisher":{"@id":"https:\/\/lospoliticosveracruz.com\/#organization"},"image":{"@id":"https:\/\/lospoliticosveracruz.com\/?p=79710#primaryimage"},"thumbnailUrl":"https:\/\/lospoliticosveracruz.com.mx\/wp-content\/uploads\/2021\/09\/661B561F-C8B3-4EB3-B073-A34A73F68D94-576x1024.jpeg","keywords":["Jorge Arturo Rodr\u00edguez","Mario Vargas Llosa","M\u00e9xico","ONU","Ram\u00f3n G\u00f3mez de la Serna"],"articleSection":["De Opini\u00f3n"],"inLanguage":"es"},{"@type":"WebPage","@id":"https:\/\/lospoliticosveracruz.com\/?p=79710","url":"https:\/\/lospoliticosveracruz.com\/?p=79710","name":"La memoria contra el olvido - Los pol\u00edticos Veracruz","isPartOf":{"@id":"https:\/\/lospoliticosveracruz.com\/#website"},"primaryImageOfPage":{"@id":"https:\/\/lospoliticosveracruz.com\/?p=79710#primaryimage"},"image":{"@id":"https:\/\/lospoliticosveracruz.com\/?p=79710#primaryimage"},"thumbnailUrl":"https:\/\/lospoliticosveracruz.com.mx\/wp-content\/uploads\/2021\/09\/661B561F-C8B3-4EB3-B073-A34A73F68D94-576x1024.jpeg","datePublished":"2021-09-21T23:15:51+00:00","dateModified":"2021-09-21T23:17:54+00:00","breadcrumb":{"@id":"https:\/\/lospoliticosveracruz.com\/?p=79710#breadcrumb"},"inLanguage":"es","potentialAction":[{"@type":"ReadAction","target":["https:\/\/lospoliticosveracruz.com\/?p=79710"]}]},{"@type":"ImageObject","inLanguage":"es","@id":"https:\/\/lospoliticosveracruz.com\/?p=79710#primaryimage","url":"https:\/\/lospoliticosveracruz.com.mx\/wp-content\/uploads\/2021\/09\/661B561F-C8B3-4EB3-B073-A34A73F68D94-576x1024.jpeg","contentUrl":"https:\/\/lospoliticosveracruz.com.mx\/wp-content\/uploads\/2021\/09\/661B561F-C8B3-4EB3-B073-A34A73F68D94-576x1024.jpeg"},{"@type":"BreadcrumbList","@id":"https:\/\/lospoliticosveracruz.com\/?p=79710#breadcrumb","itemListElement":[{"@type":"ListItem","position":1,"name":"Portada","item":"https:\/\/lospoliticosveracruz.com\/"},{"@type":"ListItem","position":2,"name":"La memoria contra el olvido"}]},{"@type":"WebSite","@id":"https:\/\/lospoliticosveracruz.com\/#website","url":"https:\/\/lospoliticosveracruz.com\/","name":"Los pol\u00edticos Veracruz","description":"","publisher":{"@id":"https:\/\/lospoliticosveracruz.com\/#organization"},"potentialAction":[{"@type":"SearchAction","target":{"@type":"EntryPoint","urlTemplate":"https:\/\/lospoliticosveracruz.com\/?s={search_term_string}"},"query-input":{"@type":"PropertyValueSpecification","valueRequired":true,"valueName":"search_term_string"}}],"inLanguage":"es"},{"@type":"Organization","@id":"https:\/\/lospoliticosveracruz.com\/#organization","name":"Los pol\u00edticos Veracruz","url":"https:\/\/lospoliticosveracruz.com\/","logo":{"@type":"ImageObject","inLanguage":"es","@id":"https:\/\/lospoliticosveracruz.com\/#\/schema\/logo\/image\/","url":"https:\/\/lospoliticosveracruz.com\/wp-content\/uploads\/2025\/12\/Logo-Nuevo-LOS-POLITICOS-1.jpg","contentUrl":"https:\/\/lospoliticosveracruz.com\/wp-content\/uploads\/2025\/12\/Logo-Nuevo-LOS-POLITICOS-1.jpg","width":260,"height":70,"caption":"Los pol\u00edticos Veracruz"},"image":{"@id":"https:\/\/lospoliticosveracruz.com\/#\/schema\/logo\/image\/"},"sameAs":["https:\/\/www.facebook.com\/people\/Notimemes-de-los-Polticos\/61565672886568\/","https:\/\/x.com\/LosPoliticosVer"]},{"@type":"Person","@id":"https:\/\/lospoliticosveracruz.com\/#\/schema\/person\/b8702bb0e538456e6efd07080bf2a4a2","name":"Lo viste en Los Pol\u00edticos","image":{"@type":"ImageObject","inLanguage":"es","@id":"https:\/\/secure.gravatar.com\/avatar\/3a8de04a2656d44082be478bd6c086daa447c4651605818287b9532d3d0bd435?s=96&d=mm&r=g","url":"https:\/\/secure.gravatar.com\/avatar\/3a8de04a2656d44082be478bd6c086daa447c4651605818287b9532d3d0bd435?s=96&d=mm&r=g","contentUrl":"https:\/\/secure.gravatar.com\/avatar\/3a8de04a2656d44082be478bd6c086daa447c4651605818287b9532d3d0bd435?s=96&d=mm&r=g","caption":"Lo viste en Los Pol\u00edticos"},"url":"https:\/\/lospoliticosveracruz.com\/?author=2"}]}},"_links":{"self":[{"href":"https:\/\/lospoliticosveracruz.com\/index.php?rest_route=\/wp\/v2\/posts\/79710","targetHints":{"allow":["GET"]}}],"collection":[{"href":"https:\/\/lospoliticosveracruz.com\/index.php?rest_route=\/wp\/v2\/posts"}],"about":[{"href":"https:\/\/lospoliticosveracruz.com\/index.php?rest_route=\/wp\/v2\/types\/post"}],"author":[{"embeddable":true,"href":"https:\/\/lospoliticosveracruz.com\/index.php?rest_route=\/wp\/v2\/users\/2"}],"replies":[{"embeddable":true,"href":"https:\/\/lospoliticosveracruz.com\/index.php?rest_route=%2Fwp%2Fv2%2Fcomments&post=79710"}],"version-history":[{"count":2,"href":"https:\/\/lospoliticosveracruz.com\/index.php?rest_route=\/wp\/v2\/posts\/79710\/revisions"}],"predecessor-version":[{"id":79713,"href":"https:\/\/lospoliticosveracruz.com\/index.php?rest_route=\/wp\/v2\/posts\/79710\/revisions\/79713"}],"wp:attachment":[{"href":"https:\/\/lospoliticosveracruz.com\/index.php?rest_route=%2Fwp%2Fv2%2Fmedia&parent=79710"}],"wp:term":[{"taxonomy":"category","embeddable":true,"href":"https:\/\/lospoliticosveracruz.com\/index.php?rest_route=%2Fwp%2Fv2%2Fcategories&post=79710"},{"taxonomy":"post_tag","embeddable":true,"href":"https:\/\/lospoliticosveracruz.com\/index.php?rest_route=%2Fwp%2Fv2%2Ftags&post=79710"}],"curies":[{"name":"wp","href":"https:\/\/api.w.org\/{rel}","templated":true}]}}