{"id":79717,"date":"2021-09-21T23:59:00","date_gmt":"2021-09-22T04:59:00","guid":{"rendered":"https:\/\/lospoliticosveracruz.com.mx\/?p=79717"},"modified":"2021-09-21T18:34:49","modified_gmt":"2021-09-21T23:34:49","slug":"hagamos-consciencia","status":"publish","type":"post","link":"https:\/\/lospoliticosveracruz.com\/?p=79717","title":{"rendered":"Hagamos consciencia"},"content":{"rendered":"\n<p><strong>Maricarmen Garc\u00eda El\u00edas<\/strong><\/p>\n\n\n\n<p><em>Animalia<br><\/em><\/p>\n\n\n\n<p>Hemos comentado en varias ocasiones que esterilizar a una mascota supone asumir una cultura de cuidado y amor a los animales pero sobre todo, significa evitar zoonosis y hacer consciencia de lo mucho que sufren los animales en la calle producto del abandono e irresponsabilidad de los due\u00f1os. Las organizaciones protectoras de animales hacen una labor maravillosa esterilizando a costos bastante accesibles, estas organizaciones esterilizan en forma masiva evitando la reproducci\u00f3n desmedida de los animales.<\/p>\n\n\n\n<div class=\"wp-block-image\"><figure class=\"alignleft size-large is-resized\"><a href=\"https:\/\/lospoliticosveracruz.com.mx\/wp-content\/uploads\/2021\/09\/661B561F-C8B3-4EB3-B073-A34A73F68D94.jpeg\"><img decoding=\"async\" src=\"https:\/\/lospoliticosveracruz.com.mx\/wp-content\/uploads\/2021\/09\/661B561F-C8B3-4EB3-B073-A34A73F68D94-576x1024.jpeg\" alt=\"\" class=\"wp-image-79390\" width=\"250\"\/><\/a><\/figure><\/div>\n\n\n\n<p><br>El costo de una esterilizaci\u00f3n es relativo considerando todo lo que podemos evitar previniendo tambi\u00e9n enfermedades mortales que pueden aparecer m\u00e1s adelante si no operamos a nuestra mascota, por ejemplo, tumores malignos en la pr\u00f3stata que deriven en c\u00e1ncer, pi\u00f3metra (infecci\u00f3n muy grave en el \u00fatero de las hembras) o c\u00e1ncer de mama. En las hembras las infecciones de \u00fatero y el c\u00e1ncer de mamas son mortales en un 50% de perras y en un 90% de gatas, evita celos y fugas. En los machos reduce riesgos de c\u00e1ncer testicular, prost\u00e1tico y anal, previene comportamientos de agresividad y territorialidad, evita fugas y marcaje de orina. Al esterilizar a tu mascota ayudas a evitar sobrepoblaciones y abandono de animales, evitando el maltrato y sufrimiento al que se exponen en las calles.<br>Algunas personas tienen la idea err\u00f3nea que reproducir a sus perras o gatas les hace bien y piensan que todos los cachorros tendr\u00e1n buenos hogares, otros lo ven como un negocio donde se gana dinero f\u00e1cil explotando a un animal, lamentablemente en la realidad, es muy dif\u00edcil conseguir adoptantes responsables para cada cachorro durante toda la vida del animal, sean de raza o no es muy dif\u00edcil encontrar due\u00f1os comprometidos y para muestra muchas colonias en todas las ciudades de la entidad donde proliferan animales abandonados.<br>Una camada inesperada y numerosa genera preocupaci\u00f3n en el propietario si no consigue colocar a los cachorros, incluso algunas personas castigan a sus perras o gatas ech\u00e1ndolas de casa por haberse embarazado. La soluci\u00f3n a todo este problema es esterilizar, esta intervenci\u00f3n m\u00e9dica es r\u00e1pida y sencilla, de pronta recuperaci\u00f3n pero se recomienda que no hagan esfuerzos en 3 d\u00edas posteriores a la operaci\u00f3n, retirar los puntos a los 10 d\u00edas y lavarles la herida diariamente. A las hembras se les practica una ovariohisterectom\u00eda y a los machos una cirug\u00eda menos invasiva como la vasectom\u00eda.<br>Operar a tu mascota entre los 3 y los 6 meses prolongar\u00e1 su calidad de vida, el post operatorio es m\u00e1s r\u00e1pido, en las hembras esterilizarlas antes de la primera etapa de celo, es lo mejor porque de esta manera reducimos en un cien por ciento el riesgo de que sufra c\u00e1ncer de mama y evitamos infecciones en el \u00fatero. En los machos adem\u00e1s de evitar la aparici\u00f3n de tumores se evitan peleas con otros perros por el apareamiento.<br>Es falso que los animales esterilizados engordan, la esterilizaci\u00f3n de los animales de compa\u00f1\u00eda no los predispone a la obesidad Una vez esterilizados y recuperados deben continuar con las mismas actividades que hac\u00edan antes, el mismo ejercicio y una buena alimentaci\u00f3n. Tambi\u00e9n se cree que las hembras tienen que criar una vez en la vida para mantenerse sanas, pero realmente no existe una relaci\u00f3n entre la reproducci\u00f3n y su bienestar emocional dado que su sexualidad es distinta a la del humano y est\u00e1 totalmente dictada por las hormonas, por lo que no presentar\u00e1n emociones como la frustraci\u00f3n o el deseo de tener hijos a un nivel consciente como el de una persona \u00a1Hagamos consciencia y esteriliza a tu mascota \u00a1<\/p>\n","protected":false},"excerpt":{"rendered":"<p>Maricarmen Garc\u00eda El\u00edas Animalia Hemos comentado en varias ocasiones que esterilizar a una mascota supone asumir una cultura de cuidado y amor a los animales pero sobre todo, significa evitar zoonosis y hacer consciencia de lo mucho que sufren los animales en la calle producto del abandono e irresponsabilidad de los due\u00f1os. Las organizaciones protectoras [&hellip;]<\/p>\n","protected":false},"author":2,"featured_media":0,"comment_status":"closed","ping_status":"closed","sticky":false,"template":"","format":"standard","meta":{"tdm_status":"","tdm_grid_status":"","footnotes":""},"categories":[6451],"tags":[4913,16828,30496],"class_list":{"0":"post-79717","1":"post","2":"type-post","3":"status-publish","4":"format-standard","6":"category-historias_de_amigos","7":"tag-esterilizacion","8":"tag-maricarmen-garcia-elias","9":"tag-piometra"},"yoast_head":"<!-- This site is optimized with the Yoast SEO plugin v27.4 - https:\/\/yoast.com\/product\/yoast-seo-wordpress\/ -->\n<title>Hagamos consciencia - Los pol\u00edticos Veracruz<\/title>\n<meta name=\"robots\" content=\"index, follow, max-snippet:-1, max-image-preview:large, max-video-preview:-1\" \/>\n<link rel=\"canonical\" href=\"https:\/\/lospoliticosveracruz.com\/?p=79717\" \/>\n<meta property=\"og:locale\" content=\"es_ES\" \/>\n<meta property=\"og:type\" content=\"article\" \/>\n<meta property=\"og:title\" content=\"Hagamos consciencia - Los pol\u00edticos Veracruz\" \/>\n<meta property=\"og:description\" content=\"Maricarmen Garc\u00eda El\u00edas Animalia Hemos comentado en varias ocasiones que esterilizar a una mascota supone asumir una cultura de cuidado y amor a los animales pero sobre todo, significa evitar zoonosis y hacer consciencia de lo mucho que sufren los animales en la calle producto del abandono e irresponsabilidad de los due\u00f1os. Las organizaciones protectoras [&hellip;]\" \/>\n<meta property=\"og:url\" content=\"https:\/\/lospoliticosveracruz.com\/?p=79717\" \/>\n<meta property=\"og:site_name\" content=\"Los pol\u00edticos Veracruz\" \/>\n<meta property=\"article:publisher\" content=\"https:\/\/www.facebook.com\/people\/Notimemes-de-los-Polticos\/61565672886568\/\" \/>\n<meta property=\"article:published_time\" content=\"2021-09-22T04:59:00+00:00\" \/>\n<meta property=\"og:image\" content=\"https:\/\/lospoliticosveracruz.com.mx\/wp-content\/uploads\/2021\/09\/661B561F-C8B3-4EB3-B073-A34A73F68D94-576x1024.jpeg\" \/>\n<meta name=\"author\" content=\"Lo viste en Los Pol\u00edticos\" \/>\n<meta name=\"twitter:card\" content=\"summary_large_image\" \/>\n<meta name=\"twitter:creator\" content=\"@LosPoliticosVer\" \/>\n<meta name=\"twitter:site\" content=\"@LosPoliticosVer\" \/>\n<meta name=\"twitter:label1\" content=\"Escrito por\" \/>\n\t<meta name=\"twitter:data1\" content=\"Lo viste en Los Pol\u00edticos\" \/>\n\t<meta name=\"twitter:label2\" content=\"Tiempo de lectura\" \/>\n\t<meta name=\"twitter:data2\" content=\"3 minutos\" \/>\n<script type=\"application\/ld+json\" class=\"yoast-schema-graph\">{\"@context\":\"https:\\\/\\\/schema.org\",\"@graph\":[{\"@type\":\"Article\",\"@id\":\"https:\\\/\\\/lospoliticosveracruz.com\\\/?p=79717#article\",\"isPartOf\":{\"@id\":\"https:\\\/\\\/lospoliticosveracruz.com\\\/?p=79717\"},\"author\":{\"name\":\"Lo viste en Los Pol\u00edticos\",\"@id\":\"https:\\\/\\\/lospoliticosveracruz.com\\\/#\\\/schema\\\/person\\\/b8702bb0e538456e6efd07080bf2a4a2\"},\"headline\":\"Hagamos consciencia\",\"datePublished\":\"2021-09-22T04:59:00+00:00\",\"mainEntityOfPage\":{\"@id\":\"https:\\\/\\\/lospoliticosveracruz.com\\\/?p=79717\"},\"wordCount\":632,\"publisher\":{\"@id\":\"https:\\\/\\\/lospoliticosveracruz.com\\\/#organization\"},\"image\":{\"@id\":\"https:\\\/\\\/lospoliticosveracruz.com\\\/?p=79717#primaryimage\"},\"thumbnailUrl\":\"https:\\\/\\\/lospoliticosveracruz.com.mx\\\/wp-content\\\/uploads\\\/2021\\\/09\\\/661B561F-C8B3-4EB3-B073-A34A73F68D94-576x1024.jpeg\",\"keywords\":[\"esterilizaci\u00f3n\",\"Maricarmen Garc\u00eda El\u00edas\",\"pi\u00f3metra\"],\"articleSection\":[\"Historias de Amigos\"],\"inLanguage\":\"es\"},{\"@type\":\"WebPage\",\"@id\":\"https:\\\/\\\/lospoliticosveracruz.com\\\/?p=79717\",\"url\":\"https:\\\/\\\/lospoliticosveracruz.com\\\/?p=79717\",\"name\":\"Hagamos consciencia - Los pol\u00edticos Veracruz\",\"isPartOf\":{\"@id\":\"https:\\\/\\\/lospoliticosveracruz.com\\\/#website\"},\"primaryImageOfPage\":{\"@id\":\"https:\\\/\\\/lospoliticosveracruz.com\\\/?p=79717#primaryimage\"},\"image\":{\"@id\":\"https:\\\/\\\/lospoliticosveracruz.com\\\/?p=79717#primaryimage\"},\"thumbnailUrl\":\"https:\\\/\\\/lospoliticosveracruz.com.mx\\\/wp-content\\\/uploads\\\/2021\\\/09\\\/661B561F-C8B3-4EB3-B073-A34A73F68D94-576x1024.jpeg\",\"datePublished\":\"2021-09-22T04:59:00+00:00\",\"breadcrumb\":{\"@id\":\"https:\\\/\\\/lospoliticosveracruz.com\\\/?p=79717#breadcrumb\"},\"inLanguage\":\"es\",\"potentialAction\":[{\"@type\":\"ReadAction\",\"target\":[\"https:\\\/\\\/lospoliticosveracruz.com\\\/?p=79717\"]}]},{\"@type\":\"ImageObject\",\"inLanguage\":\"es\",\"@id\":\"https:\\\/\\\/lospoliticosveracruz.com\\\/?p=79717#primaryimage\",\"url\":\"https:\\\/\\\/lospoliticosveracruz.com.mx\\\/wp-content\\\/uploads\\\/2021\\\/09\\\/661B561F-C8B3-4EB3-B073-A34A73F68D94-576x1024.jpeg\",\"contentUrl\":\"https:\\\/\\\/lospoliticosveracruz.com.mx\\\/wp-content\\\/uploads\\\/2021\\\/09\\\/661B561F-C8B3-4EB3-B073-A34A73F68D94-576x1024.jpeg\"},{\"@type\":\"BreadcrumbList\",\"@id\":\"https:\\\/\\\/lospoliticosveracruz.com\\\/?p=79717#breadcrumb\",\"itemListElement\":[{\"@type\":\"ListItem\",\"position\":1,\"name\":\"Portada\",\"item\":\"https:\\\/\\\/lospoliticosveracruz.com\\\/\"},{\"@type\":\"ListItem\",\"position\":2,\"name\":\"Hagamos consciencia\"}]},{\"@type\":\"WebSite\",\"@id\":\"https:\\\/\\\/lospoliticosveracruz.com\\\/#website\",\"url\":\"https:\\\/\\\/lospoliticosveracruz.com\\\/\",\"name\":\"Los pol\u00edticos Veracruz\",\"description\":\"\",\"publisher\":{\"@id\":\"https:\\\/\\\/lospoliticosveracruz.com\\\/#organization\"},\"potentialAction\":[{\"@type\":\"SearchAction\",\"target\":{\"@type\":\"EntryPoint\",\"urlTemplate\":\"https:\\\/\\\/lospoliticosveracruz.com\\\/?s={search_term_string}\"},\"query-input\":{\"@type\":\"PropertyValueSpecification\",\"valueRequired\":true,\"valueName\":\"search_term_string\"}}],\"inLanguage\":\"es\"},{\"@type\":\"Organization\",\"@id\":\"https:\\\/\\\/lospoliticosveracruz.com\\\/#organization\",\"name\":\"Los pol\u00edticos Veracruz\",\"url\":\"https:\\\/\\\/lospoliticosveracruz.com\\\/\",\"logo\":{\"@type\":\"ImageObject\",\"inLanguage\":\"es\",\"@id\":\"https:\\\/\\\/lospoliticosveracruz.com\\\/#\\\/schema\\\/logo\\\/image\\\/\",\"url\":\"https:\\\/\\\/lospoliticosveracruz.com\\\/wp-content\\\/uploads\\\/2025\\\/12\\\/Logo-Nuevo-LOS-POLITICOS-1.jpg\",\"contentUrl\":\"https:\\\/\\\/lospoliticosveracruz.com\\\/wp-content\\\/uploads\\\/2025\\\/12\\\/Logo-Nuevo-LOS-POLITICOS-1.jpg\",\"width\":260,\"height\":70,\"caption\":\"Los pol\u00edticos Veracruz\"},\"image\":{\"@id\":\"https:\\\/\\\/lospoliticosveracruz.com\\\/#\\\/schema\\\/logo\\\/image\\\/\"},\"sameAs\":[\"https:\\\/\\\/www.facebook.com\\\/people\\\/Notimemes-de-los-Polticos\\\/61565672886568\\\/\",\"https:\\\/\\\/x.com\\\/LosPoliticosVer\"]},{\"@type\":\"Person\",\"@id\":\"https:\\\/\\\/lospoliticosveracruz.com\\\/#\\\/schema\\\/person\\\/b8702bb0e538456e6efd07080bf2a4a2\",\"name\":\"Lo viste en Los Pol\u00edticos\",\"image\":{\"@type\":\"ImageObject\",\"inLanguage\":\"es\",\"@id\":\"https:\\\/\\\/secure.gravatar.com\\\/avatar\\\/3a8de04a2656d44082be478bd6c086daa447c4651605818287b9532d3d0bd435?s=96&d=mm&r=g\",\"url\":\"https:\\\/\\\/secure.gravatar.com\\\/avatar\\\/3a8de04a2656d44082be478bd6c086daa447c4651605818287b9532d3d0bd435?s=96&d=mm&r=g\",\"contentUrl\":\"https:\\\/\\\/secure.gravatar.com\\\/avatar\\\/3a8de04a2656d44082be478bd6c086daa447c4651605818287b9532d3d0bd435?s=96&d=mm&r=g\",\"caption\":\"Lo viste en Los Pol\u00edticos\"},\"url\":\"https:\\\/\\\/lospoliticosveracruz.com\\\/?author=2\"}]}<\/script>\n<!-- \/ Yoast SEO plugin. -->","yoast_head_json":{"title":"Hagamos consciencia - Los pol\u00edticos Veracruz","robots":{"index":"index","follow":"follow","max-snippet":"max-snippet:-1","max-image-preview":"max-image-preview:large","max-video-preview":"max-video-preview:-1"},"canonical":"https:\/\/lospoliticosveracruz.com\/?p=79717","og_locale":"es_ES","og_type":"article","og_title":"Hagamos consciencia - Los pol\u00edticos Veracruz","og_description":"Maricarmen Garc\u00eda El\u00edas Animalia Hemos comentado en varias ocasiones que esterilizar a una mascota supone asumir una cultura de cuidado y amor a los animales pero sobre todo, significa evitar zoonosis y hacer consciencia de lo mucho que sufren los animales en la calle producto del abandono e irresponsabilidad de los due\u00f1os. Las organizaciones protectoras [&hellip;]","og_url":"https:\/\/lospoliticosveracruz.com\/?p=79717","og_site_name":"Los pol\u00edticos Veracruz","article_publisher":"https:\/\/www.facebook.com\/people\/Notimemes-de-los-Polticos\/61565672886568\/","article_published_time":"2021-09-22T04:59:00+00:00","og_image":[{"url":"https:\/\/lospoliticosveracruz.com.mx\/wp-content\/uploads\/2021\/09\/661B561F-C8B3-4EB3-B073-A34A73F68D94-576x1024.jpeg","type":"","width":"","height":""}],"author":"Lo viste en Los Pol\u00edticos","twitter_card":"summary_large_image","twitter_creator":"@LosPoliticosVer","twitter_site":"@LosPoliticosVer","twitter_misc":{"Escrito por":"Lo viste en Los Pol\u00edticos","Tiempo de lectura":"3 minutos"},"schema":{"@context":"https:\/\/schema.org","@graph":[{"@type":"Article","@id":"https:\/\/lospoliticosveracruz.com\/?p=79717#article","isPartOf":{"@id":"https:\/\/lospoliticosveracruz.com\/?p=79717"},"author":{"name":"Lo viste en Los Pol\u00edticos","@id":"https:\/\/lospoliticosveracruz.com\/#\/schema\/person\/b8702bb0e538456e6efd07080bf2a4a2"},"headline":"Hagamos consciencia","datePublished":"2021-09-22T04:59:00+00:00","mainEntityOfPage":{"@id":"https:\/\/lospoliticosveracruz.com\/?p=79717"},"wordCount":632,"publisher":{"@id":"https:\/\/lospoliticosveracruz.com\/#organization"},"image":{"@id":"https:\/\/lospoliticosveracruz.com\/?p=79717#primaryimage"},"thumbnailUrl":"https:\/\/lospoliticosveracruz.com.mx\/wp-content\/uploads\/2021\/09\/661B561F-C8B3-4EB3-B073-A34A73F68D94-576x1024.jpeg","keywords":["esterilizaci\u00f3n","Maricarmen Garc\u00eda El\u00edas","pi\u00f3metra"],"articleSection":["Historias de Amigos"],"inLanguage":"es"},{"@type":"WebPage","@id":"https:\/\/lospoliticosveracruz.com\/?p=79717","url":"https:\/\/lospoliticosveracruz.com\/?p=79717","name":"Hagamos consciencia - Los pol\u00edticos Veracruz","isPartOf":{"@id":"https:\/\/lospoliticosveracruz.com\/#website"},"primaryImageOfPage":{"@id":"https:\/\/lospoliticosveracruz.com\/?p=79717#primaryimage"},"image":{"@id":"https:\/\/lospoliticosveracruz.com\/?p=79717#primaryimage"},"thumbnailUrl":"https:\/\/lospoliticosveracruz.com.mx\/wp-content\/uploads\/2021\/09\/661B561F-C8B3-4EB3-B073-A34A73F68D94-576x1024.jpeg","datePublished":"2021-09-22T04:59:00+00:00","breadcrumb":{"@id":"https:\/\/lospoliticosveracruz.com\/?p=79717#breadcrumb"},"inLanguage":"es","potentialAction":[{"@type":"ReadAction","target":["https:\/\/lospoliticosveracruz.com\/?p=79717"]}]},{"@type":"ImageObject","inLanguage":"es","@id":"https:\/\/lospoliticosveracruz.com\/?p=79717#primaryimage","url":"https:\/\/lospoliticosveracruz.com.mx\/wp-content\/uploads\/2021\/09\/661B561F-C8B3-4EB3-B073-A34A73F68D94-576x1024.jpeg","contentUrl":"https:\/\/lospoliticosveracruz.com.mx\/wp-content\/uploads\/2021\/09\/661B561F-C8B3-4EB3-B073-A34A73F68D94-576x1024.jpeg"},{"@type":"BreadcrumbList","@id":"https:\/\/lospoliticosveracruz.com\/?p=79717#breadcrumb","itemListElement":[{"@type":"ListItem","position":1,"name":"Portada","item":"https:\/\/lospoliticosveracruz.com\/"},{"@type":"ListItem","position":2,"name":"Hagamos consciencia"}]},{"@type":"WebSite","@id":"https:\/\/lospoliticosveracruz.com\/#website","url":"https:\/\/lospoliticosveracruz.com\/","name":"Los pol\u00edticos Veracruz","description":"","publisher":{"@id":"https:\/\/lospoliticosveracruz.com\/#organization"},"potentialAction":[{"@type":"SearchAction","target":{"@type":"EntryPoint","urlTemplate":"https:\/\/lospoliticosveracruz.com\/?s={search_term_string}"},"query-input":{"@type":"PropertyValueSpecification","valueRequired":true,"valueName":"search_term_string"}}],"inLanguage":"es"},{"@type":"Organization","@id":"https:\/\/lospoliticosveracruz.com\/#organization","name":"Los pol\u00edticos Veracruz","url":"https:\/\/lospoliticosveracruz.com\/","logo":{"@type":"ImageObject","inLanguage":"es","@id":"https:\/\/lospoliticosveracruz.com\/#\/schema\/logo\/image\/","url":"https:\/\/lospoliticosveracruz.com\/wp-content\/uploads\/2025\/12\/Logo-Nuevo-LOS-POLITICOS-1.jpg","contentUrl":"https:\/\/lospoliticosveracruz.com\/wp-content\/uploads\/2025\/12\/Logo-Nuevo-LOS-POLITICOS-1.jpg","width":260,"height":70,"caption":"Los pol\u00edticos Veracruz"},"image":{"@id":"https:\/\/lospoliticosveracruz.com\/#\/schema\/logo\/image\/"},"sameAs":["https:\/\/www.facebook.com\/people\/Notimemes-de-los-Polticos\/61565672886568\/","https:\/\/x.com\/LosPoliticosVer"]},{"@type":"Person","@id":"https:\/\/lospoliticosveracruz.com\/#\/schema\/person\/b8702bb0e538456e6efd07080bf2a4a2","name":"Lo viste en Los Pol\u00edticos","image":{"@type":"ImageObject","inLanguage":"es","@id":"https:\/\/secure.gravatar.com\/avatar\/3a8de04a2656d44082be478bd6c086daa447c4651605818287b9532d3d0bd435?s=96&d=mm&r=g","url":"https:\/\/secure.gravatar.com\/avatar\/3a8de04a2656d44082be478bd6c086daa447c4651605818287b9532d3d0bd435?s=96&d=mm&r=g","contentUrl":"https:\/\/secure.gravatar.com\/avatar\/3a8de04a2656d44082be478bd6c086daa447c4651605818287b9532d3d0bd435?s=96&d=mm&r=g","caption":"Lo viste en Los Pol\u00edticos"},"url":"https:\/\/lospoliticosveracruz.com\/?author=2"}]}},"_links":{"self":[{"href":"https:\/\/lospoliticosveracruz.com\/index.php?rest_route=\/wp\/v2\/posts\/79717","targetHints":{"allow":["GET"]}}],"collection":[{"href":"https:\/\/lospoliticosveracruz.com\/index.php?rest_route=\/wp\/v2\/posts"}],"about":[{"href":"https:\/\/lospoliticosveracruz.com\/index.php?rest_route=\/wp\/v2\/types\/post"}],"author":[{"embeddable":true,"href":"https:\/\/lospoliticosveracruz.com\/index.php?rest_route=\/wp\/v2\/users\/2"}],"replies":[{"embeddable":true,"href":"https:\/\/lospoliticosveracruz.com\/index.php?rest_route=%2Fwp%2Fv2%2Fcomments&post=79717"}],"version-history":[{"count":1,"href":"https:\/\/lospoliticosveracruz.com\/index.php?rest_route=\/wp\/v2\/posts\/79717\/revisions"}],"predecessor-version":[{"id":79719,"href":"https:\/\/lospoliticosveracruz.com\/index.php?rest_route=\/wp\/v2\/posts\/79717\/revisions\/79719"}],"wp:attachment":[{"href":"https:\/\/lospoliticosveracruz.com\/index.php?rest_route=%2Fwp%2Fv2%2Fmedia&parent=79717"}],"wp:term":[{"taxonomy":"category","embeddable":true,"href":"https:\/\/lospoliticosveracruz.com\/index.php?rest_route=%2Fwp%2Fv2%2Fcategories&post=79717"},{"taxonomy":"post_tag","embeddable":true,"href":"https:\/\/lospoliticosveracruz.com\/index.php?rest_route=%2Fwp%2Fv2%2Ftags&post=79717"}],"curies":[{"name":"wp","href":"https:\/\/api.w.org\/{rel}","templated":true}]}}