{"id":79762,"date":"2021-09-23T08:51:47","date_gmt":"2021-09-23T13:51:47","guid":{"rendered":"https:\/\/lospoliticosveracruz.com.mx\/?p=79762"},"modified":"2021-09-23T08:51:53","modified_gmt":"2021-09-23T13:51:53","slug":"caron-a-la-dirigencia-de-morena","status":"publish","type":"post","link":"https:\/\/lospoliticosveracruz.com\/?p=79762","title":{"rendered":"Car\u00f3n, a la dirigencia de Morena"},"content":{"rendered":"\n<p><strong>Ricardo Ch\u00faa<br><\/strong><em>Sale y Vale<\/em><\/p>\n\n\n\n<p>CAZAR\u00cdN, EL OTRO MENSAJE.. Muchos mal pensados en MORENA se\u00f1alan que Juan Javier G\u00f3mez Cazar\u00edn, diputado local, l\u00edder de los legisladores de MORENA y presidente de la Junta de Coordinaci\u00f3n Pol\u00edtica del Congreso del Estado, se tom\u00f3 la foto con \u00abgran alegr\u00eda\u00bb con la alcaldesa electa de Veracruz puerto, Patricia Loberia Rodr\u00edguez para mandar UN MENSAJE porque \u00e9l ya conoc\u00eda la proyecci\u00f3n del dictamen de sentencia del Tribunal Electoral de Veracruz (TEV) para ratificar el triunfo del PAN-PRI-PRD en la alcald\u00eda porte\u00f1a\u2026<\/p>\n\n\n\n<div class=\"wp-block-image\"><figure class=\"alignleft size-large is-resized\"><a href=\"https:\/\/lospoliticosveracruz.com.mx\/wp-content\/uploads\/2021\/09\/661B561F-C8B3-4EB3-B073-A34A73F68D94.jpeg\"><img decoding=\"async\" src=\"https:\/\/lospoliticosveracruz.com.mx\/wp-content\/uploads\/2021\/09\/661B561F-C8B3-4EB3-B073-A34A73F68D94-576x1024.jpeg\" alt=\"\" class=\"wp-image-79390\" width=\"250\"\/><\/a><\/figure><\/div>\n\n\n\n<p>Esos mismos personajes ligados a Palacio de Gobierno\u2026 Dicen que por eso, el legislador no puso el \u00abgrito en el cielo\u00bb cuando se enter\u00f3 que el ORFIS hab\u00eda invitado a la alcaldesa electa a su curso taller de capacitaci\u00f3n a presidentes municipales\u2026 Por ello, sin chistar el diputado MORENA se tom\u00f3 la foto con ella d\u00e1ndole la mano con un afectuoso saludo\u2026 Con cortesia y consideraci\u00f3n\u2026 Y con eso, le mandaba el mensaje a Ricardo Exsome, que posiblemente estaba fuera de la contienda\u2026 En MORENA y entre los Morenos, todo es posible\u2026<\/p>\n\n\n\n<p>Adem\u00e1s hay que hacer hincapi\u00e9 y recordar que G\u00f3mez Cazar\u00edn\u2026 Es un personaje que no se \u00abtienta el coraz\u00f3n\u00bb para DESMANTELAR a sus aliados en contiendas electorales, con tal de lograr sus intereses\u2026 Finalmente con la venia de Cuitl\u00e1huac Garc\u00eda, todo lo puede\u2026 Vean como le quiere quitar diputados plurinominales al PVEM y PT para \u00e9l lograr un esca\u00f1o\u2026 A poco creen que Cazar\u00edn quiere al PAN\u2026 \u00c9l quiere lo suyo\u2026 En pol\u00edtica, las coincidencias no existen\u2026 Los intereses si\u2026 Los jugadores cambian\u2026 El juego no\u2026 AMEN\u2026<\/p>\n\n\n\n<p>LA CA\u00cdDA DE ESTEBAN Y SUS DA\u00d1OS\u2026 La eminente ca\u00edda de la dirigencia estatal de MORENA de Esteban Ram\u00edrez Zepeta en las pr\u00f3ximas semanas, podr\u00eda significarse el \u00abPremio de Consolaci\u00f3n\u00bb de Juan Javier G\u00f3mez Cazar\u00edn, para que \u00e9l ocupe su lugar en este partido pol\u00edtico\u2026 Ante la imposibilidad que se reelija como diputado local en el pr\u00f3ximo Congreso del Estado\u2026 As\u00ed que la \u00abca\u00edda\u00bb de uno\u2026 Es el \u00absalvamento\u00bb del otro\u2026<\/p>\n\n\n\n<p>Esto debido a que Ram\u00edrez Zepeta piensa que puede reelegirse como l\u00edder estatal\u2026 Pero el tiene en contra un Juicio de Derechos Pol\u00edticos Ciudadanos, que le interpuso el ex secretario General de MORENA en Veracruz, Gonzalo Vicencio, cuando Zepeta le dio un \u00abGolpe de Estado\u00bb con el \u00abaparato\u00bb de Palacio de Gobierno\u2026 Hasta correr a Vicencio para que se fuera a refugiar en Fuerza por M\u00e9xico\u2026 Pero ahora, esa situaci\u00f3n, beneficia a Cazar\u00edn porque le dar\u00eda el \u00abpase directo\u00bb al CDE de Los Morenos\u2026<\/p>\n\n\n\n<p>Ya que Esteban Ram\u00edrez tendr\u00e1 que explicar de donde salieron los gastos para pintas de bardas promocion\u00e1ndose en el Estado, por los actos anticipados de campa\u00f1a y por el desaseo pol\u00edtico con la militancia en campa\u00f1as locales del pasado 6 de junio\u2026. Por esa raz\u00f3n, no podr\u00e1 participar en la contienda porque de empecinarse.. Meter\u00eda en problemas a los Morenos y a Cuitl\u00e1huac Garc\u00eda porque el INE debe tomar cartas en el asunto en la fiscalizaci\u00f3n y van a MULTAR a MORENA\u2026 Por lo que tendr\u00e1 que desligarse para que Esteban responda\u2026<\/p>\n\n\n\n<p>Por eso, ahora el destino de Cazar\u00edn y Zepeta se vuelve a unir.. Ya que PODEROSAS FUENTES consultadas se\u00f1alan que ven muy dif\u00edcil que a G\u00f3mez Cazar\u00edn, lo integren al gobierno estatal, debido al distanciamiento que trae con Eric Cisneros Burgos\u2026 Por eso, su destino puede ser la dirigencia estatal de MORENA\u2026 Van a operar para eso\u2026 Y como Zepeta dif\u00edcilmente tambi\u00e9n rendir\u00e1 cuentas ante el INE de todo lo que hizo para ganar y \u00e9l mismo ya sabe que est\u00e1 impedido por la impugnaci\u00f3n\u2026 As\u00ed que seguro buscar\u00e1 mejor destino\u2026<\/p>\n\n\n\n<p>As\u00ed que por esos actos seguro se los van a \u00abrevivir\u00bb a Zepeta cuando venga la renovaci\u00f3n de la dirigencia\u2026 De esa manera, le da el paso a Cazar\u00edn para que se quede en su lugar\u2026 Y a \u00e9l, seguramente, Cuitl\u00e1huac Garc\u00eda, si lo har\u00e1 parte de su gabinete estatal\u2026 Tambi\u00e9n como \u00abconsolaci\u00f3n\u00bb de aqu\u00ed a diciembre porque no tendr\u00e1 otra cosa\u2026 Ya que fue evidente, que uso, enga\u00f1o, maltrato y comercializ\u00f3 a la militancia que nunca fue tomada en cuenta y siempre fue desplazada\u2026. Esa es la realidad de Esteban y Juan Javier\u2026 No hay de otra para ellos\u2026<\/p>\n\n\n\n<p>Con eso se configura que al no entrar Cazar\u00edn al Congreso Local\u2026 El control de este recinto legislativo, lo tendr\u00e1n: Rocio Nahle, Eric Cisneros y Manuel Huerta\u2026 De esa manera, la CONFIGURACI\u00d3N LEGISLATIVA en la segunda mitad, como dice el libro de Andr\u00e9s Manuel L\u00f3pez Obrador\u2026 Las cosas ser\u00e1n diferentes en Veracruz porque cada d\u00eda el gobernador, Cuitl\u00e1huac Garc\u00eda se quedar\u00e1 SOLO\u2026 Nada m\u00e1s al amparo y a la buena voluntad que le tenga de aqu\u00ed al 2024 el propio Andr\u00e9s Manuel L\u00f3pez Obrador\u2026<\/p>\n\n\n\n<p>La lectura de esta situaci\u00f3n\u2026 Es que a Cuitl\u00e1huac se le empieza a \u00abcaer todo\u00bb lo que ten\u00eda proyectado en Veracruz\u2026 Y su gobierno estatal y \u00aboperadores\u00bb pol\u00edticos, no les quedar\u00e1 de otra que \u00abponerse de rodillas\u00bb ante la sucesora y operadora Roc\u00edo Nahle\u2026 Ya que la coordinaci\u00f3n de la Junta de Coordinaci\u00f3n Pol\u00edtica y la Presidencia de la Mesa Directiva del futuro Congreso Local, ser\u00e1 de la titular de SENER\u2026 Ella se va a quedar con todo el control de la Legislatura del Estado\u2026 \u00bfNo lo creen?\u2026<\/p>\n\n\n\n<p>No duden que despu\u00e9s, ese mismo grupo de Nahle, vaya por el control del Poder Judicial de Veracruz\u2026 Desplazando poco a poco, al equipo de Cuitl\u00e1huac\u2026 Por las fallas mostradas de estos personajes y el nulo control pol\u00edtico que tienen en Veracruz, por el rumbo que tiene que tomar la elecci\u00f3n local del 2024 y donde Roc\u00edo Nahle, no se puede arriesgar a perder por este equipo que tuvo la oportunidad de empoderarse en Veracruz y no lo hizo\u2026 As\u00ed que\u2026 MUERTO EL REY\u2026 DIOS SALVE A LA REINA\u2026<\/p>\n\n\n\n<p>OJO\u2026 Por eso, todo se agudiza en relaci\u00f3n con la foto que se tomara Juan Javier G\u00f3mez Cazar\u00edn con Patricia Lobeira Rodr\u00edguez, alcaldesa electa de Veracruz puerto, mand\u00e1ndole un mensaje de \u00abDECLARACI\u00d3N DE GUERRA\u00bb al propio Ricardo Exsome\u2026 Es una traici\u00f3n a los principios de MORENA y un MAL MENSAJE del grupo de Cuitl\u00e1huac Garc\u00eda al grupo de Roc\u00edo Nahle\u2026 Y eso, que aun no empieza los enfrentamientos por la sucesi\u00f3n del 2024 en Veracruz con Los Morenos\u2026 CONSUMATUM EST\u2026<\/p>\n","protected":false},"excerpt":{"rendered":"<p>Ricardo Ch\u00faaSale y Vale CAZAR\u00cdN, EL OTRO MENSAJE.. Muchos mal pensados en MORENA se\u00f1alan que Juan Javier G\u00f3mez Cazar\u00edn, diputado local, l\u00edder de los legisladores de MORENA y presidente de la Junta de Coordinaci\u00f3n Pol\u00edtica del Congreso del Estado, se tom\u00f3 la foto con \u00abgran alegr\u00eda\u00bb con la alcaldesa electa de Veracruz puerto, Patricia Loberia [&hellip;]<\/p>\n","protected":false},"author":2,"featured_media":0,"comment_status":"closed","ping_status":"closed","sticky":false,"template":"","format":"standard","meta":{"tdm_status":"","tdm_grid_status":"","footnotes":""},"categories":[70],"tags":[1681,12686,17053,12695,1850,1026,135,22333,30505,14721,26717,8317,6753,195],"class_list":{"0":"post-79762","1":"post","2":"type-post","3":"status-publish","4":"format-standard","6":"category-de-opinion","7":"tag-cuitlahuac-garcia","8":"tag-eric-cisneros","9":"tag-esteban-ramirez-zepeta","10":"tag-juan-javier-gomez-cazarin","11":"tag-manuel-huerta-ladron-de-guevara","12":"tag-morena","13":"tag-orfis","14":"tag-pan-pri-prd","15":"tag-patricia-loberia-rodriguez-3","16":"tag-ricardo-exsome","17":"tag-rocio-nahle-2","18":"tag-tev","19":"tag-tribunal-electoral-de-veracruz","20":"tag-veracruz"},"yoast_head":"<!-- This site is optimized with the Yoast SEO plugin v27.4 - https:\/\/yoast.com\/product\/yoast-seo-wordpress\/ -->\n<title>Car\u00f3n, a la dirigencia de Morena - Los pol\u00edticos Veracruz<\/title>\n<meta name=\"robots\" content=\"index, follow, max-snippet:-1, max-image-preview:large, max-video-preview:-1\" \/>\n<link rel=\"canonical\" href=\"https:\/\/lospoliticosveracruz.com\/?p=79762\" \/>\n<meta property=\"og:locale\" content=\"es_ES\" \/>\n<meta property=\"og:type\" content=\"article\" \/>\n<meta property=\"og:title\" content=\"Car\u00f3n, a la dirigencia de Morena - Los pol\u00edticos Veracruz\" \/>\n<meta property=\"og:description\" content=\"Ricardo Ch\u00faaSale y Vale CAZAR\u00cdN, EL OTRO MENSAJE.. Muchos mal pensados en MORENA se\u00f1alan que Juan Javier G\u00f3mez Cazar\u00edn, diputado local, l\u00edder de los legisladores de MORENA y presidente de la Junta de Coordinaci\u00f3n Pol\u00edtica del Congreso del Estado, se tom\u00f3 la foto con \u00abgran alegr\u00eda\u00bb con la alcaldesa electa de Veracruz puerto, Patricia Loberia [&hellip;]\" \/>\n<meta property=\"og:url\" content=\"https:\/\/lospoliticosveracruz.com\/?p=79762\" \/>\n<meta property=\"og:site_name\" content=\"Los pol\u00edticos Veracruz\" \/>\n<meta property=\"article:publisher\" content=\"https:\/\/www.facebook.com\/people\/Notimemes-de-los-Polticos\/61565672886568\/\" \/>\n<meta property=\"article:published_time\" content=\"2021-09-23T13:51:47+00:00\" \/>\n<meta property=\"article:modified_time\" content=\"2021-09-23T13:51:53+00:00\" \/>\n<meta property=\"og:image\" content=\"https:\/\/lospoliticosveracruz.com.mx\/wp-content\/uploads\/2021\/09\/661B561F-C8B3-4EB3-B073-A34A73F68D94-576x1024.jpeg\" \/>\n<meta name=\"author\" content=\"Lo viste en Los Pol\u00edticos\" \/>\n<meta name=\"twitter:card\" content=\"summary_large_image\" \/>\n<meta name=\"twitter:creator\" content=\"@LosPoliticosVer\" \/>\n<meta name=\"twitter:site\" content=\"@LosPoliticosVer\" \/>\n<meta name=\"twitter:label1\" content=\"Escrito por\" \/>\n\t<meta name=\"twitter:data1\" content=\"Lo viste en Los Pol\u00edticos\" \/>\n\t<meta name=\"twitter:label2\" content=\"Tiempo de lectura\" \/>\n\t<meta name=\"twitter:data2\" content=\"6 minutos\" \/>\n<script type=\"application\/ld+json\" class=\"yoast-schema-graph\">{\"@context\":\"https:\\\/\\\/schema.org\",\"@graph\":[{\"@type\":\"Article\",\"@id\":\"https:\\\/\\\/lospoliticosveracruz.com\\\/?p=79762#article\",\"isPartOf\":{\"@id\":\"https:\\\/\\\/lospoliticosveracruz.com\\\/?p=79762\"},\"author\":{\"name\":\"Lo viste en Los Pol\u00edticos\",\"@id\":\"https:\\\/\\\/lospoliticosveracruz.com\\\/#\\\/schema\\\/person\\\/b8702bb0e538456e6efd07080bf2a4a2\"},\"headline\":\"Car\u00f3n, a la dirigencia de Morena\",\"datePublished\":\"2021-09-23T13:51:47+00:00\",\"dateModified\":\"2021-09-23T13:51:53+00:00\",\"mainEntityOfPage\":{\"@id\":\"https:\\\/\\\/lospoliticosveracruz.com\\\/?p=79762\"},\"wordCount\":1155,\"publisher\":{\"@id\":\"https:\\\/\\\/lospoliticosveracruz.com\\\/#organization\"},\"image\":{\"@id\":\"https:\\\/\\\/lospoliticosveracruz.com\\\/?p=79762#primaryimage\"},\"thumbnailUrl\":\"https:\\\/\\\/lospoliticosveracruz.com.mx\\\/wp-content\\\/uploads\\\/2021\\\/09\\\/661B561F-C8B3-4EB3-B073-A34A73F68D94-576x1024.jpeg\",\"keywords\":[\"Cuitl\u00e1huac Garc\u00eda\",\"Eric Cisneros\",\"Esteban Ram\u00edrez Zepeta\",\"Juan Javier G\u00f3mez Cazar\u00edn\",\"Manuel Huerta Ladr\u00f3n de Guevara\",\"Morena\",\"Orfis\",\"PAN-PRI-PRD\",\"Patricia Loberia Rodr\u00edguez\",\"Ricardo Exsome\",\"Rocio Nahle\",\"TEV\",\"Tribunal Electoral de Veracruz\",\"Veracruz\"],\"articleSection\":[\"De Opini\u00f3n\"],\"inLanguage\":\"es\"},{\"@type\":\"WebPage\",\"@id\":\"https:\\\/\\\/lospoliticosveracruz.com\\\/?p=79762\",\"url\":\"https:\\\/\\\/lospoliticosveracruz.com\\\/?p=79762\",\"name\":\"Car\u00f3n, a la dirigencia de Morena - Los pol\u00edticos Veracruz\",\"isPartOf\":{\"@id\":\"https:\\\/\\\/lospoliticosveracruz.com\\\/#website\"},\"primaryImageOfPage\":{\"@id\":\"https:\\\/\\\/lospoliticosveracruz.com\\\/?p=79762#primaryimage\"},\"image\":{\"@id\":\"https:\\\/\\\/lospoliticosveracruz.com\\\/?p=79762#primaryimage\"},\"thumbnailUrl\":\"https:\\\/\\\/lospoliticosveracruz.com.mx\\\/wp-content\\\/uploads\\\/2021\\\/09\\\/661B561F-C8B3-4EB3-B073-A34A73F68D94-576x1024.jpeg\",\"datePublished\":\"2021-09-23T13:51:47+00:00\",\"dateModified\":\"2021-09-23T13:51:53+00:00\",\"breadcrumb\":{\"@id\":\"https:\\\/\\\/lospoliticosveracruz.com\\\/?p=79762#breadcrumb\"},\"inLanguage\":\"es\",\"potentialAction\":[{\"@type\":\"ReadAction\",\"target\":[\"https:\\\/\\\/lospoliticosveracruz.com\\\/?p=79762\"]}]},{\"@type\":\"ImageObject\",\"inLanguage\":\"es\",\"@id\":\"https:\\\/\\\/lospoliticosveracruz.com\\\/?p=79762#primaryimage\",\"url\":\"https:\\\/\\\/lospoliticosveracruz.com.mx\\\/wp-content\\\/uploads\\\/2021\\\/09\\\/661B561F-C8B3-4EB3-B073-A34A73F68D94-576x1024.jpeg\",\"contentUrl\":\"https:\\\/\\\/lospoliticosveracruz.com.mx\\\/wp-content\\\/uploads\\\/2021\\\/09\\\/661B561F-C8B3-4EB3-B073-A34A73F68D94-576x1024.jpeg\"},{\"@type\":\"BreadcrumbList\",\"@id\":\"https:\\\/\\\/lospoliticosveracruz.com\\\/?p=79762#breadcrumb\",\"itemListElement\":[{\"@type\":\"ListItem\",\"position\":1,\"name\":\"Portada\",\"item\":\"https:\\\/\\\/lospoliticosveracruz.com\\\/\"},{\"@type\":\"ListItem\",\"position\":2,\"name\":\"Car\u00f3n, a la dirigencia de Morena\"}]},{\"@type\":\"WebSite\",\"@id\":\"https:\\\/\\\/lospoliticosveracruz.com\\\/#website\",\"url\":\"https:\\\/\\\/lospoliticosveracruz.com\\\/\",\"name\":\"Los pol\u00edticos Veracruz\",\"description\":\"\",\"publisher\":{\"@id\":\"https:\\\/\\\/lospoliticosveracruz.com\\\/#organization\"},\"potentialAction\":[{\"@type\":\"SearchAction\",\"target\":{\"@type\":\"EntryPoint\",\"urlTemplate\":\"https:\\\/\\\/lospoliticosveracruz.com\\\/?s={search_term_string}\"},\"query-input\":{\"@type\":\"PropertyValueSpecification\",\"valueRequired\":true,\"valueName\":\"search_term_string\"}}],\"inLanguage\":\"es\"},{\"@type\":\"Organization\",\"@id\":\"https:\\\/\\\/lospoliticosveracruz.com\\\/#organization\",\"name\":\"Los pol\u00edticos Veracruz\",\"url\":\"https:\\\/\\\/lospoliticosveracruz.com\\\/\",\"logo\":{\"@type\":\"ImageObject\",\"inLanguage\":\"es\",\"@id\":\"https:\\\/\\\/lospoliticosveracruz.com\\\/#\\\/schema\\\/logo\\\/image\\\/\",\"url\":\"https:\\\/\\\/lospoliticosveracruz.com\\\/wp-content\\\/uploads\\\/2025\\\/12\\\/Logo-Nuevo-LOS-POLITICOS-1.jpg\",\"contentUrl\":\"https:\\\/\\\/lospoliticosveracruz.com\\\/wp-content\\\/uploads\\\/2025\\\/12\\\/Logo-Nuevo-LOS-POLITICOS-1.jpg\",\"width\":260,\"height\":70,\"caption\":\"Los pol\u00edticos Veracruz\"},\"image\":{\"@id\":\"https:\\\/\\\/lospoliticosveracruz.com\\\/#\\\/schema\\\/logo\\\/image\\\/\"},\"sameAs\":[\"https:\\\/\\\/www.facebook.com\\\/people\\\/Notimemes-de-los-Polticos\\\/61565672886568\\\/\",\"https:\\\/\\\/x.com\\\/LosPoliticosVer\"]},{\"@type\":\"Person\",\"@id\":\"https:\\\/\\\/lospoliticosveracruz.com\\\/#\\\/schema\\\/person\\\/b8702bb0e538456e6efd07080bf2a4a2\",\"name\":\"Lo viste en Los Pol\u00edticos\",\"image\":{\"@type\":\"ImageObject\",\"inLanguage\":\"es\",\"@id\":\"https:\\\/\\\/secure.gravatar.com\\\/avatar\\\/3a8de04a2656d44082be478bd6c086daa447c4651605818287b9532d3d0bd435?s=96&d=mm&r=g\",\"url\":\"https:\\\/\\\/secure.gravatar.com\\\/avatar\\\/3a8de04a2656d44082be478bd6c086daa447c4651605818287b9532d3d0bd435?s=96&d=mm&r=g\",\"contentUrl\":\"https:\\\/\\\/secure.gravatar.com\\\/avatar\\\/3a8de04a2656d44082be478bd6c086daa447c4651605818287b9532d3d0bd435?s=96&d=mm&r=g\",\"caption\":\"Lo viste en Los Pol\u00edticos\"},\"url\":\"https:\\\/\\\/lospoliticosveracruz.com\\\/?author=2\"}]}<\/script>\n<!-- \/ Yoast SEO plugin. -->","yoast_head_json":{"title":"Car\u00f3n, a la dirigencia de Morena - Los pol\u00edticos Veracruz","robots":{"index":"index","follow":"follow","max-snippet":"max-snippet:-1","max-image-preview":"max-image-preview:large","max-video-preview":"max-video-preview:-1"},"canonical":"https:\/\/lospoliticosveracruz.com\/?p=79762","og_locale":"es_ES","og_type":"article","og_title":"Car\u00f3n, a la dirigencia de Morena - Los pol\u00edticos Veracruz","og_description":"Ricardo Ch\u00faaSale y Vale CAZAR\u00cdN, EL OTRO MENSAJE.. Muchos mal pensados en MORENA se\u00f1alan que Juan Javier G\u00f3mez Cazar\u00edn, diputado local, l\u00edder de los legisladores de MORENA y presidente de la Junta de Coordinaci\u00f3n Pol\u00edtica del Congreso del Estado, se tom\u00f3 la foto con \u00abgran alegr\u00eda\u00bb con la alcaldesa electa de Veracruz puerto, Patricia Loberia [&hellip;]","og_url":"https:\/\/lospoliticosveracruz.com\/?p=79762","og_site_name":"Los pol\u00edticos Veracruz","article_publisher":"https:\/\/www.facebook.com\/people\/Notimemes-de-los-Polticos\/61565672886568\/","article_published_time":"2021-09-23T13:51:47+00:00","article_modified_time":"2021-09-23T13:51:53+00:00","og_image":[{"url":"https:\/\/lospoliticosveracruz.com.mx\/wp-content\/uploads\/2021\/09\/661B561F-C8B3-4EB3-B073-A34A73F68D94-576x1024.jpeg","type":"","width":"","height":""}],"author":"Lo viste en Los Pol\u00edticos","twitter_card":"summary_large_image","twitter_creator":"@LosPoliticosVer","twitter_site":"@LosPoliticosVer","twitter_misc":{"Escrito por":"Lo viste en Los Pol\u00edticos","Tiempo de lectura":"6 minutos"},"schema":{"@context":"https:\/\/schema.org","@graph":[{"@type":"Article","@id":"https:\/\/lospoliticosveracruz.com\/?p=79762#article","isPartOf":{"@id":"https:\/\/lospoliticosveracruz.com\/?p=79762"},"author":{"name":"Lo viste en Los Pol\u00edticos","@id":"https:\/\/lospoliticosveracruz.com\/#\/schema\/person\/b8702bb0e538456e6efd07080bf2a4a2"},"headline":"Car\u00f3n, a la dirigencia de Morena","datePublished":"2021-09-23T13:51:47+00:00","dateModified":"2021-09-23T13:51:53+00:00","mainEntityOfPage":{"@id":"https:\/\/lospoliticosveracruz.com\/?p=79762"},"wordCount":1155,"publisher":{"@id":"https:\/\/lospoliticosveracruz.com\/#organization"},"image":{"@id":"https:\/\/lospoliticosveracruz.com\/?p=79762#primaryimage"},"thumbnailUrl":"https:\/\/lospoliticosveracruz.com.mx\/wp-content\/uploads\/2021\/09\/661B561F-C8B3-4EB3-B073-A34A73F68D94-576x1024.jpeg","keywords":["Cuitl\u00e1huac Garc\u00eda","Eric Cisneros","Esteban Ram\u00edrez Zepeta","Juan Javier G\u00f3mez Cazar\u00edn","Manuel Huerta Ladr\u00f3n de Guevara","Morena","Orfis","PAN-PRI-PRD","Patricia Loberia Rodr\u00edguez","Ricardo Exsome","Rocio Nahle","TEV","Tribunal Electoral de Veracruz","Veracruz"],"articleSection":["De Opini\u00f3n"],"inLanguage":"es"},{"@type":"WebPage","@id":"https:\/\/lospoliticosveracruz.com\/?p=79762","url":"https:\/\/lospoliticosveracruz.com\/?p=79762","name":"Car\u00f3n, a la dirigencia de Morena - Los pol\u00edticos Veracruz","isPartOf":{"@id":"https:\/\/lospoliticosveracruz.com\/#website"},"primaryImageOfPage":{"@id":"https:\/\/lospoliticosveracruz.com\/?p=79762#primaryimage"},"image":{"@id":"https:\/\/lospoliticosveracruz.com\/?p=79762#primaryimage"},"thumbnailUrl":"https:\/\/lospoliticosveracruz.com.mx\/wp-content\/uploads\/2021\/09\/661B561F-C8B3-4EB3-B073-A34A73F68D94-576x1024.jpeg","datePublished":"2021-09-23T13:51:47+00:00","dateModified":"2021-09-23T13:51:53+00:00","breadcrumb":{"@id":"https:\/\/lospoliticosveracruz.com\/?p=79762#breadcrumb"},"inLanguage":"es","potentialAction":[{"@type":"ReadAction","target":["https:\/\/lospoliticosveracruz.com\/?p=79762"]}]},{"@type":"ImageObject","inLanguage":"es","@id":"https:\/\/lospoliticosveracruz.com\/?p=79762#primaryimage","url":"https:\/\/lospoliticosveracruz.com.mx\/wp-content\/uploads\/2021\/09\/661B561F-C8B3-4EB3-B073-A34A73F68D94-576x1024.jpeg","contentUrl":"https:\/\/lospoliticosveracruz.com.mx\/wp-content\/uploads\/2021\/09\/661B561F-C8B3-4EB3-B073-A34A73F68D94-576x1024.jpeg"},{"@type":"BreadcrumbList","@id":"https:\/\/lospoliticosveracruz.com\/?p=79762#breadcrumb","itemListElement":[{"@type":"ListItem","position":1,"name":"Portada","item":"https:\/\/lospoliticosveracruz.com\/"},{"@type":"ListItem","position":2,"name":"Car\u00f3n, a la dirigencia de Morena"}]},{"@type":"WebSite","@id":"https:\/\/lospoliticosveracruz.com\/#website","url":"https:\/\/lospoliticosveracruz.com\/","name":"Los pol\u00edticos Veracruz","description":"","publisher":{"@id":"https:\/\/lospoliticosveracruz.com\/#organization"},"potentialAction":[{"@type":"SearchAction","target":{"@type":"EntryPoint","urlTemplate":"https:\/\/lospoliticosveracruz.com\/?s={search_term_string}"},"query-input":{"@type":"PropertyValueSpecification","valueRequired":true,"valueName":"search_term_string"}}],"inLanguage":"es"},{"@type":"Organization","@id":"https:\/\/lospoliticosveracruz.com\/#organization","name":"Los pol\u00edticos Veracruz","url":"https:\/\/lospoliticosveracruz.com\/","logo":{"@type":"ImageObject","inLanguage":"es","@id":"https:\/\/lospoliticosveracruz.com\/#\/schema\/logo\/image\/","url":"https:\/\/lospoliticosveracruz.com\/wp-content\/uploads\/2025\/12\/Logo-Nuevo-LOS-POLITICOS-1.jpg","contentUrl":"https:\/\/lospoliticosveracruz.com\/wp-content\/uploads\/2025\/12\/Logo-Nuevo-LOS-POLITICOS-1.jpg","width":260,"height":70,"caption":"Los pol\u00edticos Veracruz"},"image":{"@id":"https:\/\/lospoliticosveracruz.com\/#\/schema\/logo\/image\/"},"sameAs":["https:\/\/www.facebook.com\/people\/Notimemes-de-los-Polticos\/61565672886568\/","https:\/\/x.com\/LosPoliticosVer"]},{"@type":"Person","@id":"https:\/\/lospoliticosveracruz.com\/#\/schema\/person\/b8702bb0e538456e6efd07080bf2a4a2","name":"Lo viste en Los Pol\u00edticos","image":{"@type":"ImageObject","inLanguage":"es","@id":"https:\/\/secure.gravatar.com\/avatar\/3a8de04a2656d44082be478bd6c086daa447c4651605818287b9532d3d0bd435?s=96&d=mm&r=g","url":"https:\/\/secure.gravatar.com\/avatar\/3a8de04a2656d44082be478bd6c086daa447c4651605818287b9532d3d0bd435?s=96&d=mm&r=g","contentUrl":"https:\/\/secure.gravatar.com\/avatar\/3a8de04a2656d44082be478bd6c086daa447c4651605818287b9532d3d0bd435?s=96&d=mm&r=g","caption":"Lo viste en Los Pol\u00edticos"},"url":"https:\/\/lospoliticosveracruz.com\/?author=2"}]}},"_links":{"self":[{"href":"https:\/\/lospoliticosveracruz.com\/index.php?rest_route=\/wp\/v2\/posts\/79762","targetHints":{"allow":["GET"]}}],"collection":[{"href":"https:\/\/lospoliticosveracruz.com\/index.php?rest_route=\/wp\/v2\/posts"}],"about":[{"href":"https:\/\/lospoliticosveracruz.com\/index.php?rest_route=\/wp\/v2\/types\/post"}],"author":[{"embeddable":true,"href":"https:\/\/lospoliticosveracruz.com\/index.php?rest_route=\/wp\/v2\/users\/2"}],"replies":[{"embeddable":true,"href":"https:\/\/lospoliticosveracruz.com\/index.php?rest_route=%2Fwp%2Fv2%2Fcomments&post=79762"}],"version-history":[{"count":1,"href":"https:\/\/lospoliticosveracruz.com\/index.php?rest_route=\/wp\/v2\/posts\/79762\/revisions"}],"predecessor-version":[{"id":79763,"href":"https:\/\/lospoliticosveracruz.com\/index.php?rest_route=\/wp\/v2\/posts\/79762\/revisions\/79763"}],"wp:attachment":[{"href":"https:\/\/lospoliticosveracruz.com\/index.php?rest_route=%2Fwp%2Fv2%2Fmedia&parent=79762"}],"wp:term":[{"taxonomy":"category","embeddable":true,"href":"https:\/\/lospoliticosveracruz.com\/index.php?rest_route=%2Fwp%2Fv2%2Fcategories&post=79762"},{"taxonomy":"post_tag","embeddable":true,"href":"https:\/\/lospoliticosveracruz.com\/index.php?rest_route=%2Fwp%2Fv2%2Ftags&post=79762"}],"curies":[{"name":"wp","href":"https:\/\/api.w.org\/{rel}","templated":true}]}}