{"id":79787,"date":"2021-09-23T13:43:23","date_gmt":"2021-09-23T18:43:23","guid":{"rendered":"https:\/\/lospoliticosveracruz.com.mx\/?p=79787"},"modified":"2021-09-23T13:44:07","modified_gmt":"2021-09-23T18:44:07","slug":"derrota-moral","status":"publish","type":"post","link":"https:\/\/lospoliticosveracruz.com\/?p=79787","title":{"rendered":"Derrota moral"},"content":{"rendered":"\n<p><strong>Manolo Victorio<\/strong><\/p>\n\n\n\n<p><em>Carpe Diem<br><\/em><\/p>\n\n\n\n<p>Luego del proceso electoral de junio, el Partido Acci\u00f3n Nacional vivi\u00f3 una catarsis autocritica.<br>Una semana despu\u00e9s del domingo 6 de junio, Gustavo Madero acept\u00f3 la derrota del blanquiazul con lac\u00f3nica dignidad: \u201ces como si jug\u00e1ramos ajedrez y estuvi\u00e9ramos contentos porque les comimos muchos peones, pero perdimos alfiles y caballos. Porque las gubernaturas son de un peso mucho m\u00e1s importante de lo que son las alcald\u00edas\u201d.<\/p>\n\n\n\n<div class=\"wp-block-image\"><figure class=\"alignleft size-large is-resized\"><a href=\"https:\/\/lospoliticosveracruz.com.mx\/wp-content\/uploads\/2021\/09\/661B561F-C8B3-4EB3-B073-A34A73F68D94.jpeg\"><img decoding=\"async\" src=\"https:\/\/lospoliticosveracruz.com.mx\/wp-content\/uploads\/2021\/09\/661B561F-C8B3-4EB3-B073-A34A73F68D94-576x1024.jpeg\" alt=\"\" class=\"wp-image-79390\" width=\"250\"\/><\/a><\/figure><\/div>\n\n\n\n<p><br>Y remach\u00f3: \u201csi sumamos los votos de Morena, PT, PVEM suman 281, suficientes para aprobar el presupuesto y las leyes sin moverle una coma. El dato que les voy a dar es muy importante: Si hubiera sido una elecci\u00f3n presidencial hubieran ganado al obtener 24 millones 327 mil 567 votos (51.6 por ciento) contra los 22 millones 798 mil 242 votos obtenidos por el bloque opositor. Y los que estamos luchando por un cambio debemos admitir este dato objetivo para poder reaccionar a tiempo y ver qu\u00e9 est\u00e1 fallando\u201d, explic\u00f3.<br>En este escenario derrotista, aplastado por la cuatrote, el PAN no ha podido enderezar el rumbo, registra altibajos indicativos de una crisis interna, carcomido por grupos de poder que buscan imponerse no ideol\u00f3gicamente sino conservar privilegios, negocios y enjuagues patrimonialistas.<br>El pasado jueves 16 de septiembre, el PAN cumpli\u00f3 82 a\u00f1os como partido pol\u00edtico, fundado en 1939, su eslogan reza por \u201cpor una patria ordenada y generosa, una vida mejor y m\u00e1s digna para todos\u201d.<br>Su ideolog\u00eda, basada en el conservadurismo social, conservadurismo liberal radicado en la democracia cristiana y el humanismo cristiano anticomunista y un progresismo de derecha que ha ocasionado choques con el poder omn\u00edmodo del presidente Andr\u00e9s Manuel L\u00f3pez Obrador, quien hace proselitismo y remacha su discurso anti fif\u00ed, aprovechando las pifias de los actores del blanquiazul. El Ying y el Yang de la pol\u00edtica mexicana, estadio donde el tabasque\u00f1o se llev\u00f3 casi todas las canicas en la elecci\u00f3n bisagra.<br>Despu\u00e9s de la desastrosa visita de Santiago Abascal, presidente el ultraderechista partido VOX, a invitaci\u00f3n expresa del coordinador del PAN en el Senado, Julen Rementeria del Puerto; la l\u00f3gica y el sentido com\u00fan apuntar\u00edan que el legislador porte\u00f1o aprendi\u00f3 la dolorosa lecci\u00f3n de invitar a un seudo Quijote combatiente del comunismo.<br>No. Pareciera que Abascal le dej\u00f3 el yelmo, la espada y el caballo al ex comerciante de ropa, quien se crey\u00f3 la que la lucha trasnochada contra el comunismo va en serio y ahora se bate contra los molinos de vientos de la cuatrote.<br>Alejandro P\u00e1ez Varela (<strong><em><a href=\"http:\/\/embargo.mx\">Sin embargo.mx<\/a><\/em><\/strong>) sintetiz\u00f3 en un an\u00e1lisis llamado \u2018M\u00e9xico con J\u2019 que signific\u00f3 la visita del se\u00f1or Abascal a los senadores panistas mexicanos: \u201cest\u00e1 bien que se hayan abierto. Est\u00e1 bien que digan qui\u00e9nes son, c\u00f3mo piensan, qu\u00e9 los mueve. Porque van por el mundo hablando de \u201chumanismo\u201d y les garantizo que ni siquiera saben de d\u00f3nde viene esa palabra que han prostituido. Me llen\u00f3 de satisfacci\u00f3n que abrazaran las causas del presidente de Vox, Santiago Abascal. Pero les debo advertir que el presidente de Vox los abrazar\u00eda por pragmatismo y frente a las c\u00e1maras. Y al volver a casa se habr\u00e1 ba\u00f1ado con loci\u00f3n porque por dentro \u2013as\u00ed es su ideolog\u00eda\u2013 los aborrece. Lamento decirles, se\u00f1oras y se\u00f1ores panistas\u201d.<br>No. Julen Rementer\u00eda insiste en toparse con pared.<br>Unos d\u00edas despu\u00e9s de volver a la opini\u00f3n publica con lo que llam\u00f3 el \u2018Cubagate\u2019, el senador, asiduo quiz\u00e1 a las novelas de espionaje de John le Carr\u00e9, se meti\u00f3 con la jefa de gobierno de la CDMX, Claudia Sheinbaum, a quien se\u00f1al\u00f3 de cometer fraude por m\u00e1s de 500 millones de pesos en la contrataci\u00f3n de los m\u00e9dicos cubanos que vinieron a combatir el Covid-19 a M\u00e9xico.<br>Despu\u00e9s de lanzarse contra \u201cla oposici\u00f3n moralmente derrotada\u201d, el presidente Andr\u00e9s Manuel L\u00f3pez Obrador acus\u00f3 al conservadurismo de esgrimir un doble discurso, de ir contra los intereses del pueblo, deseosos de instaurar una monarqu\u00eda en M\u00e9xico.<br>Los tach\u00f3 de vendepatrias, xen\u00f3fobos, clasistas y dem\u00e1s linduras, en desplante fino como torero que libra la embestida con faena limpia, sin desperdicio, art\u00edstica, de filigrana discursiva.<br>La pol\u00edtica, s\u00ed, tiene que ver con la moral; pero no con el aforismo del cacique Gonzalo Natividad Santos respecto a que \u2018la moral es un \u00e1rbol que da moras\u2019 en desprecio campirano de las formas apegadas a la honestidad en el ejercicio de la gobernanza.<br>Julen Rementer\u00eda del Puerto fue por lana; sali\u00f3 trasquilado en un mar dominado por los nuevos reyes del oc\u00e9ano pol\u00edtico.<br>Hasta el gobernador Cuitl\u00e1huac Garc\u00eda Jim\u00e9nez se trep\u00f3 al mame del trending topic generado por los disparares del senador panista y calific\u00f3 a los conservadores como los parlanchines de la pol\u00edtica opositora, solitarias golondrinas que no hacen roncha en el espectro de la oposici\u00f3n.<br>Cuidado. Este arriesgado intento de colocarle el collar al gato puede provocar un cambio en el car\u00e1cter del minino y puede responder con un zarpazo, total, tambi\u00e9n en la cuatrote el presidente es el due\u00f1o del d\u00eda y la noche, administrador de vidas y haciendas.<br>Quiz\u00e1 lo \u00fanico que logre Julen Rementer\u00eda es que el due\u00f1o de la cantina Bull Pen le proh\u00edba la entrada como parroquiano, toda vez que su m\u00edstica de servicio es un homenaje permanente al r\u00e9gimen cubano.<br>Este discurso tozudo e insistente contra la cuatrote es una empresa cuesta arriba, en la que el pol\u00edtico panista escucha a\u00fan a Don Ll\u00e9velo, quien le recomienda que la publicidad pol\u00edtica puede ser buena o p\u00e9sima, siempre que sea publicidad.<br>Una lona en una loncher\u00eda de Xalapa dice: \u2018por favor, si le gust\u00f3 nuestro servicio, recomi\u00e9ndenos con sus amigos; si no le gust\u00f3, recomi\u00e9ndenos con sus enemigos, \u00a1pero recomi\u00e9ndenos!<br>Cosas de la real pol\u00edtik veracruzana ideada para batirse contra los molinos de viento de la cuatrote en pos de un lejano 2024 dinamitado palmo a palmo, que descabeza a priori a quienes osen placearse como aspirantes a la gubernatura veracruzana.<br>Quiz\u00e1 sea hora de repasar los aforismos de Jes\u00fas Reyes Helores, sobre todo el que se refiera a \u201clos negocios no se compadecen con la pol\u00edtica. Los hombres de negocios y los pol\u00edticos ni deben confundirse ni, menos, caer en la doble funci\u00f3n. Los \u00fanicos negocios que a los pol\u00edticos o funcionarios nos deben interesar son los negocios p\u00fablicos. Los negociantes, que se ocupen de los negocios privados\u201d.<br>@ManoloVictorio<\/p>\n","protected":false},"excerpt":{"rendered":"<p>Manolo Victorio Carpe Diem Luego del proceso electoral de junio, el Partido Acci\u00f3n Nacional vivi\u00f3 una catarsis autocritica.Una semana despu\u00e9s del domingo 6 de junio, Gustavo Madero acept\u00f3 la derrota del blanquiazul con lac\u00f3nica dignidad: \u201ces como si jug\u00e1ramos ajedrez y estuvi\u00e9ramos contentos porque les comimos muchos peones, pero perdimos alfiles y caballos. Porque las [&hellip;]<\/p>\n","protected":false},"author":2,"featured_media":0,"comment_status":"closed","ping_status":"closed","sticky":false,"template":"","format":"standard","meta":{"tdm_status":"","tdm_grid_status":"","footnotes":""},"categories":[70],"tags":[618,30470,1563,1569,1026,266,2289,30293],"class_list":{"0":"post-79787","1":"post","2":"type-post","3":"status-publish","4":"format-standard","6":"category-de-opinion","7":"tag-andres-manuel-lopez-obrador","8":"tag-cubagate","9":"tag-cuitlahuac-garcia-jimenez","10":"tag-julen-rementeria-del-puerto","11":"tag-morena","12":"tag-pan","13":"tag-pt","14":"tag-santiago-abascal"},"yoast_head":"<!-- This site is optimized with the Yoast SEO plugin v27.4 - https:\/\/yoast.com\/product\/yoast-seo-wordpress\/ -->\n<title>Derrota moral - Los pol\u00edticos Veracruz<\/title>\n<meta name=\"robots\" content=\"index, follow, max-snippet:-1, max-image-preview:large, max-video-preview:-1\" \/>\n<link rel=\"canonical\" href=\"https:\/\/lospoliticosveracruz.com\/?p=79787\" \/>\n<meta property=\"og:locale\" content=\"es_ES\" \/>\n<meta property=\"og:type\" content=\"article\" \/>\n<meta property=\"og:title\" content=\"Derrota moral - Los pol\u00edticos Veracruz\" \/>\n<meta property=\"og:description\" content=\"Manolo Victorio Carpe Diem Luego del proceso electoral de junio, el Partido Acci\u00f3n Nacional vivi\u00f3 una catarsis autocritica.Una semana despu\u00e9s del domingo 6 de junio, Gustavo Madero acept\u00f3 la derrota del blanquiazul con lac\u00f3nica dignidad: \u201ces como si jug\u00e1ramos ajedrez y estuvi\u00e9ramos contentos porque les comimos muchos peones, pero perdimos alfiles y caballos. Porque las [&hellip;]\" \/>\n<meta property=\"og:url\" content=\"https:\/\/lospoliticosveracruz.com\/?p=79787\" \/>\n<meta property=\"og:site_name\" content=\"Los pol\u00edticos Veracruz\" \/>\n<meta property=\"article:publisher\" content=\"https:\/\/www.facebook.com\/people\/Notimemes-de-los-Polticos\/61565672886568\/\" \/>\n<meta property=\"article:published_time\" content=\"2021-09-23T18:43:23+00:00\" \/>\n<meta property=\"article:modified_time\" content=\"2021-09-23T18:44:07+00:00\" \/>\n<meta property=\"og:image\" content=\"https:\/\/lospoliticosveracruz.com.mx\/wp-content\/uploads\/2021\/09\/661B561F-C8B3-4EB3-B073-A34A73F68D94-576x1024.jpeg\" \/>\n<meta name=\"author\" content=\"Lo viste en Los Pol\u00edticos\" \/>\n<meta name=\"twitter:card\" content=\"summary_large_image\" \/>\n<meta name=\"twitter:creator\" content=\"@LosPoliticosVer\" \/>\n<meta name=\"twitter:site\" content=\"@LosPoliticosVer\" \/>\n<meta name=\"twitter:label1\" content=\"Escrito por\" \/>\n\t<meta name=\"twitter:data1\" content=\"Lo viste en Los Pol\u00edticos\" \/>\n\t<meta name=\"twitter:label2\" content=\"Tiempo de lectura\" \/>\n\t<meta name=\"twitter:data2\" content=\"6 minutos\" \/>\n<script type=\"application\/ld+json\" class=\"yoast-schema-graph\">{\"@context\":\"https:\\\/\\\/schema.org\",\"@graph\":[{\"@type\":\"Article\",\"@id\":\"https:\\\/\\\/lospoliticosveracruz.com\\\/?p=79787#article\",\"isPartOf\":{\"@id\":\"https:\\\/\\\/lospoliticosveracruz.com\\\/?p=79787\"},\"author\":{\"name\":\"Lo viste en Los Pol\u00edticos\",\"@id\":\"https:\\\/\\\/lospoliticosveracruz.com\\\/#\\\/schema\\\/person\\\/b8702bb0e538456e6efd07080bf2a4a2\"},\"headline\":\"Derrota moral\",\"datePublished\":\"2021-09-23T18:43:23+00:00\",\"dateModified\":\"2021-09-23T18:44:07+00:00\",\"mainEntityOfPage\":{\"@id\":\"https:\\\/\\\/lospoliticosveracruz.com\\\/?p=79787\"},\"wordCount\":1121,\"publisher\":{\"@id\":\"https:\\\/\\\/lospoliticosveracruz.com\\\/#organization\"},\"image\":{\"@id\":\"https:\\\/\\\/lospoliticosveracruz.com\\\/?p=79787#primaryimage\"},\"thumbnailUrl\":\"https:\\\/\\\/lospoliticosveracruz.com.mx\\\/wp-content\\\/uploads\\\/2021\\\/09\\\/661B561F-C8B3-4EB3-B073-A34A73F68D94-576x1024.jpeg\",\"keywords\":[\"Andr\u00e9s Manuel L\u00f3pez Obrador\",\"Cubagate\",\"Cuitl\u00e1huac Garc\u00eda Jim\u00e9nez\",\"Julen Rementer\u00eda del Puerto\",\"Morena\",\"PAN\",\"PT\",\"Santiago Abascal\"],\"articleSection\":[\"De Opini\u00f3n\"],\"inLanguage\":\"es\"},{\"@type\":\"WebPage\",\"@id\":\"https:\\\/\\\/lospoliticosveracruz.com\\\/?p=79787\",\"url\":\"https:\\\/\\\/lospoliticosveracruz.com\\\/?p=79787\",\"name\":\"Derrota moral - Los pol\u00edticos Veracruz\",\"isPartOf\":{\"@id\":\"https:\\\/\\\/lospoliticosveracruz.com\\\/#website\"},\"primaryImageOfPage\":{\"@id\":\"https:\\\/\\\/lospoliticosveracruz.com\\\/?p=79787#primaryimage\"},\"image\":{\"@id\":\"https:\\\/\\\/lospoliticosveracruz.com\\\/?p=79787#primaryimage\"},\"thumbnailUrl\":\"https:\\\/\\\/lospoliticosveracruz.com.mx\\\/wp-content\\\/uploads\\\/2021\\\/09\\\/661B561F-C8B3-4EB3-B073-A34A73F68D94-576x1024.jpeg\",\"datePublished\":\"2021-09-23T18:43:23+00:00\",\"dateModified\":\"2021-09-23T18:44:07+00:00\",\"breadcrumb\":{\"@id\":\"https:\\\/\\\/lospoliticosveracruz.com\\\/?p=79787#breadcrumb\"},\"inLanguage\":\"es\",\"potentialAction\":[{\"@type\":\"ReadAction\",\"target\":[\"https:\\\/\\\/lospoliticosveracruz.com\\\/?p=79787\"]}]},{\"@type\":\"ImageObject\",\"inLanguage\":\"es\",\"@id\":\"https:\\\/\\\/lospoliticosveracruz.com\\\/?p=79787#primaryimage\",\"url\":\"https:\\\/\\\/lospoliticosveracruz.com.mx\\\/wp-content\\\/uploads\\\/2021\\\/09\\\/661B561F-C8B3-4EB3-B073-A34A73F68D94-576x1024.jpeg\",\"contentUrl\":\"https:\\\/\\\/lospoliticosveracruz.com.mx\\\/wp-content\\\/uploads\\\/2021\\\/09\\\/661B561F-C8B3-4EB3-B073-A34A73F68D94-576x1024.jpeg\"},{\"@type\":\"BreadcrumbList\",\"@id\":\"https:\\\/\\\/lospoliticosveracruz.com\\\/?p=79787#breadcrumb\",\"itemListElement\":[{\"@type\":\"ListItem\",\"position\":1,\"name\":\"Portada\",\"item\":\"https:\\\/\\\/lospoliticosveracruz.com\\\/\"},{\"@type\":\"ListItem\",\"position\":2,\"name\":\"Derrota moral\"}]},{\"@type\":\"WebSite\",\"@id\":\"https:\\\/\\\/lospoliticosveracruz.com\\\/#website\",\"url\":\"https:\\\/\\\/lospoliticosveracruz.com\\\/\",\"name\":\"Los pol\u00edticos Veracruz\",\"description\":\"\",\"publisher\":{\"@id\":\"https:\\\/\\\/lospoliticosveracruz.com\\\/#organization\"},\"potentialAction\":[{\"@type\":\"SearchAction\",\"target\":{\"@type\":\"EntryPoint\",\"urlTemplate\":\"https:\\\/\\\/lospoliticosveracruz.com\\\/?s={search_term_string}\"},\"query-input\":{\"@type\":\"PropertyValueSpecification\",\"valueRequired\":true,\"valueName\":\"search_term_string\"}}],\"inLanguage\":\"es\"},{\"@type\":\"Organization\",\"@id\":\"https:\\\/\\\/lospoliticosveracruz.com\\\/#organization\",\"name\":\"Los pol\u00edticos Veracruz\",\"url\":\"https:\\\/\\\/lospoliticosveracruz.com\\\/\",\"logo\":{\"@type\":\"ImageObject\",\"inLanguage\":\"es\",\"@id\":\"https:\\\/\\\/lospoliticosveracruz.com\\\/#\\\/schema\\\/logo\\\/image\\\/\",\"url\":\"https:\\\/\\\/lospoliticosveracruz.com\\\/wp-content\\\/uploads\\\/2025\\\/12\\\/Logo-Nuevo-LOS-POLITICOS-1.jpg\",\"contentUrl\":\"https:\\\/\\\/lospoliticosveracruz.com\\\/wp-content\\\/uploads\\\/2025\\\/12\\\/Logo-Nuevo-LOS-POLITICOS-1.jpg\",\"width\":260,\"height\":70,\"caption\":\"Los pol\u00edticos Veracruz\"},\"image\":{\"@id\":\"https:\\\/\\\/lospoliticosveracruz.com\\\/#\\\/schema\\\/logo\\\/image\\\/\"},\"sameAs\":[\"https:\\\/\\\/www.facebook.com\\\/people\\\/Notimemes-de-los-Polticos\\\/61565672886568\\\/\",\"https:\\\/\\\/x.com\\\/LosPoliticosVer\"]},{\"@type\":\"Person\",\"@id\":\"https:\\\/\\\/lospoliticosveracruz.com\\\/#\\\/schema\\\/person\\\/b8702bb0e538456e6efd07080bf2a4a2\",\"name\":\"Lo viste en Los Pol\u00edticos\",\"image\":{\"@type\":\"ImageObject\",\"inLanguage\":\"es\",\"@id\":\"https:\\\/\\\/secure.gravatar.com\\\/avatar\\\/3a8de04a2656d44082be478bd6c086daa447c4651605818287b9532d3d0bd435?s=96&d=mm&r=g\",\"url\":\"https:\\\/\\\/secure.gravatar.com\\\/avatar\\\/3a8de04a2656d44082be478bd6c086daa447c4651605818287b9532d3d0bd435?s=96&d=mm&r=g\",\"contentUrl\":\"https:\\\/\\\/secure.gravatar.com\\\/avatar\\\/3a8de04a2656d44082be478bd6c086daa447c4651605818287b9532d3d0bd435?s=96&d=mm&r=g\",\"caption\":\"Lo viste en Los Pol\u00edticos\"},\"url\":\"https:\\\/\\\/lospoliticosveracruz.com\\\/?author=2\"}]}<\/script>\n<!-- \/ Yoast SEO plugin. -->","yoast_head_json":{"title":"Derrota moral - Los pol\u00edticos Veracruz","robots":{"index":"index","follow":"follow","max-snippet":"max-snippet:-1","max-image-preview":"max-image-preview:large","max-video-preview":"max-video-preview:-1"},"canonical":"https:\/\/lospoliticosveracruz.com\/?p=79787","og_locale":"es_ES","og_type":"article","og_title":"Derrota moral - Los pol\u00edticos Veracruz","og_description":"Manolo Victorio Carpe Diem Luego del proceso electoral de junio, el Partido Acci\u00f3n Nacional vivi\u00f3 una catarsis autocritica.Una semana despu\u00e9s del domingo 6 de junio, Gustavo Madero acept\u00f3 la derrota del blanquiazul con lac\u00f3nica dignidad: \u201ces como si jug\u00e1ramos ajedrez y estuvi\u00e9ramos contentos porque les comimos muchos peones, pero perdimos alfiles y caballos. Porque las [&hellip;]","og_url":"https:\/\/lospoliticosveracruz.com\/?p=79787","og_site_name":"Los pol\u00edticos Veracruz","article_publisher":"https:\/\/www.facebook.com\/people\/Notimemes-de-los-Polticos\/61565672886568\/","article_published_time":"2021-09-23T18:43:23+00:00","article_modified_time":"2021-09-23T18:44:07+00:00","og_image":[{"url":"https:\/\/lospoliticosveracruz.com.mx\/wp-content\/uploads\/2021\/09\/661B561F-C8B3-4EB3-B073-A34A73F68D94-576x1024.jpeg","type":"","width":"","height":""}],"author":"Lo viste en Los Pol\u00edticos","twitter_card":"summary_large_image","twitter_creator":"@LosPoliticosVer","twitter_site":"@LosPoliticosVer","twitter_misc":{"Escrito por":"Lo viste en Los Pol\u00edticos","Tiempo de lectura":"6 minutos"},"schema":{"@context":"https:\/\/schema.org","@graph":[{"@type":"Article","@id":"https:\/\/lospoliticosveracruz.com\/?p=79787#article","isPartOf":{"@id":"https:\/\/lospoliticosveracruz.com\/?p=79787"},"author":{"name":"Lo viste en Los Pol\u00edticos","@id":"https:\/\/lospoliticosveracruz.com\/#\/schema\/person\/b8702bb0e538456e6efd07080bf2a4a2"},"headline":"Derrota moral","datePublished":"2021-09-23T18:43:23+00:00","dateModified":"2021-09-23T18:44:07+00:00","mainEntityOfPage":{"@id":"https:\/\/lospoliticosveracruz.com\/?p=79787"},"wordCount":1121,"publisher":{"@id":"https:\/\/lospoliticosveracruz.com\/#organization"},"image":{"@id":"https:\/\/lospoliticosveracruz.com\/?p=79787#primaryimage"},"thumbnailUrl":"https:\/\/lospoliticosveracruz.com.mx\/wp-content\/uploads\/2021\/09\/661B561F-C8B3-4EB3-B073-A34A73F68D94-576x1024.jpeg","keywords":["Andr\u00e9s Manuel L\u00f3pez Obrador","Cubagate","Cuitl\u00e1huac Garc\u00eda Jim\u00e9nez","Julen Rementer\u00eda del Puerto","Morena","PAN","PT","Santiago Abascal"],"articleSection":["De Opini\u00f3n"],"inLanguage":"es"},{"@type":"WebPage","@id":"https:\/\/lospoliticosveracruz.com\/?p=79787","url":"https:\/\/lospoliticosveracruz.com\/?p=79787","name":"Derrota moral - Los pol\u00edticos Veracruz","isPartOf":{"@id":"https:\/\/lospoliticosveracruz.com\/#website"},"primaryImageOfPage":{"@id":"https:\/\/lospoliticosveracruz.com\/?p=79787#primaryimage"},"image":{"@id":"https:\/\/lospoliticosveracruz.com\/?p=79787#primaryimage"},"thumbnailUrl":"https:\/\/lospoliticosveracruz.com.mx\/wp-content\/uploads\/2021\/09\/661B561F-C8B3-4EB3-B073-A34A73F68D94-576x1024.jpeg","datePublished":"2021-09-23T18:43:23+00:00","dateModified":"2021-09-23T18:44:07+00:00","breadcrumb":{"@id":"https:\/\/lospoliticosveracruz.com\/?p=79787#breadcrumb"},"inLanguage":"es","potentialAction":[{"@type":"ReadAction","target":["https:\/\/lospoliticosveracruz.com\/?p=79787"]}]},{"@type":"ImageObject","inLanguage":"es","@id":"https:\/\/lospoliticosveracruz.com\/?p=79787#primaryimage","url":"https:\/\/lospoliticosveracruz.com.mx\/wp-content\/uploads\/2021\/09\/661B561F-C8B3-4EB3-B073-A34A73F68D94-576x1024.jpeg","contentUrl":"https:\/\/lospoliticosveracruz.com.mx\/wp-content\/uploads\/2021\/09\/661B561F-C8B3-4EB3-B073-A34A73F68D94-576x1024.jpeg"},{"@type":"BreadcrumbList","@id":"https:\/\/lospoliticosveracruz.com\/?p=79787#breadcrumb","itemListElement":[{"@type":"ListItem","position":1,"name":"Portada","item":"https:\/\/lospoliticosveracruz.com\/"},{"@type":"ListItem","position":2,"name":"Derrota moral"}]},{"@type":"WebSite","@id":"https:\/\/lospoliticosveracruz.com\/#website","url":"https:\/\/lospoliticosveracruz.com\/","name":"Los pol\u00edticos Veracruz","description":"","publisher":{"@id":"https:\/\/lospoliticosveracruz.com\/#organization"},"potentialAction":[{"@type":"SearchAction","target":{"@type":"EntryPoint","urlTemplate":"https:\/\/lospoliticosveracruz.com\/?s={search_term_string}"},"query-input":{"@type":"PropertyValueSpecification","valueRequired":true,"valueName":"search_term_string"}}],"inLanguage":"es"},{"@type":"Organization","@id":"https:\/\/lospoliticosveracruz.com\/#organization","name":"Los pol\u00edticos Veracruz","url":"https:\/\/lospoliticosveracruz.com\/","logo":{"@type":"ImageObject","inLanguage":"es","@id":"https:\/\/lospoliticosveracruz.com\/#\/schema\/logo\/image\/","url":"https:\/\/lospoliticosveracruz.com\/wp-content\/uploads\/2025\/12\/Logo-Nuevo-LOS-POLITICOS-1.jpg","contentUrl":"https:\/\/lospoliticosveracruz.com\/wp-content\/uploads\/2025\/12\/Logo-Nuevo-LOS-POLITICOS-1.jpg","width":260,"height":70,"caption":"Los pol\u00edticos Veracruz"},"image":{"@id":"https:\/\/lospoliticosveracruz.com\/#\/schema\/logo\/image\/"},"sameAs":["https:\/\/www.facebook.com\/people\/Notimemes-de-los-Polticos\/61565672886568\/","https:\/\/x.com\/LosPoliticosVer"]},{"@type":"Person","@id":"https:\/\/lospoliticosveracruz.com\/#\/schema\/person\/b8702bb0e538456e6efd07080bf2a4a2","name":"Lo viste en Los Pol\u00edticos","image":{"@type":"ImageObject","inLanguage":"es","@id":"https:\/\/secure.gravatar.com\/avatar\/3a8de04a2656d44082be478bd6c086daa447c4651605818287b9532d3d0bd435?s=96&d=mm&r=g","url":"https:\/\/secure.gravatar.com\/avatar\/3a8de04a2656d44082be478bd6c086daa447c4651605818287b9532d3d0bd435?s=96&d=mm&r=g","contentUrl":"https:\/\/secure.gravatar.com\/avatar\/3a8de04a2656d44082be478bd6c086daa447c4651605818287b9532d3d0bd435?s=96&d=mm&r=g","caption":"Lo viste en Los Pol\u00edticos"},"url":"https:\/\/lospoliticosveracruz.com\/?author=2"}]}},"_links":{"self":[{"href":"https:\/\/lospoliticosveracruz.com\/index.php?rest_route=\/wp\/v2\/posts\/79787","targetHints":{"allow":["GET"]}}],"collection":[{"href":"https:\/\/lospoliticosveracruz.com\/index.php?rest_route=\/wp\/v2\/posts"}],"about":[{"href":"https:\/\/lospoliticosveracruz.com\/index.php?rest_route=\/wp\/v2\/types\/post"}],"author":[{"embeddable":true,"href":"https:\/\/lospoliticosveracruz.com\/index.php?rest_route=\/wp\/v2\/users\/2"}],"replies":[{"embeddable":true,"href":"https:\/\/lospoliticosveracruz.com\/index.php?rest_route=%2Fwp%2Fv2%2Fcomments&post=79787"}],"version-history":[{"count":2,"href":"https:\/\/lospoliticosveracruz.com\/index.php?rest_route=\/wp\/v2\/posts\/79787\/revisions"}],"predecessor-version":[{"id":79789,"href":"https:\/\/lospoliticosveracruz.com\/index.php?rest_route=\/wp\/v2\/posts\/79787\/revisions\/79789"}],"wp:attachment":[{"href":"https:\/\/lospoliticosveracruz.com\/index.php?rest_route=%2Fwp%2Fv2%2Fmedia&parent=79787"}],"wp:term":[{"taxonomy":"category","embeddable":true,"href":"https:\/\/lospoliticosveracruz.com\/index.php?rest_route=%2Fwp%2Fv2%2Fcategories&post=79787"},{"taxonomy":"post_tag","embeddable":true,"href":"https:\/\/lospoliticosveracruz.com\/index.php?rest_route=%2Fwp%2Fv2%2Ftags&post=79787"}],"curies":[{"name":"wp","href":"https:\/\/api.w.org\/{rel}","templated":true}]}}