{"id":79908,"date":"2021-09-27T08:11:41","date_gmt":"2021-09-27T13:11:41","guid":{"rendered":"https:\/\/lospoliticosveracruz.com.mx\/?p=79908"},"modified":"2021-09-27T08:11:44","modified_gmt":"2021-09-27T13:11:44","slug":"pemex-mas-que-politica-economia","status":"publish","type":"post","link":"https:\/\/lospoliticosveracruz.com\/?p=79908","title":{"rendered":"Pemex: M\u00e1s que pol\u00edtica, econom\u00eda"},"content":{"rendered":"\n<p><br><strong>Ricardo Ch\u00faa<\/strong><br><em>Sale y Vale<\/em><\/p>\n\n\n\n<p>LA GIRA DE AMLO EN VERACRUZ\u2026 De nuevo en el c\u00edrculo \u00abrojo\u00bb de Veracruz\u2026 \u00abLevant\u00f3 polvo\u00bb la gira que realizar\u00e1 Andr\u00e9s Manuel L\u00f3pez Obrador\u2026 Unos dicen que vino por el tema PEMEX, que se le va de las manos\u2026 Otros que se debe a que necesitan \u00abventanear\u00bb a Rocio Nahle como candidata a gobernador por MORENA en 2024\u2026 Y sobre todo, luego del twitter de Cuitl\u00e1huac Garc\u00eda donde posa con ella en una foto y dice: \u00abEl presente y futuro de Veracruz\u00bb\u2026 \u00bfQui\u00e9ren m\u00e1s?\u2026 En pol\u00edtica, las coincidencias no existen\u2026 Con los Morenos menos\u2026<\/p>\n\n\n\n<p>Pero sobre todo en este \u00abc\u00edrculo\u00bb abundan dos versiones\u2026 Que se dice son las m\u00e1s apegada a la realidad de la visita de L\u00f3pez Obrador a Minatitl\u00e1n, a la refiner\u00eda \u00abL\u00e1zaro C\u00e1rdenas\u00bb y luego terminar el d\u00eda en \u00abDos Bocas\u00bb en Tabasco\u2026 Esa primera versi\u00f3n nada tiene que ver con lo pol\u00edtico y si con cuestiones de la macroeconom\u00eda\u2026 Que se trata de que desde hace d\u00edas, los expertos financieros insisten que ni con todo lo que le meti\u00f3 la Secretar\u00eda de Hacienda a PEMEX, se pudieron revertir las p\u00e9rdidas\u2026<\/p>\n\n\n\n<p>Adem\u00e1s que si bien es cierto, en el segundo trimestre del 2021 ganan de crecimiento 14 puntos porcentuales\u2026 De nada sirve porque en el anterior, los primeros 3 meses del a\u00f1o, se perdieron 22 puntos\u2026 Por eso, es que quiz\u00e1s posiblemente, Andr\u00e9s Manuel est\u00e1 \u00abjugando\u00bb su \u00faltima carta con las reconfiguraciones de las refiner\u00edas para poder \u00ablevantar\u00bb Pemex\u2026 Pero necesitaban ver al Presidente ah\u00ed en las instalaciones, por eso hasta el casco se puso\u2026<\/p>\n\n\n\n<p>Tambi\u00e9n que el gobierno federal teme una huelga nacional de los trabajadores sindicalizados de Pemex\u2026 Eso los tiene preocupados\u2026 Los trabajadores ya no obedecen directivas de sus dirigencias\u2026 Y ante ello, no hay nadie o nada que los pueda \u00abatar\u00bb para no protestar por sus derechos laborales\u2026 As\u00ed que con un Presidente alejado de la realidad\u2026 Una empresa manejada desde Palacio Nacional\u2026. Adem\u00e1s sus funcionarios haciendo campa\u00f1a en Veracruz\u2026 Qu\u00e9 no puede pasar\u2026 Pero eso no es todo\u2026<\/p>\n\n\n\n<p>Asimismo hay un director de PEMEX como lo es Octavio Romero, que est\u00e1 m\u00e1s preocupado por su renuncia y regresar a ser Agr\u00f3nomo\u2026 Con un sindicato que se puede ir a huelga con sus trabajadores porque no reciben prestaciones b\u00e1sicas desde el a\u00f1o pasado\u2026 Por eso, es que los mercados internacionales, no le van a ayudar a superar la crisis econ\u00f3mica\u2026 Por eso, se cree que desde Hacienda o Gobernaci\u00f3n, hicieron un llamado a la cordura\u2026 Y pidieron al Presidente dar \u00abuna vuelta\u00bb a Hidalgo, Veracruz y Tabasco\u2026 Para que no se caiga PEMEX\u2026<\/p>\n\n\n\n<p>Por ello, es que AMLO junto con Roc\u00edo Nahle visitaron la refiner\u00eda \u00abL\u00e1zaro C\u00e1rdenas\u00bb, que se incendi\u00f3 el 7 de abril de este a\u00f1o, en los trabajos de \u201cremodelaci\u00f3n\u201d contratados por PEMEX\u2026 Hubo heridos graves y p\u00e9rdidas millonarias, pero apenas el Presidente visita el sitio.. Lo c\u00f3mico del asunto es que mientras AMLO y Nahle se les ve tomando acuerdos, al gobernador, Cuitl\u00e1huac Garcia, se le ve tom\u00e1ndose una selfie y pareciera estar disfrutando del sol de este domingo\u2026 Obvio que el chiste se cuenta s\u00f3lo\u2026<\/p>\n\n\n\n<p>El caso es que la segunda versi\u00f3n que est\u00e1n dando en este \u00abc\u00edrculo\u00bb\u2026 Es que a Cuitl\u00e1huac ya lo est\u00e1n dejando solo en su gobierno.. Como anticipamos en este espacio\u2026 Ya todos quieren o tienen que ver con Roc\u00edo Nahle\u2026 Nadie quiere estar lejos de la titular de la SENER\u2026 Y que s\u00f3lo est\u00e1n esperando que el Gobernador de su III Informe de Gobierno en Veracruz para que \u00abempiece todo\u00bb\u2026 Que significa, algo sencillo, que por \u00ab\u00f3rdenes superiores\u00bb en ese evento le dar\u00e1 LAS GRACIAS a muchos y vendr\u00e1n LOS NUEVOS\u2026 Los de Nahle obviamente\u2026.<\/p>\n\n\n\n<p>As\u00ed que calmando las \u00abaguas\u00bb en el sector energ\u00e9tico\u2026 Sin \u00abecharle porras\u00bb de siempre como lo hac\u00eda con Cuitl\u00e1huac Garc\u00eda en cada gira en Veracruz\u2026 Y \u00abplaceando\u00bb a Roc\u00edo Nahle, el Presidente deja ver sus preferencias pol\u00edticas en la entidad\u2026 MORENA al estilo del \u00abviejo\u00bb PRI\u2026 Va dando las \u00abse\u00f1ales\u00bb necesarias\u2026 A poco creen que el twitter de Cuitl\u00e1huac ensalzando la figura de Nahle fue de a GRATIS\u2026. Los Morenos son los \u00abnietos\u00bb de los priistas\u2026 LOS JUGADORES CAMBIAN, EL JUEGO NO\u2026 CONSUMATUM EST\u2026<\/p>\n\n\n\n<p>EL PAN Y SU RENOVACI\u00d3N\u2026 Despu\u00e9s de un tiempo que se mantuvo en silencio por haber enfermado del \u00abmal del siglo\u00bb el COVID\u2026 Ya se sabe que uno de los candidatos a dirigente estatal del PAN, ya anda caminando en pos de la presidencia del partido, como lo es Tito Delf\u00edn\u2026 Este contin\u00faa con sus reuniones al interior con la militancia y apoy\u00e1ndose con los grupos pol\u00edticos que respaldan a Tito, con la finalidad de afianzar este proyecto\u2026<\/p>\n\n\n\n<p>Al final de cuentas, Tito Delf\u00edn ya conoce bien al partido a su interior\u2026 Ya que ha sido de todo dentro del PAN en su comit\u00e9 estatal y en otros puntos del Estado\u2026 As\u00ed que en cuestiones del trabajo al interior del panismo, este personaje no tiene nada que demostrar a nadie\u2026 Conoce las \u00abentra\u00f1as\u00bb del blanquiazul\u2026 Ya que el aspirante a la dirigencia estatal, ha sido desde integrante de estructura de una calle municipal, hasta n\u00famero 2 del partido\u2026. Habr\u00e1 que ver que pasa\u2026<\/p>\n\n\n\n<p>Pero al menos, los panistas en Veracruz, ya se pusieron de acuerdo con el tema para llevar a cabo este proceso de la elecci\u00f3n interna del PAN para escoger a su dirigente estatal\u2026 Ya que en sesi\u00f3n realizada este domingo en Xalapa\u2026 El Consejo Estatal del PAN en Veracruz aprob\u00f3 por unanimidad la integraci\u00f3n de la Comisi\u00f3n Organizadora, encargada de llevar a cabo esta elecci\u00f3n en pos de la presidencia del CDE\u2026 De esta forma todo est\u00e1 listo para llevar a cabo las elecciones en noviembre pr\u00f3ximo\u2026 TAN\u2026 TAN\u2026<\/p>\n","protected":false},"excerpt":{"rendered":"<p>Ricardo Ch\u00faaSale y Vale LA GIRA DE AMLO EN VERACRUZ\u2026 De nuevo en el c\u00edrculo \u00abrojo\u00bb de Veracruz\u2026 \u00abLevant\u00f3 polvo\u00bb la gira que realizar\u00e1 Andr\u00e9s Manuel L\u00f3pez Obrador\u2026 Unos dicen que vino por el tema PEMEX, que se le va de las manos\u2026 Otros que se debe a que necesitan \u00abventanear\u00bb a Rocio Nahle como [&hellip;]<\/p>\n","protected":false},"author":2,"featured_media":0,"comment_status":"closed","ping_status":"closed","sticky":false,"template":"","format":"standard","meta":{"tdm_status":"","tdm_grid_status":"","footnotes":""},"categories":[70],"tags":[618,1563,1026,266,372,3578,7518],"class_list":{"0":"post-79908","1":"post","2":"type-post","3":"status-publish","4":"format-standard","6":"category-de-opinion","7":"tag-andres-manuel-lopez-obrador","8":"tag-cuitlahuac-garcia-jimenez","9":"tag-morena","10":"tag-pan","11":"tag-pemex","12":"tag-rocio-nahle","13":"tag-tito-delfin-cano"},"yoast_head":"<!-- This site is optimized with the Yoast SEO plugin v27.4 - https:\/\/yoast.com\/product\/yoast-seo-wordpress\/ -->\n<title>Pemex: M\u00e1s que pol\u00edtica, econom\u00eda - Los pol\u00edticos Veracruz<\/title>\n<meta name=\"robots\" content=\"index, follow, max-snippet:-1, max-image-preview:large, max-video-preview:-1\" \/>\n<link rel=\"canonical\" href=\"https:\/\/lospoliticosveracruz.com\/?p=79908\" \/>\n<meta property=\"og:locale\" content=\"es_ES\" \/>\n<meta property=\"og:type\" content=\"article\" \/>\n<meta property=\"og:title\" content=\"Pemex: M\u00e1s que pol\u00edtica, econom\u00eda - Los pol\u00edticos Veracruz\" \/>\n<meta property=\"og:description\" content=\"Ricardo Ch\u00faaSale y Vale LA GIRA DE AMLO EN VERACRUZ\u2026 De nuevo en el c\u00edrculo \u00abrojo\u00bb de Veracruz\u2026 \u00abLevant\u00f3 polvo\u00bb la gira que realizar\u00e1 Andr\u00e9s Manuel L\u00f3pez Obrador\u2026 Unos dicen que vino por el tema PEMEX, que se le va de las manos\u2026 Otros que se debe a que necesitan \u00abventanear\u00bb a Rocio Nahle como [&hellip;]\" \/>\n<meta property=\"og:url\" content=\"https:\/\/lospoliticosveracruz.com\/?p=79908\" \/>\n<meta property=\"og:site_name\" content=\"Los pol\u00edticos Veracruz\" \/>\n<meta property=\"article:publisher\" content=\"https:\/\/www.facebook.com\/people\/Notimemes-de-los-Polticos\/61565672886568\/\" \/>\n<meta property=\"article:published_time\" content=\"2021-09-27T13:11:41+00:00\" \/>\n<meta property=\"article:modified_time\" content=\"2021-09-27T13:11:44+00:00\" \/>\n<meta property=\"og:image\" content=\"https:\/\/lospoliticosveracruz.com\/wp-content\/uploads\/2016\/07\/Logo-Dor.jpg\" \/>\n\t<meta property=\"og:image:width\" content=\"200\" \/>\n\t<meta property=\"og:image:height\" content=\"200\" \/>\n\t<meta property=\"og:image:type\" content=\"image\/jpeg\" \/>\n<meta name=\"author\" content=\"Lo viste en Los Pol\u00edticos\" \/>\n<meta name=\"twitter:card\" content=\"summary_large_image\" \/>\n<meta name=\"twitter:creator\" content=\"@LosPoliticosVer\" \/>\n<meta name=\"twitter:site\" content=\"@LosPoliticosVer\" \/>\n<meta name=\"twitter:label1\" content=\"Escrito por\" \/>\n\t<meta name=\"twitter:data1\" content=\"Lo viste en Los Pol\u00edticos\" \/>\n\t<meta name=\"twitter:label2\" content=\"Tiempo de lectura\" \/>\n\t<meta name=\"twitter:data2\" content=\"5 minutos\" \/>\n<script type=\"application\/ld+json\" class=\"yoast-schema-graph\">{\"@context\":\"https:\\\/\\\/schema.org\",\"@graph\":[{\"@type\":\"Article\",\"@id\":\"https:\\\/\\\/lospoliticosveracruz.com\\\/?p=79908#article\",\"isPartOf\":{\"@id\":\"https:\\\/\\\/lospoliticosveracruz.com\\\/?p=79908\"},\"author\":{\"name\":\"Lo viste en Los Pol\u00edticos\",\"@id\":\"https:\\\/\\\/lospoliticosveracruz.com\\\/#\\\/schema\\\/person\\\/b8702bb0e538456e6efd07080bf2a4a2\"},\"headline\":\"Pemex: M\u00e1s que pol\u00edtica, econom\u00eda\",\"datePublished\":\"2021-09-27T13:11:41+00:00\",\"dateModified\":\"2021-09-27T13:11:44+00:00\",\"mainEntityOfPage\":{\"@id\":\"https:\\\/\\\/lospoliticosveracruz.com\\\/?p=79908\"},\"wordCount\":1033,\"publisher\":{\"@id\":\"https:\\\/\\\/lospoliticosveracruz.com\\\/#organization\"},\"keywords\":[\"Andr\u00e9s Manuel L\u00f3pez Obrador\",\"Cuitl\u00e1huac Garc\u00eda Jim\u00e9nez\",\"Morena\",\"PAN\",\"Pemex\",\"Roc\u00edo Nahle\",\"Tito Delf\u00edn Cano\"],\"articleSection\":[\"De Opini\u00f3n\"],\"inLanguage\":\"es\"},{\"@type\":\"WebPage\",\"@id\":\"https:\\\/\\\/lospoliticosveracruz.com\\\/?p=79908\",\"url\":\"https:\\\/\\\/lospoliticosveracruz.com\\\/?p=79908\",\"name\":\"Pemex: M\u00e1s que pol\u00edtica, econom\u00eda - Los pol\u00edticos Veracruz\",\"isPartOf\":{\"@id\":\"https:\\\/\\\/lospoliticosveracruz.com\\\/#website\"},\"datePublished\":\"2021-09-27T13:11:41+00:00\",\"dateModified\":\"2021-09-27T13:11:44+00:00\",\"breadcrumb\":{\"@id\":\"https:\\\/\\\/lospoliticosveracruz.com\\\/?p=79908#breadcrumb\"},\"inLanguage\":\"es\",\"potentialAction\":[{\"@type\":\"ReadAction\",\"target\":[\"https:\\\/\\\/lospoliticosveracruz.com\\\/?p=79908\"]}]},{\"@type\":\"BreadcrumbList\",\"@id\":\"https:\\\/\\\/lospoliticosveracruz.com\\\/?p=79908#breadcrumb\",\"itemListElement\":[{\"@type\":\"ListItem\",\"position\":1,\"name\":\"Portada\",\"item\":\"https:\\\/\\\/lospoliticosveracruz.com\\\/\"},{\"@type\":\"ListItem\",\"position\":2,\"name\":\"Pemex: M\u00e1s que pol\u00edtica, econom\u00eda\"}]},{\"@type\":\"WebSite\",\"@id\":\"https:\\\/\\\/lospoliticosveracruz.com\\\/#website\",\"url\":\"https:\\\/\\\/lospoliticosveracruz.com\\\/\",\"name\":\"Los pol\u00edticos Veracruz\",\"description\":\"\",\"publisher\":{\"@id\":\"https:\\\/\\\/lospoliticosveracruz.com\\\/#organization\"},\"potentialAction\":[{\"@type\":\"SearchAction\",\"target\":{\"@type\":\"EntryPoint\",\"urlTemplate\":\"https:\\\/\\\/lospoliticosveracruz.com\\\/?s={search_term_string}\"},\"query-input\":{\"@type\":\"PropertyValueSpecification\",\"valueRequired\":true,\"valueName\":\"search_term_string\"}}],\"inLanguage\":\"es\"},{\"@type\":\"Organization\",\"@id\":\"https:\\\/\\\/lospoliticosveracruz.com\\\/#organization\",\"name\":\"Los pol\u00edticos Veracruz\",\"url\":\"https:\\\/\\\/lospoliticosveracruz.com\\\/\",\"logo\":{\"@type\":\"ImageObject\",\"inLanguage\":\"es\",\"@id\":\"https:\\\/\\\/lospoliticosveracruz.com\\\/#\\\/schema\\\/logo\\\/image\\\/\",\"url\":\"https:\\\/\\\/lospoliticosveracruz.com\\\/wp-content\\\/uploads\\\/2025\\\/12\\\/Logo-Nuevo-LOS-POLITICOS-1.jpg\",\"contentUrl\":\"https:\\\/\\\/lospoliticosveracruz.com\\\/wp-content\\\/uploads\\\/2025\\\/12\\\/Logo-Nuevo-LOS-POLITICOS-1.jpg\",\"width\":260,\"height\":70,\"caption\":\"Los pol\u00edticos Veracruz\"},\"image\":{\"@id\":\"https:\\\/\\\/lospoliticosveracruz.com\\\/#\\\/schema\\\/logo\\\/image\\\/\"},\"sameAs\":[\"https:\\\/\\\/www.facebook.com\\\/people\\\/Notimemes-de-los-Polticos\\\/61565672886568\\\/\",\"https:\\\/\\\/x.com\\\/LosPoliticosVer\"]},{\"@type\":\"Person\",\"@id\":\"https:\\\/\\\/lospoliticosveracruz.com\\\/#\\\/schema\\\/person\\\/b8702bb0e538456e6efd07080bf2a4a2\",\"name\":\"Lo viste en Los Pol\u00edticos\",\"image\":{\"@type\":\"ImageObject\",\"inLanguage\":\"es\",\"@id\":\"https:\\\/\\\/secure.gravatar.com\\\/avatar\\\/3a8de04a2656d44082be478bd6c086daa447c4651605818287b9532d3d0bd435?s=96&d=mm&r=g\",\"url\":\"https:\\\/\\\/secure.gravatar.com\\\/avatar\\\/3a8de04a2656d44082be478bd6c086daa447c4651605818287b9532d3d0bd435?s=96&d=mm&r=g\",\"contentUrl\":\"https:\\\/\\\/secure.gravatar.com\\\/avatar\\\/3a8de04a2656d44082be478bd6c086daa447c4651605818287b9532d3d0bd435?s=96&d=mm&r=g\",\"caption\":\"Lo viste en Los Pol\u00edticos\"},\"url\":\"https:\\\/\\\/lospoliticosveracruz.com\\\/?author=2\"}]}<\/script>\n<!-- \/ Yoast SEO plugin. -->","yoast_head_json":{"title":"Pemex: M\u00e1s que pol\u00edtica, econom\u00eda - Los pol\u00edticos Veracruz","robots":{"index":"index","follow":"follow","max-snippet":"max-snippet:-1","max-image-preview":"max-image-preview:large","max-video-preview":"max-video-preview:-1"},"canonical":"https:\/\/lospoliticosveracruz.com\/?p=79908","og_locale":"es_ES","og_type":"article","og_title":"Pemex: M\u00e1s que pol\u00edtica, econom\u00eda - Los pol\u00edticos Veracruz","og_description":"Ricardo Ch\u00faaSale y Vale LA GIRA DE AMLO EN VERACRUZ\u2026 De nuevo en el c\u00edrculo \u00abrojo\u00bb de Veracruz\u2026 \u00abLevant\u00f3 polvo\u00bb la gira que realizar\u00e1 Andr\u00e9s Manuel L\u00f3pez Obrador\u2026 Unos dicen que vino por el tema PEMEX, que se le va de las manos\u2026 Otros que se debe a que necesitan \u00abventanear\u00bb a Rocio Nahle como [&hellip;]","og_url":"https:\/\/lospoliticosveracruz.com\/?p=79908","og_site_name":"Los pol\u00edticos Veracruz","article_publisher":"https:\/\/www.facebook.com\/people\/Notimemes-de-los-Polticos\/61565672886568\/","article_published_time":"2021-09-27T13:11:41+00:00","article_modified_time":"2021-09-27T13:11:44+00:00","og_image":[{"width":200,"height":200,"url":"https:\/\/lospoliticosveracruz.com\/wp-content\/uploads\/2016\/07\/Logo-Dor.jpg","type":"image\/jpeg"}],"author":"Lo viste en Los Pol\u00edticos","twitter_card":"summary_large_image","twitter_creator":"@LosPoliticosVer","twitter_site":"@LosPoliticosVer","twitter_misc":{"Escrito por":"Lo viste en Los Pol\u00edticos","Tiempo de lectura":"5 minutos"},"schema":{"@context":"https:\/\/schema.org","@graph":[{"@type":"Article","@id":"https:\/\/lospoliticosveracruz.com\/?p=79908#article","isPartOf":{"@id":"https:\/\/lospoliticosveracruz.com\/?p=79908"},"author":{"name":"Lo viste en Los Pol\u00edticos","@id":"https:\/\/lospoliticosveracruz.com\/#\/schema\/person\/b8702bb0e538456e6efd07080bf2a4a2"},"headline":"Pemex: M\u00e1s que pol\u00edtica, econom\u00eda","datePublished":"2021-09-27T13:11:41+00:00","dateModified":"2021-09-27T13:11:44+00:00","mainEntityOfPage":{"@id":"https:\/\/lospoliticosveracruz.com\/?p=79908"},"wordCount":1033,"publisher":{"@id":"https:\/\/lospoliticosveracruz.com\/#organization"},"keywords":["Andr\u00e9s Manuel L\u00f3pez Obrador","Cuitl\u00e1huac Garc\u00eda Jim\u00e9nez","Morena","PAN","Pemex","Roc\u00edo Nahle","Tito Delf\u00edn Cano"],"articleSection":["De Opini\u00f3n"],"inLanguage":"es"},{"@type":"WebPage","@id":"https:\/\/lospoliticosveracruz.com\/?p=79908","url":"https:\/\/lospoliticosveracruz.com\/?p=79908","name":"Pemex: M\u00e1s que pol\u00edtica, econom\u00eda - Los pol\u00edticos Veracruz","isPartOf":{"@id":"https:\/\/lospoliticosveracruz.com\/#website"},"datePublished":"2021-09-27T13:11:41+00:00","dateModified":"2021-09-27T13:11:44+00:00","breadcrumb":{"@id":"https:\/\/lospoliticosveracruz.com\/?p=79908#breadcrumb"},"inLanguage":"es","potentialAction":[{"@type":"ReadAction","target":["https:\/\/lospoliticosveracruz.com\/?p=79908"]}]},{"@type":"BreadcrumbList","@id":"https:\/\/lospoliticosveracruz.com\/?p=79908#breadcrumb","itemListElement":[{"@type":"ListItem","position":1,"name":"Portada","item":"https:\/\/lospoliticosveracruz.com\/"},{"@type":"ListItem","position":2,"name":"Pemex: M\u00e1s que pol\u00edtica, econom\u00eda"}]},{"@type":"WebSite","@id":"https:\/\/lospoliticosveracruz.com\/#website","url":"https:\/\/lospoliticosveracruz.com\/","name":"Los pol\u00edticos Veracruz","description":"","publisher":{"@id":"https:\/\/lospoliticosveracruz.com\/#organization"},"potentialAction":[{"@type":"SearchAction","target":{"@type":"EntryPoint","urlTemplate":"https:\/\/lospoliticosveracruz.com\/?s={search_term_string}"},"query-input":{"@type":"PropertyValueSpecification","valueRequired":true,"valueName":"search_term_string"}}],"inLanguage":"es"},{"@type":"Organization","@id":"https:\/\/lospoliticosveracruz.com\/#organization","name":"Los pol\u00edticos Veracruz","url":"https:\/\/lospoliticosveracruz.com\/","logo":{"@type":"ImageObject","inLanguage":"es","@id":"https:\/\/lospoliticosveracruz.com\/#\/schema\/logo\/image\/","url":"https:\/\/lospoliticosveracruz.com\/wp-content\/uploads\/2025\/12\/Logo-Nuevo-LOS-POLITICOS-1.jpg","contentUrl":"https:\/\/lospoliticosveracruz.com\/wp-content\/uploads\/2025\/12\/Logo-Nuevo-LOS-POLITICOS-1.jpg","width":260,"height":70,"caption":"Los pol\u00edticos Veracruz"},"image":{"@id":"https:\/\/lospoliticosveracruz.com\/#\/schema\/logo\/image\/"},"sameAs":["https:\/\/www.facebook.com\/people\/Notimemes-de-los-Polticos\/61565672886568\/","https:\/\/x.com\/LosPoliticosVer"]},{"@type":"Person","@id":"https:\/\/lospoliticosveracruz.com\/#\/schema\/person\/b8702bb0e538456e6efd07080bf2a4a2","name":"Lo viste en Los Pol\u00edticos","image":{"@type":"ImageObject","inLanguage":"es","@id":"https:\/\/secure.gravatar.com\/avatar\/3a8de04a2656d44082be478bd6c086daa447c4651605818287b9532d3d0bd435?s=96&d=mm&r=g","url":"https:\/\/secure.gravatar.com\/avatar\/3a8de04a2656d44082be478bd6c086daa447c4651605818287b9532d3d0bd435?s=96&d=mm&r=g","contentUrl":"https:\/\/secure.gravatar.com\/avatar\/3a8de04a2656d44082be478bd6c086daa447c4651605818287b9532d3d0bd435?s=96&d=mm&r=g","caption":"Lo viste en Los Pol\u00edticos"},"url":"https:\/\/lospoliticosveracruz.com\/?author=2"}]}},"_links":{"self":[{"href":"https:\/\/lospoliticosveracruz.com\/index.php?rest_route=\/wp\/v2\/posts\/79908","targetHints":{"allow":["GET"]}}],"collection":[{"href":"https:\/\/lospoliticosveracruz.com\/index.php?rest_route=\/wp\/v2\/posts"}],"about":[{"href":"https:\/\/lospoliticosveracruz.com\/index.php?rest_route=\/wp\/v2\/types\/post"}],"author":[{"embeddable":true,"href":"https:\/\/lospoliticosveracruz.com\/index.php?rest_route=\/wp\/v2\/users\/2"}],"replies":[{"embeddable":true,"href":"https:\/\/lospoliticosveracruz.com\/index.php?rest_route=%2Fwp%2Fv2%2Fcomments&post=79908"}],"version-history":[{"count":1,"href":"https:\/\/lospoliticosveracruz.com\/index.php?rest_route=\/wp\/v2\/posts\/79908\/revisions"}],"predecessor-version":[{"id":79910,"href":"https:\/\/lospoliticosveracruz.com\/index.php?rest_route=\/wp\/v2\/posts\/79908\/revisions\/79910"}],"wp:attachment":[{"href":"https:\/\/lospoliticosveracruz.com\/index.php?rest_route=%2Fwp%2Fv2%2Fmedia&parent=79908"}],"wp:term":[{"taxonomy":"category","embeddable":true,"href":"https:\/\/lospoliticosveracruz.com\/index.php?rest_route=%2Fwp%2Fv2%2Fcategories&post=79908"},{"taxonomy":"post_tag","embeddable":true,"href":"https:\/\/lospoliticosveracruz.com\/index.php?rest_route=%2Fwp%2Fv2%2Ftags&post=79908"}],"curies":[{"name":"wp","href":"https:\/\/api.w.org\/{rel}","templated":true}]}}