{"id":79951,"date":"2021-09-28T07:54:15","date_gmt":"2021-09-28T12:54:15","guid":{"rendered":"https:\/\/lospoliticosveracruz.com.mx\/?p=79951"},"modified":"2021-09-28T07:54:19","modified_gmt":"2021-09-28T12:54:19","slug":"le-afloran-pecados","status":"publish","type":"post","link":"https:\/\/lospoliticosveracruz.com\/?p=79951","title":{"rendered":"Le afloran pecados!"},"content":{"rendered":"\n<p><br><strong>Ricardo Ch\u00faa<br><\/strong><em>Sale y Vale<\/em><\/p>\n\n\n\n<p>SERGIO GUTI\u00c9RREZ, LOS OTROS \u00abPECADOS\u00bb\u2026 Luego de sus apariciones p\u00fablicas en Veracruz en estas semanas por parte del presidente de la Mesa Directiva de la c\u00e1mara de diputados federales, Sergio Guti\u00e9rrez Luna, legislador por el distrito de MInatitl\u00e1n\u2026 Se le han venido serios se\u00f1alamientos en su andar en la pol\u00edtica en distintos puntos del pa\u00eds\u2026 Hay quienes se\u00f1alan que parte de su gran fortuna, se debe a una demanda millonaria contra el PVEM\u2026 Ahora partido aliado con MORENA\u2026 Qui\u00e9n dir\u00eda\u2026<\/p>\n\n\n\n<p>Obvio lo mencionan como uno de los principales asesores del ex gobernador de Tamaulipas, Tom\u00e1s Yarrintong y tambi\u00e9n de Guillermo Padres, en Sonora\u2026 El primero del PRI, el segundo del PAN, hoy ambos est\u00e1n presos por diversos delitos de \u00edndole federal\u2026 Adem\u00e1s la fama del minatitleco lo precede, por los litigios millonarios contra los partidos pol\u00edticos y no ha podido, dicen PRESUNTAMENTE, los mismos resultados con MORENA\u2026 Ya que los tribunales electorales echaron para abajo sendos triunfos en varios distritos del pa\u00eds\u2026.<\/p>\n\n\n\n<p>Se habla tambi\u00e9n que tienen \u00absociedades\u00bb con algunos consejeros del INE y hoy los ocupan para \u00abgolpear\u00bb pol\u00edticamente a Lorenzo C\u00f3rdova, consejero Presidente de este instituto y a Ciro Murayama, el consejero m\u00e1s cr\u00edtico de las pol\u00edticas que pretende imponer, Andr\u00e9s Manuel L\u00f3pez Obrador, en materia electoral al propio INE\u2026 Los cuales, se dice, trabajaron con esos dos gobernadores\u2026 Despu\u00e9s de su paso en Sinaloa donde estuvo al servicio del ex gobernador, Mario L\u00f3pez Velarde (MALOVA)\u2026 De ah\u00ed viene el tema de los juicios a partidos pol\u00edticos..<\/p>\n\n\n\n<p>As\u00ed que por todas estas situaciones dentro del propio MORENA en Veracruz\u2026 Todos saben que Sergio Guti\u00e9rrez, no se puede considerar un \u00abPOL\u00cdTICO PURO\u00bb del partido de L\u00f3pez Obrador, como se dice porque tiene su pasado \u00abPRIANISTA\u00bb\u2026 Ya que su vida profesional con esos antecedentes partidistas, no se le dice \u00abluchador social\u00bb\u2026 Ya que hay quien asegura que para desistirse de la demanda contra el PVEM, al \u00abNi\u00f1o Verde\u00bb, Jorge Emilio Gonz\u00e1lez, le sali\u00f3 demasiado caro, PRESUNTAMENTE, el perd\u00f3n millonario\u2026<\/p>\n\n\n\n<p>Por estas cuestiones, siempre se dice que en M\u00e9xico, la memoria pol\u00edtica es muy \u00abcorta\u00bb\u2026 Pero en este caso, a lo mejor, lo es para el diputado federal minatitleco\u2026 Pero en este tiempo, se ha conocido su trayectoria antes de ser legislador de MORENA\u2026 Se duda que haya mucho que presumir en haber asesorado y trabajado con estos dos ex gobernadores de Tamaulipas y Sonora, que est\u00e1n actualmente presos\u2026 Y haber sido parte de administraciones priistas y panistas\u2026 TA CA\u00d1\u00d3N con sus \u00abmalquerientes\u00bb..<\/p>\n\n\n\n<p>OJO\u2026 Lo que es un hecho, que de manera rara porque en pol\u00edtica, las coincidencias no existen\u2026 Despu\u00e9s de su exposici\u00f3n pol\u00edtico y medi\u00e1tica, que ha tenido desde el pasado 1 de septiembre que lo ungieron como presidente de la mesa directiva de la c\u00e1mara baja del Congreso de la Uni\u00f3n\u2026 Luego de sus visitas a Veracruz y de sus reuniones con grupos de la sociedad civil y de MORENA\u2026 Le empezaron a llover estos \u00abmameyazos\u00bb\u2026<\/p>\n\n\n\n<p>Luego que tambi\u00e9n lo empezaron a manejar como otro de los aspirantes a la silla de Cuitl\u00e1huac Garc\u00eda en 2024 por MORENA en Veracruz\u2026 Esta hondonada de informaci\u00f3n sobre su persona est\u00e1 saliendo en toda la entidad\u2026 No se sabe, si le vieron \u00abfuerza\u00bb o todo se deba por estar en ese sitio.. Ya que si bien es cierto Sergio Guti\u00e9rrez, m\u00e1s que un pol\u00edtico de MORENA, parece un pol\u00edtico \u00abfif\u00ed\u00bb\u2026 Con BMW\u2026 Buena ropa, perfumes caros y que come finas viandas\u2026 \u00bfFUEGO AMIGO?\u2026 AMEN\u2026<\/p>\n\n\n\n<p>TSJE, M\u00c1S AMPAROS Y ACUSACIONES\u2026 No cabe duda que el Poder Judicial de Veracruz est\u00e1 metido en sendos problemas administrativos y pol\u00edticos con sus magistrados y el personal que maneja el presupuesto en este Tribunal Superior de Justicia del Estado\u2026 Ya que se logr\u00f3 saber que otro de sus magistrados, Sergio Jim\u00e9nez Maraboto, se est\u00e1 amparando para evitar que le descuenten de su salario\u2026 Tal como pretende el \u00e1rea administrativa de este sitio a cargo de Johana Marl\u00e9n Bautista Flores\u2026.<\/p>\n\n\n\n<p>Misma persona a quien en diversos medios de comunicaci\u00f3n\u2026 Ha sido se\u00f1alada PRESUNTAMENTE de ganar casi 100 mil pesos mensuales como directora General de Administraci\u00f3n del Consejo de la Judicatura\u2026 Y adem\u00e1s de que tiene trabajando a una serie de \u00abrecomendados\u00bb que vinieron de SEFIPLAN con altos salarios\u2026 Y que para \u00abcompensar\u00bb les quiere bajar en un 30 por ciento, los salarios a los Magistrados por la crisis financiera que hay en el Poder Judicial de Veracruz\u2026<\/p>\n\n\n\n<p>As\u00ed que el tema se le sale de las manos a la Presidenta del TSJE, Isabel Romero y a la propia Johana Bautista\u2026 Ya que con Jim\u00e9nez Maraboto son al menos ya dos los Magistrados que interponen un amparo para tal medida\u2026 Ya que la anterior en hacerlo fue Beatriz Rivera Hern\u00e1ndez\u2026 A la cual la justicia federal le dio la raz\u00f3n del tema\u2026 El asunto puede trascender m\u00e1s all\u00e1 porque todo parece indicar que ahora los afectados podr\u00edan ser los trabajadores de confianza\u2026 Ya que no est\u00e1n pudiendo con los magistrados \u2026 AMEN Y M\u00c1S AMEN\u2026<\/p>\n\n\n\n<p>MARCHA PROVIDA\u2026 Diversos grupos de la sociedad civil est\u00e1n convocando a una Marcha Local en Veracruz\u2026 A favor de la mujer y de la vida\u2026 Piden a todo los grupos a favor de la vida, que participen la hora ser\u00e1 a las 18.00 horas, este s\u00e1bado 2 de octubre\u2026 Se pueden obtener informes en la p\u00e1gina de internet: mujeryvida.org.mx con el hastag #MeLateElCorazon\u2026 La marcha iniciar\u00e1 frente a la Iglesia de \u00abEl Cristo\u00bb y terminar\u00e1 en la Macroplaza de Veracruz\u2026 Este evento lo organiza Sandra L\u00f3pez\u2026 SERVIDOS\u2026<\/p>\n","protected":false},"excerpt":{"rendered":"<p>Ricardo Ch\u00faaSale y Vale SERGIO GUTI\u00c9RREZ, LOS OTROS \u00abPECADOS\u00bb\u2026 Luego de sus apariciones p\u00fablicas en Veracruz en estas semanas por parte del presidente de la Mesa Directiva de la c\u00e1mara de diputados federales, Sergio Guti\u00e9rrez Luna, legislador por el distrito de MInatitl\u00e1n\u2026 Se le han venido serios se\u00f1alamientos en su andar en la pol\u00edtica en [&hellip;]<\/p>\n","protected":false},"author":2,"featured_media":0,"comment_status":"closed","ping_status":"closed","sticky":false,"template":"","format":"standard","meta":{"tdm_status":"","tdm_grid_status":"","footnotes":""},"categories":[70],"tags":[618,554,5613,1026,266,2443,264,640,16147,6738],"class_list":{"0":"post-79951","1":"post","2":"type-post","3":"status-publish","4":"format-standard","6":"category-de-opinion","7":"tag-andres-manuel-lopez-obrador","8":"tag-ine","9":"tag-lorenzo-cordova","10":"tag-morena","11":"tag-pan","12":"tag-pri-pvem","13":"tag-pvem","14":"tag-sefiplan","15":"tag-sergio-gutierrez-luna","16":"tag-tsje"},"yoast_head":"<!-- This site is optimized with the Yoast SEO plugin v27.4 - https:\/\/yoast.com\/product\/yoast-seo-wordpress\/ -->\n<title>Le afloran pecados! - Los pol\u00edticos Veracruz<\/title>\n<meta name=\"robots\" content=\"index, follow, max-snippet:-1, max-image-preview:large, max-video-preview:-1\" \/>\n<link rel=\"canonical\" href=\"https:\/\/lospoliticosveracruz.com\/?p=79951\" \/>\n<meta property=\"og:locale\" content=\"es_ES\" \/>\n<meta property=\"og:type\" content=\"article\" \/>\n<meta property=\"og:title\" content=\"Le afloran pecados! - Los pol\u00edticos Veracruz\" \/>\n<meta property=\"og:description\" content=\"Ricardo Ch\u00faaSale y Vale SERGIO GUTI\u00c9RREZ, LOS OTROS \u00abPECADOS\u00bb\u2026 Luego de sus apariciones p\u00fablicas en Veracruz en estas semanas por parte del presidente de la Mesa Directiva de la c\u00e1mara de diputados federales, Sergio Guti\u00e9rrez Luna, legislador por el distrito de MInatitl\u00e1n\u2026 Se le han venido serios se\u00f1alamientos en su andar en la pol\u00edtica en [&hellip;]\" \/>\n<meta property=\"og:url\" content=\"https:\/\/lospoliticosveracruz.com\/?p=79951\" \/>\n<meta property=\"og:site_name\" content=\"Los pol\u00edticos Veracruz\" \/>\n<meta property=\"article:publisher\" content=\"https:\/\/www.facebook.com\/people\/Notimemes-de-los-Polticos\/61565672886568\/\" \/>\n<meta property=\"article:published_time\" content=\"2021-09-28T12:54:15+00:00\" \/>\n<meta property=\"article:modified_time\" content=\"2021-09-28T12:54:19+00:00\" \/>\n<meta property=\"og:image\" content=\"https:\/\/lospoliticosveracruz.com\/wp-content\/uploads\/2016\/07\/Logo-Dor.jpg\" \/>\n\t<meta property=\"og:image:width\" content=\"200\" \/>\n\t<meta property=\"og:image:height\" content=\"200\" \/>\n\t<meta property=\"og:image:type\" content=\"image\/jpeg\" \/>\n<meta name=\"author\" content=\"Lo viste en Los Pol\u00edticos\" \/>\n<meta name=\"twitter:card\" content=\"summary_large_image\" \/>\n<meta name=\"twitter:creator\" content=\"@LosPoliticosVer\" \/>\n<meta name=\"twitter:site\" content=\"@LosPoliticosVer\" \/>\n<meta name=\"twitter:label1\" content=\"Escrito por\" \/>\n\t<meta name=\"twitter:data1\" content=\"Lo viste en Los Pol\u00edticos\" \/>\n\t<meta name=\"twitter:label2\" content=\"Tiempo de lectura\" \/>\n\t<meta name=\"twitter:data2\" content=\"5 minutos\" \/>\n<script type=\"application\/ld+json\" class=\"yoast-schema-graph\">{\"@context\":\"https:\\\/\\\/schema.org\",\"@graph\":[{\"@type\":\"Article\",\"@id\":\"https:\\\/\\\/lospoliticosveracruz.com\\\/?p=79951#article\",\"isPartOf\":{\"@id\":\"https:\\\/\\\/lospoliticosveracruz.com\\\/?p=79951\"},\"author\":{\"name\":\"Lo viste en Los Pol\u00edticos\",\"@id\":\"https:\\\/\\\/lospoliticosveracruz.com\\\/#\\\/schema\\\/person\\\/b8702bb0e538456e6efd07080bf2a4a2\"},\"headline\":\"Le afloran pecados!\",\"datePublished\":\"2021-09-28T12:54:15+00:00\",\"dateModified\":\"2021-09-28T12:54:19+00:00\",\"mainEntityOfPage\":{\"@id\":\"https:\\\/\\\/lospoliticosveracruz.com\\\/?p=79951\"},\"wordCount\":990,\"publisher\":{\"@id\":\"https:\\\/\\\/lospoliticosveracruz.com\\\/#organization\"},\"keywords\":[\"Andr\u00e9s Manuel L\u00f3pez Obrador\",\"INE\",\"Lorenzo C\u00f3rdova\",\"Morena\",\"PAN\",\"PRI-PVEM\",\"PVEM\",\"Sefiplan\",\"Sergio Guti\u00e9rrez Luna\",\"TSJE\"],\"articleSection\":[\"De Opini\u00f3n\"],\"inLanguage\":\"es\"},{\"@type\":\"WebPage\",\"@id\":\"https:\\\/\\\/lospoliticosveracruz.com\\\/?p=79951\",\"url\":\"https:\\\/\\\/lospoliticosveracruz.com\\\/?p=79951\",\"name\":\"Le afloran pecados! - Los pol\u00edticos Veracruz\",\"isPartOf\":{\"@id\":\"https:\\\/\\\/lospoliticosveracruz.com\\\/#website\"},\"datePublished\":\"2021-09-28T12:54:15+00:00\",\"dateModified\":\"2021-09-28T12:54:19+00:00\",\"breadcrumb\":{\"@id\":\"https:\\\/\\\/lospoliticosveracruz.com\\\/?p=79951#breadcrumb\"},\"inLanguage\":\"es\",\"potentialAction\":[{\"@type\":\"ReadAction\",\"target\":[\"https:\\\/\\\/lospoliticosveracruz.com\\\/?p=79951\"]}]},{\"@type\":\"BreadcrumbList\",\"@id\":\"https:\\\/\\\/lospoliticosveracruz.com\\\/?p=79951#breadcrumb\",\"itemListElement\":[{\"@type\":\"ListItem\",\"position\":1,\"name\":\"Portada\",\"item\":\"https:\\\/\\\/lospoliticosveracruz.com\\\/\"},{\"@type\":\"ListItem\",\"position\":2,\"name\":\"Le afloran pecados!\"}]},{\"@type\":\"WebSite\",\"@id\":\"https:\\\/\\\/lospoliticosveracruz.com\\\/#website\",\"url\":\"https:\\\/\\\/lospoliticosveracruz.com\\\/\",\"name\":\"Los pol\u00edticos Veracruz\",\"description\":\"\",\"publisher\":{\"@id\":\"https:\\\/\\\/lospoliticosveracruz.com\\\/#organization\"},\"potentialAction\":[{\"@type\":\"SearchAction\",\"target\":{\"@type\":\"EntryPoint\",\"urlTemplate\":\"https:\\\/\\\/lospoliticosveracruz.com\\\/?s={search_term_string}\"},\"query-input\":{\"@type\":\"PropertyValueSpecification\",\"valueRequired\":true,\"valueName\":\"search_term_string\"}}],\"inLanguage\":\"es\"},{\"@type\":\"Organization\",\"@id\":\"https:\\\/\\\/lospoliticosveracruz.com\\\/#organization\",\"name\":\"Los pol\u00edticos Veracruz\",\"url\":\"https:\\\/\\\/lospoliticosveracruz.com\\\/\",\"logo\":{\"@type\":\"ImageObject\",\"inLanguage\":\"es\",\"@id\":\"https:\\\/\\\/lospoliticosveracruz.com\\\/#\\\/schema\\\/logo\\\/image\\\/\",\"url\":\"https:\\\/\\\/lospoliticosveracruz.com\\\/wp-content\\\/uploads\\\/2025\\\/12\\\/Logo-Nuevo-LOS-POLITICOS-1.jpg\",\"contentUrl\":\"https:\\\/\\\/lospoliticosveracruz.com\\\/wp-content\\\/uploads\\\/2025\\\/12\\\/Logo-Nuevo-LOS-POLITICOS-1.jpg\",\"width\":260,\"height\":70,\"caption\":\"Los pol\u00edticos Veracruz\"},\"image\":{\"@id\":\"https:\\\/\\\/lospoliticosveracruz.com\\\/#\\\/schema\\\/logo\\\/image\\\/\"},\"sameAs\":[\"https:\\\/\\\/www.facebook.com\\\/people\\\/Notimemes-de-los-Polticos\\\/61565672886568\\\/\",\"https:\\\/\\\/x.com\\\/LosPoliticosVer\"]},{\"@type\":\"Person\",\"@id\":\"https:\\\/\\\/lospoliticosveracruz.com\\\/#\\\/schema\\\/person\\\/b8702bb0e538456e6efd07080bf2a4a2\",\"name\":\"Lo viste en Los Pol\u00edticos\",\"image\":{\"@type\":\"ImageObject\",\"inLanguage\":\"es\",\"@id\":\"https:\\\/\\\/secure.gravatar.com\\\/avatar\\\/3a8de04a2656d44082be478bd6c086daa447c4651605818287b9532d3d0bd435?s=96&d=mm&r=g\",\"url\":\"https:\\\/\\\/secure.gravatar.com\\\/avatar\\\/3a8de04a2656d44082be478bd6c086daa447c4651605818287b9532d3d0bd435?s=96&d=mm&r=g\",\"contentUrl\":\"https:\\\/\\\/secure.gravatar.com\\\/avatar\\\/3a8de04a2656d44082be478bd6c086daa447c4651605818287b9532d3d0bd435?s=96&d=mm&r=g\",\"caption\":\"Lo viste en Los Pol\u00edticos\"},\"url\":\"https:\\\/\\\/lospoliticosveracruz.com\\\/?author=2\"}]}<\/script>\n<!-- \/ Yoast SEO plugin. -->","yoast_head_json":{"title":"Le afloran pecados! - Los pol\u00edticos Veracruz","robots":{"index":"index","follow":"follow","max-snippet":"max-snippet:-1","max-image-preview":"max-image-preview:large","max-video-preview":"max-video-preview:-1"},"canonical":"https:\/\/lospoliticosveracruz.com\/?p=79951","og_locale":"es_ES","og_type":"article","og_title":"Le afloran pecados! - Los pol\u00edticos Veracruz","og_description":"Ricardo Ch\u00faaSale y Vale SERGIO GUTI\u00c9RREZ, LOS OTROS \u00abPECADOS\u00bb\u2026 Luego de sus apariciones p\u00fablicas en Veracruz en estas semanas por parte del presidente de la Mesa Directiva de la c\u00e1mara de diputados federales, Sergio Guti\u00e9rrez Luna, legislador por el distrito de MInatitl\u00e1n\u2026 Se le han venido serios se\u00f1alamientos en su andar en la pol\u00edtica en [&hellip;]","og_url":"https:\/\/lospoliticosveracruz.com\/?p=79951","og_site_name":"Los pol\u00edticos Veracruz","article_publisher":"https:\/\/www.facebook.com\/people\/Notimemes-de-los-Polticos\/61565672886568\/","article_published_time":"2021-09-28T12:54:15+00:00","article_modified_time":"2021-09-28T12:54:19+00:00","og_image":[{"width":200,"height":200,"url":"https:\/\/lospoliticosveracruz.com\/wp-content\/uploads\/2016\/07\/Logo-Dor.jpg","type":"image\/jpeg"}],"author":"Lo viste en Los Pol\u00edticos","twitter_card":"summary_large_image","twitter_creator":"@LosPoliticosVer","twitter_site":"@LosPoliticosVer","twitter_misc":{"Escrito por":"Lo viste en Los Pol\u00edticos","Tiempo de lectura":"5 minutos"},"schema":{"@context":"https:\/\/schema.org","@graph":[{"@type":"Article","@id":"https:\/\/lospoliticosveracruz.com\/?p=79951#article","isPartOf":{"@id":"https:\/\/lospoliticosveracruz.com\/?p=79951"},"author":{"name":"Lo viste en Los Pol\u00edticos","@id":"https:\/\/lospoliticosveracruz.com\/#\/schema\/person\/b8702bb0e538456e6efd07080bf2a4a2"},"headline":"Le afloran pecados!","datePublished":"2021-09-28T12:54:15+00:00","dateModified":"2021-09-28T12:54:19+00:00","mainEntityOfPage":{"@id":"https:\/\/lospoliticosveracruz.com\/?p=79951"},"wordCount":990,"publisher":{"@id":"https:\/\/lospoliticosveracruz.com\/#organization"},"keywords":["Andr\u00e9s Manuel L\u00f3pez Obrador","INE","Lorenzo C\u00f3rdova","Morena","PAN","PRI-PVEM","PVEM","Sefiplan","Sergio Guti\u00e9rrez Luna","TSJE"],"articleSection":["De Opini\u00f3n"],"inLanguage":"es"},{"@type":"WebPage","@id":"https:\/\/lospoliticosveracruz.com\/?p=79951","url":"https:\/\/lospoliticosveracruz.com\/?p=79951","name":"Le afloran pecados! - Los pol\u00edticos Veracruz","isPartOf":{"@id":"https:\/\/lospoliticosveracruz.com\/#website"},"datePublished":"2021-09-28T12:54:15+00:00","dateModified":"2021-09-28T12:54:19+00:00","breadcrumb":{"@id":"https:\/\/lospoliticosveracruz.com\/?p=79951#breadcrumb"},"inLanguage":"es","potentialAction":[{"@type":"ReadAction","target":["https:\/\/lospoliticosveracruz.com\/?p=79951"]}]},{"@type":"BreadcrumbList","@id":"https:\/\/lospoliticosveracruz.com\/?p=79951#breadcrumb","itemListElement":[{"@type":"ListItem","position":1,"name":"Portada","item":"https:\/\/lospoliticosveracruz.com\/"},{"@type":"ListItem","position":2,"name":"Le afloran pecados!"}]},{"@type":"WebSite","@id":"https:\/\/lospoliticosveracruz.com\/#website","url":"https:\/\/lospoliticosveracruz.com\/","name":"Los pol\u00edticos Veracruz","description":"","publisher":{"@id":"https:\/\/lospoliticosveracruz.com\/#organization"},"potentialAction":[{"@type":"SearchAction","target":{"@type":"EntryPoint","urlTemplate":"https:\/\/lospoliticosveracruz.com\/?s={search_term_string}"},"query-input":{"@type":"PropertyValueSpecification","valueRequired":true,"valueName":"search_term_string"}}],"inLanguage":"es"},{"@type":"Organization","@id":"https:\/\/lospoliticosveracruz.com\/#organization","name":"Los pol\u00edticos Veracruz","url":"https:\/\/lospoliticosveracruz.com\/","logo":{"@type":"ImageObject","inLanguage":"es","@id":"https:\/\/lospoliticosveracruz.com\/#\/schema\/logo\/image\/","url":"https:\/\/lospoliticosveracruz.com\/wp-content\/uploads\/2025\/12\/Logo-Nuevo-LOS-POLITICOS-1.jpg","contentUrl":"https:\/\/lospoliticosveracruz.com\/wp-content\/uploads\/2025\/12\/Logo-Nuevo-LOS-POLITICOS-1.jpg","width":260,"height":70,"caption":"Los pol\u00edticos Veracruz"},"image":{"@id":"https:\/\/lospoliticosveracruz.com\/#\/schema\/logo\/image\/"},"sameAs":["https:\/\/www.facebook.com\/people\/Notimemes-de-los-Polticos\/61565672886568\/","https:\/\/x.com\/LosPoliticosVer"]},{"@type":"Person","@id":"https:\/\/lospoliticosveracruz.com\/#\/schema\/person\/b8702bb0e538456e6efd07080bf2a4a2","name":"Lo viste en Los Pol\u00edticos","image":{"@type":"ImageObject","inLanguage":"es","@id":"https:\/\/secure.gravatar.com\/avatar\/3a8de04a2656d44082be478bd6c086daa447c4651605818287b9532d3d0bd435?s=96&d=mm&r=g","url":"https:\/\/secure.gravatar.com\/avatar\/3a8de04a2656d44082be478bd6c086daa447c4651605818287b9532d3d0bd435?s=96&d=mm&r=g","contentUrl":"https:\/\/secure.gravatar.com\/avatar\/3a8de04a2656d44082be478bd6c086daa447c4651605818287b9532d3d0bd435?s=96&d=mm&r=g","caption":"Lo viste en Los Pol\u00edticos"},"url":"https:\/\/lospoliticosveracruz.com\/?author=2"}]}},"_links":{"self":[{"href":"https:\/\/lospoliticosveracruz.com\/index.php?rest_route=\/wp\/v2\/posts\/79951","targetHints":{"allow":["GET"]}}],"collection":[{"href":"https:\/\/lospoliticosveracruz.com\/index.php?rest_route=\/wp\/v2\/posts"}],"about":[{"href":"https:\/\/lospoliticosveracruz.com\/index.php?rest_route=\/wp\/v2\/types\/post"}],"author":[{"embeddable":true,"href":"https:\/\/lospoliticosveracruz.com\/index.php?rest_route=\/wp\/v2\/users\/2"}],"replies":[{"embeddable":true,"href":"https:\/\/lospoliticosveracruz.com\/index.php?rest_route=%2Fwp%2Fv2%2Fcomments&post=79951"}],"version-history":[{"count":1,"href":"https:\/\/lospoliticosveracruz.com\/index.php?rest_route=\/wp\/v2\/posts\/79951\/revisions"}],"predecessor-version":[{"id":79953,"href":"https:\/\/lospoliticosveracruz.com\/index.php?rest_route=\/wp\/v2\/posts\/79951\/revisions\/79953"}],"wp:attachment":[{"href":"https:\/\/lospoliticosveracruz.com\/index.php?rest_route=%2Fwp%2Fv2%2Fmedia&parent=79951"}],"wp:term":[{"taxonomy":"category","embeddable":true,"href":"https:\/\/lospoliticosveracruz.com\/index.php?rest_route=%2Fwp%2Fv2%2Fcategories&post=79951"},{"taxonomy":"post_tag","embeddable":true,"href":"https:\/\/lospoliticosveracruz.com\/index.php?rest_route=%2Fwp%2Fv2%2Ftags&post=79951"}],"curies":[{"name":"wp","href":"https:\/\/api.w.org\/{rel}","templated":true}]}}