{"id":79963,"date":"2021-09-28T08:47:28","date_gmt":"2021-09-28T13:47:28","guid":{"rendered":"https:\/\/lospoliticosveracruz.com.mx\/?p=79963"},"modified":"2021-09-28T08:47:31","modified_gmt":"2021-09-28T13:47:31","slug":"veracruz-pobre-y-sin-empleo-prd","status":"publish","type":"post","link":"https:\/\/lospoliticosveracruz.com\/?p=79963","title":{"rendered":"Veracruz, pobre y sin empleo: PRD"},"content":{"rendered":"\n<p><strong>Xalapa<\/strong><br>Veracruz alcanz\u00f3 el cuarto lugar entre los estados con mayor pobreza laboral al llegar a la mitad de 2021, por lo que hoy 48 por ciento de las familias de la entidad no pueden adquirir la canasta alimentaria con el ingreso laboral que recibe, problema que afecta m\u00e1s a las mujeres en un 50 por ciento, por lo que suma tres a\u00f1os consecutivos de carest\u00eda y retroceso de la econom\u00eda familiar, destac\u00f3 Sergio Cadena Mart\u00ednez, presidente del PRD en la entidad.<\/p>\n\n\n\n<p>\u201cEs urgente y una demanda al gobierno generar las condiciones para la creaci\u00f3n de puestos laborales; Se debe generar competitividad para asentar inversiones, muchas inversiones en todo el territorio de Veracruz para romper con la par\u00e1lisis econ\u00f3mica, el desempleo y la pobreza que ahoga a las familias y que cada d\u00eda aumenta su desesperanza ante las promesas fallidas de un gobierno estatal sin resultados\u201d, apunt\u00f3.<\/p>\n\n\n\n<p>Cadena Mart\u00ednez dijo que no se ven ni el \u201cdesarrollo\u201d ni la \u201crecuperaci\u00f3n econ\u00f3mica de Veracruz\u201d, que tanto pregonan y agreg\u00f3 que hoy, la mayor oferta laboral proviene de la econom\u00eda informal que es una alternativa de ingresos, con salarios bajos y cero prestaciones, por lo que se\u00f1al\u00f3, al arranque del \u00faltimo trimestre de 2021, nos encaminamos a un a\u00f1o de nulo crecimiento econ\u00f3mico que impacta en la calidad de vida de las y los veracruzanos.<\/p>\n\n\n\n<p>\u201cEn 2021 la inflaci\u00f3n en M\u00e9xico, que se traduce en el aumento de precios de los insumos b\u00e1sicos, tendr\u00e1n un incremento promedio del 6 por ciento. En Veracruz la carest\u00eda de productos alimentarios como verduras, carne o alimentos indispensables como el huevo y la tortilla podr\u00edan ser mayores, porque no se contempla desde el gobierno, una estrategia de contenci\u00f3n de precios, lo que rebasa los aumentos al salario m\u00ednimo y el monto de los apoyos sociales que resultan insuficientes\u201d, detall\u00f3.<\/p>\n\n\n\n<p>El l\u00edder del partido del sol azteca lament\u00f3 que se siga incrementado la pobreza laboral que existe en los hogares ya que tan solo al inicio de la pandemia en 2020, se perdieron alrededor de 50 mil empleos formales y gran parte de estas plazas laborales no se han recuperado y tampoco se han generado empleos para los j\u00f3venes que a\u00f1o con a\u00f1o se integran a la actividad laboral, por lo que la par\u00e1lisis econ\u00f3mica en Veracruz ha retrasado la recuperaci\u00f3n laboral.<\/p>\n\n\n\n<p>Finalmente, puso \u00e9nfasis en que el \u00faltimo reporte de Coneval confirm\u00f3 que entre 2019 y 2020, la pobreza ha crecido y la marginaci\u00f3n aument\u00f3 en las zonas rurales m\u00e1s pobres del estado y en las zonas urbanas marginales, \u201cel incremento de la pobreza se sostiene porque no hay estrategias de recuperaci\u00f3n econ\u00f3mica; No hay programas institucionales de empleo, ni respaldo a los sectores productivos generadores de empleo. El problema mayor es simple: no hay empleo con buenos salarios\u201d.<\/p>\n","protected":false},"excerpt":{"rendered":"<p>XalapaVeracruz alcanz\u00f3 el cuarto lugar entre los estados con mayor pobreza laboral al llegar a la mitad de 2021, por lo que hoy 48 por ciento de las familias de la entidad no pueden adquirir la canasta alimentaria con el ingreso laboral que recibe, problema que afecta m\u00e1s a las mujeres en un 50 por [&hellip;]<\/p>\n","protected":false},"author":2,"featured_media":0,"comment_status":"closed","ping_status":"closed","sticky":false,"template":"","format":"standard","meta":{"tdm_status":"","tdm_grid_status":"","footnotes":""},"categories":[73],"tags":[1824,107,7887,195],"class_list":{"0":"post-79963","1":"post","2":"type-post","3":"status-publish","4":"format-standard","6":"category-de-boleto","7":"tag-coneval","8":"tag-prd","9":"tag-sergio-cadena-martinez","10":"tag-veracruz"},"yoast_head":"<!-- This site is optimized with the Yoast SEO plugin v27.4 - https:\/\/yoast.com\/product\/yoast-seo-wordpress\/ -->\n<title>Veracruz, pobre y sin empleo: PRD - Los pol\u00edticos Veracruz<\/title>\n<meta name=\"robots\" content=\"index, follow, max-snippet:-1, max-image-preview:large, max-video-preview:-1\" \/>\n<link rel=\"canonical\" href=\"https:\/\/lospoliticosveracruz.com\/?p=79963\" \/>\n<meta property=\"og:locale\" content=\"es_ES\" \/>\n<meta property=\"og:type\" content=\"article\" \/>\n<meta property=\"og:title\" content=\"Veracruz, pobre y sin empleo: PRD - Los pol\u00edticos Veracruz\" \/>\n<meta property=\"og:description\" content=\"XalapaVeracruz alcanz\u00f3 el cuarto lugar entre los estados con mayor pobreza laboral al llegar a la mitad de 2021, por lo que hoy 48 por ciento de las familias de la entidad no pueden adquirir la canasta alimentaria con el ingreso laboral que recibe, problema que afecta m\u00e1s a las mujeres en un 50 por [&hellip;]\" \/>\n<meta property=\"og:url\" content=\"https:\/\/lospoliticosveracruz.com\/?p=79963\" \/>\n<meta property=\"og:site_name\" content=\"Los pol\u00edticos Veracruz\" \/>\n<meta property=\"article:publisher\" content=\"https:\/\/www.facebook.com\/people\/Notimemes-de-los-Polticos\/61565672886568\/\" \/>\n<meta property=\"article:published_time\" content=\"2021-09-28T13:47:28+00:00\" \/>\n<meta property=\"article:modified_time\" content=\"2021-09-28T13:47:31+00:00\" \/>\n<meta property=\"og:image\" content=\"https:\/\/lospoliticosveracruz.com\/wp-content\/uploads\/2016\/07\/Logo-Dor.jpg\" \/>\n\t<meta property=\"og:image:width\" content=\"200\" \/>\n\t<meta property=\"og:image:height\" content=\"200\" \/>\n\t<meta property=\"og:image:type\" content=\"image\/jpeg\" \/>\n<meta name=\"author\" content=\"Lo viste en Los Pol\u00edticos\" \/>\n<meta name=\"twitter:card\" content=\"summary_large_image\" \/>\n<meta name=\"twitter:creator\" content=\"@LosPoliticosVer\" \/>\n<meta name=\"twitter:site\" content=\"@LosPoliticosVer\" \/>\n<meta name=\"twitter:label1\" content=\"Escrito por\" \/>\n\t<meta name=\"twitter:data1\" content=\"Lo viste en Los Pol\u00edticos\" \/>\n\t<meta name=\"twitter:label2\" content=\"Tiempo de lectura\" \/>\n\t<meta name=\"twitter:data2\" content=\"2 minutos\" \/>\n<script type=\"application\/ld+json\" class=\"yoast-schema-graph\">{\"@context\":\"https:\\\/\\\/schema.org\",\"@graph\":[{\"@type\":\"Article\",\"@id\":\"https:\\\/\\\/lospoliticosveracruz.com\\\/?p=79963#article\",\"isPartOf\":{\"@id\":\"https:\\\/\\\/lospoliticosveracruz.com\\\/?p=79963\"},\"author\":{\"name\":\"Lo viste en Los Pol\u00edticos\",\"@id\":\"https:\\\/\\\/lospoliticosveracruz.com\\\/#\\\/schema\\\/person\\\/b8702bb0e538456e6efd07080bf2a4a2\"},\"headline\":\"Veracruz, pobre y sin empleo: PRD\",\"datePublished\":\"2021-09-28T13:47:28+00:00\",\"dateModified\":\"2021-09-28T13:47:31+00:00\",\"mainEntityOfPage\":{\"@id\":\"https:\\\/\\\/lospoliticosveracruz.com\\\/?p=79963\"},\"wordCount\":494,\"publisher\":{\"@id\":\"https:\\\/\\\/lospoliticosveracruz.com\\\/#organization\"},\"keywords\":[\"Coneval\",\"PRD\",\"Sergio Cadena Mart\u00ednez\",\"Veracruz\"],\"articleSection\":[\"De Boleto\"],\"inLanguage\":\"es\"},{\"@type\":\"WebPage\",\"@id\":\"https:\\\/\\\/lospoliticosveracruz.com\\\/?p=79963\",\"url\":\"https:\\\/\\\/lospoliticosveracruz.com\\\/?p=79963\",\"name\":\"Veracruz, pobre y sin empleo: PRD - Los pol\u00edticos Veracruz\",\"isPartOf\":{\"@id\":\"https:\\\/\\\/lospoliticosveracruz.com\\\/#website\"},\"datePublished\":\"2021-09-28T13:47:28+00:00\",\"dateModified\":\"2021-09-28T13:47:31+00:00\",\"breadcrumb\":{\"@id\":\"https:\\\/\\\/lospoliticosveracruz.com\\\/?p=79963#breadcrumb\"},\"inLanguage\":\"es\",\"potentialAction\":[{\"@type\":\"ReadAction\",\"target\":[\"https:\\\/\\\/lospoliticosveracruz.com\\\/?p=79963\"]}]},{\"@type\":\"BreadcrumbList\",\"@id\":\"https:\\\/\\\/lospoliticosveracruz.com\\\/?p=79963#breadcrumb\",\"itemListElement\":[{\"@type\":\"ListItem\",\"position\":1,\"name\":\"Portada\",\"item\":\"https:\\\/\\\/lospoliticosveracruz.com\\\/\"},{\"@type\":\"ListItem\",\"position\":2,\"name\":\"Veracruz, pobre y sin empleo: PRD\"}]},{\"@type\":\"WebSite\",\"@id\":\"https:\\\/\\\/lospoliticosveracruz.com\\\/#website\",\"url\":\"https:\\\/\\\/lospoliticosveracruz.com\\\/\",\"name\":\"Los pol\u00edticos Veracruz\",\"description\":\"\",\"publisher\":{\"@id\":\"https:\\\/\\\/lospoliticosveracruz.com\\\/#organization\"},\"potentialAction\":[{\"@type\":\"SearchAction\",\"target\":{\"@type\":\"EntryPoint\",\"urlTemplate\":\"https:\\\/\\\/lospoliticosveracruz.com\\\/?s={search_term_string}\"},\"query-input\":{\"@type\":\"PropertyValueSpecification\",\"valueRequired\":true,\"valueName\":\"search_term_string\"}}],\"inLanguage\":\"es\"},{\"@type\":\"Organization\",\"@id\":\"https:\\\/\\\/lospoliticosveracruz.com\\\/#organization\",\"name\":\"Los pol\u00edticos Veracruz\",\"url\":\"https:\\\/\\\/lospoliticosveracruz.com\\\/\",\"logo\":{\"@type\":\"ImageObject\",\"inLanguage\":\"es\",\"@id\":\"https:\\\/\\\/lospoliticosveracruz.com\\\/#\\\/schema\\\/logo\\\/image\\\/\",\"url\":\"https:\\\/\\\/lospoliticosveracruz.com\\\/wp-content\\\/uploads\\\/2025\\\/12\\\/Logo-Nuevo-LOS-POLITICOS-1.jpg\",\"contentUrl\":\"https:\\\/\\\/lospoliticosveracruz.com\\\/wp-content\\\/uploads\\\/2025\\\/12\\\/Logo-Nuevo-LOS-POLITICOS-1.jpg\",\"width\":260,\"height\":70,\"caption\":\"Los pol\u00edticos Veracruz\"},\"image\":{\"@id\":\"https:\\\/\\\/lospoliticosveracruz.com\\\/#\\\/schema\\\/logo\\\/image\\\/\"},\"sameAs\":[\"https:\\\/\\\/www.facebook.com\\\/people\\\/Notimemes-de-los-Polticos\\\/61565672886568\\\/\",\"https:\\\/\\\/x.com\\\/LosPoliticosVer\"]},{\"@type\":\"Person\",\"@id\":\"https:\\\/\\\/lospoliticosveracruz.com\\\/#\\\/schema\\\/person\\\/b8702bb0e538456e6efd07080bf2a4a2\",\"name\":\"Lo viste en Los Pol\u00edticos\",\"image\":{\"@type\":\"ImageObject\",\"inLanguage\":\"es\",\"@id\":\"https:\\\/\\\/secure.gravatar.com\\\/avatar\\\/3a8de04a2656d44082be478bd6c086daa447c4651605818287b9532d3d0bd435?s=96&d=mm&r=g\",\"url\":\"https:\\\/\\\/secure.gravatar.com\\\/avatar\\\/3a8de04a2656d44082be478bd6c086daa447c4651605818287b9532d3d0bd435?s=96&d=mm&r=g\",\"contentUrl\":\"https:\\\/\\\/secure.gravatar.com\\\/avatar\\\/3a8de04a2656d44082be478bd6c086daa447c4651605818287b9532d3d0bd435?s=96&d=mm&r=g\",\"caption\":\"Lo viste en Los Pol\u00edticos\"},\"url\":\"https:\\\/\\\/lospoliticosveracruz.com\\\/?author=2\"}]}<\/script>\n<!-- \/ Yoast SEO plugin. -->","yoast_head_json":{"title":"Veracruz, pobre y sin empleo: PRD - Los pol\u00edticos Veracruz","robots":{"index":"index","follow":"follow","max-snippet":"max-snippet:-1","max-image-preview":"max-image-preview:large","max-video-preview":"max-video-preview:-1"},"canonical":"https:\/\/lospoliticosveracruz.com\/?p=79963","og_locale":"es_ES","og_type":"article","og_title":"Veracruz, pobre y sin empleo: PRD - Los pol\u00edticos Veracruz","og_description":"XalapaVeracruz alcanz\u00f3 el cuarto lugar entre los estados con mayor pobreza laboral al llegar a la mitad de 2021, por lo que hoy 48 por ciento de las familias de la entidad no pueden adquirir la canasta alimentaria con el ingreso laboral que recibe, problema que afecta m\u00e1s a las mujeres en un 50 por [&hellip;]","og_url":"https:\/\/lospoliticosveracruz.com\/?p=79963","og_site_name":"Los pol\u00edticos Veracruz","article_publisher":"https:\/\/www.facebook.com\/people\/Notimemes-de-los-Polticos\/61565672886568\/","article_published_time":"2021-09-28T13:47:28+00:00","article_modified_time":"2021-09-28T13:47:31+00:00","og_image":[{"width":200,"height":200,"url":"https:\/\/lospoliticosveracruz.com\/wp-content\/uploads\/2016\/07\/Logo-Dor.jpg","type":"image\/jpeg"}],"author":"Lo viste en Los Pol\u00edticos","twitter_card":"summary_large_image","twitter_creator":"@LosPoliticosVer","twitter_site":"@LosPoliticosVer","twitter_misc":{"Escrito por":"Lo viste en Los Pol\u00edticos","Tiempo de lectura":"2 minutos"},"schema":{"@context":"https:\/\/schema.org","@graph":[{"@type":"Article","@id":"https:\/\/lospoliticosveracruz.com\/?p=79963#article","isPartOf":{"@id":"https:\/\/lospoliticosveracruz.com\/?p=79963"},"author":{"name":"Lo viste en Los Pol\u00edticos","@id":"https:\/\/lospoliticosveracruz.com\/#\/schema\/person\/b8702bb0e538456e6efd07080bf2a4a2"},"headline":"Veracruz, pobre y sin empleo: PRD","datePublished":"2021-09-28T13:47:28+00:00","dateModified":"2021-09-28T13:47:31+00:00","mainEntityOfPage":{"@id":"https:\/\/lospoliticosveracruz.com\/?p=79963"},"wordCount":494,"publisher":{"@id":"https:\/\/lospoliticosveracruz.com\/#organization"},"keywords":["Coneval","PRD","Sergio Cadena Mart\u00ednez","Veracruz"],"articleSection":["De Boleto"],"inLanguage":"es"},{"@type":"WebPage","@id":"https:\/\/lospoliticosveracruz.com\/?p=79963","url":"https:\/\/lospoliticosveracruz.com\/?p=79963","name":"Veracruz, pobre y sin empleo: PRD - Los pol\u00edticos Veracruz","isPartOf":{"@id":"https:\/\/lospoliticosveracruz.com\/#website"},"datePublished":"2021-09-28T13:47:28+00:00","dateModified":"2021-09-28T13:47:31+00:00","breadcrumb":{"@id":"https:\/\/lospoliticosveracruz.com\/?p=79963#breadcrumb"},"inLanguage":"es","potentialAction":[{"@type":"ReadAction","target":["https:\/\/lospoliticosveracruz.com\/?p=79963"]}]},{"@type":"BreadcrumbList","@id":"https:\/\/lospoliticosveracruz.com\/?p=79963#breadcrumb","itemListElement":[{"@type":"ListItem","position":1,"name":"Portada","item":"https:\/\/lospoliticosveracruz.com\/"},{"@type":"ListItem","position":2,"name":"Veracruz, pobre y sin empleo: PRD"}]},{"@type":"WebSite","@id":"https:\/\/lospoliticosveracruz.com\/#website","url":"https:\/\/lospoliticosveracruz.com\/","name":"Los pol\u00edticos Veracruz","description":"","publisher":{"@id":"https:\/\/lospoliticosveracruz.com\/#organization"},"potentialAction":[{"@type":"SearchAction","target":{"@type":"EntryPoint","urlTemplate":"https:\/\/lospoliticosveracruz.com\/?s={search_term_string}"},"query-input":{"@type":"PropertyValueSpecification","valueRequired":true,"valueName":"search_term_string"}}],"inLanguage":"es"},{"@type":"Organization","@id":"https:\/\/lospoliticosveracruz.com\/#organization","name":"Los pol\u00edticos Veracruz","url":"https:\/\/lospoliticosveracruz.com\/","logo":{"@type":"ImageObject","inLanguage":"es","@id":"https:\/\/lospoliticosveracruz.com\/#\/schema\/logo\/image\/","url":"https:\/\/lospoliticosveracruz.com\/wp-content\/uploads\/2025\/12\/Logo-Nuevo-LOS-POLITICOS-1.jpg","contentUrl":"https:\/\/lospoliticosveracruz.com\/wp-content\/uploads\/2025\/12\/Logo-Nuevo-LOS-POLITICOS-1.jpg","width":260,"height":70,"caption":"Los pol\u00edticos Veracruz"},"image":{"@id":"https:\/\/lospoliticosveracruz.com\/#\/schema\/logo\/image\/"},"sameAs":["https:\/\/www.facebook.com\/people\/Notimemes-de-los-Polticos\/61565672886568\/","https:\/\/x.com\/LosPoliticosVer"]},{"@type":"Person","@id":"https:\/\/lospoliticosveracruz.com\/#\/schema\/person\/b8702bb0e538456e6efd07080bf2a4a2","name":"Lo viste en Los Pol\u00edticos","image":{"@type":"ImageObject","inLanguage":"es","@id":"https:\/\/secure.gravatar.com\/avatar\/3a8de04a2656d44082be478bd6c086daa447c4651605818287b9532d3d0bd435?s=96&d=mm&r=g","url":"https:\/\/secure.gravatar.com\/avatar\/3a8de04a2656d44082be478bd6c086daa447c4651605818287b9532d3d0bd435?s=96&d=mm&r=g","contentUrl":"https:\/\/secure.gravatar.com\/avatar\/3a8de04a2656d44082be478bd6c086daa447c4651605818287b9532d3d0bd435?s=96&d=mm&r=g","caption":"Lo viste en Los Pol\u00edticos"},"url":"https:\/\/lospoliticosveracruz.com\/?author=2"}]}},"_links":{"self":[{"href":"https:\/\/lospoliticosveracruz.com\/index.php?rest_route=\/wp\/v2\/posts\/79963","targetHints":{"allow":["GET"]}}],"collection":[{"href":"https:\/\/lospoliticosveracruz.com\/index.php?rest_route=\/wp\/v2\/posts"}],"about":[{"href":"https:\/\/lospoliticosveracruz.com\/index.php?rest_route=\/wp\/v2\/types\/post"}],"author":[{"embeddable":true,"href":"https:\/\/lospoliticosveracruz.com\/index.php?rest_route=\/wp\/v2\/users\/2"}],"replies":[{"embeddable":true,"href":"https:\/\/lospoliticosveracruz.com\/index.php?rest_route=%2Fwp%2Fv2%2Fcomments&post=79963"}],"version-history":[{"count":1,"href":"https:\/\/lospoliticosveracruz.com\/index.php?rest_route=\/wp\/v2\/posts\/79963\/revisions"}],"predecessor-version":[{"id":79965,"href":"https:\/\/lospoliticosveracruz.com\/index.php?rest_route=\/wp\/v2\/posts\/79963\/revisions\/79965"}],"wp:attachment":[{"href":"https:\/\/lospoliticosveracruz.com\/index.php?rest_route=%2Fwp%2Fv2%2Fmedia&parent=79963"}],"wp:term":[{"taxonomy":"category","embeddable":true,"href":"https:\/\/lospoliticosveracruz.com\/index.php?rest_route=%2Fwp%2Fv2%2Fcategories&post=79963"},{"taxonomy":"post_tag","embeddable":true,"href":"https:\/\/lospoliticosveracruz.com\/index.php?rest_route=%2Fwp%2Fv2%2Ftags&post=79963"}],"curies":[{"name":"wp","href":"https:\/\/api.w.org\/{rel}","templated":true}]}}