{"id":80009,"date":"2021-09-29T10:28:07","date_gmt":"2021-09-29T15:28:07","guid":{"rendered":"https:\/\/lospoliticosveracruz.com.mx\/?p=80009"},"modified":"2021-09-29T10:28:21","modified_gmt":"2021-09-29T15:28:21","slug":"recursos-para-universidades-labor-legislativa","status":"publish","type":"post","link":"https:\/\/lospoliticosveracruz.com\/?p=80009","title":{"rendered":"Recursos para universidades, labor Legislativa"},"content":{"rendered":"\n<p>Ignacio Alvarez<\/p>\n\n\n\n<p>Pluma Negra<\/p>\n\n\n\n<p><\/p>\n\n\n\n<p>La presi\u00f3n de los sindicatos de educaci\u00f3n superior, surti\u00f3&nbsp;efecto y en la XXII Asamblea General Ordinaria de la Confederaci\u00f3n Nacional de Trabajadores Universitarios (CONTU), la directora general de Educaci\u00f3n Superior Universitaria, Carmen Enedina Rodr\u00edguez Armenta; adelant\u00f3&nbsp;que se modificar\u00e1&nbsp;el convenio&nbsp;con los gobiernos estatales para que se aun obligaci\u00f3n la aportaci\u00f3n de recursos a la educaci\u00f3n superior p\u00fablica.<\/p>\n\n\n\n<p>Y es que es com\u00fan que los estados del pa\u00eds, los gobernadores en especial se hacen de la vista gorda para no aportar y dejar sola a la federaci\u00f3n, es el caso de la Universidad Veracruzana que con frecuencia es ignorada y le entregan los recursos a cuenta gotas.<\/p>\n\n\n\n<p>Por eso, en el gobierno de la 4T, al parecer se pretende apretar las tuercas y sostuvo la funcionaria de la SEP,&nbsp;\u201dsabemos que la soluci\u00f3n es en conjunto y creo que el problema fundamental es que los gobiernos estatales no otorgan los recursos que deber\u00edan otorgar por ley y, de acuerdo al convenio marco con el que se entrega el recurso, tiene que ser 50 por ciento el Estado, 50 por ciento la Federaci\u00f3n\u201d.<\/p>\n\n\n\n<p>Y es que s\u00f3lo&nbsp;nueve estados de la Rep\u00fablica realizan puntualmente la entrega de los recursos. Veracruz es&nbsp;delos estados que en su&nbsp;Congreso del Estado tiene una ley que da autonom\u00eda financiera a su universidad.<\/p>\n\n\n\n<p>Pero hay otras entidades que est\u00e1n peor,&nbsp;como San Luis Potos\u00ed&nbsp;s\u00f3lo entrega el 10 por ciento, Yucat\u00e1n entrega el 11 por ciento, Oaxaca el 12 por ciento,&nbsp;lo que coloca a las universidades p\u00fablicas en desventaja y es el gobierno federal el que tiene que aportar el presupuesto.<\/p>\n\n\n\n<p>En otras entidades como&nbsp;Michoac\u00e1n, Nayarit, Chiapas, Colima, Zacatecas y Morelos, las universidades p\u00fablicas est\u00e1n de plano en crisis, porque la aportaci\u00f3n de los gobiernos estatales es nula.<\/p>\n\n\n\n<p>En esa reuni\u00f3n,&nbsp;el secretario general de la CONTU, Enrique Levet Gorozpe, quien es el dirigente magisterial de la UV, han generado medidas de presi\u00f3n en esas entidades para que se revierta lo que se considera como una violaci\u00f3n a los derechos de los j\u00f3venes para contar con educaci\u00f3n superior en sus entidades.<\/p>\n\n\n\n<p>Labor Legislativa de Jim\u00e9nez<\/p>\n\n\n\n<p>El Presidente de la Comisi\u00f3n de Seguridad P\u00fablica en el Congreso Local,&nbsp;Carlos Jim\u00e9nez D\u00edaz,&nbsp;al\u00edas el&nbsp;Potrillo&nbsp;se ha puesto las pilas y en los&nbsp;\u00faltimos meses de su gesti\u00f3n mantiene una comunicaci\u00f3n con los ediles electos y es el interlocutor con la Secretar\u00eda de Seguridad P\u00fablica Estatal para capacitar a las pr\u00f3ximas autoridades en un tema sensible para la sociedad.<\/p>\n\n\n\n<p>En la actual Legislatura, la Ley de Seguridad P\u00fablica del Estado de Veracruz, ha registrado&nbsp;adecuaciones y modificaciones que permiten atender de con m\u00e1s eficacia un problema fuerte en Veracruz que es la inseguridad que se refleja en los&nbsp;\u00edndices de delitos como asaltos, robo de autos, homicidios, feminicidios y dem\u00e1s actos al margen de la ley.&nbsp;<\/p>\n\n\n\n<p>El Congreso,&nbsp;trabaj\u00f3&nbsp;en la nueva Ley Estatal de Seguridad P\u00fablica, enviada por el&nbsp;Ejecutivo&nbsp;y las modificaciones al&nbsp;C\u00f3digo&nbsp;Penal, &nbsp;para que quienes&nbsp;aplican la ley, tengan las herramientas necesarias para poder procesar a quien cometa un il\u00edcito&nbsp;en apego a los derechos humanos.&nbsp;<\/p>\n\n\n\n<p>La coordinaci\u00f3n entre las dependencias federales y estatales encargadas del&nbsp;\u00e1rea est\u00e1&nbsp;rindiendo frutos pues, a nivel nacional, de acuerdo con informaci\u00f3n publicada por la Encuesta Nacional de Victimizaci\u00f3n y Percepci\u00f3n sobre Seguridad P\u00fablica (ENVIPE) del Instituto Nacional de Estad\u00edstica y Geograf\u00eda (INEGI) est\u00e1&nbsp;semana, Veracruz en el 2020 se encontraba rankeado como el&nbsp;segundo estado m\u00e1s seguro del pa\u00eds.&nbsp;<\/p>\n","protected":false},"excerpt":{"rendered":"<p>Ignacio Alvarez Pluma Negra La presi\u00f3n de los sindicatos de educaci\u00f3n superior, surti\u00f3&nbsp;efecto y en la XXII Asamblea General Ordinaria de la Confederaci\u00f3n Nacional de Trabajadores Universitarios (CONTU), la directora general de Educaci\u00f3n Superior Universitaria, Carmen Enedina Rodr\u00edguez Armenta; adelant\u00f3&nbsp;que se modificar\u00e1&nbsp;el convenio&nbsp;con los gobiernos estatales para que se aun obligaci\u00f3n la aportaci\u00f3n de recursos [&hellip;]<\/p>\n","protected":false},"author":2,"featured_media":0,"comment_status":"closed","ping_status":"closed","sticky":false,"template":"","format":"standard","meta":{"tdm_status":"","tdm_grid_status":"","footnotes":""},"categories":[70],"tags":[17426,30608,15845,30607,1278,6352,219],"class_list":{"0":"post-80009","1":"post","2":"type-post","3":"status-publish","4":"format-standard","6":"category-de-opinion","7":"tag-4t","8":"tag-carmen-enedina-rodriguez-armenta","9":"tag-contu","10":"tag-educacion-superior-universitaria","11":"tag-enrique-levet-gorozpe","12":"tag-sep","13":"tag-universidad-veracruzana"},"yoast_head":"<!-- This site is optimized with the Yoast SEO plugin v27.4 - https:\/\/yoast.com\/product\/yoast-seo-wordpress\/ -->\n<title>Recursos para universidades, labor Legislativa - Los pol\u00edticos Veracruz<\/title>\n<meta name=\"robots\" content=\"index, follow, max-snippet:-1, max-image-preview:large, max-video-preview:-1\" \/>\n<link rel=\"canonical\" href=\"https:\/\/lospoliticosveracruz.com\/?p=80009\" \/>\n<meta property=\"og:locale\" content=\"es_ES\" \/>\n<meta property=\"og:type\" content=\"article\" \/>\n<meta property=\"og:title\" content=\"Recursos para universidades, labor Legislativa - Los pol\u00edticos Veracruz\" \/>\n<meta property=\"og:description\" content=\"Ignacio Alvarez Pluma Negra La presi\u00f3n de los sindicatos de educaci\u00f3n superior, surti\u00f3&nbsp;efecto y en la XXII Asamblea General Ordinaria de la Confederaci\u00f3n Nacional de Trabajadores Universitarios (CONTU), la directora general de Educaci\u00f3n Superior Universitaria, Carmen Enedina Rodr\u00edguez Armenta; adelant\u00f3&nbsp;que se modificar\u00e1&nbsp;el convenio&nbsp;con los gobiernos estatales para que se aun obligaci\u00f3n la aportaci\u00f3n de recursos [&hellip;]\" \/>\n<meta property=\"og:url\" content=\"https:\/\/lospoliticosveracruz.com\/?p=80009\" \/>\n<meta property=\"og:site_name\" content=\"Los pol\u00edticos Veracruz\" \/>\n<meta property=\"article:publisher\" content=\"https:\/\/www.facebook.com\/people\/Notimemes-de-los-Polticos\/61565672886568\/\" \/>\n<meta property=\"article:published_time\" content=\"2021-09-29T15:28:07+00:00\" \/>\n<meta property=\"article:modified_time\" content=\"2021-09-29T15:28:21+00:00\" \/>\n<meta property=\"og:image\" content=\"https:\/\/lospoliticosveracruz.com\/wp-content\/uploads\/2016\/07\/Logo-Dor.jpg\" \/>\n\t<meta property=\"og:image:width\" content=\"200\" \/>\n\t<meta property=\"og:image:height\" content=\"200\" \/>\n\t<meta property=\"og:image:type\" content=\"image\/jpeg\" \/>\n<meta name=\"author\" content=\"Lo viste en Los Pol\u00edticos\" \/>\n<meta name=\"twitter:card\" content=\"summary_large_image\" \/>\n<meta name=\"twitter:creator\" content=\"@LosPoliticosVer\" \/>\n<meta name=\"twitter:site\" content=\"@LosPoliticosVer\" \/>\n<meta name=\"twitter:label1\" content=\"Escrito por\" \/>\n\t<meta name=\"twitter:data1\" content=\"Lo viste en Los Pol\u00edticos\" \/>\n\t<meta name=\"twitter:label2\" content=\"Tiempo de lectura\" \/>\n\t<meta name=\"twitter:data2\" content=\"3 minutos\" \/>\n<script type=\"application\/ld+json\" class=\"yoast-schema-graph\">{\"@context\":\"https:\\\/\\\/schema.org\",\"@graph\":[{\"@type\":\"Article\",\"@id\":\"https:\\\/\\\/lospoliticosveracruz.com\\\/?p=80009#article\",\"isPartOf\":{\"@id\":\"https:\\\/\\\/lospoliticosveracruz.com\\\/?p=80009\"},\"author\":{\"name\":\"Lo viste en Los Pol\u00edticos\",\"@id\":\"https:\\\/\\\/lospoliticosveracruz.com\\\/#\\\/schema\\\/person\\\/b8702bb0e538456e6efd07080bf2a4a2\"},\"headline\":\"Recursos para universidades, labor Legislativa\",\"datePublished\":\"2021-09-29T15:28:07+00:00\",\"dateModified\":\"2021-09-29T15:28:21+00:00\",\"mainEntityOfPage\":{\"@id\":\"https:\\\/\\\/lospoliticosveracruz.com\\\/?p=80009\"},\"wordCount\":674,\"publisher\":{\"@id\":\"https:\\\/\\\/lospoliticosveracruz.com\\\/#organization\"},\"keywords\":[\"4T\",\"Carmen Enedina Rodr\u00edguez Armenta\",\"Contu\",\"Educaci\u00f3n Superior Universitaria\",\"Enrique Levet Gorozpe\",\"SEP\",\"Universidad Veracruzana\"],\"articleSection\":[\"De Opini\u00f3n\"],\"inLanguage\":\"es\"},{\"@type\":\"WebPage\",\"@id\":\"https:\\\/\\\/lospoliticosveracruz.com\\\/?p=80009\",\"url\":\"https:\\\/\\\/lospoliticosveracruz.com\\\/?p=80009\",\"name\":\"Recursos para universidades, labor Legislativa - Los pol\u00edticos Veracruz\",\"isPartOf\":{\"@id\":\"https:\\\/\\\/lospoliticosveracruz.com\\\/#website\"},\"datePublished\":\"2021-09-29T15:28:07+00:00\",\"dateModified\":\"2021-09-29T15:28:21+00:00\",\"breadcrumb\":{\"@id\":\"https:\\\/\\\/lospoliticosveracruz.com\\\/?p=80009#breadcrumb\"},\"inLanguage\":\"es\",\"potentialAction\":[{\"@type\":\"ReadAction\",\"target\":[\"https:\\\/\\\/lospoliticosveracruz.com\\\/?p=80009\"]}]},{\"@type\":\"BreadcrumbList\",\"@id\":\"https:\\\/\\\/lospoliticosveracruz.com\\\/?p=80009#breadcrumb\",\"itemListElement\":[{\"@type\":\"ListItem\",\"position\":1,\"name\":\"Portada\",\"item\":\"https:\\\/\\\/lospoliticosveracruz.com\\\/\"},{\"@type\":\"ListItem\",\"position\":2,\"name\":\"Recursos para universidades, labor Legislativa\"}]},{\"@type\":\"WebSite\",\"@id\":\"https:\\\/\\\/lospoliticosveracruz.com\\\/#website\",\"url\":\"https:\\\/\\\/lospoliticosveracruz.com\\\/\",\"name\":\"Los pol\u00edticos Veracruz\",\"description\":\"\",\"publisher\":{\"@id\":\"https:\\\/\\\/lospoliticosveracruz.com\\\/#organization\"},\"potentialAction\":[{\"@type\":\"SearchAction\",\"target\":{\"@type\":\"EntryPoint\",\"urlTemplate\":\"https:\\\/\\\/lospoliticosveracruz.com\\\/?s={search_term_string}\"},\"query-input\":{\"@type\":\"PropertyValueSpecification\",\"valueRequired\":true,\"valueName\":\"search_term_string\"}}],\"inLanguage\":\"es\"},{\"@type\":\"Organization\",\"@id\":\"https:\\\/\\\/lospoliticosveracruz.com\\\/#organization\",\"name\":\"Los pol\u00edticos Veracruz\",\"url\":\"https:\\\/\\\/lospoliticosveracruz.com\\\/\",\"logo\":{\"@type\":\"ImageObject\",\"inLanguage\":\"es\",\"@id\":\"https:\\\/\\\/lospoliticosveracruz.com\\\/#\\\/schema\\\/logo\\\/image\\\/\",\"url\":\"https:\\\/\\\/lospoliticosveracruz.com\\\/wp-content\\\/uploads\\\/2025\\\/12\\\/Logo-Nuevo-LOS-POLITICOS-1.jpg\",\"contentUrl\":\"https:\\\/\\\/lospoliticosveracruz.com\\\/wp-content\\\/uploads\\\/2025\\\/12\\\/Logo-Nuevo-LOS-POLITICOS-1.jpg\",\"width\":260,\"height\":70,\"caption\":\"Los pol\u00edticos Veracruz\"},\"image\":{\"@id\":\"https:\\\/\\\/lospoliticosveracruz.com\\\/#\\\/schema\\\/logo\\\/image\\\/\"},\"sameAs\":[\"https:\\\/\\\/www.facebook.com\\\/people\\\/Notimemes-de-los-Polticos\\\/61565672886568\\\/\",\"https:\\\/\\\/x.com\\\/LosPoliticosVer\"]},{\"@type\":\"Person\",\"@id\":\"https:\\\/\\\/lospoliticosveracruz.com\\\/#\\\/schema\\\/person\\\/b8702bb0e538456e6efd07080bf2a4a2\",\"name\":\"Lo viste en Los Pol\u00edticos\",\"image\":{\"@type\":\"ImageObject\",\"inLanguage\":\"es\",\"@id\":\"https:\\\/\\\/secure.gravatar.com\\\/avatar\\\/3a8de04a2656d44082be478bd6c086daa447c4651605818287b9532d3d0bd435?s=96&d=mm&r=g\",\"url\":\"https:\\\/\\\/secure.gravatar.com\\\/avatar\\\/3a8de04a2656d44082be478bd6c086daa447c4651605818287b9532d3d0bd435?s=96&d=mm&r=g\",\"contentUrl\":\"https:\\\/\\\/secure.gravatar.com\\\/avatar\\\/3a8de04a2656d44082be478bd6c086daa447c4651605818287b9532d3d0bd435?s=96&d=mm&r=g\",\"caption\":\"Lo viste en Los Pol\u00edticos\"},\"url\":\"https:\\\/\\\/lospoliticosveracruz.com\\\/?author=2\"}]}<\/script>\n<!-- \/ Yoast SEO plugin. -->","yoast_head_json":{"title":"Recursos para universidades, labor Legislativa - Los pol\u00edticos Veracruz","robots":{"index":"index","follow":"follow","max-snippet":"max-snippet:-1","max-image-preview":"max-image-preview:large","max-video-preview":"max-video-preview:-1"},"canonical":"https:\/\/lospoliticosveracruz.com\/?p=80009","og_locale":"es_ES","og_type":"article","og_title":"Recursos para universidades, labor Legislativa - Los pol\u00edticos Veracruz","og_description":"Ignacio Alvarez Pluma Negra La presi\u00f3n de los sindicatos de educaci\u00f3n superior, surti\u00f3&nbsp;efecto y en la XXII Asamblea General Ordinaria de la Confederaci\u00f3n Nacional de Trabajadores Universitarios (CONTU), la directora general de Educaci\u00f3n Superior Universitaria, Carmen Enedina Rodr\u00edguez Armenta; adelant\u00f3&nbsp;que se modificar\u00e1&nbsp;el convenio&nbsp;con los gobiernos estatales para que se aun obligaci\u00f3n la aportaci\u00f3n de recursos [&hellip;]","og_url":"https:\/\/lospoliticosveracruz.com\/?p=80009","og_site_name":"Los pol\u00edticos Veracruz","article_publisher":"https:\/\/www.facebook.com\/people\/Notimemes-de-los-Polticos\/61565672886568\/","article_published_time":"2021-09-29T15:28:07+00:00","article_modified_time":"2021-09-29T15:28:21+00:00","og_image":[{"width":200,"height":200,"url":"https:\/\/lospoliticosveracruz.com\/wp-content\/uploads\/2016\/07\/Logo-Dor.jpg","type":"image\/jpeg"}],"author":"Lo viste en Los Pol\u00edticos","twitter_card":"summary_large_image","twitter_creator":"@LosPoliticosVer","twitter_site":"@LosPoliticosVer","twitter_misc":{"Escrito por":"Lo viste en Los Pol\u00edticos","Tiempo de lectura":"3 minutos"},"schema":{"@context":"https:\/\/schema.org","@graph":[{"@type":"Article","@id":"https:\/\/lospoliticosveracruz.com\/?p=80009#article","isPartOf":{"@id":"https:\/\/lospoliticosveracruz.com\/?p=80009"},"author":{"name":"Lo viste en Los Pol\u00edticos","@id":"https:\/\/lospoliticosveracruz.com\/#\/schema\/person\/b8702bb0e538456e6efd07080bf2a4a2"},"headline":"Recursos para universidades, labor Legislativa","datePublished":"2021-09-29T15:28:07+00:00","dateModified":"2021-09-29T15:28:21+00:00","mainEntityOfPage":{"@id":"https:\/\/lospoliticosveracruz.com\/?p=80009"},"wordCount":674,"publisher":{"@id":"https:\/\/lospoliticosveracruz.com\/#organization"},"keywords":["4T","Carmen Enedina Rodr\u00edguez Armenta","Contu","Educaci\u00f3n Superior Universitaria","Enrique Levet Gorozpe","SEP","Universidad Veracruzana"],"articleSection":["De Opini\u00f3n"],"inLanguage":"es"},{"@type":"WebPage","@id":"https:\/\/lospoliticosveracruz.com\/?p=80009","url":"https:\/\/lospoliticosveracruz.com\/?p=80009","name":"Recursos para universidades, labor Legislativa - Los pol\u00edticos Veracruz","isPartOf":{"@id":"https:\/\/lospoliticosveracruz.com\/#website"},"datePublished":"2021-09-29T15:28:07+00:00","dateModified":"2021-09-29T15:28:21+00:00","breadcrumb":{"@id":"https:\/\/lospoliticosveracruz.com\/?p=80009#breadcrumb"},"inLanguage":"es","potentialAction":[{"@type":"ReadAction","target":["https:\/\/lospoliticosveracruz.com\/?p=80009"]}]},{"@type":"BreadcrumbList","@id":"https:\/\/lospoliticosveracruz.com\/?p=80009#breadcrumb","itemListElement":[{"@type":"ListItem","position":1,"name":"Portada","item":"https:\/\/lospoliticosveracruz.com\/"},{"@type":"ListItem","position":2,"name":"Recursos para universidades, labor Legislativa"}]},{"@type":"WebSite","@id":"https:\/\/lospoliticosveracruz.com\/#website","url":"https:\/\/lospoliticosveracruz.com\/","name":"Los pol\u00edticos Veracruz","description":"","publisher":{"@id":"https:\/\/lospoliticosveracruz.com\/#organization"},"potentialAction":[{"@type":"SearchAction","target":{"@type":"EntryPoint","urlTemplate":"https:\/\/lospoliticosveracruz.com\/?s={search_term_string}"},"query-input":{"@type":"PropertyValueSpecification","valueRequired":true,"valueName":"search_term_string"}}],"inLanguage":"es"},{"@type":"Organization","@id":"https:\/\/lospoliticosveracruz.com\/#organization","name":"Los pol\u00edticos Veracruz","url":"https:\/\/lospoliticosveracruz.com\/","logo":{"@type":"ImageObject","inLanguage":"es","@id":"https:\/\/lospoliticosveracruz.com\/#\/schema\/logo\/image\/","url":"https:\/\/lospoliticosveracruz.com\/wp-content\/uploads\/2025\/12\/Logo-Nuevo-LOS-POLITICOS-1.jpg","contentUrl":"https:\/\/lospoliticosveracruz.com\/wp-content\/uploads\/2025\/12\/Logo-Nuevo-LOS-POLITICOS-1.jpg","width":260,"height":70,"caption":"Los pol\u00edticos Veracruz"},"image":{"@id":"https:\/\/lospoliticosveracruz.com\/#\/schema\/logo\/image\/"},"sameAs":["https:\/\/www.facebook.com\/people\/Notimemes-de-los-Polticos\/61565672886568\/","https:\/\/x.com\/LosPoliticosVer"]},{"@type":"Person","@id":"https:\/\/lospoliticosveracruz.com\/#\/schema\/person\/b8702bb0e538456e6efd07080bf2a4a2","name":"Lo viste en Los Pol\u00edticos","image":{"@type":"ImageObject","inLanguage":"es","@id":"https:\/\/secure.gravatar.com\/avatar\/3a8de04a2656d44082be478bd6c086daa447c4651605818287b9532d3d0bd435?s=96&d=mm&r=g","url":"https:\/\/secure.gravatar.com\/avatar\/3a8de04a2656d44082be478bd6c086daa447c4651605818287b9532d3d0bd435?s=96&d=mm&r=g","contentUrl":"https:\/\/secure.gravatar.com\/avatar\/3a8de04a2656d44082be478bd6c086daa447c4651605818287b9532d3d0bd435?s=96&d=mm&r=g","caption":"Lo viste en Los Pol\u00edticos"},"url":"https:\/\/lospoliticosveracruz.com\/?author=2"}]}},"_links":{"self":[{"href":"https:\/\/lospoliticosveracruz.com\/index.php?rest_route=\/wp\/v2\/posts\/80009","targetHints":{"allow":["GET"]}}],"collection":[{"href":"https:\/\/lospoliticosveracruz.com\/index.php?rest_route=\/wp\/v2\/posts"}],"about":[{"href":"https:\/\/lospoliticosveracruz.com\/index.php?rest_route=\/wp\/v2\/types\/post"}],"author":[{"embeddable":true,"href":"https:\/\/lospoliticosveracruz.com\/index.php?rest_route=\/wp\/v2\/users\/2"}],"replies":[{"embeddable":true,"href":"https:\/\/lospoliticosveracruz.com\/index.php?rest_route=%2Fwp%2Fv2%2Fcomments&post=80009"}],"version-history":[{"count":1,"href":"https:\/\/lospoliticosveracruz.com\/index.php?rest_route=\/wp\/v2\/posts\/80009\/revisions"}],"predecessor-version":[{"id":80011,"href":"https:\/\/lospoliticosveracruz.com\/index.php?rest_route=\/wp\/v2\/posts\/80009\/revisions\/80011"}],"wp:attachment":[{"href":"https:\/\/lospoliticosveracruz.com\/index.php?rest_route=%2Fwp%2Fv2%2Fmedia&parent=80009"}],"wp:term":[{"taxonomy":"category","embeddable":true,"href":"https:\/\/lospoliticosveracruz.com\/index.php?rest_route=%2Fwp%2Fv2%2Fcategories&post=80009"},{"taxonomy":"post_tag","embeddable":true,"href":"https:\/\/lospoliticosveracruz.com\/index.php?rest_route=%2Fwp%2Fv2%2Ftags&post=80009"}],"curies":[{"name":"wp","href":"https:\/\/api.w.org\/{rel}","templated":true}]}}