{"id":80012,"date":"2021-09-29T11:00:42","date_gmt":"2021-09-29T16:00:42","guid":{"rendered":"https:\/\/lospoliticosveracruz.com.mx\/?p=80012"},"modified":"2021-09-29T12:32:16","modified_gmt":"2021-09-29T17:32:16","slug":"coordinanaran-esfuerzos-por-las-familias-portenas","status":"publish","type":"post","link":"https:\/\/lospoliticosveracruz.com\/?p=80012","title":{"rendered":"Coordinar\u00e1n esfuerzos por las familias porte\u00f1as"},"content":{"rendered":"\n<p><\/p>\n\n\n\n<p><strong>Veracruz<\/strong><br>Patricia Lobeira de Yunes, Presidenta Municipal electa del Puerto de Veracruz, est\u00e1 convencida de que mejorar la calidad de vida de las personas es un objetivo por el que sociedad y gobierno deben trabajar unidos y as\u00ed lo har\u00e1 en el municipio porte\u00f1o.<\/p>\n\n\n\n<p>As\u00ed lo manifest\u00f3 al sostener una reuni\u00f3n con integrantes de la Asociaci\u00f3n Nacional Pro Superaci\u00f3n Personal Asociaci\u00f3n Civil (ANSPAC), a quienes le reafirm\u00f3 su compromiso de conjuntar esfuerzos para el desarrollo y el bien com\u00fan de las familias veracruzanas.<\/p>\n\n\n\n<p>\u201cCreo que es parte fundamental, sobre todo ahorita en estos tiempos que han sido complicado, no s\u00f3lo por la pandemia, sino por la situaci\u00f3n actual que se vive en M\u00e9xico en todos los sentidos y hace falta realizar este trabajo de la mano con los organismos sociales\u201d, afirm\u00f3.<\/p>\n\n\n\n<p>Paty Lobeira les agradeci\u00f3 la invitaci\u00f3n para visitar sus instalaciones y conocer a sus integrantes. \u201cSin duda continuaremos realizando acciones en conjunto para fortalecer el tejido social de nuestra ciudad\u201d, dijo.<\/p>\n\n\n\n<p>Por su parte la Presidenta de ANSPAC Veracruz, Patricia Keren, le manifest\u00f3 a la Alcaldesa electa su total a apoyo en la labor que emprender\u00e1 a partir del pr\u00f3ximo a\u00f1o al frente del Ayuntamiento de Veracruz.<\/p>\n\n\n\n<p>ANSPAC tiene 25 a\u00f1os en Veracruz, con presencia en todo M\u00e9xico, y en pa\u00edses de Centro y Sudam\u00e9rica, Estados Unidos y en Madrid, Espa\u00f1a, y tiene como misi\u00f3n promover el desarrollo y superaci\u00f3n de la persona y contribuir a tener una vida familiar m\u00e1s estable para el mejoramiento de su entorno a trav\u00e9s de cursos y talleres a mujeres, j\u00f3venes y trabajadores de las empresas, con programas de formaci\u00f3n humana.<\/p>\n","protected":false},"excerpt":{"rendered":"<p>VeracruzPatricia Lobeira de Yunes, Presidenta Municipal electa del Puerto de Veracruz, est\u00e1 convencida de que mejorar la calidad de vida de las personas es un objetivo por el que sociedad y gobierno deben trabajar unidos y as\u00ed lo har\u00e1 en el municipio porte\u00f1o. As\u00ed lo manifest\u00f3 al sostener una reuni\u00f3n con integrantes de la Asociaci\u00f3n [&hellip;]<\/p>\n","protected":false},"author":2,"featured_media":0,"comment_status":"closed","ping_status":"closed","sticky":false,"template":"","format":"standard","meta":{"tdm_status":"","tdm_grid_status":"","footnotes":""},"categories":[73],"tags":[28226,195],"class_list":{"0":"post-80012","1":"post","2":"type-post","3":"status-publish","4":"format-standard","6":"category-de-boleto","7":"tag-paty-lobeira-de-yunes","8":"tag-veracruz"},"yoast_head":"<!-- This site is optimized with the Yoast SEO plugin v27.4 - https:\/\/yoast.com\/product\/yoast-seo-wordpress\/ -->\n<title>Coordinar\u00e1n esfuerzos por las familias porte\u00f1as - Los pol\u00edticos Veracruz<\/title>\n<meta name=\"robots\" content=\"index, follow, max-snippet:-1, max-image-preview:large, max-video-preview:-1\" \/>\n<link rel=\"canonical\" href=\"https:\/\/lospoliticosveracruz.com\/?p=80012\" \/>\n<meta property=\"og:locale\" content=\"es_ES\" \/>\n<meta property=\"og:type\" content=\"article\" \/>\n<meta property=\"og:title\" content=\"Coordinar\u00e1n esfuerzos por las familias porte\u00f1as - Los pol\u00edticos Veracruz\" \/>\n<meta property=\"og:description\" content=\"VeracruzPatricia Lobeira de Yunes, Presidenta Municipal electa del Puerto de Veracruz, est\u00e1 convencida de que mejorar la calidad de vida de las personas es un objetivo por el que sociedad y gobierno deben trabajar unidos y as\u00ed lo har\u00e1 en el municipio porte\u00f1o. As\u00ed lo manifest\u00f3 al sostener una reuni\u00f3n con integrantes de la Asociaci\u00f3n [&hellip;]\" \/>\n<meta property=\"og:url\" content=\"https:\/\/lospoliticosveracruz.com\/?p=80012\" \/>\n<meta property=\"og:site_name\" content=\"Los pol\u00edticos Veracruz\" \/>\n<meta property=\"article:publisher\" content=\"https:\/\/www.facebook.com\/people\/Notimemes-de-los-Polticos\/61565672886568\/\" \/>\n<meta property=\"article:published_time\" content=\"2021-09-29T16:00:42+00:00\" \/>\n<meta property=\"article:modified_time\" content=\"2021-09-29T17:32:16+00:00\" \/>\n<meta property=\"og:image\" content=\"https:\/\/lospoliticosveracruz.com\/wp-content\/uploads\/2016\/07\/Logo-Dor.jpg\" \/>\n\t<meta property=\"og:image:width\" content=\"200\" \/>\n\t<meta property=\"og:image:height\" content=\"200\" \/>\n\t<meta property=\"og:image:type\" content=\"image\/jpeg\" \/>\n<meta name=\"author\" content=\"Lo viste en Los Pol\u00edticos\" \/>\n<meta name=\"twitter:card\" content=\"summary_large_image\" \/>\n<meta name=\"twitter:creator\" content=\"@LosPoliticosVer\" \/>\n<meta name=\"twitter:site\" content=\"@LosPoliticosVer\" \/>\n<meta name=\"twitter:label1\" content=\"Escrito por\" \/>\n\t<meta name=\"twitter:data1\" content=\"Lo viste en Los Pol\u00edticos\" \/>\n\t<meta name=\"twitter:label2\" content=\"Tiempo de lectura\" \/>\n\t<meta name=\"twitter:data2\" content=\"1 minuto\" \/>\n<script type=\"application\/ld+json\" class=\"yoast-schema-graph\">{\"@context\":\"https:\\\/\\\/schema.org\",\"@graph\":[{\"@type\":\"Article\",\"@id\":\"https:\\\/\\\/lospoliticosveracruz.com\\\/?p=80012#article\",\"isPartOf\":{\"@id\":\"https:\\\/\\\/lospoliticosveracruz.com\\\/?p=80012\"},\"author\":{\"name\":\"Lo viste en Los Pol\u00edticos\",\"@id\":\"https:\\\/\\\/lospoliticosveracruz.com\\\/#\\\/schema\\\/person\\\/b8702bb0e538456e6efd07080bf2a4a2\"},\"headline\":\"Coordinar\u00e1n esfuerzos por las familias porte\u00f1as\",\"datePublished\":\"2021-09-29T16:00:42+00:00\",\"dateModified\":\"2021-09-29T17:32:16+00:00\",\"mainEntityOfPage\":{\"@id\":\"https:\\\/\\\/lospoliticosveracruz.com\\\/?p=80012\"},\"wordCount\":298,\"publisher\":{\"@id\":\"https:\\\/\\\/lospoliticosveracruz.com\\\/#organization\"},\"keywords\":[\"Paty Lobeira de Yunes\",\"Veracruz\"],\"articleSection\":[\"De Boleto\"],\"inLanguage\":\"es\"},{\"@type\":\"WebPage\",\"@id\":\"https:\\\/\\\/lospoliticosveracruz.com\\\/?p=80012\",\"url\":\"https:\\\/\\\/lospoliticosveracruz.com\\\/?p=80012\",\"name\":\"Coordinar\u00e1n esfuerzos por las familias porte\u00f1as - Los pol\u00edticos Veracruz\",\"isPartOf\":{\"@id\":\"https:\\\/\\\/lospoliticosveracruz.com\\\/#website\"},\"datePublished\":\"2021-09-29T16:00:42+00:00\",\"dateModified\":\"2021-09-29T17:32:16+00:00\",\"breadcrumb\":{\"@id\":\"https:\\\/\\\/lospoliticosveracruz.com\\\/?p=80012#breadcrumb\"},\"inLanguage\":\"es\",\"potentialAction\":[{\"@type\":\"ReadAction\",\"target\":[\"https:\\\/\\\/lospoliticosveracruz.com\\\/?p=80012\"]}]},{\"@type\":\"BreadcrumbList\",\"@id\":\"https:\\\/\\\/lospoliticosveracruz.com\\\/?p=80012#breadcrumb\",\"itemListElement\":[{\"@type\":\"ListItem\",\"position\":1,\"name\":\"Portada\",\"item\":\"https:\\\/\\\/lospoliticosveracruz.com\\\/\"},{\"@type\":\"ListItem\",\"position\":2,\"name\":\"Coordinar\u00e1n esfuerzos por las familias porte\u00f1as\"}]},{\"@type\":\"WebSite\",\"@id\":\"https:\\\/\\\/lospoliticosveracruz.com\\\/#website\",\"url\":\"https:\\\/\\\/lospoliticosveracruz.com\\\/\",\"name\":\"Los pol\u00edticos Veracruz\",\"description\":\"\",\"publisher\":{\"@id\":\"https:\\\/\\\/lospoliticosveracruz.com\\\/#organization\"},\"potentialAction\":[{\"@type\":\"SearchAction\",\"target\":{\"@type\":\"EntryPoint\",\"urlTemplate\":\"https:\\\/\\\/lospoliticosveracruz.com\\\/?s={search_term_string}\"},\"query-input\":{\"@type\":\"PropertyValueSpecification\",\"valueRequired\":true,\"valueName\":\"search_term_string\"}}],\"inLanguage\":\"es\"},{\"@type\":\"Organization\",\"@id\":\"https:\\\/\\\/lospoliticosveracruz.com\\\/#organization\",\"name\":\"Los pol\u00edticos Veracruz\",\"url\":\"https:\\\/\\\/lospoliticosveracruz.com\\\/\",\"logo\":{\"@type\":\"ImageObject\",\"inLanguage\":\"es\",\"@id\":\"https:\\\/\\\/lospoliticosveracruz.com\\\/#\\\/schema\\\/logo\\\/image\\\/\",\"url\":\"https:\\\/\\\/lospoliticosveracruz.com\\\/wp-content\\\/uploads\\\/2025\\\/12\\\/Logo-Nuevo-LOS-POLITICOS-1.jpg\",\"contentUrl\":\"https:\\\/\\\/lospoliticosveracruz.com\\\/wp-content\\\/uploads\\\/2025\\\/12\\\/Logo-Nuevo-LOS-POLITICOS-1.jpg\",\"width\":260,\"height\":70,\"caption\":\"Los pol\u00edticos Veracruz\"},\"image\":{\"@id\":\"https:\\\/\\\/lospoliticosveracruz.com\\\/#\\\/schema\\\/logo\\\/image\\\/\"},\"sameAs\":[\"https:\\\/\\\/www.facebook.com\\\/people\\\/Notimemes-de-los-Polticos\\\/61565672886568\\\/\",\"https:\\\/\\\/x.com\\\/LosPoliticosVer\"]},{\"@type\":\"Person\",\"@id\":\"https:\\\/\\\/lospoliticosveracruz.com\\\/#\\\/schema\\\/person\\\/b8702bb0e538456e6efd07080bf2a4a2\",\"name\":\"Lo viste en Los Pol\u00edticos\",\"image\":{\"@type\":\"ImageObject\",\"inLanguage\":\"es\",\"@id\":\"https:\\\/\\\/secure.gravatar.com\\\/avatar\\\/3a8de04a2656d44082be478bd6c086daa447c4651605818287b9532d3d0bd435?s=96&d=mm&r=g\",\"url\":\"https:\\\/\\\/secure.gravatar.com\\\/avatar\\\/3a8de04a2656d44082be478bd6c086daa447c4651605818287b9532d3d0bd435?s=96&d=mm&r=g\",\"contentUrl\":\"https:\\\/\\\/secure.gravatar.com\\\/avatar\\\/3a8de04a2656d44082be478bd6c086daa447c4651605818287b9532d3d0bd435?s=96&d=mm&r=g\",\"caption\":\"Lo viste en Los Pol\u00edticos\"},\"url\":\"https:\\\/\\\/lospoliticosveracruz.com\\\/?author=2\"}]}<\/script>\n<!-- \/ Yoast SEO plugin. -->","yoast_head_json":{"title":"Coordinar\u00e1n esfuerzos por las familias porte\u00f1as - Los pol\u00edticos Veracruz","robots":{"index":"index","follow":"follow","max-snippet":"max-snippet:-1","max-image-preview":"max-image-preview:large","max-video-preview":"max-video-preview:-1"},"canonical":"https:\/\/lospoliticosveracruz.com\/?p=80012","og_locale":"es_ES","og_type":"article","og_title":"Coordinar\u00e1n esfuerzos por las familias porte\u00f1as - Los pol\u00edticos Veracruz","og_description":"VeracruzPatricia Lobeira de Yunes, Presidenta Municipal electa del Puerto de Veracruz, est\u00e1 convencida de que mejorar la calidad de vida de las personas es un objetivo por el que sociedad y gobierno deben trabajar unidos y as\u00ed lo har\u00e1 en el municipio porte\u00f1o. As\u00ed lo manifest\u00f3 al sostener una reuni\u00f3n con integrantes de la Asociaci\u00f3n [&hellip;]","og_url":"https:\/\/lospoliticosveracruz.com\/?p=80012","og_site_name":"Los pol\u00edticos Veracruz","article_publisher":"https:\/\/www.facebook.com\/people\/Notimemes-de-los-Polticos\/61565672886568\/","article_published_time":"2021-09-29T16:00:42+00:00","article_modified_time":"2021-09-29T17:32:16+00:00","og_image":[{"width":200,"height":200,"url":"https:\/\/lospoliticosveracruz.com\/wp-content\/uploads\/2016\/07\/Logo-Dor.jpg","type":"image\/jpeg"}],"author":"Lo viste en Los Pol\u00edticos","twitter_card":"summary_large_image","twitter_creator":"@LosPoliticosVer","twitter_site":"@LosPoliticosVer","twitter_misc":{"Escrito por":"Lo viste en Los Pol\u00edticos","Tiempo de lectura":"1 minuto"},"schema":{"@context":"https:\/\/schema.org","@graph":[{"@type":"Article","@id":"https:\/\/lospoliticosveracruz.com\/?p=80012#article","isPartOf":{"@id":"https:\/\/lospoliticosveracruz.com\/?p=80012"},"author":{"name":"Lo viste en Los Pol\u00edticos","@id":"https:\/\/lospoliticosveracruz.com\/#\/schema\/person\/b8702bb0e538456e6efd07080bf2a4a2"},"headline":"Coordinar\u00e1n esfuerzos por las familias porte\u00f1as","datePublished":"2021-09-29T16:00:42+00:00","dateModified":"2021-09-29T17:32:16+00:00","mainEntityOfPage":{"@id":"https:\/\/lospoliticosveracruz.com\/?p=80012"},"wordCount":298,"publisher":{"@id":"https:\/\/lospoliticosveracruz.com\/#organization"},"keywords":["Paty Lobeira de Yunes","Veracruz"],"articleSection":["De Boleto"],"inLanguage":"es"},{"@type":"WebPage","@id":"https:\/\/lospoliticosveracruz.com\/?p=80012","url":"https:\/\/lospoliticosveracruz.com\/?p=80012","name":"Coordinar\u00e1n esfuerzos por las familias porte\u00f1as - Los pol\u00edticos Veracruz","isPartOf":{"@id":"https:\/\/lospoliticosveracruz.com\/#website"},"datePublished":"2021-09-29T16:00:42+00:00","dateModified":"2021-09-29T17:32:16+00:00","breadcrumb":{"@id":"https:\/\/lospoliticosveracruz.com\/?p=80012#breadcrumb"},"inLanguage":"es","potentialAction":[{"@type":"ReadAction","target":["https:\/\/lospoliticosveracruz.com\/?p=80012"]}]},{"@type":"BreadcrumbList","@id":"https:\/\/lospoliticosveracruz.com\/?p=80012#breadcrumb","itemListElement":[{"@type":"ListItem","position":1,"name":"Portada","item":"https:\/\/lospoliticosveracruz.com\/"},{"@type":"ListItem","position":2,"name":"Coordinar\u00e1n esfuerzos por las familias porte\u00f1as"}]},{"@type":"WebSite","@id":"https:\/\/lospoliticosveracruz.com\/#website","url":"https:\/\/lospoliticosveracruz.com\/","name":"Los pol\u00edticos Veracruz","description":"","publisher":{"@id":"https:\/\/lospoliticosveracruz.com\/#organization"},"potentialAction":[{"@type":"SearchAction","target":{"@type":"EntryPoint","urlTemplate":"https:\/\/lospoliticosveracruz.com\/?s={search_term_string}"},"query-input":{"@type":"PropertyValueSpecification","valueRequired":true,"valueName":"search_term_string"}}],"inLanguage":"es"},{"@type":"Organization","@id":"https:\/\/lospoliticosveracruz.com\/#organization","name":"Los pol\u00edticos Veracruz","url":"https:\/\/lospoliticosveracruz.com\/","logo":{"@type":"ImageObject","inLanguage":"es","@id":"https:\/\/lospoliticosveracruz.com\/#\/schema\/logo\/image\/","url":"https:\/\/lospoliticosveracruz.com\/wp-content\/uploads\/2025\/12\/Logo-Nuevo-LOS-POLITICOS-1.jpg","contentUrl":"https:\/\/lospoliticosveracruz.com\/wp-content\/uploads\/2025\/12\/Logo-Nuevo-LOS-POLITICOS-1.jpg","width":260,"height":70,"caption":"Los pol\u00edticos Veracruz"},"image":{"@id":"https:\/\/lospoliticosveracruz.com\/#\/schema\/logo\/image\/"},"sameAs":["https:\/\/www.facebook.com\/people\/Notimemes-de-los-Polticos\/61565672886568\/","https:\/\/x.com\/LosPoliticosVer"]},{"@type":"Person","@id":"https:\/\/lospoliticosveracruz.com\/#\/schema\/person\/b8702bb0e538456e6efd07080bf2a4a2","name":"Lo viste en Los Pol\u00edticos","image":{"@type":"ImageObject","inLanguage":"es","@id":"https:\/\/secure.gravatar.com\/avatar\/3a8de04a2656d44082be478bd6c086daa447c4651605818287b9532d3d0bd435?s=96&d=mm&r=g","url":"https:\/\/secure.gravatar.com\/avatar\/3a8de04a2656d44082be478bd6c086daa447c4651605818287b9532d3d0bd435?s=96&d=mm&r=g","contentUrl":"https:\/\/secure.gravatar.com\/avatar\/3a8de04a2656d44082be478bd6c086daa447c4651605818287b9532d3d0bd435?s=96&d=mm&r=g","caption":"Lo viste en Los Pol\u00edticos"},"url":"https:\/\/lospoliticosveracruz.com\/?author=2"}]}},"_links":{"self":[{"href":"https:\/\/lospoliticosveracruz.com\/index.php?rest_route=\/wp\/v2\/posts\/80012","targetHints":{"allow":["GET"]}}],"collection":[{"href":"https:\/\/lospoliticosveracruz.com\/index.php?rest_route=\/wp\/v2\/posts"}],"about":[{"href":"https:\/\/lospoliticosveracruz.com\/index.php?rest_route=\/wp\/v2\/types\/post"}],"author":[{"embeddable":true,"href":"https:\/\/lospoliticosveracruz.com\/index.php?rest_route=\/wp\/v2\/users\/2"}],"replies":[{"embeddable":true,"href":"https:\/\/lospoliticosveracruz.com\/index.php?rest_route=%2Fwp%2Fv2%2Fcomments&post=80012"}],"version-history":[{"count":2,"href":"https:\/\/lospoliticosveracruz.com\/index.php?rest_route=\/wp\/v2\/posts\/80012\/revisions"}],"predecessor-version":[{"id":80019,"href":"https:\/\/lospoliticosveracruz.com\/index.php?rest_route=\/wp\/v2\/posts\/80012\/revisions\/80019"}],"wp:attachment":[{"href":"https:\/\/lospoliticosveracruz.com\/index.php?rest_route=%2Fwp%2Fv2%2Fmedia&parent=80012"}],"wp:term":[{"taxonomy":"category","embeddable":true,"href":"https:\/\/lospoliticosveracruz.com\/index.php?rest_route=%2Fwp%2Fv2%2Fcategories&post=80012"},{"taxonomy":"post_tag","embeddable":true,"href":"https:\/\/lospoliticosveracruz.com\/index.php?rest_route=%2Fwp%2Fv2%2Ftags&post=80012"}],"curies":[{"name":"wp","href":"https:\/\/api.w.org\/{rel}","templated":true}]}}