{"id":80020,"date":"2021-09-29T12:41:14","date_gmt":"2021-09-29T17:41:14","guid":{"rendered":"https:\/\/lospoliticosveracruz.com.mx\/?p=80020"},"modified":"2021-09-29T12:41:19","modified_gmt":"2021-09-29T17:41:19","slug":"cafe-cafe-y-cafe","status":"publish","type":"post","link":"https:\/\/lospoliticosveracruz.com\/?p=80020","title":{"rendered":"Caf\u00e9, caf\u00e9 y caf\u00e9"},"content":{"rendered":"\n<p><\/p>\n\n\n\n<p><br>Uriel Flores Aguayo<\/p>\n\n\n\n<p>En XALAPA se consume caf\u00e9 en grandes cantidades. Somos parte de una regi\u00f3n cafetalera donde resisten seres amorosos con este delicioso y m\u00e1gico producto. Son los campesinos que contin\u00faan una a\u00f1eja tradici\u00f3n de trabajo en el campo. Tenemos la altura y el clima apropiados para el cultivo de este arom\u00e1tico. En nuestra regi\u00f3n se puede presumir de que se produce un caf\u00e9 de alto nivel. Hay una tradici\u00f3n cafetalera en producci\u00f3n y consumo. La cultura que envuelve al caf\u00e9 implica la formaci\u00f3n de especialistas en cultivo y elaboraci\u00f3n. La variedad de marcas, la creatividad en su presentaci\u00f3n en tazas y la profusi\u00f3n de establecimientos para su consumo dan cuenta del vigor del caf\u00e9 en nuestra ciudad y regi\u00f3n. Tan solo en XALAPA existen consolidadas cadenas de cafeter\u00edas que pueden competir en todos los sentidos con cualquiera de Mexico y el mundo. En ellas hay una gran inversi\u00f3n econ\u00f3mica. Pero llegan m\u00e1s con enfoques actuales de negocios. Lugares acogedores que r\u00e1pidamente se colocan en el gusto de sus clientes. Hay caf\u00e9s de moda que se revelan c\u00f3mo opci\u00f3n de consumo. Tenemos bastantes en XALAPA que debemos suponer un alto consumo de caf\u00e9; y son de tanta calidad que inhiben naturalmente la llegada de marcas famosas. Hay cafeter\u00edas en el centro, en plazas y en barrios en abundante cantidad. Cuentan con espacios suficientes, m\u00e1quinas de lujo, personal capacitado, mobiliario en excelente estado, carta amplia y opciones de caf\u00e9s entre tradicionales y creaciones modernas.<\/p>\n\n\n\n<p>Parte de nuestra vida p\u00fablica transcurre en los caf\u00e9s, son lugares de reuni\u00f3n. Ah\u00ed se conversa entre parejas y amigos al gusto infinito de un buen caf\u00e9. No faltan los solitarios que no requieren m\u00e1s compa\u00f1\u00eda que una taza de caf\u00e9. Regularmente son lugares muy concurridos. En general han sobrevivido a los terribles efectos de la pandemia del COVID que significaron cierres o restricciones para su funcionamiento. Pareciera que sus clientes les correspondieron volviendo inmediatamente a ellos apenas abrieron con mayores espacios. Las cafeter\u00edas xalape\u00f1as deben estar entre las mejores de nuestro pa\u00eds. Est\u00e1n respaldadas por gente conocedora y con apego al caf\u00e9. Es una realidad que requiere m\u00e1s proyecci\u00f3n hasta volverse una de las marcas de identidad xalape\u00f1a y veracruzana junto a la cultura y lo verde. Hay que decir que no s\u00f3lo los campesinos cafetaleros reciben poco apoyo oficial, tambi\u00e9n los negocios que lo elaboran para sus p\u00fablicos est\u00e1n fuera de todo programa de respaldo. Ha sido la amorosa entrega campesina, la visi\u00f3n empresarial, el aumento de emprendedores y los h\u00e1bitos de consumo de XALAPA lo que permiti\u00f3 el desarrollo y expansi\u00f3n del negocio y consumo de caf\u00e9.<\/p>\n\n\n\n<p>Siendo una de nuestras costumbres y actividades cotidianas m\u00e1s relevantes, que nos identifica, se debe elevar a los m\u00e1s altos niveles de orgullo y proyecci\u00f3n. Aunque tiene su dinamismo es precioso darles un mayor alcance a niveles internacionales. Vale sencillamente para una vista a XALAPA. La comercializaci\u00f3n del caf\u00e9 aflora una potente cadena econ\u00f3mica, genera empleos y derrama econ\u00f3mica. Tomar una taza es la culminaci\u00f3n de un ciclo virtuoso que significa un largo recorrido desde la siembra, cosecha, secado, molido y conversi\u00f3n en l\u00edquido.<\/p>\n\n\n\n<p>Nuestras cafeter\u00edas son en general de primer mundo. No se regatea la visi\u00f3n empresarial ni sus fuertes inversiones. Nos dan lugares de primera y excelente caf\u00e9. Su funcionamiento y precios de carta est\u00e1 sujeta a las reglas del mercado: oferta y demanda. Creo que debemos reconocer lo que hacen. Sin embargo, me parece que pueden hacer m\u00e1s para incrementar el n\u00famero de consumidores. No es imposible reducir el costo de la taza del caf\u00e9 americano, negro, que es el m\u00e1s com\u00fan. La ganancia que obtienen por un kilo de caf\u00e9 es m\u00e1s que alta, es superlativa. Estamos hablando de al menos cien tazas por kilo; si cuestan un promedio de veinticinco pesos suman dos mil quinientos pesos por un kilo de trescientos pesos. Es un negocio redondo y est\u00e1 bien. Haciendo un peque\u00f1o esfuerzo podr\u00edan rebajar un poco el costo de taza con lo que incrementar\u00edan en mucho el consumo. A m\u00e1s bebedores de caf\u00e9 m\u00e1s ventas de eso y otros productos. No discuto sus precios en general, ellos tienen su clientela que paga lo que le cobran. A\u00fan as\u00ed no estar\u00eda mal que revisar\u00e1n los costos de su carta, en algunos casos son desproporcionado.<\/p>\n\n\n\n<p>Sigamos con la grata costumbre de tomar caf\u00e9, de darnos vida en la convivencia, de disfrutar nuestras espl\u00e9ndidas cafeter\u00edas, de rescatarlo como identidad y no olvidar a los campesinos, vitales en la ruta del caf\u00e9.<\/p>\n\n\n\n<p>Recadito: muy caro el tapado de baches en Crystal para el material utilizado.<br>ufa.1959@gmail.com<\/p>\n","protected":false},"excerpt":{"rendered":"<p>Uriel Flores Aguayo En XALAPA se consume caf\u00e9 en grandes cantidades. Somos parte de una regi\u00f3n cafetalera donde resisten seres amorosos con este delicioso y m\u00e1gico producto. Son los campesinos que contin\u00faan una a\u00f1eja tradici\u00f3n de trabajo en el campo. Tenemos la altura y el clima apropiados para el cultivo de este arom\u00e1tico. En nuestra [&hellip;]<\/p>\n","protected":false},"author":2,"featured_media":0,"comment_status":"closed","ping_status":"closed","sticky":false,"template":"","format":"standard","meta":{"tdm_status":"","tdm_grid_status":"","footnotes":""},"categories":[70],"tags":[1083,30611,277,30612,30610,195,96],"class_list":{"0":"post-80020","1":"post","2":"type-post","3":"status-publish","4":"format-standard","6":"category-de-opinion","7":"tag-cafe","8":"tag-cafeteria","9":"tag-coatepec","10":"tag-cultura-verde","11":"tag-region-cafetalera","12":"tag-veracruz","13":"tag-xalapa"},"yoast_head":"<!-- This site is optimized with the Yoast SEO plugin v27.4 - https:\/\/yoast.com\/product\/yoast-seo-wordpress\/ -->\n<title>Caf\u00e9, caf\u00e9 y caf\u00e9 - Los pol\u00edticos Veracruz<\/title>\n<meta name=\"robots\" content=\"index, follow, max-snippet:-1, max-image-preview:large, max-video-preview:-1\" \/>\n<link rel=\"canonical\" href=\"https:\/\/lospoliticosveracruz.com\/?p=80020\" \/>\n<meta property=\"og:locale\" content=\"es_ES\" \/>\n<meta property=\"og:type\" content=\"article\" \/>\n<meta property=\"og:title\" content=\"Caf\u00e9, caf\u00e9 y caf\u00e9 - Los pol\u00edticos Veracruz\" \/>\n<meta property=\"og:description\" content=\"Uriel Flores Aguayo En XALAPA se consume caf\u00e9 en grandes cantidades. Somos parte de una regi\u00f3n cafetalera donde resisten seres amorosos con este delicioso y m\u00e1gico producto. Son los campesinos que contin\u00faan una a\u00f1eja tradici\u00f3n de trabajo en el campo. Tenemos la altura y el clima apropiados para el cultivo de este arom\u00e1tico. En nuestra [&hellip;]\" \/>\n<meta property=\"og:url\" content=\"https:\/\/lospoliticosveracruz.com\/?p=80020\" \/>\n<meta property=\"og:site_name\" content=\"Los pol\u00edticos Veracruz\" \/>\n<meta property=\"article:publisher\" content=\"https:\/\/www.facebook.com\/people\/Notimemes-de-los-Polticos\/61565672886568\/\" \/>\n<meta property=\"article:published_time\" content=\"2021-09-29T17:41:14+00:00\" \/>\n<meta property=\"article:modified_time\" content=\"2021-09-29T17:41:19+00:00\" \/>\n<meta property=\"og:image\" content=\"https:\/\/lospoliticosveracruz.com\/wp-content\/uploads\/2016\/07\/Logo-Dor.jpg\" \/>\n\t<meta property=\"og:image:width\" content=\"200\" \/>\n\t<meta property=\"og:image:height\" content=\"200\" \/>\n\t<meta property=\"og:image:type\" content=\"image\/jpeg\" \/>\n<meta name=\"author\" content=\"Lo viste en Los Pol\u00edticos\" \/>\n<meta name=\"twitter:card\" content=\"summary_large_image\" \/>\n<meta name=\"twitter:creator\" content=\"@LosPoliticosVer\" \/>\n<meta name=\"twitter:site\" content=\"@LosPoliticosVer\" \/>\n<meta name=\"twitter:label1\" content=\"Escrito por\" \/>\n\t<meta name=\"twitter:data1\" content=\"Lo viste en Los Pol\u00edticos\" \/>\n\t<meta name=\"twitter:label2\" content=\"Tiempo de lectura\" \/>\n\t<meta name=\"twitter:data2\" content=\"4 minutos\" \/>\n<script type=\"application\/ld+json\" class=\"yoast-schema-graph\">{\"@context\":\"https:\\\/\\\/schema.org\",\"@graph\":[{\"@type\":\"Article\",\"@id\":\"https:\\\/\\\/lospoliticosveracruz.com\\\/?p=80020#article\",\"isPartOf\":{\"@id\":\"https:\\\/\\\/lospoliticosveracruz.com\\\/?p=80020\"},\"author\":{\"name\":\"Lo viste en Los Pol\u00edticos\",\"@id\":\"https:\\\/\\\/lospoliticosveracruz.com\\\/#\\\/schema\\\/person\\\/b8702bb0e538456e6efd07080bf2a4a2\"},\"headline\":\"Caf\u00e9, caf\u00e9 y caf\u00e9\",\"datePublished\":\"2021-09-29T17:41:14+00:00\",\"dateModified\":\"2021-09-29T17:41:19+00:00\",\"mainEntityOfPage\":{\"@id\":\"https:\\\/\\\/lospoliticosveracruz.com\\\/?p=80020\"},\"wordCount\":838,\"publisher\":{\"@id\":\"https:\\\/\\\/lospoliticosveracruz.com\\\/#organization\"},\"keywords\":[\"caf\u00e9\",\"cafeter\u00eda\",\"Coatepec\",\"cultura verde\",\"Regi\u00f3n cafetalera\",\"Veracruz\",\"Xalapa\"],\"articleSection\":[\"De Opini\u00f3n\"],\"inLanguage\":\"es\"},{\"@type\":\"WebPage\",\"@id\":\"https:\\\/\\\/lospoliticosveracruz.com\\\/?p=80020\",\"url\":\"https:\\\/\\\/lospoliticosveracruz.com\\\/?p=80020\",\"name\":\"Caf\u00e9, caf\u00e9 y caf\u00e9 - Los pol\u00edticos Veracruz\",\"isPartOf\":{\"@id\":\"https:\\\/\\\/lospoliticosveracruz.com\\\/#website\"},\"datePublished\":\"2021-09-29T17:41:14+00:00\",\"dateModified\":\"2021-09-29T17:41:19+00:00\",\"breadcrumb\":{\"@id\":\"https:\\\/\\\/lospoliticosveracruz.com\\\/?p=80020#breadcrumb\"},\"inLanguage\":\"es\",\"potentialAction\":[{\"@type\":\"ReadAction\",\"target\":[\"https:\\\/\\\/lospoliticosveracruz.com\\\/?p=80020\"]}]},{\"@type\":\"BreadcrumbList\",\"@id\":\"https:\\\/\\\/lospoliticosveracruz.com\\\/?p=80020#breadcrumb\",\"itemListElement\":[{\"@type\":\"ListItem\",\"position\":1,\"name\":\"Portada\",\"item\":\"https:\\\/\\\/lospoliticosveracruz.com\\\/\"},{\"@type\":\"ListItem\",\"position\":2,\"name\":\"Caf\u00e9, caf\u00e9 y caf\u00e9\"}]},{\"@type\":\"WebSite\",\"@id\":\"https:\\\/\\\/lospoliticosveracruz.com\\\/#website\",\"url\":\"https:\\\/\\\/lospoliticosveracruz.com\\\/\",\"name\":\"Los pol\u00edticos Veracruz\",\"description\":\"\",\"publisher\":{\"@id\":\"https:\\\/\\\/lospoliticosveracruz.com\\\/#organization\"},\"potentialAction\":[{\"@type\":\"SearchAction\",\"target\":{\"@type\":\"EntryPoint\",\"urlTemplate\":\"https:\\\/\\\/lospoliticosveracruz.com\\\/?s={search_term_string}\"},\"query-input\":{\"@type\":\"PropertyValueSpecification\",\"valueRequired\":true,\"valueName\":\"search_term_string\"}}],\"inLanguage\":\"es\"},{\"@type\":\"Organization\",\"@id\":\"https:\\\/\\\/lospoliticosveracruz.com\\\/#organization\",\"name\":\"Los pol\u00edticos Veracruz\",\"url\":\"https:\\\/\\\/lospoliticosveracruz.com\\\/\",\"logo\":{\"@type\":\"ImageObject\",\"inLanguage\":\"es\",\"@id\":\"https:\\\/\\\/lospoliticosveracruz.com\\\/#\\\/schema\\\/logo\\\/image\\\/\",\"url\":\"https:\\\/\\\/lospoliticosveracruz.com\\\/wp-content\\\/uploads\\\/2025\\\/12\\\/Logo-Nuevo-LOS-POLITICOS-1.jpg\",\"contentUrl\":\"https:\\\/\\\/lospoliticosveracruz.com\\\/wp-content\\\/uploads\\\/2025\\\/12\\\/Logo-Nuevo-LOS-POLITICOS-1.jpg\",\"width\":260,\"height\":70,\"caption\":\"Los pol\u00edticos Veracruz\"},\"image\":{\"@id\":\"https:\\\/\\\/lospoliticosveracruz.com\\\/#\\\/schema\\\/logo\\\/image\\\/\"},\"sameAs\":[\"https:\\\/\\\/www.facebook.com\\\/people\\\/Notimemes-de-los-Polticos\\\/61565672886568\\\/\",\"https:\\\/\\\/x.com\\\/LosPoliticosVer\"]},{\"@type\":\"Person\",\"@id\":\"https:\\\/\\\/lospoliticosveracruz.com\\\/#\\\/schema\\\/person\\\/b8702bb0e538456e6efd07080bf2a4a2\",\"name\":\"Lo viste en Los Pol\u00edticos\",\"image\":{\"@type\":\"ImageObject\",\"inLanguage\":\"es\",\"@id\":\"https:\\\/\\\/secure.gravatar.com\\\/avatar\\\/3a8de04a2656d44082be478bd6c086daa447c4651605818287b9532d3d0bd435?s=96&d=mm&r=g\",\"url\":\"https:\\\/\\\/secure.gravatar.com\\\/avatar\\\/3a8de04a2656d44082be478bd6c086daa447c4651605818287b9532d3d0bd435?s=96&d=mm&r=g\",\"contentUrl\":\"https:\\\/\\\/secure.gravatar.com\\\/avatar\\\/3a8de04a2656d44082be478bd6c086daa447c4651605818287b9532d3d0bd435?s=96&d=mm&r=g\",\"caption\":\"Lo viste en Los Pol\u00edticos\"},\"url\":\"https:\\\/\\\/lospoliticosveracruz.com\\\/?author=2\"}]}<\/script>\n<!-- \/ Yoast SEO plugin. -->","yoast_head_json":{"title":"Caf\u00e9, caf\u00e9 y caf\u00e9 - Los pol\u00edticos Veracruz","robots":{"index":"index","follow":"follow","max-snippet":"max-snippet:-1","max-image-preview":"max-image-preview:large","max-video-preview":"max-video-preview:-1"},"canonical":"https:\/\/lospoliticosveracruz.com\/?p=80020","og_locale":"es_ES","og_type":"article","og_title":"Caf\u00e9, caf\u00e9 y caf\u00e9 - Los pol\u00edticos Veracruz","og_description":"Uriel Flores Aguayo En XALAPA se consume caf\u00e9 en grandes cantidades. Somos parte de una regi\u00f3n cafetalera donde resisten seres amorosos con este delicioso y m\u00e1gico producto. Son los campesinos que contin\u00faan una a\u00f1eja tradici\u00f3n de trabajo en el campo. Tenemos la altura y el clima apropiados para el cultivo de este arom\u00e1tico. En nuestra [&hellip;]","og_url":"https:\/\/lospoliticosveracruz.com\/?p=80020","og_site_name":"Los pol\u00edticos Veracruz","article_publisher":"https:\/\/www.facebook.com\/people\/Notimemes-de-los-Polticos\/61565672886568\/","article_published_time":"2021-09-29T17:41:14+00:00","article_modified_time":"2021-09-29T17:41:19+00:00","og_image":[{"width":200,"height":200,"url":"https:\/\/lospoliticosveracruz.com\/wp-content\/uploads\/2016\/07\/Logo-Dor.jpg","type":"image\/jpeg"}],"author":"Lo viste en Los Pol\u00edticos","twitter_card":"summary_large_image","twitter_creator":"@LosPoliticosVer","twitter_site":"@LosPoliticosVer","twitter_misc":{"Escrito por":"Lo viste en Los Pol\u00edticos","Tiempo de lectura":"4 minutos"},"schema":{"@context":"https:\/\/schema.org","@graph":[{"@type":"Article","@id":"https:\/\/lospoliticosveracruz.com\/?p=80020#article","isPartOf":{"@id":"https:\/\/lospoliticosveracruz.com\/?p=80020"},"author":{"name":"Lo viste en Los Pol\u00edticos","@id":"https:\/\/lospoliticosveracruz.com\/#\/schema\/person\/b8702bb0e538456e6efd07080bf2a4a2"},"headline":"Caf\u00e9, caf\u00e9 y caf\u00e9","datePublished":"2021-09-29T17:41:14+00:00","dateModified":"2021-09-29T17:41:19+00:00","mainEntityOfPage":{"@id":"https:\/\/lospoliticosveracruz.com\/?p=80020"},"wordCount":838,"publisher":{"@id":"https:\/\/lospoliticosveracruz.com\/#organization"},"keywords":["caf\u00e9","cafeter\u00eda","Coatepec","cultura verde","Regi\u00f3n cafetalera","Veracruz","Xalapa"],"articleSection":["De Opini\u00f3n"],"inLanguage":"es"},{"@type":"WebPage","@id":"https:\/\/lospoliticosveracruz.com\/?p=80020","url":"https:\/\/lospoliticosveracruz.com\/?p=80020","name":"Caf\u00e9, caf\u00e9 y caf\u00e9 - Los pol\u00edticos Veracruz","isPartOf":{"@id":"https:\/\/lospoliticosveracruz.com\/#website"},"datePublished":"2021-09-29T17:41:14+00:00","dateModified":"2021-09-29T17:41:19+00:00","breadcrumb":{"@id":"https:\/\/lospoliticosveracruz.com\/?p=80020#breadcrumb"},"inLanguage":"es","potentialAction":[{"@type":"ReadAction","target":["https:\/\/lospoliticosveracruz.com\/?p=80020"]}]},{"@type":"BreadcrumbList","@id":"https:\/\/lospoliticosveracruz.com\/?p=80020#breadcrumb","itemListElement":[{"@type":"ListItem","position":1,"name":"Portada","item":"https:\/\/lospoliticosveracruz.com\/"},{"@type":"ListItem","position":2,"name":"Caf\u00e9, caf\u00e9 y caf\u00e9"}]},{"@type":"WebSite","@id":"https:\/\/lospoliticosveracruz.com\/#website","url":"https:\/\/lospoliticosveracruz.com\/","name":"Los pol\u00edticos Veracruz","description":"","publisher":{"@id":"https:\/\/lospoliticosveracruz.com\/#organization"},"potentialAction":[{"@type":"SearchAction","target":{"@type":"EntryPoint","urlTemplate":"https:\/\/lospoliticosveracruz.com\/?s={search_term_string}"},"query-input":{"@type":"PropertyValueSpecification","valueRequired":true,"valueName":"search_term_string"}}],"inLanguage":"es"},{"@type":"Organization","@id":"https:\/\/lospoliticosveracruz.com\/#organization","name":"Los pol\u00edticos Veracruz","url":"https:\/\/lospoliticosveracruz.com\/","logo":{"@type":"ImageObject","inLanguage":"es","@id":"https:\/\/lospoliticosveracruz.com\/#\/schema\/logo\/image\/","url":"https:\/\/lospoliticosveracruz.com\/wp-content\/uploads\/2025\/12\/Logo-Nuevo-LOS-POLITICOS-1.jpg","contentUrl":"https:\/\/lospoliticosveracruz.com\/wp-content\/uploads\/2025\/12\/Logo-Nuevo-LOS-POLITICOS-1.jpg","width":260,"height":70,"caption":"Los pol\u00edticos Veracruz"},"image":{"@id":"https:\/\/lospoliticosveracruz.com\/#\/schema\/logo\/image\/"},"sameAs":["https:\/\/www.facebook.com\/people\/Notimemes-de-los-Polticos\/61565672886568\/","https:\/\/x.com\/LosPoliticosVer"]},{"@type":"Person","@id":"https:\/\/lospoliticosveracruz.com\/#\/schema\/person\/b8702bb0e538456e6efd07080bf2a4a2","name":"Lo viste en Los Pol\u00edticos","image":{"@type":"ImageObject","inLanguage":"es","@id":"https:\/\/secure.gravatar.com\/avatar\/3a8de04a2656d44082be478bd6c086daa447c4651605818287b9532d3d0bd435?s=96&d=mm&r=g","url":"https:\/\/secure.gravatar.com\/avatar\/3a8de04a2656d44082be478bd6c086daa447c4651605818287b9532d3d0bd435?s=96&d=mm&r=g","contentUrl":"https:\/\/secure.gravatar.com\/avatar\/3a8de04a2656d44082be478bd6c086daa447c4651605818287b9532d3d0bd435?s=96&d=mm&r=g","caption":"Lo viste en Los Pol\u00edticos"},"url":"https:\/\/lospoliticosveracruz.com\/?author=2"}]}},"_links":{"self":[{"href":"https:\/\/lospoliticosveracruz.com\/index.php?rest_route=\/wp\/v2\/posts\/80020","targetHints":{"allow":["GET"]}}],"collection":[{"href":"https:\/\/lospoliticosveracruz.com\/index.php?rest_route=\/wp\/v2\/posts"}],"about":[{"href":"https:\/\/lospoliticosveracruz.com\/index.php?rest_route=\/wp\/v2\/types\/post"}],"author":[{"embeddable":true,"href":"https:\/\/lospoliticosveracruz.com\/index.php?rest_route=\/wp\/v2\/users\/2"}],"replies":[{"embeddable":true,"href":"https:\/\/lospoliticosveracruz.com\/index.php?rest_route=%2Fwp%2Fv2%2Fcomments&post=80020"}],"version-history":[{"count":1,"href":"https:\/\/lospoliticosveracruz.com\/index.php?rest_route=\/wp\/v2\/posts\/80020\/revisions"}],"predecessor-version":[{"id":80022,"href":"https:\/\/lospoliticosveracruz.com\/index.php?rest_route=\/wp\/v2\/posts\/80020\/revisions\/80022"}],"wp:attachment":[{"href":"https:\/\/lospoliticosveracruz.com\/index.php?rest_route=%2Fwp%2Fv2%2Fmedia&parent=80020"}],"wp:term":[{"taxonomy":"category","embeddable":true,"href":"https:\/\/lospoliticosveracruz.com\/index.php?rest_route=%2Fwp%2Fv2%2Fcategories&post=80020"},{"taxonomy":"post_tag","embeddable":true,"href":"https:\/\/lospoliticosveracruz.com\/index.php?rest_route=%2Fwp%2Fv2%2Ftags&post=80020"}],"curies":[{"name":"wp","href":"https:\/\/api.w.org\/{rel}","templated":true}]}}