{"id":80068,"date":"2021-09-30T10:52:05","date_gmt":"2021-09-30T15:52:05","guid":{"rendered":"https:\/\/lospoliticosveracruz.com.mx\/?p=80068"},"modified":"2021-09-30T10:52:08","modified_gmt":"2021-09-30T15:52:08","slug":"viene-el-chachalacazo","status":"publish","type":"post","link":"https:\/\/lospoliticosveracruz.com\/?p=80068","title":{"rendered":"Viene el Chachalacazo!"},"content":{"rendered":"\n<p><\/p>\n\n\n\n<p><strong>Xalapa<\/strong><br>Con la participaci\u00f3n de pilotos expertos de todo el pa\u00eds, del 12 al 15 de noviembre pr\u00f3ximo se llevar\u00e1 a cabo en la zona centro del estado la S\u00e9ptima edici\u00f3n del \u2018CHACHALACAZO\u201d, evento de autos y motos Off Road que a la par de fomentar la pr\u00e1ctica de este deporte internacional, bajo las m\u00e1s estrictas medidas de seguridad sanitaria ante la pandemia del Covid-19, impulsa el turismo y reactiva la reactivaci\u00f3n econ\u00f3mica de las zonas por las que atraviesa la ruta que siguen los participantes, anunci\u00f3 este d\u00eda Marcos Campos , Juan Carlos Landa y Belisario Dom\u00ednguez, representantes de la Escuderia jarochazo Organizadores del evento.<br>De acuerdo con los titulares del Off Road Escuder\u00eda, este a\u00f1o el programa del evento contempla la recepci\u00f3n a los pilotos en Orizaba Veracruz, el d\u00eda 12 de noviembre, para seguir con la ruta el 13 hacia Huatusco, el 14 hacia Chachalacas y concluir el 15 en las Dunas de esa regi\u00f3n.<br>Landa de Bernardi insisti\u00f3 en que la actividad deportiva convoca a pilotos expertos en el Off Road de todo el pa\u00eds, \u201cincluso llegan de Canad\u00e1, Estados Unidos y algunos de Sudam\u00e9rica, lo que representa una derrama econ\u00f3mica importante en alimentaci\u00f3n, hospedaje y servicios, por lo que cada a\u00f1o la gente de la regi\u00f3n espera este evento que reactiva la econom\u00eda local y regional\u201d, y es un previo para el magno evento que se realizar\u00e1 en el mes de enero con sede en Veracruz y Boca del R\u00edo el JAROCHAZO 2022 se\u00f1al\u00f3.<br>Dijo que el evento de convivencia se organiza de manera conjunta con los motoclubs que respaldan la escuder\u00eda JAROCHAZO en el estado como \u201cLos Descarrilados Off Road Veracruz\u201d, \u201cOrizaba Off Road\u201d, \u201cCuatritarados Orizaba\u201d, \u201cJabal\u00ed Off Road Huatusco\u201d, \u201cLlantas Lisas Off Road\u201d \u201cLas Basu Ritas Off Road\u201d, entre otros.<br>Marcos Campos har\u00eda \u00e9nfasis en el agradecimiento a las autoridades estatales y de la regi\u00f3n para la celebraci\u00f3n de esta edici\u00f3n del \u201cChachalacazo \u201c, con el que se reactivan este tipo de eventos deportivos en la entidad agradeciendo tambi\u00e9n a los patrocinadores de esta gran ruta como Maniacs Motors y a su representante Belisario Dom\u00ednguez CATEM Veracruz y a su representante Enrique Santos Mendoza Domu Sushi Bar (Alejandro Sairit) a La Barra de Alvarado ( Isabel Alc\u00e1ntara) y a los dem\u00e1s patrocinadores que se siguen sumando a este magno evento rumbo al JAROCHAZO2022 a celebrarse en el mes de Enero, al gobierno municipal de Orizaba, al gobierno municipal de Huatusco al gobierno municipal de Ursulo Galv\u00e1n.<\/p>\n","protected":false},"excerpt":{"rendered":"<p>XalapaCon la participaci\u00f3n de pilotos expertos de todo el pa\u00eds, del 12 al 15 de noviembre pr\u00f3ximo se llevar\u00e1 a cabo en la zona centro del estado la S\u00e9ptima edici\u00f3n del \u2018CHACHALACAZO\u201d, evento de autos y motos Off Road que a la par de fomentar la pr\u00e1ctica de este deporte internacional, bajo las m\u00e1s estrictas [&hellip;]<\/p>\n","protected":false},"author":2,"featured_media":0,"comment_status":"closed","ping_status":"closed","sticky":false,"template":"","format":"standard","meta":{"tdm_status":"","tdm_grid_status":"","footnotes":""},"categories":[6446],"tags":[18681,30623,30626,16463,30625,30624],"class_list":{"0":"post-80068","1":"post","2":"type-post","3":"status-publish","4":"format-standard","6":"category-la-nota","7":"tag-catem","8":"tag-chachalacazo","9":"tag-enrique-santos-mendoza-domu","10":"tag-jarochazo","11":"tag-juan-carlos-landa","12":"tag-marcos-campos"},"yoast_head":"<!-- This site is optimized with the Yoast SEO plugin v27.4 - https:\/\/yoast.com\/product\/yoast-seo-wordpress\/ -->\n<title>Viene el Chachalacazo! - Los pol\u00edticos Veracruz<\/title>\n<meta name=\"robots\" content=\"index, follow, max-snippet:-1, max-image-preview:large, max-video-preview:-1\" \/>\n<link rel=\"canonical\" href=\"https:\/\/lospoliticosveracruz.com\/?p=80068\" \/>\n<meta property=\"og:locale\" content=\"es_ES\" \/>\n<meta property=\"og:type\" content=\"article\" \/>\n<meta property=\"og:title\" content=\"Viene el Chachalacazo! - Los pol\u00edticos Veracruz\" \/>\n<meta property=\"og:description\" content=\"XalapaCon la participaci\u00f3n de pilotos expertos de todo el pa\u00eds, del 12 al 15 de noviembre pr\u00f3ximo se llevar\u00e1 a cabo en la zona centro del estado la S\u00e9ptima edici\u00f3n del \u2018CHACHALACAZO\u201d, evento de autos y motos Off Road que a la par de fomentar la pr\u00e1ctica de este deporte internacional, bajo las m\u00e1s estrictas [&hellip;]\" \/>\n<meta property=\"og:url\" content=\"https:\/\/lospoliticosveracruz.com\/?p=80068\" \/>\n<meta property=\"og:site_name\" content=\"Los pol\u00edticos Veracruz\" \/>\n<meta property=\"article:publisher\" content=\"https:\/\/www.facebook.com\/people\/Notimemes-de-los-Polticos\/61565672886568\/\" \/>\n<meta property=\"article:published_time\" content=\"2021-09-30T15:52:05+00:00\" \/>\n<meta property=\"article:modified_time\" content=\"2021-09-30T15:52:08+00:00\" \/>\n<meta property=\"og:image\" content=\"https:\/\/lospoliticosveracruz.com\/wp-content\/uploads\/2016\/07\/Logo-Dor.jpg\" \/>\n\t<meta property=\"og:image:width\" content=\"200\" \/>\n\t<meta property=\"og:image:height\" content=\"200\" \/>\n\t<meta property=\"og:image:type\" content=\"image\/jpeg\" \/>\n<meta name=\"author\" content=\"Lo viste en Los Pol\u00edticos\" \/>\n<meta name=\"twitter:card\" content=\"summary_large_image\" \/>\n<meta name=\"twitter:creator\" content=\"@LosPoliticosVer\" \/>\n<meta name=\"twitter:site\" content=\"@LosPoliticosVer\" \/>\n<meta name=\"twitter:label1\" content=\"Escrito por\" \/>\n\t<meta name=\"twitter:data1\" content=\"Lo viste en Los Pol\u00edticos\" \/>\n\t<meta name=\"twitter:label2\" content=\"Tiempo de lectura\" \/>\n\t<meta name=\"twitter:data2\" content=\"2 minutos\" \/>\n<script type=\"application\/ld+json\" class=\"yoast-schema-graph\">{\"@context\":\"https:\\\/\\\/schema.org\",\"@graph\":[{\"@type\":\"Article\",\"@id\":\"https:\\\/\\\/lospoliticosveracruz.com\\\/?p=80068#article\",\"isPartOf\":{\"@id\":\"https:\\\/\\\/lospoliticosveracruz.com\\\/?p=80068\"},\"author\":{\"name\":\"Lo viste en Los Pol\u00edticos\",\"@id\":\"https:\\\/\\\/lospoliticosveracruz.com\\\/#\\\/schema\\\/person\\\/b8702bb0e538456e6efd07080bf2a4a2\"},\"headline\":\"Viene el Chachalacazo!\",\"datePublished\":\"2021-09-30T15:52:05+00:00\",\"dateModified\":\"2021-09-30T15:52:08+00:00\",\"mainEntityOfPage\":{\"@id\":\"https:\\\/\\\/lospoliticosveracruz.com\\\/?p=80068\"},\"wordCount\":441,\"publisher\":{\"@id\":\"https:\\\/\\\/lospoliticosveracruz.com\\\/#organization\"},\"keywords\":[\"Catem\",\"CHACHALACAZO\",\"Enrique Santos Mendoza Domu\",\"Jarochazo\",\"Juan Carlos Landa\",\"Marcos Campos\"],\"articleSection\":[\"La Nota\"],\"inLanguage\":\"es\"},{\"@type\":\"WebPage\",\"@id\":\"https:\\\/\\\/lospoliticosveracruz.com\\\/?p=80068\",\"url\":\"https:\\\/\\\/lospoliticosveracruz.com\\\/?p=80068\",\"name\":\"Viene el Chachalacazo! - Los pol\u00edticos Veracruz\",\"isPartOf\":{\"@id\":\"https:\\\/\\\/lospoliticosveracruz.com\\\/#website\"},\"datePublished\":\"2021-09-30T15:52:05+00:00\",\"dateModified\":\"2021-09-30T15:52:08+00:00\",\"breadcrumb\":{\"@id\":\"https:\\\/\\\/lospoliticosveracruz.com\\\/?p=80068#breadcrumb\"},\"inLanguage\":\"es\",\"potentialAction\":[{\"@type\":\"ReadAction\",\"target\":[\"https:\\\/\\\/lospoliticosveracruz.com\\\/?p=80068\"]}]},{\"@type\":\"BreadcrumbList\",\"@id\":\"https:\\\/\\\/lospoliticosveracruz.com\\\/?p=80068#breadcrumb\",\"itemListElement\":[{\"@type\":\"ListItem\",\"position\":1,\"name\":\"Portada\",\"item\":\"https:\\\/\\\/lospoliticosveracruz.com\\\/\"},{\"@type\":\"ListItem\",\"position\":2,\"name\":\"Viene el Chachalacazo!\"}]},{\"@type\":\"WebSite\",\"@id\":\"https:\\\/\\\/lospoliticosveracruz.com\\\/#website\",\"url\":\"https:\\\/\\\/lospoliticosveracruz.com\\\/\",\"name\":\"Los pol\u00edticos Veracruz\",\"description\":\"\",\"publisher\":{\"@id\":\"https:\\\/\\\/lospoliticosveracruz.com\\\/#organization\"},\"potentialAction\":[{\"@type\":\"SearchAction\",\"target\":{\"@type\":\"EntryPoint\",\"urlTemplate\":\"https:\\\/\\\/lospoliticosveracruz.com\\\/?s={search_term_string}\"},\"query-input\":{\"@type\":\"PropertyValueSpecification\",\"valueRequired\":true,\"valueName\":\"search_term_string\"}}],\"inLanguage\":\"es\"},{\"@type\":\"Organization\",\"@id\":\"https:\\\/\\\/lospoliticosveracruz.com\\\/#organization\",\"name\":\"Los pol\u00edticos Veracruz\",\"url\":\"https:\\\/\\\/lospoliticosveracruz.com\\\/\",\"logo\":{\"@type\":\"ImageObject\",\"inLanguage\":\"es\",\"@id\":\"https:\\\/\\\/lospoliticosveracruz.com\\\/#\\\/schema\\\/logo\\\/image\\\/\",\"url\":\"https:\\\/\\\/lospoliticosveracruz.com\\\/wp-content\\\/uploads\\\/2025\\\/12\\\/Logo-Nuevo-LOS-POLITICOS-1.jpg\",\"contentUrl\":\"https:\\\/\\\/lospoliticosveracruz.com\\\/wp-content\\\/uploads\\\/2025\\\/12\\\/Logo-Nuevo-LOS-POLITICOS-1.jpg\",\"width\":260,\"height\":70,\"caption\":\"Los pol\u00edticos Veracruz\"},\"image\":{\"@id\":\"https:\\\/\\\/lospoliticosveracruz.com\\\/#\\\/schema\\\/logo\\\/image\\\/\"},\"sameAs\":[\"https:\\\/\\\/www.facebook.com\\\/people\\\/Notimemes-de-los-Polticos\\\/61565672886568\\\/\",\"https:\\\/\\\/x.com\\\/LosPoliticosVer\"]},{\"@type\":\"Person\",\"@id\":\"https:\\\/\\\/lospoliticosveracruz.com\\\/#\\\/schema\\\/person\\\/b8702bb0e538456e6efd07080bf2a4a2\",\"name\":\"Lo viste en Los Pol\u00edticos\",\"image\":{\"@type\":\"ImageObject\",\"inLanguage\":\"es\",\"@id\":\"https:\\\/\\\/secure.gravatar.com\\\/avatar\\\/3a8de04a2656d44082be478bd6c086daa447c4651605818287b9532d3d0bd435?s=96&d=mm&r=g\",\"url\":\"https:\\\/\\\/secure.gravatar.com\\\/avatar\\\/3a8de04a2656d44082be478bd6c086daa447c4651605818287b9532d3d0bd435?s=96&d=mm&r=g\",\"contentUrl\":\"https:\\\/\\\/secure.gravatar.com\\\/avatar\\\/3a8de04a2656d44082be478bd6c086daa447c4651605818287b9532d3d0bd435?s=96&d=mm&r=g\",\"caption\":\"Lo viste en Los Pol\u00edticos\"},\"url\":\"https:\\\/\\\/lospoliticosveracruz.com\\\/?author=2\"}]}<\/script>\n<!-- \/ Yoast SEO plugin. -->","yoast_head_json":{"title":"Viene el Chachalacazo! - Los pol\u00edticos Veracruz","robots":{"index":"index","follow":"follow","max-snippet":"max-snippet:-1","max-image-preview":"max-image-preview:large","max-video-preview":"max-video-preview:-1"},"canonical":"https:\/\/lospoliticosveracruz.com\/?p=80068","og_locale":"es_ES","og_type":"article","og_title":"Viene el Chachalacazo! - Los pol\u00edticos Veracruz","og_description":"XalapaCon la participaci\u00f3n de pilotos expertos de todo el pa\u00eds, del 12 al 15 de noviembre pr\u00f3ximo se llevar\u00e1 a cabo en la zona centro del estado la S\u00e9ptima edici\u00f3n del \u2018CHACHALACAZO\u201d, evento de autos y motos Off Road que a la par de fomentar la pr\u00e1ctica de este deporte internacional, bajo las m\u00e1s estrictas [&hellip;]","og_url":"https:\/\/lospoliticosveracruz.com\/?p=80068","og_site_name":"Los pol\u00edticos Veracruz","article_publisher":"https:\/\/www.facebook.com\/people\/Notimemes-de-los-Polticos\/61565672886568\/","article_published_time":"2021-09-30T15:52:05+00:00","article_modified_time":"2021-09-30T15:52:08+00:00","og_image":[{"width":200,"height":200,"url":"https:\/\/lospoliticosveracruz.com\/wp-content\/uploads\/2016\/07\/Logo-Dor.jpg","type":"image\/jpeg"}],"author":"Lo viste en Los Pol\u00edticos","twitter_card":"summary_large_image","twitter_creator":"@LosPoliticosVer","twitter_site":"@LosPoliticosVer","twitter_misc":{"Escrito por":"Lo viste en Los Pol\u00edticos","Tiempo de lectura":"2 minutos"},"schema":{"@context":"https:\/\/schema.org","@graph":[{"@type":"Article","@id":"https:\/\/lospoliticosveracruz.com\/?p=80068#article","isPartOf":{"@id":"https:\/\/lospoliticosveracruz.com\/?p=80068"},"author":{"name":"Lo viste en Los Pol\u00edticos","@id":"https:\/\/lospoliticosveracruz.com\/#\/schema\/person\/b8702bb0e538456e6efd07080bf2a4a2"},"headline":"Viene el Chachalacazo!","datePublished":"2021-09-30T15:52:05+00:00","dateModified":"2021-09-30T15:52:08+00:00","mainEntityOfPage":{"@id":"https:\/\/lospoliticosveracruz.com\/?p=80068"},"wordCount":441,"publisher":{"@id":"https:\/\/lospoliticosveracruz.com\/#organization"},"keywords":["Catem","CHACHALACAZO","Enrique Santos Mendoza Domu","Jarochazo","Juan Carlos Landa","Marcos Campos"],"articleSection":["La Nota"],"inLanguage":"es"},{"@type":"WebPage","@id":"https:\/\/lospoliticosveracruz.com\/?p=80068","url":"https:\/\/lospoliticosveracruz.com\/?p=80068","name":"Viene el Chachalacazo! - Los pol\u00edticos Veracruz","isPartOf":{"@id":"https:\/\/lospoliticosveracruz.com\/#website"},"datePublished":"2021-09-30T15:52:05+00:00","dateModified":"2021-09-30T15:52:08+00:00","breadcrumb":{"@id":"https:\/\/lospoliticosveracruz.com\/?p=80068#breadcrumb"},"inLanguage":"es","potentialAction":[{"@type":"ReadAction","target":["https:\/\/lospoliticosveracruz.com\/?p=80068"]}]},{"@type":"BreadcrumbList","@id":"https:\/\/lospoliticosveracruz.com\/?p=80068#breadcrumb","itemListElement":[{"@type":"ListItem","position":1,"name":"Portada","item":"https:\/\/lospoliticosveracruz.com\/"},{"@type":"ListItem","position":2,"name":"Viene el Chachalacazo!"}]},{"@type":"WebSite","@id":"https:\/\/lospoliticosveracruz.com\/#website","url":"https:\/\/lospoliticosveracruz.com\/","name":"Los pol\u00edticos Veracruz","description":"","publisher":{"@id":"https:\/\/lospoliticosveracruz.com\/#organization"},"potentialAction":[{"@type":"SearchAction","target":{"@type":"EntryPoint","urlTemplate":"https:\/\/lospoliticosveracruz.com\/?s={search_term_string}"},"query-input":{"@type":"PropertyValueSpecification","valueRequired":true,"valueName":"search_term_string"}}],"inLanguage":"es"},{"@type":"Organization","@id":"https:\/\/lospoliticosveracruz.com\/#organization","name":"Los pol\u00edticos Veracruz","url":"https:\/\/lospoliticosveracruz.com\/","logo":{"@type":"ImageObject","inLanguage":"es","@id":"https:\/\/lospoliticosveracruz.com\/#\/schema\/logo\/image\/","url":"https:\/\/lospoliticosveracruz.com\/wp-content\/uploads\/2025\/12\/Logo-Nuevo-LOS-POLITICOS-1.jpg","contentUrl":"https:\/\/lospoliticosveracruz.com\/wp-content\/uploads\/2025\/12\/Logo-Nuevo-LOS-POLITICOS-1.jpg","width":260,"height":70,"caption":"Los pol\u00edticos Veracruz"},"image":{"@id":"https:\/\/lospoliticosveracruz.com\/#\/schema\/logo\/image\/"},"sameAs":["https:\/\/www.facebook.com\/people\/Notimemes-de-los-Polticos\/61565672886568\/","https:\/\/x.com\/LosPoliticosVer"]},{"@type":"Person","@id":"https:\/\/lospoliticosveracruz.com\/#\/schema\/person\/b8702bb0e538456e6efd07080bf2a4a2","name":"Lo viste en Los Pol\u00edticos","image":{"@type":"ImageObject","inLanguage":"es","@id":"https:\/\/secure.gravatar.com\/avatar\/3a8de04a2656d44082be478bd6c086daa447c4651605818287b9532d3d0bd435?s=96&d=mm&r=g","url":"https:\/\/secure.gravatar.com\/avatar\/3a8de04a2656d44082be478bd6c086daa447c4651605818287b9532d3d0bd435?s=96&d=mm&r=g","contentUrl":"https:\/\/secure.gravatar.com\/avatar\/3a8de04a2656d44082be478bd6c086daa447c4651605818287b9532d3d0bd435?s=96&d=mm&r=g","caption":"Lo viste en Los Pol\u00edticos"},"url":"https:\/\/lospoliticosveracruz.com\/?author=2"}]}},"_links":{"self":[{"href":"https:\/\/lospoliticosveracruz.com\/index.php?rest_route=\/wp\/v2\/posts\/80068","targetHints":{"allow":["GET"]}}],"collection":[{"href":"https:\/\/lospoliticosveracruz.com\/index.php?rest_route=\/wp\/v2\/posts"}],"about":[{"href":"https:\/\/lospoliticosveracruz.com\/index.php?rest_route=\/wp\/v2\/types\/post"}],"author":[{"embeddable":true,"href":"https:\/\/lospoliticosveracruz.com\/index.php?rest_route=\/wp\/v2\/users\/2"}],"replies":[{"embeddable":true,"href":"https:\/\/lospoliticosveracruz.com\/index.php?rest_route=%2Fwp%2Fv2%2Fcomments&post=80068"}],"version-history":[{"count":1,"href":"https:\/\/lospoliticosveracruz.com\/index.php?rest_route=\/wp\/v2\/posts\/80068\/revisions"}],"predecessor-version":[{"id":80070,"href":"https:\/\/lospoliticosveracruz.com\/index.php?rest_route=\/wp\/v2\/posts\/80068\/revisions\/80070"}],"wp:attachment":[{"href":"https:\/\/lospoliticosveracruz.com\/index.php?rest_route=%2Fwp%2Fv2%2Fmedia&parent=80068"}],"wp:term":[{"taxonomy":"category","embeddable":true,"href":"https:\/\/lospoliticosveracruz.com\/index.php?rest_route=%2Fwp%2Fv2%2Fcategories&post=80068"},{"taxonomy":"post_tag","embeddable":true,"href":"https:\/\/lospoliticosveracruz.com\/index.php?rest_route=%2Fwp%2Fv2%2Ftags&post=80068"}],"curies":[{"name":"wp","href":"https:\/\/api.w.org\/{rel}","templated":true}]}}