{"id":80084,"date":"2021-09-30T13:26:48","date_gmt":"2021-09-30T18:26:48","guid":{"rendered":"https:\/\/lospoliticosveracruz.com.mx\/?p=80084"},"modified":"2021-09-30T13:26:52","modified_gmt":"2021-09-30T18:26:52","slug":"mujeres-vayan","status":"publish","type":"post","link":"https:\/\/lospoliticosveracruz.com\/?p=80084","title":{"rendered":"Mujeres, vayan!"},"content":{"rendered":"\n<p><\/p>\n\n\n\n<p><strong>C\u00f3rdoba<br><\/strong>Del cuatro al ocho de octubre el Ayuntamiento de C\u00f3rdoba realizar\u00e1 jornada de mastograf\u00edas gratuitas para mujeres mayores de 40 a\u00f1os.<\/p>\n\n\n\n<p>Marco Antonio Galicia Bernab\u00e9, director de desarrollo social, inform\u00f3 que el Ayuntamiento de C\u00f3rdoba ofrecer\u00e1 este servicio de forma gratuita en el parque 21 de mayo, con la finalidad de contribuir a la prevenci\u00f3n, detecci\u00f3n y tratamiento del c\u00e1ncer de mama.<\/p>\n\n\n\n<p>El jefe de salud municipal, Israel Alejandro Lara Guti\u00e9rrez, se\u00f1al\u00f3 que esta jornada de mastograf\u00edas est\u00e1 dirigida a mujeres de 40 a 69 a\u00f1os. Indic\u00f3 que las interesadas deber\u00e1n acudir sin aplicarse desodorante, antitranspirante, talco, crema o perfume el d\u00eda del estudio.<\/p>\n\n\n\n<p>Solicit\u00f3 acudir vestidas de manera c\u00f3moda, preferentemente en dos piezas, as\u00ed como llevar copia de CURP o INE, y portar cubreboca.<\/p>\n\n\n\n<p>El doctor Lara Guti\u00e9rrez resalt\u00f3 la importancia de practicarse autoexploraciones de manera regular y un estudio completo, por lo menos una vez al a\u00f1o, si no hay antecedentes familiares de casos de c\u00e1ncer.<\/p>\n\n\n\n<p>Galicia Bernab\u00e9 dijo que la presidenta Leticia L\u00f3pez Landero instruy\u00f3 el desarrollo de acciones a favor de la salud de las cordobesas, por lo que se implement\u00f3 esta jornada gratuita en el marco del D\u00eda Internacional de la Lucha contra el C\u00e1ncer de Mama.<\/p>\n\n\n\n<p>Anticip\u00f3 que se espera realizar hasta 80 mastograf\u00edas diarias durante los cinco d\u00edas de la jornada. Invit\u00f3 a las cordobesas a aprovechar la oportunidad de practicarse este estudio de manera gratuita, ya que en promedio tiene un costo de mil pesos.<\/p>\n\n\n\n<p>El Jefe de Salud dijo que el Ayuntamiento de C\u00f3rdoba ha promovido la participaci\u00f3n social orientada a tomar conciencia y fomentar la corresponsabilidad entre las mujeres respecto al cuidado de su salud, mismas que se ven reforzadas por acciones como esta jornada de estudios.<\/p>\n\n\n\n<p>Destac\u00f3 que parte fundamental del cuidado a la salud es identificar y valorar factores de riesgo y promover estilos de vida saludables, que son esenciales en la lucha contra el c\u00e1ncer.<\/p>\n","protected":false},"excerpt":{"rendered":"<p>C\u00f3rdobaDel cuatro al ocho de octubre el Ayuntamiento de C\u00f3rdoba realizar\u00e1 jornada de mastograf\u00edas gratuitas para mujeres mayores de 40 a\u00f1os. Marco Antonio Galicia Bernab\u00e9, director de desarrollo social, inform\u00f3 que el Ayuntamiento de C\u00f3rdoba ofrecer\u00e1 este servicio de forma gratuita en el parque 21 de mayo, con la finalidad de contribuir a la prevenci\u00f3n, [&hellip;]<\/p>\n","protected":false},"author":2,"featured_media":0,"comment_status":"closed","ping_status":"closed","sticky":false,"template":"","format":"standard","meta":{"tdm_status":"","tdm_grid_status":"","footnotes":""},"categories":[73],"tags":[4884,19127,30632,12439,30631,2305,19547],"class_list":{"0":"post-80084","1":"post","2":"type-post","3":"status-publish","4":"format-standard","6":"category-de-boleto","7":"tag-cancer-de-mama","8":"tag-israel-alejandro-lara-gutierrez","9":"tag-marco-antonio-galicia-bernabe","10":"tag-mastografias","11":"tag-mastografias-gratuitas","12":"tag-mujeres","13":"tag-salud-municipal"},"yoast_head":"<!-- This site is optimized with the Yoast SEO plugin v27.4 - https:\/\/yoast.com\/product\/yoast-seo-wordpress\/ -->\n<title>Mujeres, vayan! - Los pol\u00edticos Veracruz<\/title>\n<meta name=\"robots\" content=\"index, follow, max-snippet:-1, max-image-preview:large, max-video-preview:-1\" \/>\n<link rel=\"canonical\" href=\"https:\/\/lospoliticosveracruz.com\/?p=80084\" \/>\n<meta property=\"og:locale\" content=\"es_ES\" \/>\n<meta property=\"og:type\" content=\"article\" \/>\n<meta property=\"og:title\" content=\"Mujeres, vayan! - Los pol\u00edticos Veracruz\" \/>\n<meta property=\"og:description\" content=\"C\u00f3rdobaDel cuatro al ocho de octubre el Ayuntamiento de C\u00f3rdoba realizar\u00e1 jornada de mastograf\u00edas gratuitas para mujeres mayores de 40 a\u00f1os. Marco Antonio Galicia Bernab\u00e9, director de desarrollo social, inform\u00f3 que el Ayuntamiento de C\u00f3rdoba ofrecer\u00e1 este servicio de forma gratuita en el parque 21 de mayo, con la finalidad de contribuir a la prevenci\u00f3n, [&hellip;]\" \/>\n<meta property=\"og:url\" content=\"https:\/\/lospoliticosveracruz.com\/?p=80084\" \/>\n<meta property=\"og:site_name\" content=\"Los pol\u00edticos Veracruz\" \/>\n<meta property=\"article:publisher\" content=\"https:\/\/www.facebook.com\/people\/Notimemes-de-los-Polticos\/61565672886568\/\" \/>\n<meta property=\"article:published_time\" content=\"2021-09-30T18:26:48+00:00\" \/>\n<meta property=\"article:modified_time\" content=\"2021-09-30T18:26:52+00:00\" \/>\n<meta property=\"og:image\" content=\"https:\/\/lospoliticosveracruz.com\/wp-content\/uploads\/2016\/07\/Logo-Dor.jpg\" \/>\n\t<meta property=\"og:image:width\" content=\"200\" \/>\n\t<meta property=\"og:image:height\" content=\"200\" \/>\n\t<meta property=\"og:image:type\" content=\"image\/jpeg\" \/>\n<meta name=\"author\" content=\"Lo viste en Los Pol\u00edticos\" \/>\n<meta name=\"twitter:card\" content=\"summary_large_image\" \/>\n<meta name=\"twitter:creator\" content=\"@LosPoliticosVer\" \/>\n<meta name=\"twitter:site\" content=\"@LosPoliticosVer\" \/>\n<meta name=\"twitter:label1\" content=\"Escrito por\" \/>\n\t<meta name=\"twitter:data1\" content=\"Lo viste en Los Pol\u00edticos\" \/>\n\t<meta name=\"twitter:label2\" content=\"Tiempo de lectura\" \/>\n\t<meta name=\"twitter:data2\" content=\"2 minutos\" \/>\n<script type=\"application\/ld+json\" class=\"yoast-schema-graph\">{\"@context\":\"https:\\\/\\\/schema.org\",\"@graph\":[{\"@type\":\"Article\",\"@id\":\"https:\\\/\\\/lospoliticosveracruz.com\\\/?p=80084#article\",\"isPartOf\":{\"@id\":\"https:\\\/\\\/lospoliticosveracruz.com\\\/?p=80084\"},\"author\":{\"name\":\"Lo viste en Los Pol\u00edticos\",\"@id\":\"https:\\\/\\\/lospoliticosveracruz.com\\\/#\\\/schema\\\/person\\\/b8702bb0e538456e6efd07080bf2a4a2\"},\"headline\":\"Mujeres, vayan!\",\"datePublished\":\"2021-09-30T18:26:48+00:00\",\"dateModified\":\"2021-09-30T18:26:52+00:00\",\"mainEntityOfPage\":{\"@id\":\"https:\\\/\\\/lospoliticosveracruz.com\\\/?p=80084\"},\"wordCount\":342,\"publisher\":{\"@id\":\"https:\\\/\\\/lospoliticosveracruz.com\\\/#organization\"},\"keywords\":[\"c\u00e1ncer de mama\",\"Israel Alejandro Lara Guti\u00e9rrez\",\"Marco Antonio Galicia Bernab\u00e9\",\"mastograf\u00edas\",\"mastograf\u00edas gratuitas\",\"Mujeres\",\"Salud Municipal\"],\"articleSection\":[\"De Boleto\"],\"inLanguage\":\"es\"},{\"@type\":\"WebPage\",\"@id\":\"https:\\\/\\\/lospoliticosveracruz.com\\\/?p=80084\",\"url\":\"https:\\\/\\\/lospoliticosveracruz.com\\\/?p=80084\",\"name\":\"Mujeres, vayan! - Los pol\u00edticos Veracruz\",\"isPartOf\":{\"@id\":\"https:\\\/\\\/lospoliticosveracruz.com\\\/#website\"},\"datePublished\":\"2021-09-30T18:26:48+00:00\",\"dateModified\":\"2021-09-30T18:26:52+00:00\",\"breadcrumb\":{\"@id\":\"https:\\\/\\\/lospoliticosveracruz.com\\\/?p=80084#breadcrumb\"},\"inLanguage\":\"es\",\"potentialAction\":[{\"@type\":\"ReadAction\",\"target\":[\"https:\\\/\\\/lospoliticosveracruz.com\\\/?p=80084\"]}]},{\"@type\":\"BreadcrumbList\",\"@id\":\"https:\\\/\\\/lospoliticosveracruz.com\\\/?p=80084#breadcrumb\",\"itemListElement\":[{\"@type\":\"ListItem\",\"position\":1,\"name\":\"Portada\",\"item\":\"https:\\\/\\\/lospoliticosveracruz.com\\\/\"},{\"@type\":\"ListItem\",\"position\":2,\"name\":\"Mujeres, vayan!\"}]},{\"@type\":\"WebSite\",\"@id\":\"https:\\\/\\\/lospoliticosveracruz.com\\\/#website\",\"url\":\"https:\\\/\\\/lospoliticosveracruz.com\\\/\",\"name\":\"Los pol\u00edticos Veracruz\",\"description\":\"\",\"publisher\":{\"@id\":\"https:\\\/\\\/lospoliticosveracruz.com\\\/#organization\"},\"potentialAction\":[{\"@type\":\"SearchAction\",\"target\":{\"@type\":\"EntryPoint\",\"urlTemplate\":\"https:\\\/\\\/lospoliticosveracruz.com\\\/?s={search_term_string}\"},\"query-input\":{\"@type\":\"PropertyValueSpecification\",\"valueRequired\":true,\"valueName\":\"search_term_string\"}}],\"inLanguage\":\"es\"},{\"@type\":\"Organization\",\"@id\":\"https:\\\/\\\/lospoliticosveracruz.com\\\/#organization\",\"name\":\"Los pol\u00edticos Veracruz\",\"url\":\"https:\\\/\\\/lospoliticosveracruz.com\\\/\",\"logo\":{\"@type\":\"ImageObject\",\"inLanguage\":\"es\",\"@id\":\"https:\\\/\\\/lospoliticosveracruz.com\\\/#\\\/schema\\\/logo\\\/image\\\/\",\"url\":\"https:\\\/\\\/lospoliticosveracruz.com\\\/wp-content\\\/uploads\\\/2025\\\/12\\\/Logo-Nuevo-LOS-POLITICOS-1.jpg\",\"contentUrl\":\"https:\\\/\\\/lospoliticosveracruz.com\\\/wp-content\\\/uploads\\\/2025\\\/12\\\/Logo-Nuevo-LOS-POLITICOS-1.jpg\",\"width\":260,\"height\":70,\"caption\":\"Los pol\u00edticos Veracruz\"},\"image\":{\"@id\":\"https:\\\/\\\/lospoliticosveracruz.com\\\/#\\\/schema\\\/logo\\\/image\\\/\"},\"sameAs\":[\"https:\\\/\\\/www.facebook.com\\\/people\\\/Notimemes-de-los-Polticos\\\/61565672886568\\\/\",\"https:\\\/\\\/x.com\\\/LosPoliticosVer\"]},{\"@type\":\"Person\",\"@id\":\"https:\\\/\\\/lospoliticosveracruz.com\\\/#\\\/schema\\\/person\\\/b8702bb0e538456e6efd07080bf2a4a2\",\"name\":\"Lo viste en Los Pol\u00edticos\",\"image\":{\"@type\":\"ImageObject\",\"inLanguage\":\"es\",\"@id\":\"https:\\\/\\\/secure.gravatar.com\\\/avatar\\\/3a8de04a2656d44082be478bd6c086daa447c4651605818287b9532d3d0bd435?s=96&d=mm&r=g\",\"url\":\"https:\\\/\\\/secure.gravatar.com\\\/avatar\\\/3a8de04a2656d44082be478bd6c086daa447c4651605818287b9532d3d0bd435?s=96&d=mm&r=g\",\"contentUrl\":\"https:\\\/\\\/secure.gravatar.com\\\/avatar\\\/3a8de04a2656d44082be478bd6c086daa447c4651605818287b9532d3d0bd435?s=96&d=mm&r=g\",\"caption\":\"Lo viste en Los Pol\u00edticos\"},\"url\":\"https:\\\/\\\/lospoliticosveracruz.com\\\/?author=2\"}]}<\/script>\n<!-- \/ Yoast SEO plugin. -->","yoast_head_json":{"title":"Mujeres, vayan! - Los pol\u00edticos Veracruz","robots":{"index":"index","follow":"follow","max-snippet":"max-snippet:-1","max-image-preview":"max-image-preview:large","max-video-preview":"max-video-preview:-1"},"canonical":"https:\/\/lospoliticosveracruz.com\/?p=80084","og_locale":"es_ES","og_type":"article","og_title":"Mujeres, vayan! - Los pol\u00edticos Veracruz","og_description":"C\u00f3rdobaDel cuatro al ocho de octubre el Ayuntamiento de C\u00f3rdoba realizar\u00e1 jornada de mastograf\u00edas gratuitas para mujeres mayores de 40 a\u00f1os. Marco Antonio Galicia Bernab\u00e9, director de desarrollo social, inform\u00f3 que el Ayuntamiento de C\u00f3rdoba ofrecer\u00e1 este servicio de forma gratuita en el parque 21 de mayo, con la finalidad de contribuir a la prevenci\u00f3n, [&hellip;]","og_url":"https:\/\/lospoliticosveracruz.com\/?p=80084","og_site_name":"Los pol\u00edticos Veracruz","article_publisher":"https:\/\/www.facebook.com\/people\/Notimemes-de-los-Polticos\/61565672886568\/","article_published_time":"2021-09-30T18:26:48+00:00","article_modified_time":"2021-09-30T18:26:52+00:00","og_image":[{"width":200,"height":200,"url":"https:\/\/lospoliticosveracruz.com\/wp-content\/uploads\/2016\/07\/Logo-Dor.jpg","type":"image\/jpeg"}],"author":"Lo viste en Los Pol\u00edticos","twitter_card":"summary_large_image","twitter_creator":"@LosPoliticosVer","twitter_site":"@LosPoliticosVer","twitter_misc":{"Escrito por":"Lo viste en Los Pol\u00edticos","Tiempo de lectura":"2 minutos"},"schema":{"@context":"https:\/\/schema.org","@graph":[{"@type":"Article","@id":"https:\/\/lospoliticosveracruz.com\/?p=80084#article","isPartOf":{"@id":"https:\/\/lospoliticosveracruz.com\/?p=80084"},"author":{"name":"Lo viste en Los Pol\u00edticos","@id":"https:\/\/lospoliticosveracruz.com\/#\/schema\/person\/b8702bb0e538456e6efd07080bf2a4a2"},"headline":"Mujeres, vayan!","datePublished":"2021-09-30T18:26:48+00:00","dateModified":"2021-09-30T18:26:52+00:00","mainEntityOfPage":{"@id":"https:\/\/lospoliticosveracruz.com\/?p=80084"},"wordCount":342,"publisher":{"@id":"https:\/\/lospoliticosveracruz.com\/#organization"},"keywords":["c\u00e1ncer de mama","Israel Alejandro Lara Guti\u00e9rrez","Marco Antonio Galicia Bernab\u00e9","mastograf\u00edas","mastograf\u00edas gratuitas","Mujeres","Salud Municipal"],"articleSection":["De Boleto"],"inLanguage":"es"},{"@type":"WebPage","@id":"https:\/\/lospoliticosveracruz.com\/?p=80084","url":"https:\/\/lospoliticosveracruz.com\/?p=80084","name":"Mujeres, vayan! - Los pol\u00edticos Veracruz","isPartOf":{"@id":"https:\/\/lospoliticosveracruz.com\/#website"},"datePublished":"2021-09-30T18:26:48+00:00","dateModified":"2021-09-30T18:26:52+00:00","breadcrumb":{"@id":"https:\/\/lospoliticosveracruz.com\/?p=80084#breadcrumb"},"inLanguage":"es","potentialAction":[{"@type":"ReadAction","target":["https:\/\/lospoliticosveracruz.com\/?p=80084"]}]},{"@type":"BreadcrumbList","@id":"https:\/\/lospoliticosveracruz.com\/?p=80084#breadcrumb","itemListElement":[{"@type":"ListItem","position":1,"name":"Portada","item":"https:\/\/lospoliticosveracruz.com\/"},{"@type":"ListItem","position":2,"name":"Mujeres, vayan!"}]},{"@type":"WebSite","@id":"https:\/\/lospoliticosveracruz.com\/#website","url":"https:\/\/lospoliticosveracruz.com\/","name":"Los pol\u00edticos Veracruz","description":"","publisher":{"@id":"https:\/\/lospoliticosveracruz.com\/#organization"},"potentialAction":[{"@type":"SearchAction","target":{"@type":"EntryPoint","urlTemplate":"https:\/\/lospoliticosveracruz.com\/?s={search_term_string}"},"query-input":{"@type":"PropertyValueSpecification","valueRequired":true,"valueName":"search_term_string"}}],"inLanguage":"es"},{"@type":"Organization","@id":"https:\/\/lospoliticosveracruz.com\/#organization","name":"Los pol\u00edticos Veracruz","url":"https:\/\/lospoliticosveracruz.com\/","logo":{"@type":"ImageObject","inLanguage":"es","@id":"https:\/\/lospoliticosveracruz.com\/#\/schema\/logo\/image\/","url":"https:\/\/lospoliticosveracruz.com\/wp-content\/uploads\/2025\/12\/Logo-Nuevo-LOS-POLITICOS-1.jpg","contentUrl":"https:\/\/lospoliticosveracruz.com\/wp-content\/uploads\/2025\/12\/Logo-Nuevo-LOS-POLITICOS-1.jpg","width":260,"height":70,"caption":"Los pol\u00edticos Veracruz"},"image":{"@id":"https:\/\/lospoliticosveracruz.com\/#\/schema\/logo\/image\/"},"sameAs":["https:\/\/www.facebook.com\/people\/Notimemes-de-los-Polticos\/61565672886568\/","https:\/\/x.com\/LosPoliticosVer"]},{"@type":"Person","@id":"https:\/\/lospoliticosveracruz.com\/#\/schema\/person\/b8702bb0e538456e6efd07080bf2a4a2","name":"Lo viste en Los Pol\u00edticos","image":{"@type":"ImageObject","inLanguage":"es","@id":"https:\/\/secure.gravatar.com\/avatar\/3a8de04a2656d44082be478bd6c086daa447c4651605818287b9532d3d0bd435?s=96&d=mm&r=g","url":"https:\/\/secure.gravatar.com\/avatar\/3a8de04a2656d44082be478bd6c086daa447c4651605818287b9532d3d0bd435?s=96&d=mm&r=g","contentUrl":"https:\/\/secure.gravatar.com\/avatar\/3a8de04a2656d44082be478bd6c086daa447c4651605818287b9532d3d0bd435?s=96&d=mm&r=g","caption":"Lo viste en Los Pol\u00edticos"},"url":"https:\/\/lospoliticosveracruz.com\/?author=2"}]}},"_links":{"self":[{"href":"https:\/\/lospoliticosveracruz.com\/index.php?rest_route=\/wp\/v2\/posts\/80084","targetHints":{"allow":["GET"]}}],"collection":[{"href":"https:\/\/lospoliticosveracruz.com\/index.php?rest_route=\/wp\/v2\/posts"}],"about":[{"href":"https:\/\/lospoliticosveracruz.com\/index.php?rest_route=\/wp\/v2\/types\/post"}],"author":[{"embeddable":true,"href":"https:\/\/lospoliticosveracruz.com\/index.php?rest_route=\/wp\/v2\/users\/2"}],"replies":[{"embeddable":true,"href":"https:\/\/lospoliticosveracruz.com\/index.php?rest_route=%2Fwp%2Fv2%2Fcomments&post=80084"}],"version-history":[{"count":1,"href":"https:\/\/lospoliticosveracruz.com\/index.php?rest_route=\/wp\/v2\/posts\/80084\/revisions"}],"predecessor-version":[{"id":80086,"href":"https:\/\/lospoliticosveracruz.com\/index.php?rest_route=\/wp\/v2\/posts\/80084\/revisions\/80086"}],"wp:attachment":[{"href":"https:\/\/lospoliticosveracruz.com\/index.php?rest_route=%2Fwp%2Fv2%2Fmedia&parent=80084"}],"wp:term":[{"taxonomy":"category","embeddable":true,"href":"https:\/\/lospoliticosveracruz.com\/index.php?rest_route=%2Fwp%2Fv2%2Fcategories&post=80084"},{"taxonomy":"post_tag","embeddable":true,"href":"https:\/\/lospoliticosveracruz.com\/index.php?rest_route=%2Fwp%2Fv2%2Ftags&post=80084"}],"curies":[{"name":"wp","href":"https:\/\/api.w.org\/{rel}","templated":true}]}}