{"id":80087,"date":"2021-09-30T17:19:30","date_gmt":"2021-09-30T22:19:30","guid":{"rendered":"https:\/\/lospoliticosveracruz.com.mx\/?p=80087"},"modified":"2021-09-30T17:19:33","modified_gmt":"2021-09-30T22:19:33","slug":"bancada-naranja-les-echara-la-mano","status":"publish","type":"post","link":"https:\/\/lospoliticosveracruz.com\/?p=80087","title":{"rendered":"Bancada naranja les echar\u00e1 la mano"},"content":{"rendered":"\n<p><\/p>\n\n\n\n<p><\/p>\n\n\n\n<p><strong>Ciudad de M\u00e9xico<\/strong><br>Alcaldes y diputados electos de Veracruz buscan que las necesidades de los municipios que representar\u00e1n tengan respaldo desde la m\u00e1xima tribuna de la naci\u00f3n, por lo que sostuvieron una reuni\u00f3n de trabajo con el Senador Dante Delgado Rannauro, con legisladores de la Bancada Naranja en la C\u00e1mara de Diputados y visitaron distintas dependencias federales.<\/p>\n\n\n\n<p>Sergio Gil Rull\u00e1n, dirigente estatal de Movimiento Ciudadano agradeci\u00f3 la disposici\u00f3n del Senador Dante Delgado Rannauro quien compartiera su experiencia y conocimiento sobre Veracruz, y durante esta visita exhort\u00f3 a los funcionarios electos que est\u00e1n a unos meses de iniciar su gobierno, a que sean transparentes, pero sobre todo, cercanos a la gente.<\/p>\n\n\n\n<p>Jorge \u00c1lvarez M\u00e1ynez, Coordinador de la Bancada Naranja en la C\u00e1mara de Diputados precis\u00f3 durante el encuentro que hoy forman parte de un Movimiento nacional que se construye desde lo local, por lo que reconoce el esfuerzo de los alcaldes y diputados electos de prepararse, y de seguir construyendo una alternativa para millones de mexicanos y mexicanas.<\/p>\n\n\n\n<p>Sergio Gil, del mismo modo agradeci\u00f3 el inter\u00e9s de los diputados Gerardo Gaudiano Rovirosa, Ivonne Aracelly Ortega Pacheco, Julieta Mej\u00eda Ib\u00e1\u00f1ez, Jessica Ortega De la Cruz, Horacio Fern\u00e1ndez Castillo, Manuel Jes\u00fas Herrera Vega, Mar\u00eda Elena Lim\u00f3n Garc\u00eda, Salvador Caro Cabrera, Amalia Dolores Garc\u00eda Medina y a toda la Bancada Naranja quienes brindaron todo su respaldo a los alcaldes y diputados locales en sus proyectos, \u00abno est\u00e1n solos, tendr\u00e1n voz en la m\u00e1xima tribuna de la naci\u00f3n y representaci\u00f3n a nivel federal\u00bb.<\/p>\n\n\n\n<p>Tambi\u00e9n asistieron los diputados electos al Congreso Local, Coordinador de la Bancada Naranja, Adri\u00e1n \u00c1vila Estrada, Ruth Callejas Rold\u00e1n y Maribel Ram\u00edrez Topete, as\u00ed como integrantes de la Comisi\u00f3n Operativa Estatal, Coordinador Estatal, Sergio Gil Rull\u00e1n, Dip. Ivonne Trujillo Ortiz, Elena C\u00f3rdova Molina, Rodolfo Quiroz Mar, Sof\u00eda Yunes Gamboa, Miguel Castillo L\u00f3pez, Carlos Barrios Rosales, Ernesto Sampieri, Ferrer Galv\u00e1n y Carlos Hoeflich.<\/p>\n","protected":false},"excerpt":{"rendered":"<p>Ciudad de M\u00e9xicoAlcaldes y diputados electos de Veracruz buscan que las necesidades de los municipios que representar\u00e1n tengan respaldo desde la m\u00e1xima tribuna de la naci\u00f3n, por lo que sostuvieron una reuni\u00f3n de trabajo con el Senador Dante Delgado Rannauro, con legisladores de la Bancada Naranja en la C\u00e1mara de Diputados y visitaron distintas dependencias [&hellip;]<\/p>\n","protected":false},"author":2,"featured_media":0,"comment_status":"closed","ping_status":"closed","sticky":false,"template":"","format":"standard","meta":{"tdm_status":"","tdm_grid_status":"","footnotes":""},"categories":[73],"tags":[1006,30634,30635,9214,30638,30633,30636,30637,30639,2327,10559,30640,11240],"class_list":{"0":"post-80087","1":"post","2":"type-post","3":"status-publish","4":"format-standard","6":"category-de-boleto","7":"tag-dante-delgado-rannauro","8":"tag-gerardo-gaudiano-rovirosa","9":"tag-horacio-fernandez-castillo","10":"tag-ivonne-aracelly-ortega-pacheco","11":"tag-jessica-ortega-de-la-cruz","12":"tag-jorge-alvarez-maynez-2","13":"tag-julieta-mejia-ibanez","14":"tag-manuel-jesus-herrera-vega","15":"tag-maria-elena-limon-garcia","16":"tag-movimiento-ciudadano","17":"tag-ruth-callejas-roldan","18":"tag-salvador-caro-cabrera","19":"tag-sergio-gil-rullan"},"yoast_head":"<!-- This site is optimized with the Yoast SEO plugin v27.4 - https:\/\/yoast.com\/product\/yoast-seo-wordpress\/ -->\n<title>Bancada naranja les echar\u00e1 la mano - Los pol\u00edticos Veracruz<\/title>\n<meta name=\"robots\" content=\"index, follow, max-snippet:-1, max-image-preview:large, max-video-preview:-1\" \/>\n<link rel=\"canonical\" href=\"https:\/\/lospoliticosveracruz.com\/?p=80087\" \/>\n<meta property=\"og:locale\" content=\"es_ES\" \/>\n<meta property=\"og:type\" content=\"article\" \/>\n<meta property=\"og:title\" content=\"Bancada naranja les echar\u00e1 la mano - Los pol\u00edticos Veracruz\" \/>\n<meta property=\"og:description\" content=\"Ciudad de M\u00e9xicoAlcaldes y diputados electos de Veracruz buscan que las necesidades de los municipios que representar\u00e1n tengan respaldo desde la m\u00e1xima tribuna de la naci\u00f3n, por lo que sostuvieron una reuni\u00f3n de trabajo con el Senador Dante Delgado Rannauro, con legisladores de la Bancada Naranja en la C\u00e1mara de Diputados y visitaron distintas dependencias [&hellip;]\" \/>\n<meta property=\"og:url\" content=\"https:\/\/lospoliticosveracruz.com\/?p=80087\" \/>\n<meta property=\"og:site_name\" content=\"Los pol\u00edticos Veracruz\" \/>\n<meta property=\"article:publisher\" content=\"https:\/\/www.facebook.com\/people\/Notimemes-de-los-Polticos\/61565672886568\/\" \/>\n<meta property=\"article:published_time\" content=\"2021-09-30T22:19:30+00:00\" \/>\n<meta property=\"article:modified_time\" content=\"2021-09-30T22:19:33+00:00\" \/>\n<meta property=\"og:image\" content=\"https:\/\/lospoliticosveracruz.com\/wp-content\/uploads\/2016\/07\/Logo-Dor.jpg\" \/>\n\t<meta property=\"og:image:width\" content=\"200\" \/>\n\t<meta property=\"og:image:height\" content=\"200\" \/>\n\t<meta property=\"og:image:type\" content=\"image\/jpeg\" \/>\n<meta name=\"author\" content=\"Lo viste en Los Pol\u00edticos\" \/>\n<meta name=\"twitter:card\" content=\"summary_large_image\" \/>\n<meta name=\"twitter:creator\" content=\"@LosPoliticosVer\" \/>\n<meta name=\"twitter:site\" content=\"@LosPoliticosVer\" \/>\n<meta name=\"twitter:label1\" content=\"Escrito por\" \/>\n\t<meta name=\"twitter:data1\" content=\"Lo viste en Los Pol\u00edticos\" \/>\n\t<meta name=\"twitter:label2\" content=\"Tiempo de lectura\" \/>\n\t<meta name=\"twitter:data2\" content=\"2 minutos\" \/>\n<script type=\"application\/ld+json\" class=\"yoast-schema-graph\">{\"@context\":\"https:\\\/\\\/schema.org\",\"@graph\":[{\"@type\":\"Article\",\"@id\":\"https:\\\/\\\/lospoliticosveracruz.com\\\/?p=80087#article\",\"isPartOf\":{\"@id\":\"https:\\\/\\\/lospoliticosveracruz.com\\\/?p=80087\"},\"author\":{\"name\":\"Lo viste en Los Pol\u00edticos\",\"@id\":\"https:\\\/\\\/lospoliticosveracruz.com\\\/#\\\/schema\\\/person\\\/b8702bb0e538456e6efd07080bf2a4a2\"},\"headline\":\"Bancada naranja les echar\u00e1 la mano\",\"datePublished\":\"2021-09-30T22:19:30+00:00\",\"dateModified\":\"2021-09-30T22:19:33+00:00\",\"mainEntityOfPage\":{\"@id\":\"https:\\\/\\\/lospoliticosveracruz.com\\\/?p=80087\"},\"wordCount\":351,\"publisher\":{\"@id\":\"https:\\\/\\\/lospoliticosveracruz.com\\\/#organization\"},\"keywords\":[\"Dante Delgado Rannauro\",\"Gerardo Gaudiano Rovirosa\",\"Horacio Fern\u00e1ndez Castillo\",\"Ivonne Aracelly Ortega Pacheco\",\"Jessica Ortega De la Cruz\",\"Jorge \u00c1lvarez M\u00e1ynez\",\"Julieta Mej\u00eda Ib\u00e1\u00f1ez\",\"Manuel Jes\u00fas Herrera Vega\",\"Mar\u00eda Elena Lim\u00f3n Garc\u00eda\",\"Movimiento Ciudadano\",\"Ruth Callejas Rold\u00e1n\",\"Salvador Caro Cabrera\",\"Sergio Gil Rull\u00e1n\"],\"articleSection\":[\"De Boleto\"],\"inLanguage\":\"es\"},{\"@type\":\"WebPage\",\"@id\":\"https:\\\/\\\/lospoliticosveracruz.com\\\/?p=80087\",\"url\":\"https:\\\/\\\/lospoliticosveracruz.com\\\/?p=80087\",\"name\":\"Bancada naranja les echar\u00e1 la mano - Los pol\u00edticos Veracruz\",\"isPartOf\":{\"@id\":\"https:\\\/\\\/lospoliticosveracruz.com\\\/#website\"},\"datePublished\":\"2021-09-30T22:19:30+00:00\",\"dateModified\":\"2021-09-30T22:19:33+00:00\",\"breadcrumb\":{\"@id\":\"https:\\\/\\\/lospoliticosveracruz.com\\\/?p=80087#breadcrumb\"},\"inLanguage\":\"es\",\"potentialAction\":[{\"@type\":\"ReadAction\",\"target\":[\"https:\\\/\\\/lospoliticosveracruz.com\\\/?p=80087\"]}]},{\"@type\":\"BreadcrumbList\",\"@id\":\"https:\\\/\\\/lospoliticosveracruz.com\\\/?p=80087#breadcrumb\",\"itemListElement\":[{\"@type\":\"ListItem\",\"position\":1,\"name\":\"Portada\",\"item\":\"https:\\\/\\\/lospoliticosveracruz.com\\\/\"},{\"@type\":\"ListItem\",\"position\":2,\"name\":\"Bancada naranja les echar\u00e1 la mano\"}]},{\"@type\":\"WebSite\",\"@id\":\"https:\\\/\\\/lospoliticosveracruz.com\\\/#website\",\"url\":\"https:\\\/\\\/lospoliticosveracruz.com\\\/\",\"name\":\"Los pol\u00edticos Veracruz\",\"description\":\"\",\"publisher\":{\"@id\":\"https:\\\/\\\/lospoliticosveracruz.com\\\/#organization\"},\"potentialAction\":[{\"@type\":\"SearchAction\",\"target\":{\"@type\":\"EntryPoint\",\"urlTemplate\":\"https:\\\/\\\/lospoliticosveracruz.com\\\/?s={search_term_string}\"},\"query-input\":{\"@type\":\"PropertyValueSpecification\",\"valueRequired\":true,\"valueName\":\"search_term_string\"}}],\"inLanguage\":\"es\"},{\"@type\":\"Organization\",\"@id\":\"https:\\\/\\\/lospoliticosveracruz.com\\\/#organization\",\"name\":\"Los pol\u00edticos Veracruz\",\"url\":\"https:\\\/\\\/lospoliticosveracruz.com\\\/\",\"logo\":{\"@type\":\"ImageObject\",\"inLanguage\":\"es\",\"@id\":\"https:\\\/\\\/lospoliticosveracruz.com\\\/#\\\/schema\\\/logo\\\/image\\\/\",\"url\":\"https:\\\/\\\/lospoliticosveracruz.com\\\/wp-content\\\/uploads\\\/2025\\\/12\\\/Logo-Nuevo-LOS-POLITICOS-1.jpg\",\"contentUrl\":\"https:\\\/\\\/lospoliticosveracruz.com\\\/wp-content\\\/uploads\\\/2025\\\/12\\\/Logo-Nuevo-LOS-POLITICOS-1.jpg\",\"width\":260,\"height\":70,\"caption\":\"Los pol\u00edticos Veracruz\"},\"image\":{\"@id\":\"https:\\\/\\\/lospoliticosveracruz.com\\\/#\\\/schema\\\/logo\\\/image\\\/\"},\"sameAs\":[\"https:\\\/\\\/www.facebook.com\\\/people\\\/Notimemes-de-los-Polticos\\\/61565672886568\\\/\",\"https:\\\/\\\/x.com\\\/LosPoliticosVer\"]},{\"@type\":\"Person\",\"@id\":\"https:\\\/\\\/lospoliticosveracruz.com\\\/#\\\/schema\\\/person\\\/b8702bb0e538456e6efd07080bf2a4a2\",\"name\":\"Lo viste en Los Pol\u00edticos\",\"image\":{\"@type\":\"ImageObject\",\"inLanguage\":\"es\",\"@id\":\"https:\\\/\\\/secure.gravatar.com\\\/avatar\\\/3a8de04a2656d44082be478bd6c086daa447c4651605818287b9532d3d0bd435?s=96&d=mm&r=g\",\"url\":\"https:\\\/\\\/secure.gravatar.com\\\/avatar\\\/3a8de04a2656d44082be478bd6c086daa447c4651605818287b9532d3d0bd435?s=96&d=mm&r=g\",\"contentUrl\":\"https:\\\/\\\/secure.gravatar.com\\\/avatar\\\/3a8de04a2656d44082be478bd6c086daa447c4651605818287b9532d3d0bd435?s=96&d=mm&r=g\",\"caption\":\"Lo viste en Los Pol\u00edticos\"},\"url\":\"https:\\\/\\\/lospoliticosveracruz.com\\\/?author=2\"}]}<\/script>\n<!-- \/ Yoast SEO plugin. -->","yoast_head_json":{"title":"Bancada naranja les echar\u00e1 la mano - Los pol\u00edticos Veracruz","robots":{"index":"index","follow":"follow","max-snippet":"max-snippet:-1","max-image-preview":"max-image-preview:large","max-video-preview":"max-video-preview:-1"},"canonical":"https:\/\/lospoliticosveracruz.com\/?p=80087","og_locale":"es_ES","og_type":"article","og_title":"Bancada naranja les echar\u00e1 la mano - Los pol\u00edticos Veracruz","og_description":"Ciudad de M\u00e9xicoAlcaldes y diputados electos de Veracruz buscan que las necesidades de los municipios que representar\u00e1n tengan respaldo desde la m\u00e1xima tribuna de la naci\u00f3n, por lo que sostuvieron una reuni\u00f3n de trabajo con el Senador Dante Delgado Rannauro, con legisladores de la Bancada Naranja en la C\u00e1mara de Diputados y visitaron distintas dependencias [&hellip;]","og_url":"https:\/\/lospoliticosveracruz.com\/?p=80087","og_site_name":"Los pol\u00edticos Veracruz","article_publisher":"https:\/\/www.facebook.com\/people\/Notimemes-de-los-Polticos\/61565672886568\/","article_published_time":"2021-09-30T22:19:30+00:00","article_modified_time":"2021-09-30T22:19:33+00:00","og_image":[{"width":200,"height":200,"url":"https:\/\/lospoliticosveracruz.com\/wp-content\/uploads\/2016\/07\/Logo-Dor.jpg","type":"image\/jpeg"}],"author":"Lo viste en Los Pol\u00edticos","twitter_card":"summary_large_image","twitter_creator":"@LosPoliticosVer","twitter_site":"@LosPoliticosVer","twitter_misc":{"Escrito por":"Lo viste en Los Pol\u00edticos","Tiempo de lectura":"2 minutos"},"schema":{"@context":"https:\/\/schema.org","@graph":[{"@type":"Article","@id":"https:\/\/lospoliticosveracruz.com\/?p=80087#article","isPartOf":{"@id":"https:\/\/lospoliticosveracruz.com\/?p=80087"},"author":{"name":"Lo viste en Los Pol\u00edticos","@id":"https:\/\/lospoliticosveracruz.com\/#\/schema\/person\/b8702bb0e538456e6efd07080bf2a4a2"},"headline":"Bancada naranja les echar\u00e1 la mano","datePublished":"2021-09-30T22:19:30+00:00","dateModified":"2021-09-30T22:19:33+00:00","mainEntityOfPage":{"@id":"https:\/\/lospoliticosveracruz.com\/?p=80087"},"wordCount":351,"publisher":{"@id":"https:\/\/lospoliticosveracruz.com\/#organization"},"keywords":["Dante Delgado Rannauro","Gerardo Gaudiano Rovirosa","Horacio Fern\u00e1ndez Castillo","Ivonne Aracelly Ortega Pacheco","Jessica Ortega De la Cruz","Jorge \u00c1lvarez M\u00e1ynez","Julieta Mej\u00eda Ib\u00e1\u00f1ez","Manuel Jes\u00fas Herrera Vega","Mar\u00eda Elena Lim\u00f3n Garc\u00eda","Movimiento Ciudadano","Ruth Callejas Rold\u00e1n","Salvador Caro Cabrera","Sergio Gil Rull\u00e1n"],"articleSection":["De Boleto"],"inLanguage":"es"},{"@type":"WebPage","@id":"https:\/\/lospoliticosveracruz.com\/?p=80087","url":"https:\/\/lospoliticosveracruz.com\/?p=80087","name":"Bancada naranja les echar\u00e1 la mano - Los pol\u00edticos Veracruz","isPartOf":{"@id":"https:\/\/lospoliticosveracruz.com\/#website"},"datePublished":"2021-09-30T22:19:30+00:00","dateModified":"2021-09-30T22:19:33+00:00","breadcrumb":{"@id":"https:\/\/lospoliticosveracruz.com\/?p=80087#breadcrumb"},"inLanguage":"es","potentialAction":[{"@type":"ReadAction","target":["https:\/\/lospoliticosveracruz.com\/?p=80087"]}]},{"@type":"BreadcrumbList","@id":"https:\/\/lospoliticosveracruz.com\/?p=80087#breadcrumb","itemListElement":[{"@type":"ListItem","position":1,"name":"Portada","item":"https:\/\/lospoliticosveracruz.com\/"},{"@type":"ListItem","position":2,"name":"Bancada naranja les echar\u00e1 la mano"}]},{"@type":"WebSite","@id":"https:\/\/lospoliticosveracruz.com\/#website","url":"https:\/\/lospoliticosveracruz.com\/","name":"Los pol\u00edticos Veracruz","description":"","publisher":{"@id":"https:\/\/lospoliticosveracruz.com\/#organization"},"potentialAction":[{"@type":"SearchAction","target":{"@type":"EntryPoint","urlTemplate":"https:\/\/lospoliticosveracruz.com\/?s={search_term_string}"},"query-input":{"@type":"PropertyValueSpecification","valueRequired":true,"valueName":"search_term_string"}}],"inLanguage":"es"},{"@type":"Organization","@id":"https:\/\/lospoliticosveracruz.com\/#organization","name":"Los pol\u00edticos Veracruz","url":"https:\/\/lospoliticosveracruz.com\/","logo":{"@type":"ImageObject","inLanguage":"es","@id":"https:\/\/lospoliticosveracruz.com\/#\/schema\/logo\/image\/","url":"https:\/\/lospoliticosveracruz.com\/wp-content\/uploads\/2025\/12\/Logo-Nuevo-LOS-POLITICOS-1.jpg","contentUrl":"https:\/\/lospoliticosveracruz.com\/wp-content\/uploads\/2025\/12\/Logo-Nuevo-LOS-POLITICOS-1.jpg","width":260,"height":70,"caption":"Los pol\u00edticos Veracruz"},"image":{"@id":"https:\/\/lospoliticosveracruz.com\/#\/schema\/logo\/image\/"},"sameAs":["https:\/\/www.facebook.com\/people\/Notimemes-de-los-Polticos\/61565672886568\/","https:\/\/x.com\/LosPoliticosVer"]},{"@type":"Person","@id":"https:\/\/lospoliticosveracruz.com\/#\/schema\/person\/b8702bb0e538456e6efd07080bf2a4a2","name":"Lo viste en Los Pol\u00edticos","image":{"@type":"ImageObject","inLanguage":"es","@id":"https:\/\/secure.gravatar.com\/avatar\/3a8de04a2656d44082be478bd6c086daa447c4651605818287b9532d3d0bd435?s=96&d=mm&r=g","url":"https:\/\/secure.gravatar.com\/avatar\/3a8de04a2656d44082be478bd6c086daa447c4651605818287b9532d3d0bd435?s=96&d=mm&r=g","contentUrl":"https:\/\/secure.gravatar.com\/avatar\/3a8de04a2656d44082be478bd6c086daa447c4651605818287b9532d3d0bd435?s=96&d=mm&r=g","caption":"Lo viste en Los Pol\u00edticos"},"url":"https:\/\/lospoliticosveracruz.com\/?author=2"}]}},"_links":{"self":[{"href":"https:\/\/lospoliticosveracruz.com\/index.php?rest_route=\/wp\/v2\/posts\/80087","targetHints":{"allow":["GET"]}}],"collection":[{"href":"https:\/\/lospoliticosveracruz.com\/index.php?rest_route=\/wp\/v2\/posts"}],"about":[{"href":"https:\/\/lospoliticosveracruz.com\/index.php?rest_route=\/wp\/v2\/types\/post"}],"author":[{"embeddable":true,"href":"https:\/\/lospoliticosveracruz.com\/index.php?rest_route=\/wp\/v2\/users\/2"}],"replies":[{"embeddable":true,"href":"https:\/\/lospoliticosveracruz.com\/index.php?rest_route=%2Fwp%2Fv2%2Fcomments&post=80087"}],"version-history":[{"count":1,"href":"https:\/\/lospoliticosveracruz.com\/index.php?rest_route=\/wp\/v2\/posts\/80087\/revisions"}],"predecessor-version":[{"id":80089,"href":"https:\/\/lospoliticosveracruz.com\/index.php?rest_route=\/wp\/v2\/posts\/80087\/revisions\/80089"}],"wp:attachment":[{"href":"https:\/\/lospoliticosveracruz.com\/index.php?rest_route=%2Fwp%2Fv2%2Fmedia&parent=80087"}],"wp:term":[{"taxonomy":"category","embeddable":true,"href":"https:\/\/lospoliticosveracruz.com\/index.php?rest_route=%2Fwp%2Fv2%2Fcategories&post=80087"},{"taxonomy":"post_tag","embeddable":true,"href":"https:\/\/lospoliticosveracruz.com\/index.php?rest_route=%2Fwp%2Fv2%2Ftags&post=80087"}],"curies":[{"name":"wp","href":"https:\/\/api.w.org\/{rel}","templated":true}]}}