{"id":80111,"date":"2021-10-01T09:28:54","date_gmt":"2021-10-01T14:28:54","guid":{"rendered":"https:\/\/lospoliticosveracruz.com.mx\/?p=80111"},"modified":"2021-10-01T09:28:57","modified_gmt":"2021-10-01T14:28:57","slug":"la-independencia-iv","status":"publish","type":"post","link":"https:\/\/lospoliticosveracruz.com\/?p=80111","title":{"rendered":"La independencia IV"},"content":{"rendered":"\n<p><\/p>\n\n\n\n<p><strong>Felipe de Jes\u00fas Fern\u00e1ndez Basilio<\/strong><br>Desde A Janela<br><br>En la ocasi\u00f3n anterior se habl\u00f3 acerca del bando de los realistas y se dijo que conocerlos m\u00e1s a fondo era crucial para entender como fue hecha en realidad la independencia de M\u00e9xico y es que como veremos, en ellos est\u00e1 la clave para entender un relato que debiera de ser simple pero que la historia oficial lo hizo tan enredado por querer meter con calzador como principales protagonistas a los insurgentes en un proceso en el cual solo participaron algunos y lo hicieron de manera marginal.<br>Pues ahora nos toca concluir esta serie de art\u00edculos abordando lo que fue la independencia de M\u00e9xico y la manera en que esta se llev\u00f3 a cabo.<br>Pues bien, como ya se dijo en la ocasi\u00f3n anterior, el bando de los realistas estaba, con la excepci\u00f3n de sus jefes supremos, conformado por americanos que defend\u00edan no s\u00f3lo el orden establecido, sino que tambi\u00e9n a sus familias, su hacienda y su modo de vida frente a alzamientos que los pon\u00edan en peligro inminente, el caso del de Hidalgo fue muy destacado en ese aspecto y esa defensa tambi\u00e9n se bas\u00f3 en el alto grado de integraci\u00f3n que ten\u00eda la Nueva Espa\u00f1a con su entonces metr\u00f3poli.<br>Mismo nivel de integraci\u00f3n que comparti\u00f3 con el Per\u00fa y con las Antillas Mayores a excepci\u00f3n de Santo Domingo que por su vecindad con la independiente Hait\u00ed, se vio enfrascada en guerras e invasiones constantes pero que incluso en alg\u00fan momento pens\u00f3 en llamar a Espa\u00f1a para expulsar a los haitianos de su territorio.<br>Siendo esa integraci\u00f3n la que hizo que fracasaran los intentos de insurgencia originados en el virreinato, el cual, hacia finales de la segunda d\u00e9cada del siglo antepasado, se encontraba pr\u00e1cticamente pacificado y en condiciones de seguir operando como reino ligado a la figura del monarca espa\u00f1ol por una buena temporada m\u00e1s.<br>Pero las cosas no iban a suceder de esa manera, porque en la vieja Espa\u00f1a hab\u00eda mucha inestabilidad pol\u00edtica y el elemento que cambi\u00f3 las cosas vino precisamente de all\u00e1 y ese fue la tremenda guerra civil que hubo en la madre patria debido a una combinaci\u00f3n que s\u00f3lo pod\u00eda terminar en un desastre y es que por una parte tenemos que a ella le empezaron a llegar las ideas liberales, que a la postre triunfar\u00edan en el mundo occidental y que ahora son la base de nuestro pensamiento pero que como todo cambio en ese momento no eran bien vistas por mucha gente, a lo cual se suma que en esos momentos Fernando VII era el rey y fue el peor rey que tuvo Espa\u00f1a en toda su historia, reconocido as\u00ed por propios y extra\u00f1os, y por ello fue una persona incapaz de fijar una postura y se dej\u00f3 llevar por la situaci\u00f3n del momento; siendo as\u00ed que primero le dio el trono a Napole\u00f3n, luego fue un monarca supuestamente liberal para terminar siendo absolutista, dejando como consecuencia de todos esos bandazos a su pa\u00eds en la ruina y casi sin posesiones en ultramar.<br>Siendo as\u00ed que para 1820 la monarqu\u00eda espa\u00f1ola se encontraba en un periodo de liberalismo, no aceptado por los realistas novohispanos, quienes se organizaron para presionar al entonces virrey D. Juan Ruiz de Apodaca para que no aceptara jurar la constituci\u00f3n de C\u00e1diz que encarnaba los principios de una monarqu\u00eda liberal y acotada, fracasando en sus objetivos debido a que el virrey era una persona institucional que siempre esperaba instrucciones de Espa\u00f1a para cumplirlas y por ello fue que jur\u00f3 la constituci\u00f3n poco despu\u00e9s de que lo hizo el gobernador de Veracruz.<br>Con esa jura, se acab\u00f3 no solo formalmente el virreinato, ya no exist\u00eda en el texto constitucional, sino que lo hizo materialmente tambi\u00e9n, debido a que la mayor\u00eda de los mandos militares, religiosos y pol\u00edticos que exist\u00edan en aquella \u00e9poca no se avinieron a la constituci\u00f3n y para evitar tener que respetarla decidieron la separaci\u00f3n y ese fue el germen de lo que despu\u00e9s fue la formaci\u00f3n del Ej\u00e9rcito Trigarante, su pacto casi por consenso con todos los sectores del ex reino novohispano y el consiguiente paseo triunfal por casi todo el pa\u00eds y la culminaci\u00f3n del movimiento con la declaraci\u00f3n formal de la independencia de M\u00e9xico.<br>Y aqu\u00ed es en donde entra el papel de D. Agust\u00edn de Iturbide como libertador de M\u00e9xico, un papel que sin lugar a dudas es de primer orden, ya que es la cabeza visible del movimiento Trigarante y adem\u00e1s es quien se encarga de lograr el consenso necesario para que la independencia fuera pac\u00edfica y tan contundente para evitar otra guerra larga y costosa tanto en vidas como econ\u00f3micamente.<br>Si bien no podemos caer en el exceso de atribuirle a Iturbide todos los m\u00e9ritos y decir que se trat\u00f3 de un genio que logr\u00f3 casi sin disparar un tiro, lo que nadie antes hab\u00eda podido hacer, ya que para lograrlo se necesitaba un acuerdo de personas que superaban por mucho en peso pol\u00edtico, militar y social al coronel michoacano; tampoco se le puede regatear el m\u00e9rito de que como brazo ejecutor de la decisi\u00f3n de separarse de Espa\u00f1a, tuvo el tacto diplom\u00e1tico y el entendimiento necesario para atraer a sus filas a europeos, criollos, mestizos, insurgentes e incluso al \u00faltimo gobernante enviado desde Espa\u00f1a a estas tierras.<br>Y por ello con justicia se le debe de reconocer como el libertador de M\u00e9xico, ya que por muchos intereses que se alinearan en un objetivo, si no hubiese alguien que lograra conjuntarlos, hubiera sido mucho m\u00e1s dif\u00edcil alcanzar dicho objetivo y ese el logro indiscutible de D. Agust\u00edn de Iturbide, el padre de la patria mexicana y a\u00fan m\u00e1s lo es, porque el momento de uni\u00f3n que se logr\u00f3 en ese momento fue tan excepcional que nunca m\u00e1s volvimos a estar unidos todos los mexicanos en una sola causa.<br>Y las tres garant\u00edas fueron fiel reflejo de integraci\u00f3n, ya que los mexicanos de la \u00e9poca se identificaron plenamente con la Independencia, la Uni\u00f3n y la Religi\u00f3n proclamadas por Iturbide.<br>Ya otras cuestiones que pudieran opacar la figura de Iturbide como que:<br>Si fue un traidor que sin lugar a dudas lo fue, pero a quien traicion\u00f3 fue al virrey que le confi\u00f3 sus tropas y a la monarqu\u00eda constitucional espa\u00f1ola, m\u00e1s nunca a M\u00e9xico o que si despu\u00e9s se engolosin\u00f3 y se puso una corona que le quedaba grande y no le correspond\u00eda, lo cual tambi\u00e9n es cierto o cualquier otra cosa que sus detractores actuales y pasados le puedan atribuir, de ninguna manera le quitan el m\u00e9rito de ser el Padre de la Patria para los mexicanos.<br>El problema real que tiene la historia oficial con el movimiento Trigarante y con Iturbide en lo particular, es que no encaja en su narrativa que alguien no liberal o que al menos se le puedan atribuir ciertas ideas de ese tipo, haya logrado la independencia de M\u00e9xico.<br>felfebas@gmail.com<br>Twitter: @FelipeFBasilio<\/p>\n","protected":false},"excerpt":{"rendered":"<p>Felipe de Jes\u00fas Fern\u00e1ndez BasilioDesde A Janela En la ocasi\u00f3n anterior se habl\u00f3 acerca del bando de los realistas y se dijo que conocerlos m\u00e1s a fondo era crucial para entender como fue hecha en realidad la independencia de M\u00e9xico y es que como veremos, en ellos est\u00e1 la clave para entender un relato que [&hellip;]<\/p>\n","protected":false},"author":2,"featured_media":80112,"comment_status":"closed","ping_status":"closed","sticky":false,"template":"","format":"standard","meta":{"tdm_status":"","tdm_grid_status":"","footnotes":""},"categories":[70],"tags":[30314,12710,21290,395],"class_list":{"0":"post-80111","1":"post","2":"type-post","3":"status-publish","4":"format-standard","5":"has-post-thumbnail","7":"category-de-opinion","8":"tag-ejercito-trigarante","9":"tag-felipe-de-jesus-fernandez-basilio","10":"tag-independencia-de-mexico","11":"tag-mexico"},"yoast_head":"<!-- This site is optimized with the Yoast SEO plugin v27.4 - https:\/\/yoast.com\/product\/yoast-seo-wordpress\/ -->\n<title>La independencia IV - Los pol\u00edticos Veracruz<\/title>\n<meta name=\"robots\" content=\"index, follow, max-snippet:-1, max-image-preview:large, max-video-preview:-1\" \/>\n<link rel=\"canonical\" href=\"https:\/\/lospoliticosveracruz.com\/?p=80111\" \/>\n<meta property=\"og:locale\" content=\"es_ES\" \/>\n<meta property=\"og:type\" content=\"article\" \/>\n<meta property=\"og:title\" content=\"La independencia IV - Los pol\u00edticos Veracruz\" \/>\n<meta property=\"og:description\" content=\"Felipe de Jes\u00fas Fern\u00e1ndez BasilioDesde A Janela En la ocasi\u00f3n anterior se habl\u00f3 acerca del bando de los realistas y se dijo que conocerlos m\u00e1s a fondo era crucial para entender como fue hecha en realidad la independencia de M\u00e9xico y es que como veremos, en ellos est\u00e1 la clave para entender un relato que [&hellip;]\" \/>\n<meta property=\"og:url\" content=\"https:\/\/lospoliticosveracruz.com\/?p=80111\" \/>\n<meta property=\"og:site_name\" content=\"Los pol\u00edticos Veracruz\" \/>\n<meta property=\"article:publisher\" content=\"https:\/\/www.facebook.com\/people\/Notimemes-de-los-Polticos\/61565672886568\/\" \/>\n<meta property=\"article:published_time\" content=\"2021-10-01T14:28:54+00:00\" \/>\n<meta property=\"article:modified_time\" content=\"2021-10-01T14:28:57+00:00\" \/>\n<meta property=\"og:image\" content=\"https:\/\/lospoliticosveracruz.com\/wp-content\/uploads\/2021\/10\/9DBEED9F-598D-4F4A-BBAD-D281FE4F5095.jpeg\" \/>\n\t<meta property=\"og:image:width\" content=\"1200\" \/>\n\t<meta property=\"og:image:height\" content=\"640\" \/>\n\t<meta property=\"og:image:type\" content=\"image\/jpeg\" \/>\n<meta name=\"author\" content=\"Lo viste en Los Pol\u00edticos\" \/>\n<meta name=\"twitter:card\" content=\"summary_large_image\" \/>\n<meta name=\"twitter:creator\" content=\"@LosPoliticosVer\" \/>\n<meta name=\"twitter:site\" content=\"@LosPoliticosVer\" \/>\n<meta name=\"twitter:label1\" content=\"Escrito por\" \/>\n\t<meta name=\"twitter:data1\" content=\"Lo viste en Los Pol\u00edticos\" \/>\n\t<meta name=\"twitter:label2\" content=\"Tiempo de lectura\" \/>\n\t<meta name=\"twitter:data2\" content=\"6 minutos\" \/>\n<script type=\"application\/ld+json\" class=\"yoast-schema-graph\">{\"@context\":\"https:\\\/\\\/schema.org\",\"@graph\":[{\"@type\":\"Article\",\"@id\":\"https:\\\/\\\/lospoliticosveracruz.com\\\/?p=80111#article\",\"isPartOf\":{\"@id\":\"https:\\\/\\\/lospoliticosveracruz.com\\\/?p=80111\"},\"author\":{\"name\":\"Lo viste en Los Pol\u00edticos\",\"@id\":\"https:\\\/\\\/lospoliticosveracruz.com\\\/#\\\/schema\\\/person\\\/b8702bb0e538456e6efd07080bf2a4a2\"},\"headline\":\"La independencia IV\",\"datePublished\":\"2021-10-01T14:28:54+00:00\",\"dateModified\":\"2021-10-01T14:28:57+00:00\",\"mainEntityOfPage\":{\"@id\":\"https:\\\/\\\/lospoliticosveracruz.com\\\/?p=80111\"},\"wordCount\":1253,\"publisher\":{\"@id\":\"https:\\\/\\\/lospoliticosveracruz.com\\\/#organization\"},\"image\":{\"@id\":\"https:\\\/\\\/lospoliticosveracruz.com\\\/?p=80111#primaryimage\"},\"thumbnailUrl\":\"https:\\\/\\\/lospoliticosveracruz.com\\\/wp-content\\\/uploads\\\/2021\\\/10\\\/9DBEED9F-598D-4F4A-BBAD-D281FE4F5095.jpeg\",\"keywords\":[\"Ej\u00e9rcito Trigarante\",\"Felipe de Jes\u00fas Fern\u00e1ndez Basilio\",\"Independencia de M\u00e9xico\",\"M\u00e9xico\"],\"articleSection\":[\"De Opini\u00f3n\"],\"inLanguage\":\"es\"},{\"@type\":\"WebPage\",\"@id\":\"https:\\\/\\\/lospoliticosveracruz.com\\\/?p=80111\",\"url\":\"https:\\\/\\\/lospoliticosveracruz.com\\\/?p=80111\",\"name\":\"La independencia IV - Los pol\u00edticos Veracruz\",\"isPartOf\":{\"@id\":\"https:\\\/\\\/lospoliticosveracruz.com\\\/#website\"},\"primaryImageOfPage\":{\"@id\":\"https:\\\/\\\/lospoliticosveracruz.com\\\/?p=80111#primaryimage\"},\"image\":{\"@id\":\"https:\\\/\\\/lospoliticosveracruz.com\\\/?p=80111#primaryimage\"},\"thumbnailUrl\":\"https:\\\/\\\/lospoliticosveracruz.com\\\/wp-content\\\/uploads\\\/2021\\\/10\\\/9DBEED9F-598D-4F4A-BBAD-D281FE4F5095.jpeg\",\"datePublished\":\"2021-10-01T14:28:54+00:00\",\"dateModified\":\"2021-10-01T14:28:57+00:00\",\"breadcrumb\":{\"@id\":\"https:\\\/\\\/lospoliticosveracruz.com\\\/?p=80111#breadcrumb\"},\"inLanguage\":\"es\",\"potentialAction\":[{\"@type\":\"ReadAction\",\"target\":[\"https:\\\/\\\/lospoliticosveracruz.com\\\/?p=80111\"]}]},{\"@type\":\"ImageObject\",\"inLanguage\":\"es\",\"@id\":\"https:\\\/\\\/lospoliticosveracruz.com\\\/?p=80111#primaryimage\",\"url\":\"https:\\\/\\\/lospoliticosveracruz.com\\\/wp-content\\\/uploads\\\/2021\\\/10\\\/9DBEED9F-598D-4F4A-BBAD-D281FE4F5095.jpeg\",\"contentUrl\":\"https:\\\/\\\/lospoliticosveracruz.com\\\/wp-content\\\/uploads\\\/2021\\\/10\\\/9DBEED9F-598D-4F4A-BBAD-D281FE4F5095.jpeg\",\"width\":1200,\"height\":640},{\"@type\":\"BreadcrumbList\",\"@id\":\"https:\\\/\\\/lospoliticosveracruz.com\\\/?p=80111#breadcrumb\",\"itemListElement\":[{\"@type\":\"ListItem\",\"position\":1,\"name\":\"Portada\",\"item\":\"https:\\\/\\\/lospoliticosveracruz.com\\\/\"},{\"@type\":\"ListItem\",\"position\":2,\"name\":\"La independencia IV\"}]},{\"@type\":\"WebSite\",\"@id\":\"https:\\\/\\\/lospoliticosveracruz.com\\\/#website\",\"url\":\"https:\\\/\\\/lospoliticosveracruz.com\\\/\",\"name\":\"Los pol\u00edticos Veracruz\",\"description\":\"\",\"publisher\":{\"@id\":\"https:\\\/\\\/lospoliticosveracruz.com\\\/#organization\"},\"potentialAction\":[{\"@type\":\"SearchAction\",\"target\":{\"@type\":\"EntryPoint\",\"urlTemplate\":\"https:\\\/\\\/lospoliticosveracruz.com\\\/?s={search_term_string}\"},\"query-input\":{\"@type\":\"PropertyValueSpecification\",\"valueRequired\":true,\"valueName\":\"search_term_string\"}}],\"inLanguage\":\"es\"},{\"@type\":\"Organization\",\"@id\":\"https:\\\/\\\/lospoliticosveracruz.com\\\/#organization\",\"name\":\"Los pol\u00edticos Veracruz\",\"url\":\"https:\\\/\\\/lospoliticosveracruz.com\\\/\",\"logo\":{\"@type\":\"ImageObject\",\"inLanguage\":\"es\",\"@id\":\"https:\\\/\\\/lospoliticosveracruz.com\\\/#\\\/schema\\\/logo\\\/image\\\/\",\"url\":\"https:\\\/\\\/lospoliticosveracruz.com\\\/wp-content\\\/uploads\\\/2025\\\/12\\\/Logo-Nuevo-LOS-POLITICOS-1.jpg\",\"contentUrl\":\"https:\\\/\\\/lospoliticosveracruz.com\\\/wp-content\\\/uploads\\\/2025\\\/12\\\/Logo-Nuevo-LOS-POLITICOS-1.jpg\",\"width\":260,\"height\":70,\"caption\":\"Los pol\u00edticos Veracruz\"},\"image\":{\"@id\":\"https:\\\/\\\/lospoliticosveracruz.com\\\/#\\\/schema\\\/logo\\\/image\\\/\"},\"sameAs\":[\"https:\\\/\\\/www.facebook.com\\\/people\\\/Notimemes-de-los-Polticos\\\/61565672886568\\\/\",\"https:\\\/\\\/x.com\\\/LosPoliticosVer\"]},{\"@type\":\"Person\",\"@id\":\"https:\\\/\\\/lospoliticosveracruz.com\\\/#\\\/schema\\\/person\\\/b8702bb0e538456e6efd07080bf2a4a2\",\"name\":\"Lo viste en Los Pol\u00edticos\",\"image\":{\"@type\":\"ImageObject\",\"inLanguage\":\"es\",\"@id\":\"https:\\\/\\\/secure.gravatar.com\\\/avatar\\\/3a8de04a2656d44082be478bd6c086daa447c4651605818287b9532d3d0bd435?s=96&d=mm&r=g\",\"url\":\"https:\\\/\\\/secure.gravatar.com\\\/avatar\\\/3a8de04a2656d44082be478bd6c086daa447c4651605818287b9532d3d0bd435?s=96&d=mm&r=g\",\"contentUrl\":\"https:\\\/\\\/secure.gravatar.com\\\/avatar\\\/3a8de04a2656d44082be478bd6c086daa447c4651605818287b9532d3d0bd435?s=96&d=mm&r=g\",\"caption\":\"Lo viste en Los Pol\u00edticos\"},\"url\":\"https:\\\/\\\/lospoliticosveracruz.com\\\/?author=2\"}]}<\/script>\n<!-- \/ Yoast SEO plugin. -->","yoast_head_json":{"title":"La independencia IV - Los pol\u00edticos Veracruz","robots":{"index":"index","follow":"follow","max-snippet":"max-snippet:-1","max-image-preview":"max-image-preview:large","max-video-preview":"max-video-preview:-1"},"canonical":"https:\/\/lospoliticosveracruz.com\/?p=80111","og_locale":"es_ES","og_type":"article","og_title":"La independencia IV - Los pol\u00edticos Veracruz","og_description":"Felipe de Jes\u00fas Fern\u00e1ndez BasilioDesde A Janela En la ocasi\u00f3n anterior se habl\u00f3 acerca del bando de los realistas y se dijo que conocerlos m\u00e1s a fondo era crucial para entender como fue hecha en realidad la independencia de M\u00e9xico y es que como veremos, en ellos est\u00e1 la clave para entender un relato que [&hellip;]","og_url":"https:\/\/lospoliticosveracruz.com\/?p=80111","og_site_name":"Los pol\u00edticos Veracruz","article_publisher":"https:\/\/www.facebook.com\/people\/Notimemes-de-los-Polticos\/61565672886568\/","article_published_time":"2021-10-01T14:28:54+00:00","article_modified_time":"2021-10-01T14:28:57+00:00","og_image":[{"width":1200,"height":640,"url":"https:\/\/lospoliticosveracruz.com\/wp-content\/uploads\/2021\/10\/9DBEED9F-598D-4F4A-BBAD-D281FE4F5095.jpeg","type":"image\/jpeg"}],"author":"Lo viste en Los Pol\u00edticos","twitter_card":"summary_large_image","twitter_creator":"@LosPoliticosVer","twitter_site":"@LosPoliticosVer","twitter_misc":{"Escrito por":"Lo viste en Los Pol\u00edticos","Tiempo de lectura":"6 minutos"},"schema":{"@context":"https:\/\/schema.org","@graph":[{"@type":"Article","@id":"https:\/\/lospoliticosveracruz.com\/?p=80111#article","isPartOf":{"@id":"https:\/\/lospoliticosveracruz.com\/?p=80111"},"author":{"name":"Lo viste en Los Pol\u00edticos","@id":"https:\/\/lospoliticosveracruz.com\/#\/schema\/person\/b8702bb0e538456e6efd07080bf2a4a2"},"headline":"La independencia IV","datePublished":"2021-10-01T14:28:54+00:00","dateModified":"2021-10-01T14:28:57+00:00","mainEntityOfPage":{"@id":"https:\/\/lospoliticosveracruz.com\/?p=80111"},"wordCount":1253,"publisher":{"@id":"https:\/\/lospoliticosveracruz.com\/#organization"},"image":{"@id":"https:\/\/lospoliticosveracruz.com\/?p=80111#primaryimage"},"thumbnailUrl":"https:\/\/lospoliticosveracruz.com\/wp-content\/uploads\/2021\/10\/9DBEED9F-598D-4F4A-BBAD-D281FE4F5095.jpeg","keywords":["Ej\u00e9rcito Trigarante","Felipe de Jes\u00fas Fern\u00e1ndez Basilio","Independencia de M\u00e9xico","M\u00e9xico"],"articleSection":["De Opini\u00f3n"],"inLanguage":"es"},{"@type":"WebPage","@id":"https:\/\/lospoliticosveracruz.com\/?p=80111","url":"https:\/\/lospoliticosveracruz.com\/?p=80111","name":"La independencia IV - Los pol\u00edticos Veracruz","isPartOf":{"@id":"https:\/\/lospoliticosveracruz.com\/#website"},"primaryImageOfPage":{"@id":"https:\/\/lospoliticosveracruz.com\/?p=80111#primaryimage"},"image":{"@id":"https:\/\/lospoliticosveracruz.com\/?p=80111#primaryimage"},"thumbnailUrl":"https:\/\/lospoliticosveracruz.com\/wp-content\/uploads\/2021\/10\/9DBEED9F-598D-4F4A-BBAD-D281FE4F5095.jpeg","datePublished":"2021-10-01T14:28:54+00:00","dateModified":"2021-10-01T14:28:57+00:00","breadcrumb":{"@id":"https:\/\/lospoliticosveracruz.com\/?p=80111#breadcrumb"},"inLanguage":"es","potentialAction":[{"@type":"ReadAction","target":["https:\/\/lospoliticosveracruz.com\/?p=80111"]}]},{"@type":"ImageObject","inLanguage":"es","@id":"https:\/\/lospoliticosveracruz.com\/?p=80111#primaryimage","url":"https:\/\/lospoliticosveracruz.com\/wp-content\/uploads\/2021\/10\/9DBEED9F-598D-4F4A-BBAD-D281FE4F5095.jpeg","contentUrl":"https:\/\/lospoliticosveracruz.com\/wp-content\/uploads\/2021\/10\/9DBEED9F-598D-4F4A-BBAD-D281FE4F5095.jpeg","width":1200,"height":640},{"@type":"BreadcrumbList","@id":"https:\/\/lospoliticosveracruz.com\/?p=80111#breadcrumb","itemListElement":[{"@type":"ListItem","position":1,"name":"Portada","item":"https:\/\/lospoliticosveracruz.com\/"},{"@type":"ListItem","position":2,"name":"La independencia IV"}]},{"@type":"WebSite","@id":"https:\/\/lospoliticosveracruz.com\/#website","url":"https:\/\/lospoliticosveracruz.com\/","name":"Los pol\u00edticos Veracruz","description":"","publisher":{"@id":"https:\/\/lospoliticosveracruz.com\/#organization"},"potentialAction":[{"@type":"SearchAction","target":{"@type":"EntryPoint","urlTemplate":"https:\/\/lospoliticosveracruz.com\/?s={search_term_string}"},"query-input":{"@type":"PropertyValueSpecification","valueRequired":true,"valueName":"search_term_string"}}],"inLanguage":"es"},{"@type":"Organization","@id":"https:\/\/lospoliticosveracruz.com\/#organization","name":"Los pol\u00edticos Veracruz","url":"https:\/\/lospoliticosveracruz.com\/","logo":{"@type":"ImageObject","inLanguage":"es","@id":"https:\/\/lospoliticosveracruz.com\/#\/schema\/logo\/image\/","url":"https:\/\/lospoliticosveracruz.com\/wp-content\/uploads\/2025\/12\/Logo-Nuevo-LOS-POLITICOS-1.jpg","contentUrl":"https:\/\/lospoliticosveracruz.com\/wp-content\/uploads\/2025\/12\/Logo-Nuevo-LOS-POLITICOS-1.jpg","width":260,"height":70,"caption":"Los pol\u00edticos Veracruz"},"image":{"@id":"https:\/\/lospoliticosveracruz.com\/#\/schema\/logo\/image\/"},"sameAs":["https:\/\/www.facebook.com\/people\/Notimemes-de-los-Polticos\/61565672886568\/","https:\/\/x.com\/LosPoliticosVer"]},{"@type":"Person","@id":"https:\/\/lospoliticosveracruz.com\/#\/schema\/person\/b8702bb0e538456e6efd07080bf2a4a2","name":"Lo viste en Los Pol\u00edticos","image":{"@type":"ImageObject","inLanguage":"es","@id":"https:\/\/secure.gravatar.com\/avatar\/3a8de04a2656d44082be478bd6c086daa447c4651605818287b9532d3d0bd435?s=96&d=mm&r=g","url":"https:\/\/secure.gravatar.com\/avatar\/3a8de04a2656d44082be478bd6c086daa447c4651605818287b9532d3d0bd435?s=96&d=mm&r=g","contentUrl":"https:\/\/secure.gravatar.com\/avatar\/3a8de04a2656d44082be478bd6c086daa447c4651605818287b9532d3d0bd435?s=96&d=mm&r=g","caption":"Lo viste en Los Pol\u00edticos"},"url":"https:\/\/lospoliticosveracruz.com\/?author=2"}]}},"_links":{"self":[{"href":"https:\/\/lospoliticosveracruz.com\/index.php?rest_route=\/wp\/v2\/posts\/80111","targetHints":{"allow":["GET"]}}],"collection":[{"href":"https:\/\/lospoliticosveracruz.com\/index.php?rest_route=\/wp\/v2\/posts"}],"about":[{"href":"https:\/\/lospoliticosveracruz.com\/index.php?rest_route=\/wp\/v2\/types\/post"}],"author":[{"embeddable":true,"href":"https:\/\/lospoliticosveracruz.com\/index.php?rest_route=\/wp\/v2\/users\/2"}],"replies":[{"embeddable":true,"href":"https:\/\/lospoliticosveracruz.com\/index.php?rest_route=%2Fwp%2Fv2%2Fcomments&post=80111"}],"version-history":[{"count":1,"href":"https:\/\/lospoliticosveracruz.com\/index.php?rest_route=\/wp\/v2\/posts\/80111\/revisions"}],"predecessor-version":[{"id":80114,"href":"https:\/\/lospoliticosveracruz.com\/index.php?rest_route=\/wp\/v2\/posts\/80111\/revisions\/80114"}],"wp:featuredmedia":[{"embeddable":true,"href":"https:\/\/lospoliticosveracruz.com\/index.php?rest_route=\/wp\/v2\/media\/80112"}],"wp:attachment":[{"href":"https:\/\/lospoliticosveracruz.com\/index.php?rest_route=%2Fwp%2Fv2%2Fmedia&parent=80111"}],"wp:term":[{"taxonomy":"category","embeddable":true,"href":"https:\/\/lospoliticosveracruz.com\/index.php?rest_route=%2Fwp%2Fv2%2Fcategories&post=80111"},{"taxonomy":"post_tag","embeddable":true,"href":"https:\/\/lospoliticosveracruz.com\/index.php?rest_route=%2Fwp%2Fv2%2Ftags&post=80111"}],"curies":[{"name":"wp","href":"https:\/\/api.w.org\/{rel}","templated":true}]}}