{"id":80141,"date":"2021-10-01T16:18:51","date_gmt":"2021-10-01T21:18:51","guid":{"rendered":"https:\/\/lospoliticosveracruz.com.mx\/?p=80141"},"modified":"2021-10-01T16:18:55","modified_gmt":"2021-10-01T21:18:55","slug":"se-luce-veracruz-en-la-semana-de-la-transparencia","status":"publish","type":"post","link":"https:\/\/lospoliticosveracruz.com\/?p=80141","title":{"rendered":"Se luce Veracruz en la Semana de la Transparencia"},"content":{"rendered":"\n<p><\/p>\n\n\n\n<p><strong>Xalapa<\/strong><br>Tras cinco d\u00edas de actividades en diferentes sedes a lo largo de todo el pa\u00eds, este viernes concluy\u00f3 la Semana Nacional de Transparencia en la que Veracruz tuvo una destacada presencia activa, pues a lo largo de las cinco jornadas, 16 mujeres y 11 hombres participaron en los paneles y mesas de trabajo.<\/p>\n\n\n\n<p>Durante los cinco d\u00edas, se cont\u00f3 con la presencia de Comisionadas y Comisionados del Instituto Nacional de Transparencia, Acceso a la Informaci\u00f3n y Protecci\u00f3n de Datos Personales (INAI) y de los \u00f3rganos garantes de las entidades federativas, especialistas, autoridades y representantes de la sociedad civil organizada.<\/p>\n\n\n\n<p>Dentro de la Semana Nacional de Transparencia se analizaron y plantearon estrategias para promover la transparencia y el ejercicio de los derechos de acceso a la informaci\u00f3n y de protecci\u00f3n de datos personales entre los grupos en situaci\u00f3n de vulnerabilidad como son personas con discapacidad, pueblos originarios, comunidades ind\u00edgenas y rurales, personas migrantes, mujeres que sufren o han sufrido violencia y la comunidad LGBTTTIQ+.<\/p>\n\n\n\n<p>Asimismo, se discuti\u00f3 sobre los problemas sociales que originan la exclusi\u00f3n y desigualdad en el conocimiento y la pr\u00e1ctica de las libertades informativas e identificar nuevas estrategias y \u00e1reas de oportunidad para propiciar la inclusi\u00f3n de los grupos en situaci\u00f3n de vulnerabilidad en la apropiaci\u00f3n de los derechos de acceso a la informaci\u00f3n p\u00fablica y la protecci\u00f3n de datos personales.<\/p>\n\n\n\n<p>En Zacatecas, el debate se centr\u00f3 en la situaci\u00f3n que enfrentan la poblaci\u00f3n migrante ante la desigualdad tecnol\u00f3gica digital y los retos para garantizar su derecho a la protecci\u00f3n de datos personales.<\/p>\n\n\n\n<p>En Quintana Roo, la discusi\u00f3n se enfoc\u00f3 en los desaf\u00edos para abatir la desigualdad tecnol\u00f3gica en las comunidades ind\u00edgenas y en el poder que tiene la informaci\u00f3n para mejorar sus condiciones de vida.<\/p>\n\n\n\n<p>En la Regi\u00f3n Norte, en el Auditorio de la Universidad Ju\u00e1rez del Estado de Durango, en Durango, se llevaron a cabo las mesas \u201cEfectos del rezago informativo de las mujeres\u201d y \u201cTransparencia y violencia de g\u00e9nero\u201d.<\/p>\n\n\n\n<p>Este viernes, en la ciudad de Tlaxcala, se desarrollaron las mesas \u201cEl valor de la informaci\u00f3n para los grupos vulnerables\u201d, \u201cEl derecho a saber para los menores en estado de vulnerabilidad\u201d y \u201cEstrategias de inclusi\u00f3n para ni\u00f1as, ni\u00f1os y adolescentes en situaci\u00f3n de vulnerabilidad\u201d para dar por concluidos los trabajos.<\/p>\n\n\n\n<p>A lo largo de la semana, la comisionada presidenta del Instituto Veracruzano de Acceso a la Informaci\u00f3n y Protecci\u00f3n de Datos Personales (IVAI), Naldy Rodr\u00edguez, particip\u00f3 en las actividades como moderadora y entregando un reconocimiento a quienes participaron en el \u00faltimo d\u00eda de actividades, destacando que se abordaron temas torales para avanzar en la cultura de la transparencia y el acceso universal a la informaci\u00f3n con inclusi\u00f3n y perspectiva de g\u00e9nero.<\/p>\n\n\n\n<p>Este a\u00f1o, los trabajos de la Semana Nacional de Transparencia fueron coordinados por la Comisionada Norma Julieta del R\u00edo Venegas y el Comisionado Adri\u00e1n Alcal\u00e1.<\/p>\n","protected":false},"excerpt":{"rendered":"<p>XalapaTras cinco d\u00edas de actividades en diferentes sedes a lo largo de todo el pa\u00eds, este viernes concluy\u00f3 la Semana Nacional de Transparencia en la que Veracruz tuvo una destacada presencia activa, pues a lo largo de las cinco jornadas, 16 mujeres y 11 hombres participaron en los paneles y mesas de trabajo. Durante los [&hellip;]<\/p>\n","protected":false},"author":2,"featured_media":0,"comment_status":"closed","ping_status":"closed","sticky":false,"template":"","format":"standard","meta":{"tdm_status":"","tdm_grid_status":"","footnotes":""},"categories":[73],"tags":[27095,10310,6619,985,5281,30667,2421,30666,195],"class_list":{"0":"post-80141","1":"post","2":"type-post","3":"status-publish","4":"format-standard","6":"category-de-boleto","7":"tag-comunidad-lgbtttiq","8":"tag-inai","9":"tag-inclusion","10":"tag-ivai","11":"tag-naldy-rodriguez","12":"tag-norma-julieta-del-rio-venegas","13":"tag-perspectiva-de-genero","14":"tag-semana-nacional-de-transparencia","15":"tag-veracruz"},"yoast_head":"<!-- This site is optimized with the Yoast SEO plugin v27.4 - https:\/\/yoast.com\/product\/yoast-seo-wordpress\/ -->\n<title>Se luce Veracruz en la Semana de la Transparencia - Los pol\u00edticos Veracruz<\/title>\n<meta name=\"robots\" content=\"index, follow, max-snippet:-1, max-image-preview:large, max-video-preview:-1\" \/>\n<link rel=\"canonical\" href=\"https:\/\/lospoliticosveracruz.com\/?p=80141\" \/>\n<meta property=\"og:locale\" content=\"es_ES\" \/>\n<meta property=\"og:type\" content=\"article\" \/>\n<meta property=\"og:title\" content=\"Se luce Veracruz en la Semana de la Transparencia - Los pol\u00edticos Veracruz\" \/>\n<meta property=\"og:description\" content=\"XalapaTras cinco d\u00edas de actividades en diferentes sedes a lo largo de todo el pa\u00eds, este viernes concluy\u00f3 la Semana Nacional de Transparencia en la que Veracruz tuvo una destacada presencia activa, pues a lo largo de las cinco jornadas, 16 mujeres y 11 hombres participaron en los paneles y mesas de trabajo. Durante los [&hellip;]\" \/>\n<meta property=\"og:url\" content=\"https:\/\/lospoliticosveracruz.com\/?p=80141\" \/>\n<meta property=\"og:site_name\" content=\"Los pol\u00edticos Veracruz\" \/>\n<meta property=\"article:publisher\" content=\"https:\/\/www.facebook.com\/people\/Notimemes-de-los-Polticos\/61565672886568\/\" \/>\n<meta property=\"article:published_time\" content=\"2021-10-01T21:18:51+00:00\" \/>\n<meta property=\"article:modified_time\" content=\"2021-10-01T21:18:55+00:00\" \/>\n<meta property=\"og:image\" content=\"https:\/\/lospoliticosveracruz.com\/wp-content\/uploads\/2016\/07\/Logo-Dor.jpg\" \/>\n\t<meta property=\"og:image:width\" content=\"200\" \/>\n\t<meta property=\"og:image:height\" content=\"200\" \/>\n\t<meta property=\"og:image:type\" content=\"image\/jpeg\" \/>\n<meta name=\"author\" content=\"Lo viste en Los Pol\u00edticos\" \/>\n<meta name=\"twitter:card\" content=\"summary_large_image\" \/>\n<meta name=\"twitter:creator\" content=\"@LosPoliticosVer\" \/>\n<meta name=\"twitter:site\" content=\"@LosPoliticosVer\" \/>\n<meta name=\"twitter:label1\" content=\"Escrito por\" \/>\n\t<meta name=\"twitter:data1\" content=\"Lo viste en Los Pol\u00edticos\" \/>\n\t<meta name=\"twitter:label2\" content=\"Tiempo de lectura\" \/>\n\t<meta name=\"twitter:data2\" content=\"3 minutos\" \/>\n<script type=\"application\/ld+json\" class=\"yoast-schema-graph\">{\"@context\":\"https:\\\/\\\/schema.org\",\"@graph\":[{\"@type\":\"Article\",\"@id\":\"https:\\\/\\\/lospoliticosveracruz.com\\\/?p=80141#article\",\"isPartOf\":{\"@id\":\"https:\\\/\\\/lospoliticosveracruz.com\\\/?p=80141\"},\"author\":{\"name\":\"Lo viste en Los Pol\u00edticos\",\"@id\":\"https:\\\/\\\/lospoliticosveracruz.com\\\/#\\\/schema\\\/person\\\/b8702bb0e538456e6efd07080bf2a4a2\"},\"headline\":\"Se luce Veracruz en la Semana de la Transparencia\",\"datePublished\":\"2021-10-01T21:18:51+00:00\",\"dateModified\":\"2021-10-01T21:18:55+00:00\",\"mainEntityOfPage\":{\"@id\":\"https:\\\/\\\/lospoliticosveracruz.com\\\/?p=80141\"},\"wordCount\":522,\"publisher\":{\"@id\":\"https:\\\/\\\/lospoliticosveracruz.com\\\/#organization\"},\"keywords\":[\"comunidad LGBTTTIQ+\",\"INAI\",\"Inclusi\u00f3n\",\"IVAI\",\"Naldy Rodr\u00edguez\",\"Norma Julieta del R\u00edo Venegas\",\"perspectiva de g\u00e9nero\",\"Semana Nacional de Transparencia\",\"Veracruz\"],\"articleSection\":[\"De Boleto\"],\"inLanguage\":\"es\"},{\"@type\":\"WebPage\",\"@id\":\"https:\\\/\\\/lospoliticosveracruz.com\\\/?p=80141\",\"url\":\"https:\\\/\\\/lospoliticosveracruz.com\\\/?p=80141\",\"name\":\"Se luce Veracruz en la Semana de la Transparencia - Los pol\u00edticos Veracruz\",\"isPartOf\":{\"@id\":\"https:\\\/\\\/lospoliticosveracruz.com\\\/#website\"},\"datePublished\":\"2021-10-01T21:18:51+00:00\",\"dateModified\":\"2021-10-01T21:18:55+00:00\",\"breadcrumb\":{\"@id\":\"https:\\\/\\\/lospoliticosveracruz.com\\\/?p=80141#breadcrumb\"},\"inLanguage\":\"es\",\"potentialAction\":[{\"@type\":\"ReadAction\",\"target\":[\"https:\\\/\\\/lospoliticosveracruz.com\\\/?p=80141\"]}]},{\"@type\":\"BreadcrumbList\",\"@id\":\"https:\\\/\\\/lospoliticosveracruz.com\\\/?p=80141#breadcrumb\",\"itemListElement\":[{\"@type\":\"ListItem\",\"position\":1,\"name\":\"Portada\",\"item\":\"https:\\\/\\\/lospoliticosveracruz.com\\\/\"},{\"@type\":\"ListItem\",\"position\":2,\"name\":\"Se luce Veracruz en la Semana de la Transparencia\"}]},{\"@type\":\"WebSite\",\"@id\":\"https:\\\/\\\/lospoliticosveracruz.com\\\/#website\",\"url\":\"https:\\\/\\\/lospoliticosveracruz.com\\\/\",\"name\":\"Los pol\u00edticos Veracruz\",\"description\":\"\",\"publisher\":{\"@id\":\"https:\\\/\\\/lospoliticosveracruz.com\\\/#organization\"},\"potentialAction\":[{\"@type\":\"SearchAction\",\"target\":{\"@type\":\"EntryPoint\",\"urlTemplate\":\"https:\\\/\\\/lospoliticosveracruz.com\\\/?s={search_term_string}\"},\"query-input\":{\"@type\":\"PropertyValueSpecification\",\"valueRequired\":true,\"valueName\":\"search_term_string\"}}],\"inLanguage\":\"es\"},{\"@type\":\"Organization\",\"@id\":\"https:\\\/\\\/lospoliticosveracruz.com\\\/#organization\",\"name\":\"Los pol\u00edticos Veracruz\",\"url\":\"https:\\\/\\\/lospoliticosveracruz.com\\\/\",\"logo\":{\"@type\":\"ImageObject\",\"inLanguage\":\"es\",\"@id\":\"https:\\\/\\\/lospoliticosveracruz.com\\\/#\\\/schema\\\/logo\\\/image\\\/\",\"url\":\"https:\\\/\\\/lospoliticosveracruz.com\\\/wp-content\\\/uploads\\\/2025\\\/12\\\/Logo-Nuevo-LOS-POLITICOS-1.jpg\",\"contentUrl\":\"https:\\\/\\\/lospoliticosveracruz.com\\\/wp-content\\\/uploads\\\/2025\\\/12\\\/Logo-Nuevo-LOS-POLITICOS-1.jpg\",\"width\":260,\"height\":70,\"caption\":\"Los pol\u00edticos Veracruz\"},\"image\":{\"@id\":\"https:\\\/\\\/lospoliticosveracruz.com\\\/#\\\/schema\\\/logo\\\/image\\\/\"},\"sameAs\":[\"https:\\\/\\\/www.facebook.com\\\/people\\\/Notimemes-de-los-Polticos\\\/61565672886568\\\/\",\"https:\\\/\\\/x.com\\\/LosPoliticosVer\"]},{\"@type\":\"Person\",\"@id\":\"https:\\\/\\\/lospoliticosveracruz.com\\\/#\\\/schema\\\/person\\\/b8702bb0e538456e6efd07080bf2a4a2\",\"name\":\"Lo viste en Los Pol\u00edticos\",\"image\":{\"@type\":\"ImageObject\",\"inLanguage\":\"es\",\"@id\":\"https:\\\/\\\/secure.gravatar.com\\\/avatar\\\/3a8de04a2656d44082be478bd6c086daa447c4651605818287b9532d3d0bd435?s=96&d=mm&r=g\",\"url\":\"https:\\\/\\\/secure.gravatar.com\\\/avatar\\\/3a8de04a2656d44082be478bd6c086daa447c4651605818287b9532d3d0bd435?s=96&d=mm&r=g\",\"contentUrl\":\"https:\\\/\\\/secure.gravatar.com\\\/avatar\\\/3a8de04a2656d44082be478bd6c086daa447c4651605818287b9532d3d0bd435?s=96&d=mm&r=g\",\"caption\":\"Lo viste en Los Pol\u00edticos\"},\"url\":\"https:\\\/\\\/lospoliticosveracruz.com\\\/?author=2\"}]}<\/script>\n<!-- \/ Yoast SEO plugin. -->","yoast_head_json":{"title":"Se luce Veracruz en la Semana de la Transparencia - Los pol\u00edticos Veracruz","robots":{"index":"index","follow":"follow","max-snippet":"max-snippet:-1","max-image-preview":"max-image-preview:large","max-video-preview":"max-video-preview:-1"},"canonical":"https:\/\/lospoliticosveracruz.com\/?p=80141","og_locale":"es_ES","og_type":"article","og_title":"Se luce Veracruz en la Semana de la Transparencia - Los pol\u00edticos Veracruz","og_description":"XalapaTras cinco d\u00edas de actividades en diferentes sedes a lo largo de todo el pa\u00eds, este viernes concluy\u00f3 la Semana Nacional de Transparencia en la que Veracruz tuvo una destacada presencia activa, pues a lo largo de las cinco jornadas, 16 mujeres y 11 hombres participaron en los paneles y mesas de trabajo. Durante los [&hellip;]","og_url":"https:\/\/lospoliticosveracruz.com\/?p=80141","og_site_name":"Los pol\u00edticos Veracruz","article_publisher":"https:\/\/www.facebook.com\/people\/Notimemes-de-los-Polticos\/61565672886568\/","article_published_time":"2021-10-01T21:18:51+00:00","article_modified_time":"2021-10-01T21:18:55+00:00","og_image":[{"width":200,"height":200,"url":"https:\/\/lospoliticosveracruz.com\/wp-content\/uploads\/2016\/07\/Logo-Dor.jpg","type":"image\/jpeg"}],"author":"Lo viste en Los Pol\u00edticos","twitter_card":"summary_large_image","twitter_creator":"@LosPoliticosVer","twitter_site":"@LosPoliticosVer","twitter_misc":{"Escrito por":"Lo viste en Los Pol\u00edticos","Tiempo de lectura":"3 minutos"},"schema":{"@context":"https:\/\/schema.org","@graph":[{"@type":"Article","@id":"https:\/\/lospoliticosveracruz.com\/?p=80141#article","isPartOf":{"@id":"https:\/\/lospoliticosveracruz.com\/?p=80141"},"author":{"name":"Lo viste en Los Pol\u00edticos","@id":"https:\/\/lospoliticosveracruz.com\/#\/schema\/person\/b8702bb0e538456e6efd07080bf2a4a2"},"headline":"Se luce Veracruz en la Semana de la Transparencia","datePublished":"2021-10-01T21:18:51+00:00","dateModified":"2021-10-01T21:18:55+00:00","mainEntityOfPage":{"@id":"https:\/\/lospoliticosveracruz.com\/?p=80141"},"wordCount":522,"publisher":{"@id":"https:\/\/lospoliticosveracruz.com\/#organization"},"keywords":["comunidad LGBTTTIQ+","INAI","Inclusi\u00f3n","IVAI","Naldy Rodr\u00edguez","Norma Julieta del R\u00edo Venegas","perspectiva de g\u00e9nero","Semana Nacional de Transparencia","Veracruz"],"articleSection":["De Boleto"],"inLanguage":"es"},{"@type":"WebPage","@id":"https:\/\/lospoliticosveracruz.com\/?p=80141","url":"https:\/\/lospoliticosveracruz.com\/?p=80141","name":"Se luce Veracruz en la Semana de la Transparencia - Los pol\u00edticos Veracruz","isPartOf":{"@id":"https:\/\/lospoliticosveracruz.com\/#website"},"datePublished":"2021-10-01T21:18:51+00:00","dateModified":"2021-10-01T21:18:55+00:00","breadcrumb":{"@id":"https:\/\/lospoliticosveracruz.com\/?p=80141#breadcrumb"},"inLanguage":"es","potentialAction":[{"@type":"ReadAction","target":["https:\/\/lospoliticosveracruz.com\/?p=80141"]}]},{"@type":"BreadcrumbList","@id":"https:\/\/lospoliticosveracruz.com\/?p=80141#breadcrumb","itemListElement":[{"@type":"ListItem","position":1,"name":"Portada","item":"https:\/\/lospoliticosveracruz.com\/"},{"@type":"ListItem","position":2,"name":"Se luce Veracruz en la Semana de la Transparencia"}]},{"@type":"WebSite","@id":"https:\/\/lospoliticosveracruz.com\/#website","url":"https:\/\/lospoliticosveracruz.com\/","name":"Los pol\u00edticos Veracruz","description":"","publisher":{"@id":"https:\/\/lospoliticosveracruz.com\/#organization"},"potentialAction":[{"@type":"SearchAction","target":{"@type":"EntryPoint","urlTemplate":"https:\/\/lospoliticosveracruz.com\/?s={search_term_string}"},"query-input":{"@type":"PropertyValueSpecification","valueRequired":true,"valueName":"search_term_string"}}],"inLanguage":"es"},{"@type":"Organization","@id":"https:\/\/lospoliticosveracruz.com\/#organization","name":"Los pol\u00edticos Veracruz","url":"https:\/\/lospoliticosveracruz.com\/","logo":{"@type":"ImageObject","inLanguage":"es","@id":"https:\/\/lospoliticosveracruz.com\/#\/schema\/logo\/image\/","url":"https:\/\/lospoliticosveracruz.com\/wp-content\/uploads\/2025\/12\/Logo-Nuevo-LOS-POLITICOS-1.jpg","contentUrl":"https:\/\/lospoliticosveracruz.com\/wp-content\/uploads\/2025\/12\/Logo-Nuevo-LOS-POLITICOS-1.jpg","width":260,"height":70,"caption":"Los pol\u00edticos Veracruz"},"image":{"@id":"https:\/\/lospoliticosveracruz.com\/#\/schema\/logo\/image\/"},"sameAs":["https:\/\/www.facebook.com\/people\/Notimemes-de-los-Polticos\/61565672886568\/","https:\/\/x.com\/LosPoliticosVer"]},{"@type":"Person","@id":"https:\/\/lospoliticosveracruz.com\/#\/schema\/person\/b8702bb0e538456e6efd07080bf2a4a2","name":"Lo viste en Los Pol\u00edticos","image":{"@type":"ImageObject","inLanguage":"es","@id":"https:\/\/secure.gravatar.com\/avatar\/3a8de04a2656d44082be478bd6c086daa447c4651605818287b9532d3d0bd435?s=96&d=mm&r=g","url":"https:\/\/secure.gravatar.com\/avatar\/3a8de04a2656d44082be478bd6c086daa447c4651605818287b9532d3d0bd435?s=96&d=mm&r=g","contentUrl":"https:\/\/secure.gravatar.com\/avatar\/3a8de04a2656d44082be478bd6c086daa447c4651605818287b9532d3d0bd435?s=96&d=mm&r=g","caption":"Lo viste en Los Pol\u00edticos"},"url":"https:\/\/lospoliticosveracruz.com\/?author=2"}]}},"_links":{"self":[{"href":"https:\/\/lospoliticosveracruz.com\/index.php?rest_route=\/wp\/v2\/posts\/80141","targetHints":{"allow":["GET"]}}],"collection":[{"href":"https:\/\/lospoliticosveracruz.com\/index.php?rest_route=\/wp\/v2\/posts"}],"about":[{"href":"https:\/\/lospoliticosveracruz.com\/index.php?rest_route=\/wp\/v2\/types\/post"}],"author":[{"embeddable":true,"href":"https:\/\/lospoliticosveracruz.com\/index.php?rest_route=\/wp\/v2\/users\/2"}],"replies":[{"embeddable":true,"href":"https:\/\/lospoliticosveracruz.com\/index.php?rest_route=%2Fwp%2Fv2%2Fcomments&post=80141"}],"version-history":[{"count":1,"href":"https:\/\/lospoliticosveracruz.com\/index.php?rest_route=\/wp\/v2\/posts\/80141\/revisions"}],"predecessor-version":[{"id":80143,"href":"https:\/\/lospoliticosveracruz.com\/index.php?rest_route=\/wp\/v2\/posts\/80141\/revisions\/80143"}],"wp:attachment":[{"href":"https:\/\/lospoliticosveracruz.com\/index.php?rest_route=%2Fwp%2Fv2%2Fmedia&parent=80141"}],"wp:term":[{"taxonomy":"category","embeddable":true,"href":"https:\/\/lospoliticosveracruz.com\/index.php?rest_route=%2Fwp%2Fv2%2Fcategories&post=80141"},{"taxonomy":"post_tag","embeddable":true,"href":"https:\/\/lospoliticosveracruz.com\/index.php?rest_route=%2Fwp%2Fv2%2Ftags&post=80141"}],"curies":[{"name":"wp","href":"https:\/\/api.w.org\/{rel}","templated":true}]}}