{"id":80192,"date":"2021-10-04T08:50:36","date_gmt":"2021-10-04T13:50:36","guid":{"rendered":"https:\/\/lospoliticosveracruz.com.mx\/?p=80192"},"modified":"2021-10-04T08:50:40","modified_gmt":"2021-10-04T13:50:40","slug":"la-reforma-electrica","status":"publish","type":"post","link":"https:\/\/lospoliticosveracruz.com\/?p=80192","title":{"rendered":"La reforma el\u00e9ctrica"},"content":{"rendered":"\n<p><strong>Adriana Mu\u00f1oz<br><\/strong><em>Sin Rencores<\/em><\/p>\n\n\n\n<p>\u00abSer independiente de la opini\u00f3n p\u00fablica es la primera condici\u00f3n formal para lograr algo grande.\u00bb Friedrich Hegel.<\/p>\n\n\n\n<p><strong>LA REFORMA EL\u00c9CTRICA\u2026<br><\/strong>Cuya iniciativa envi\u00f3 el presidente Andr\u00e9s Manuel L\u00f3pez Obrador a la C\u00e1mara de Diputados federal hace unos d\u00edas, tiene m\u00e1s probabilidades de pasar y es que el mandatario no cesar\u00e1 en su proyecto de fortalecer la industria energ\u00e9tica desde el Estado, dejando en segundo t\u00e9rmino a la iniciativa privada, con participaci\u00f3n si pero no m\u00e1s ni por encima de los intereses de la patria.<\/p>\n\n\n\n<div class=\"wp-block-image\"><figure class=\"alignleft size-large is-resized\"><a href=\"https:\/\/lospoliticosveracruz.com.mx\/wp-content\/uploads\/2021\/10\/WhatsApp-Image-2021-10-02-at-15.20.25.jpeg\"><img decoding=\"async\" src=\"https:\/\/lospoliticosveracruz.com.mx\/wp-content\/uploads\/2021\/10\/WhatsApp-Image-2021-10-02-at-15.20.25-724x1024.jpeg\" alt=\"\" class=\"wp-image-80177\" width=\"250\" srcset=\"https:\/\/lospoliticosveracruz.com\/wp-content\/uploads\/2021\/10\/WhatsApp-Image-2021-10-02-at-15.20.25-724x1024.jpeg 724w, https:\/\/lospoliticosveracruz.com\/wp-content\/uploads\/2021\/10\/WhatsApp-Image-2021-10-02-at-15.20.25-212x300.jpeg 212w, https:\/\/lospoliticosveracruz.com\/wp-content\/uploads\/2021\/10\/WhatsApp-Image-2021-10-02-at-15.20.25-768x1086.jpeg 768w, https:\/\/lospoliticosveracruz.com\/wp-content\/uploads\/2021\/10\/WhatsApp-Image-2021-10-02-at-15.20.25.jpeg 905w\" sizes=\"(max-width: 724px) 100vw, 724px\" \/><\/a><\/figure><\/div>\n\n\n\n<p><br>Esta pol\u00edtica transformadora persigue un eje rector inequ\u00edvoco: la defensa del Estado por arriba de los intereses capitalistas.<br>De pasar la reforma el\u00e9ctrica, que va a pasar, se refrendar\u00e1 la visi\u00f3n de L\u00f3pez Obrador como un jefe de Estado que prioriza la naci\u00f3n a los intereses de unos cuantos pero uno de los puntos m\u00e1s importantes que no hay que olvidar, es que a la Secretaria de Energ\u00eda, Roc\u00edo Nahle, ser\u00e1 un triunfo que la posicionar\u00e1 una vez m\u00e1s como una verdadera nacionalista y orquestadora del rescate de la Comisi\u00f3n Federal de Electricidad (CFE)<br>Aunque a muchos les pese aceptarlo y reconocerlo, Nahle es el cerebro m\u00e1s importante en materia del rescate del sector energ\u00e9tico nacional y la principal promotora de esta reforma que con un buen cabildeo en el Congreso de la Uni\u00f3n ver\u00e1 la luz despu\u00e9s de que la oposici\u00f3n ha tratado por todos los medios de frenar el rescate de la industria el\u00e9ctrica del pa\u00eds.<br>&#8211;\/\/\/&#8211;<br><strong>LLAMA LA ATENCI\u00d3N\u2026<br><\/strong>Que mientras el PAN, MC, PRD y dem\u00e1s se pronunciaron en contra de la iniciativa de reforma el\u00e9ctrica, el PRI, como bien vaticin\u00f3 el presidente el 7 de junio, un d\u00eda despu\u00e9s de la elecci\u00f3n, pr\u00e1cticamente ha dado por sentado que la propuesta es viable y aunque algunos correligionarios como Pepe Yunes, diputado federal por Veracruz se ha pronunciado en contra en sus redes sociales, el PRI, su partido, pr\u00e1cticamente ha avalado la glosa presentada por AMLO.<br>Es pues el PRI el fiel de la balanza en la actual Legislatura Federal, tambi\u00e9n -como dijo AMLO-, ser\u00e1 el PRI el que de cara al 2024, apruebe todo lo pendiente a la 4T, quitando tal vez, el honor de ser el m\u00e1s cercano y \u00abdefinidor\u00bb al PVEM.<br>Todo puede pasar.<br>Finalmente el presidente es un pol\u00edtico de cepa y tiene raz\u00f3n cuando dice que al final del d\u00eda, la pol\u00edtica es de acuerdos.<br>&#8212;\/\/\/&#8211;<br><strong>PRIMERO LAS MUJERES\u2026<br><\/strong>Meses regando tinta en que si entran o no y quienes como diputados o diputadas y la verdad el \u00fanico que ha sido respetuoso y congruente con estos tiempos es Yair Ademar Dom\u00ednguez, quien iba en la posici\u00f3n cuatro de las plurinominales.<br>En su opini\u00f3n, el tambi\u00e9n secretario de Organizaci\u00f3n de Morena en el Estado, asegur\u00f3 que la participaci\u00f3n activa de las mujeres es fundamental para lograr la transformaci\u00f3n, esto, ante las proyecciones de que su espacio como candidato plurinominal podr\u00eda ser ocupado por una mujer en el pr\u00f3ximo Congreso Local.<br>Dijo que el OPLE ser\u00e1 qui\u00e9n defina la asignaci\u00f3n de espacios plurinominales que correspondan a cada instituto pol\u00edtico y ser\u00e1n los encargados de definir, de acuerdo a la paridad de g\u00e9nero, c\u00f3mo ser\u00e1 integrada la pr\u00f3xima legislatura de Veracruz<br>Precis\u00f3 que las decisiones de asignaci\u00f3n de plurinominales para los partidos ser\u00e1n acuerdos del OPLE, en donde se considerar\u00e1 la equidad de g\u00e9nero.<br>&#8212;\/\/\/&#8211;<br><strong>QUIEN SOLITO\u2026<br><\/strong>Se hundi\u00f3 fue el ex fiscal yunista, Andr\u00e9s de la Parra quien por desesperado, quiso figurar demasiado y con su asociaci\u00f3n civil anduvo tratando de salir en medios a c\u00f3mo diera lugar pues crey\u00f3 que por defender la elecci\u00f3n municipal en el Ople ya tenia segura una direcci\u00f3n como el DIF, Sedesol o bien, la de Medio Ambiente y Protecci\u00f3n Animal.<br>Chasco se llev\u00f3 porque si algo no soportan los Yunes es a los faroles as\u00ed que De la Parra, jodiendo se jodi\u00f3 y le dar\u00e1n si acaso una subdirecci\u00f3n o una jefatura y que le pare de contar.<br>Y es que de buena fuente, se sabe que los cargos en el Ayuntamiento de Veracruz ya est\u00e1n dados y muchos se van a llevar una sorpresa porque aunque se contemplaban dentro, la realidad es que pr\u00e1cticamente est\u00e1n fuera, por ejemplo, trascendi\u00f3 que uno de los que se va es el director de Obras P\u00fablicas, Luis Campa, por alguna raz\u00f3n ya no renovar\u00e1n la direcci\u00f3n que ha ostentado durante distintas administraciones municipales azules tanto en Veracruz como en Boca del R\u00edo.<br>Pr\u00e1cticamente la comuna ya est\u00e1 repartida en el caso del Puerto de Veracruz.<br>Por su parte, Gerardo Loya Romero quien es titular de Sedesol Municipal, ser\u00e1 el pr\u00f3ximo director de Turismo en Veracruz puerto y el actual director de ese rubro, Pepe Salvatori ir\u00e1 a Deportes.<br>&#8212;\/\/\/&#8211;<br><strong>EN BOCA DEL R\u00cdO\u2026<br><\/strong>Juan Manuel de Unanue, se ha mostrado respetuoso de los tiempos.<br>Lo que si adelant\u00f3 recientemente es que dar\u00e1 continuidad al Consejo Ciudadano<br>que integr\u00f3 como diputado local y ser\u00e1 uno de los principales proyectos en su administraci\u00f3n.<br>Dijo que el objetivo es escuchar a todos los sectores de la sociedad para la toma de decisiones, proyectos, programas y obras del Gobierno Municipal que encabezar\u00e1 en Boca del R\u00edo.<br>De acuerdo al presidente municipal electo boque\u00f1o, en este consejo est\u00e1n representados pr\u00e1cticamente todos los organismos y c\u00e1maras empresariales, as\u00ed como los diferentes sectores de la sociedad y por ello es muy importante que se contin\u00fae.<br>&#8212;\/\/\/&#8212;<br><strong>EN CONTRAPARTE\u2026<br><\/strong>Los actores pol\u00edticos est\u00e1n arreciando ya el discurso y preparando las facturas por cobrar al alcalde saliente de Boca del R\u00edo, Humberto Alonso Morelli quien bajo la cortina hace meses y para lo \u00fanico que tiene tiempo es para convocar a la prensa a la inauguraci\u00f3n de negocios privados con quien sabe qu\u00e9 intereses.<br>Movimiento Ciudadano por ejemplo ya lanz\u00f3 la primera espada en prenda.<br>&#8211;\/\/\/&#8211;<br><strong>LA CUENTA P\u00daBLICA\u2026<br><\/strong>Del \u00d3rgano Fiscal Superior (ORFIS) evidenci\u00f3 un da\u00f1o patrimonial por 34 millones 190 mil 765 pesos con 41 centavos al municipio de Boca del R\u00edo que es gobernado por el panista, Humberto Alonso Morelli; quien de manera recurrente a\u00f1o con a\u00f1o ha presentado observaciones del organismo.<br>De acuerdo con los datos de las observaciones realizadas, en el a\u00f1o 2020 es por 34 millones 190 mil 765 pesos con 41 centavos; en 2019 es por 18 millones 448 mil 184 pesos con 5 centavos; en 2018 es por 168 mil 227 pesos con 49 centavos, esta situaci\u00f3n ha sido denunciada a trav\u00e9s de sus redes sociales por el Coordinador de Enlace Gubernamental de Movimiento Ciudadano en el Estado de Veracruz, Ernesto Sampieri Arredondo.<br>\u00abEste es el da\u00f1o patrimonial dictaminado por @ORFIS_VER a #bocadelrio 2018-$ 168,227.49 2019-$ 18,448,184.05 2020-$34,190,765.41 #Desfalco por 52.8 MDP, y falta auditar 2021. Que repongan ese da\u00f1o al Erario y se les aplique la Ley. Los Boque\u00f1os merecemos mejores Gobiernos\u00bb, revel\u00f3 en su publicaci\u00f3n registrada en la red social Twitter.<br>El \u00d3rgano de Fiscalizaci\u00f3n Superior es un organismo aut\u00f3nomo del Estado dotado de personalidad jur\u00eddica y patrimonio propios, autonom\u00eda t\u00e9cnica, presupuestal y de gesti\u00f3n, que apoya al Congreso en el desempe\u00f1o de su funci\u00f3n de fiscalizaci\u00f3n superior, y tiene la competencia que le confieren la Constituci\u00f3n Pol\u00edtica de los Estados Unidos Mexicanos, la Constituci\u00f3n Pol\u00edtica del Estado, la Ley de Fiscalizaci\u00f3n Superior y Rendici\u00f3n de Cuentas para el Estado y dem\u00e1s legislaci\u00f3n aplicable.<br>&#8212;\/\/\/&#8211;<br><strong>POR CIERTO\u2026<br><\/strong>En Boca del R\u00edo la peste en las colonias es insoportable \u00bfy c\u00f3mo no?, los camiones de basura pr\u00e1cticamente est\u00e1n parados mientras en el Ayuntamiento los batean y solo argumentan que ya no hay para cargar combustible.<br>Que decir de los proveedores que hacen filas y filas y nada. El bonche de facturas est\u00e1 a la orden del d\u00eda en Tesorer\u00eda y nadie dice nada, los empleados mejor se encierran a escuchar insultos de los contratistas.<br>\u00a1Claro! Salen que trinan echando en cara que todo se habr\u00eda ido en comprar \u00abpremios\u00bb y reconocimientos hechizos para ensalzar una figura inexistente, la de uno de los peores alcaldes que ha tenido Boca del R\u00edo desde que se elev\u00f3 de Villa a ciudad.<br>En materia de g\u00e9nero ni decir nada. Mujeres que se han sentido agredidas en su integridad f\u00edsica y laboral preparan sendas denuncias contra el principal inquilino de palacio.<br>&#8212;\/\/\/&#8211;<br><strong>EL CONGRESO\u2026<br><\/strong>Del Estado de Veracruz autoriz\u00f3 al Ayuntamiento de C\u00f3rdoba donar a t\u00edtulo gratuito de manera condicional y en su caso revocable, por tiempo indefinido, la \u00abex hacienda de San Francisco Toxpan\u00bb al Gobierno del Estado.<br>Dicho inmueble cuenta con una superficie total de 29 mil 4 metros cuadrados, y servir\u00e1 para la promoci\u00f3n de actividades art\u00edsticas, culturales, tur\u00edsticas y sociales, seg\u00fan el dictamen emitido por la Comisi\u00f3n de Hacienda Municipal y avalado por el pleno legislativo.<br>De esta manera, concluye el proceso legal de la donaci\u00f3n del inmueble, mismo que inici\u00f3 el pasado 23 de septiembre, cuando se aprob\u00f3 en sesi\u00f3n de cabildo del Ayuntamiento de C\u00f3rdoba a solicitud del titular de la Secretar\u00eda de Gobierno, Eric Cisneros Burgos.<br>&#8212;\/\/\/&#8211;<br><strong>DIGNO ES DE DESTACAR\u2026<br><\/strong>Que el programa \u00abOrgullo Veracruzano\u00bb puesto en marcha por iniciativa del titular de Segob, ha llegado ya a un total de 28 millones 354 mil 670 reproducciones.<br>No obstante, otro dato importante es que desde hace unas semanas, la Secretar\u00eda de Turismo dej\u00f3 de dar \u00abpalos de ciego\u00bb y se sum\u00f3 a esta campa\u00f1a en un esfuerzo coordinado y no aislado, donde la Segob de Cisneros Burgos marc\u00f3 la pauta en un intenso programa de difusi\u00f3n y proyecci\u00f3n tur\u00edstica de la entidad.<br>Sin duda, un acierto de la Secturc sumarse a esta estrategia que lleva ya a\u00f1o y medio y que ha dado muy buenos resultados.<br>&#8211;\/\/\/&#8211;<br><strong>LA SEP CUMPLI\u00d3 100 A\u00d1OS\u2026<br><\/strong>Y lo festej\u00f3 el titular de la SEV en el Estado, Zenyazen Escobar Garc\u00eda como todos los secretario de Educaci\u00f3n en el pa\u00eds.<br>En el marco de esta conmemoraci\u00f3n, Escobar Garc\u00eda, destac\u00f3 que la educaci\u00f3n es la clave en la transformaci\u00f3n hist\u00f3rica de la humanidad.<br>Desde la Benem\u00e9rita Escuela Normal Veracruzana \u00abEnrique C. Rebsamen\u00bb, donde este domingo se llev\u00f3 a cabo la ceremonia de conmemoraci\u00f3n por el cent\u00e9simo aniversario de la SEP, record\u00f3 que la educaci\u00f3n desde sus or\u00edgenes es parte fundamental de la humanidad, al ser transmisora de conocimientos, valores, costumbres y tradiciones que en la actualidad demuestran el papel esencial que desempe\u00f1a en el desarrollo del ser humano, donde sin educaci\u00f3n, solo se podr\u00eda enfrentar una realidad oscura sin cambios, revoluciones o transformaciones.<br>En medio de las condiciones actuales que enfrenta Veracruz, sostuvo que una de las prioridades es seguir trabajando en la recuperaci\u00f3n de las mil escuelas que registraron da\u00f1os por el paso del hurac\u00e1n Grace, para lo cual se cuenta con el apoyo y respaldo del presidente Andr\u00e9s Manuel L\u00f3pez Obrador y del gobernador Cuitl\u00e1huac Garc\u00eda Jim\u00e9nez.<br>&#8211;\/\/\/&#8211;<br><strong>EN ALVARADO\u2026.<br><\/strong>El alcalde Bogar Ruiz Rosas entregar\u00e1 la Medalla al M\u00e9rito 15 de Octubre de 1846 a personalidades importantes de \u00abLa Generosa\u00bb<br>Uno de ellos al actor y conductor alvarade\u00f1o Mauricio Barcelata quien radica desde hace a\u00f1os en Ciudad de M\u00e9xico.<br>El acto ser\u00e1 el pr\u00f3ximo 15 de octubre en el marco de las Fiestas Titulares en Honor a la Virgen del Rosario.<br>Actualmente, Mauricio Barcelata conduce el programa matutino de revista \u00abSale el sol\u00bb que transmite la televisora Imagen Televisi\u00f3n con Roberto Carlo, Carlos Arenas, Paulina Mercado y Luz Mar\u00eda Zetina adem\u00e1s de formar parte de la conducci\u00f3n del programa Guerreros de Televisa.<br>&#8212;\/\/\/&#8211;<br><strong>ES LUNES\u2026<br><\/strong>Muchas felicidades a nuestra gloriosa Armada de M\u00e9xico por sus 200 a\u00f1os.<br>Hoy nuestro pa\u00eds est\u00e1 de pl\u00e1cemes.<br>Ma\u00f1ana desde este puerto cuatro veces heroico la tradicional \u00abMa\u00f1anera\u00bb con el presidente Andr\u00e9s Manuel L\u00f3pez Obrador.<br>La seguridad y los protocolos fueron reforzados, no permitir\u00e1n pase lo de Puebla, entidad que antecede a Veracruz en esta gira.<br>\u00a1Muy buen d\u00eda, mejor semana!<\/p>\n\n\n\n<p>e-mail: sinrencorespuntocom@gmail.com<\/p>\n","protected":false},"excerpt":{"rendered":"<p>Adriana Mu\u00f1ozSin Rencores \u00abSer independiente de la opini\u00f3n p\u00fablica es la primera condici\u00f3n formal para lograr algo grande.\u00bb Friedrich Hegel. LA REFORMA EL\u00c9CTRICA\u2026Cuya iniciativa envi\u00f3 el presidente Andr\u00e9s Manuel L\u00f3pez Obrador a la C\u00e1mara de Diputados federal hace unos d\u00edas, tiene m\u00e1s probabilidades de pasar y es que el mandatario no cesar\u00e1 en su proyecto [&hellip;]<\/p>\n","protected":false},"author":2,"featured_media":0,"comment_status":"closed","ping_status":"closed","sticky":false,"template":"","format":"standard","meta":{"tdm_status":"","tdm_grid_status":"","footnotes":""},"categories":[70],"tags":[17426,23135,618,4973,30676,8428,6732,6443,3272,266,251,3578,20652],"class_list":{"0":"post-80192","1":"post","2":"type-post","3":"status-publish","4":"format-standard","6":"category-de-opinion","7":"tag-4t","8":"tag-adriana-munoz","9":"tag-andres-manuel-lopez-obrador","10":"tag-cfe","11":"tag-gerardo-loya-romero","12":"tag-humberto-alonso-morelli","13":"tag-juan-manuel-de-unanue","14":"tag-mc","15":"tag-ople","16":"tag-pan","17":"tag-pri","18":"tag-rocio-nahle","19":"tag-yair-ademar-dominguez"},"yoast_head":"<!-- This site is optimized with the Yoast SEO plugin v27.4 - https:\/\/yoast.com\/product\/yoast-seo-wordpress\/ -->\n<title>La reforma el\u00e9ctrica - Los pol\u00edticos Veracruz<\/title>\n<meta name=\"robots\" content=\"index, follow, max-snippet:-1, max-image-preview:large, max-video-preview:-1\" \/>\n<link rel=\"canonical\" href=\"https:\/\/lospoliticosveracruz.com\/?p=80192\" \/>\n<meta property=\"og:locale\" content=\"es_ES\" \/>\n<meta property=\"og:type\" content=\"article\" \/>\n<meta property=\"og:title\" content=\"La reforma el\u00e9ctrica - Los pol\u00edticos Veracruz\" \/>\n<meta property=\"og:description\" content=\"Adriana Mu\u00f1ozSin Rencores \u00abSer independiente de la opini\u00f3n p\u00fablica es la primera condici\u00f3n formal para lograr algo grande.\u00bb Friedrich Hegel. LA REFORMA EL\u00c9CTRICA\u2026Cuya iniciativa envi\u00f3 el presidente Andr\u00e9s Manuel L\u00f3pez Obrador a la C\u00e1mara de Diputados federal hace unos d\u00edas, tiene m\u00e1s probabilidades de pasar y es que el mandatario no cesar\u00e1 en su proyecto [&hellip;]\" \/>\n<meta property=\"og:url\" content=\"https:\/\/lospoliticosveracruz.com\/?p=80192\" \/>\n<meta property=\"og:site_name\" content=\"Los pol\u00edticos Veracruz\" \/>\n<meta property=\"article:publisher\" content=\"https:\/\/www.facebook.com\/people\/Notimemes-de-los-Polticos\/61565672886568\/\" \/>\n<meta property=\"article:published_time\" content=\"2021-10-04T13:50:36+00:00\" \/>\n<meta property=\"article:modified_time\" content=\"2021-10-04T13:50:40+00:00\" \/>\n<meta property=\"og:image\" content=\"https:\/\/lospoliticosveracruz.com.mx\/wp-content\/uploads\/2021\/10\/WhatsApp-Image-2021-10-02-at-15.20.25-724x1024.jpeg\" \/>\n<meta name=\"author\" content=\"Lo viste en Los Pol\u00edticos\" \/>\n<meta name=\"twitter:card\" content=\"summary_large_image\" \/>\n<meta name=\"twitter:creator\" content=\"@LosPoliticosVer\" \/>\n<meta name=\"twitter:site\" content=\"@LosPoliticosVer\" \/>\n<meta name=\"twitter:label1\" content=\"Escrito por\" \/>\n\t<meta name=\"twitter:data1\" content=\"Lo viste en Los Pol\u00edticos\" \/>\n\t<meta name=\"twitter:label2\" content=\"Tiempo de lectura\" \/>\n\t<meta name=\"twitter:data2\" content=\"11 minutos\" \/>\n<script type=\"application\/ld+json\" class=\"yoast-schema-graph\">{\"@context\":\"https:\\\/\\\/schema.org\",\"@graph\":[{\"@type\":\"Article\",\"@id\":\"https:\\\/\\\/lospoliticosveracruz.com\\\/?p=80192#article\",\"isPartOf\":{\"@id\":\"https:\\\/\\\/lospoliticosveracruz.com\\\/?p=80192\"},\"author\":{\"name\":\"Lo viste en Los Pol\u00edticos\",\"@id\":\"https:\\\/\\\/lospoliticosveracruz.com\\\/#\\\/schema\\\/person\\\/b8702bb0e538456e6efd07080bf2a4a2\"},\"headline\":\"La reforma el\u00e9ctrica\",\"datePublished\":\"2021-10-04T13:50:36+00:00\",\"dateModified\":\"2021-10-04T13:50:40+00:00\",\"mainEntityOfPage\":{\"@id\":\"https:\\\/\\\/lospoliticosveracruz.com\\\/?p=80192\"},\"wordCount\":2134,\"publisher\":{\"@id\":\"https:\\\/\\\/lospoliticosveracruz.com\\\/#organization\"},\"image\":{\"@id\":\"https:\\\/\\\/lospoliticosveracruz.com\\\/?p=80192#primaryimage\"},\"thumbnailUrl\":\"https:\\\/\\\/lospoliticosveracruz.com.mx\\\/wp-content\\\/uploads\\\/2021\\\/10\\\/WhatsApp-Image-2021-10-02-at-15.20.25-724x1024.jpeg\",\"keywords\":[\"4T\",\"Adriana Mu\u00f1oz\",\"Andr\u00e9s Manuel L\u00f3pez Obrador\",\"CFE\",\"Gerardo Loya Romero\",\"HUmberto Alonso Morelli\",\"Juan Manuel de Unanue\",\"MC\",\"OPLE\",\"PAN\",\"PRI\",\"Roc\u00edo Nahle\",\"Yair Ademar Dom\u00ednguez\"],\"articleSection\":[\"De Opini\u00f3n\"],\"inLanguage\":\"es\"},{\"@type\":\"WebPage\",\"@id\":\"https:\\\/\\\/lospoliticosveracruz.com\\\/?p=80192\",\"url\":\"https:\\\/\\\/lospoliticosveracruz.com\\\/?p=80192\",\"name\":\"La reforma el\u00e9ctrica - Los pol\u00edticos Veracruz\",\"isPartOf\":{\"@id\":\"https:\\\/\\\/lospoliticosveracruz.com\\\/#website\"},\"primaryImageOfPage\":{\"@id\":\"https:\\\/\\\/lospoliticosveracruz.com\\\/?p=80192#primaryimage\"},\"image\":{\"@id\":\"https:\\\/\\\/lospoliticosveracruz.com\\\/?p=80192#primaryimage\"},\"thumbnailUrl\":\"https:\\\/\\\/lospoliticosveracruz.com.mx\\\/wp-content\\\/uploads\\\/2021\\\/10\\\/WhatsApp-Image-2021-10-02-at-15.20.25-724x1024.jpeg\",\"datePublished\":\"2021-10-04T13:50:36+00:00\",\"dateModified\":\"2021-10-04T13:50:40+00:00\",\"breadcrumb\":{\"@id\":\"https:\\\/\\\/lospoliticosveracruz.com\\\/?p=80192#breadcrumb\"},\"inLanguage\":\"es\",\"potentialAction\":[{\"@type\":\"ReadAction\",\"target\":[\"https:\\\/\\\/lospoliticosveracruz.com\\\/?p=80192\"]}]},{\"@type\":\"ImageObject\",\"inLanguage\":\"es\",\"@id\":\"https:\\\/\\\/lospoliticosveracruz.com\\\/?p=80192#primaryimage\",\"url\":\"https:\\\/\\\/lospoliticosveracruz.com.mx\\\/wp-content\\\/uploads\\\/2021\\\/10\\\/WhatsApp-Image-2021-10-02-at-15.20.25-724x1024.jpeg\",\"contentUrl\":\"https:\\\/\\\/lospoliticosveracruz.com.mx\\\/wp-content\\\/uploads\\\/2021\\\/10\\\/WhatsApp-Image-2021-10-02-at-15.20.25-724x1024.jpeg\"},{\"@type\":\"BreadcrumbList\",\"@id\":\"https:\\\/\\\/lospoliticosveracruz.com\\\/?p=80192#breadcrumb\",\"itemListElement\":[{\"@type\":\"ListItem\",\"position\":1,\"name\":\"Portada\",\"item\":\"https:\\\/\\\/lospoliticosveracruz.com\\\/\"},{\"@type\":\"ListItem\",\"position\":2,\"name\":\"La reforma el\u00e9ctrica\"}]},{\"@type\":\"WebSite\",\"@id\":\"https:\\\/\\\/lospoliticosveracruz.com\\\/#website\",\"url\":\"https:\\\/\\\/lospoliticosveracruz.com\\\/\",\"name\":\"Los pol\u00edticos Veracruz\",\"description\":\"\",\"publisher\":{\"@id\":\"https:\\\/\\\/lospoliticosveracruz.com\\\/#organization\"},\"potentialAction\":[{\"@type\":\"SearchAction\",\"target\":{\"@type\":\"EntryPoint\",\"urlTemplate\":\"https:\\\/\\\/lospoliticosveracruz.com\\\/?s={search_term_string}\"},\"query-input\":{\"@type\":\"PropertyValueSpecification\",\"valueRequired\":true,\"valueName\":\"search_term_string\"}}],\"inLanguage\":\"es\"},{\"@type\":\"Organization\",\"@id\":\"https:\\\/\\\/lospoliticosveracruz.com\\\/#organization\",\"name\":\"Los pol\u00edticos Veracruz\",\"url\":\"https:\\\/\\\/lospoliticosveracruz.com\\\/\",\"logo\":{\"@type\":\"ImageObject\",\"inLanguage\":\"es\",\"@id\":\"https:\\\/\\\/lospoliticosveracruz.com\\\/#\\\/schema\\\/logo\\\/image\\\/\",\"url\":\"https:\\\/\\\/lospoliticosveracruz.com\\\/wp-content\\\/uploads\\\/2025\\\/12\\\/Logo-Nuevo-LOS-POLITICOS-1.jpg\",\"contentUrl\":\"https:\\\/\\\/lospoliticosveracruz.com\\\/wp-content\\\/uploads\\\/2025\\\/12\\\/Logo-Nuevo-LOS-POLITICOS-1.jpg\",\"width\":260,\"height\":70,\"caption\":\"Los pol\u00edticos Veracruz\"},\"image\":{\"@id\":\"https:\\\/\\\/lospoliticosveracruz.com\\\/#\\\/schema\\\/logo\\\/image\\\/\"},\"sameAs\":[\"https:\\\/\\\/www.facebook.com\\\/people\\\/Notimemes-de-los-Polticos\\\/61565672886568\\\/\",\"https:\\\/\\\/x.com\\\/LosPoliticosVer\"]},{\"@type\":\"Person\",\"@id\":\"https:\\\/\\\/lospoliticosveracruz.com\\\/#\\\/schema\\\/person\\\/b8702bb0e538456e6efd07080bf2a4a2\",\"name\":\"Lo viste en Los Pol\u00edticos\",\"image\":{\"@type\":\"ImageObject\",\"inLanguage\":\"es\",\"@id\":\"https:\\\/\\\/secure.gravatar.com\\\/avatar\\\/3a8de04a2656d44082be478bd6c086daa447c4651605818287b9532d3d0bd435?s=96&d=mm&r=g\",\"url\":\"https:\\\/\\\/secure.gravatar.com\\\/avatar\\\/3a8de04a2656d44082be478bd6c086daa447c4651605818287b9532d3d0bd435?s=96&d=mm&r=g\",\"contentUrl\":\"https:\\\/\\\/secure.gravatar.com\\\/avatar\\\/3a8de04a2656d44082be478bd6c086daa447c4651605818287b9532d3d0bd435?s=96&d=mm&r=g\",\"caption\":\"Lo viste en Los Pol\u00edticos\"},\"url\":\"https:\\\/\\\/lospoliticosveracruz.com\\\/?author=2\"}]}<\/script>\n<!-- \/ Yoast SEO plugin. -->","yoast_head_json":{"title":"La reforma el\u00e9ctrica - Los pol\u00edticos Veracruz","robots":{"index":"index","follow":"follow","max-snippet":"max-snippet:-1","max-image-preview":"max-image-preview:large","max-video-preview":"max-video-preview:-1"},"canonical":"https:\/\/lospoliticosveracruz.com\/?p=80192","og_locale":"es_ES","og_type":"article","og_title":"La reforma el\u00e9ctrica - Los pol\u00edticos Veracruz","og_description":"Adriana Mu\u00f1ozSin Rencores \u00abSer independiente de la opini\u00f3n p\u00fablica es la primera condici\u00f3n formal para lograr algo grande.\u00bb Friedrich Hegel. LA REFORMA EL\u00c9CTRICA\u2026Cuya iniciativa envi\u00f3 el presidente Andr\u00e9s Manuel L\u00f3pez Obrador a la C\u00e1mara de Diputados federal hace unos d\u00edas, tiene m\u00e1s probabilidades de pasar y es que el mandatario no cesar\u00e1 en su proyecto [&hellip;]","og_url":"https:\/\/lospoliticosveracruz.com\/?p=80192","og_site_name":"Los pol\u00edticos Veracruz","article_publisher":"https:\/\/www.facebook.com\/people\/Notimemes-de-los-Polticos\/61565672886568\/","article_published_time":"2021-10-04T13:50:36+00:00","article_modified_time":"2021-10-04T13:50:40+00:00","og_image":[{"url":"https:\/\/lospoliticosveracruz.com.mx\/wp-content\/uploads\/2021\/10\/WhatsApp-Image-2021-10-02-at-15.20.25-724x1024.jpeg","type":"","width":"","height":""}],"author":"Lo viste en Los Pol\u00edticos","twitter_card":"summary_large_image","twitter_creator":"@LosPoliticosVer","twitter_site":"@LosPoliticosVer","twitter_misc":{"Escrito por":"Lo viste en Los Pol\u00edticos","Tiempo de lectura":"11 minutos"},"schema":{"@context":"https:\/\/schema.org","@graph":[{"@type":"Article","@id":"https:\/\/lospoliticosveracruz.com\/?p=80192#article","isPartOf":{"@id":"https:\/\/lospoliticosveracruz.com\/?p=80192"},"author":{"name":"Lo viste en Los Pol\u00edticos","@id":"https:\/\/lospoliticosveracruz.com\/#\/schema\/person\/b8702bb0e538456e6efd07080bf2a4a2"},"headline":"La reforma el\u00e9ctrica","datePublished":"2021-10-04T13:50:36+00:00","dateModified":"2021-10-04T13:50:40+00:00","mainEntityOfPage":{"@id":"https:\/\/lospoliticosveracruz.com\/?p=80192"},"wordCount":2134,"publisher":{"@id":"https:\/\/lospoliticosveracruz.com\/#organization"},"image":{"@id":"https:\/\/lospoliticosveracruz.com\/?p=80192#primaryimage"},"thumbnailUrl":"https:\/\/lospoliticosveracruz.com.mx\/wp-content\/uploads\/2021\/10\/WhatsApp-Image-2021-10-02-at-15.20.25-724x1024.jpeg","keywords":["4T","Adriana Mu\u00f1oz","Andr\u00e9s Manuel L\u00f3pez Obrador","CFE","Gerardo Loya Romero","HUmberto Alonso Morelli","Juan Manuel de Unanue","MC","OPLE","PAN","PRI","Roc\u00edo Nahle","Yair Ademar Dom\u00ednguez"],"articleSection":["De Opini\u00f3n"],"inLanguage":"es"},{"@type":"WebPage","@id":"https:\/\/lospoliticosveracruz.com\/?p=80192","url":"https:\/\/lospoliticosveracruz.com\/?p=80192","name":"La reforma el\u00e9ctrica - Los pol\u00edticos Veracruz","isPartOf":{"@id":"https:\/\/lospoliticosveracruz.com\/#website"},"primaryImageOfPage":{"@id":"https:\/\/lospoliticosveracruz.com\/?p=80192#primaryimage"},"image":{"@id":"https:\/\/lospoliticosveracruz.com\/?p=80192#primaryimage"},"thumbnailUrl":"https:\/\/lospoliticosveracruz.com.mx\/wp-content\/uploads\/2021\/10\/WhatsApp-Image-2021-10-02-at-15.20.25-724x1024.jpeg","datePublished":"2021-10-04T13:50:36+00:00","dateModified":"2021-10-04T13:50:40+00:00","breadcrumb":{"@id":"https:\/\/lospoliticosveracruz.com\/?p=80192#breadcrumb"},"inLanguage":"es","potentialAction":[{"@type":"ReadAction","target":["https:\/\/lospoliticosveracruz.com\/?p=80192"]}]},{"@type":"ImageObject","inLanguage":"es","@id":"https:\/\/lospoliticosveracruz.com\/?p=80192#primaryimage","url":"https:\/\/lospoliticosveracruz.com.mx\/wp-content\/uploads\/2021\/10\/WhatsApp-Image-2021-10-02-at-15.20.25-724x1024.jpeg","contentUrl":"https:\/\/lospoliticosveracruz.com.mx\/wp-content\/uploads\/2021\/10\/WhatsApp-Image-2021-10-02-at-15.20.25-724x1024.jpeg"},{"@type":"BreadcrumbList","@id":"https:\/\/lospoliticosveracruz.com\/?p=80192#breadcrumb","itemListElement":[{"@type":"ListItem","position":1,"name":"Portada","item":"https:\/\/lospoliticosveracruz.com\/"},{"@type":"ListItem","position":2,"name":"La reforma el\u00e9ctrica"}]},{"@type":"WebSite","@id":"https:\/\/lospoliticosveracruz.com\/#website","url":"https:\/\/lospoliticosveracruz.com\/","name":"Los pol\u00edticos Veracruz","description":"","publisher":{"@id":"https:\/\/lospoliticosveracruz.com\/#organization"},"potentialAction":[{"@type":"SearchAction","target":{"@type":"EntryPoint","urlTemplate":"https:\/\/lospoliticosveracruz.com\/?s={search_term_string}"},"query-input":{"@type":"PropertyValueSpecification","valueRequired":true,"valueName":"search_term_string"}}],"inLanguage":"es"},{"@type":"Organization","@id":"https:\/\/lospoliticosveracruz.com\/#organization","name":"Los pol\u00edticos Veracruz","url":"https:\/\/lospoliticosveracruz.com\/","logo":{"@type":"ImageObject","inLanguage":"es","@id":"https:\/\/lospoliticosveracruz.com\/#\/schema\/logo\/image\/","url":"https:\/\/lospoliticosveracruz.com\/wp-content\/uploads\/2025\/12\/Logo-Nuevo-LOS-POLITICOS-1.jpg","contentUrl":"https:\/\/lospoliticosveracruz.com\/wp-content\/uploads\/2025\/12\/Logo-Nuevo-LOS-POLITICOS-1.jpg","width":260,"height":70,"caption":"Los pol\u00edticos Veracruz"},"image":{"@id":"https:\/\/lospoliticosveracruz.com\/#\/schema\/logo\/image\/"},"sameAs":["https:\/\/www.facebook.com\/people\/Notimemes-de-los-Polticos\/61565672886568\/","https:\/\/x.com\/LosPoliticosVer"]},{"@type":"Person","@id":"https:\/\/lospoliticosveracruz.com\/#\/schema\/person\/b8702bb0e538456e6efd07080bf2a4a2","name":"Lo viste en Los Pol\u00edticos","image":{"@type":"ImageObject","inLanguage":"es","@id":"https:\/\/secure.gravatar.com\/avatar\/3a8de04a2656d44082be478bd6c086daa447c4651605818287b9532d3d0bd435?s=96&d=mm&r=g","url":"https:\/\/secure.gravatar.com\/avatar\/3a8de04a2656d44082be478bd6c086daa447c4651605818287b9532d3d0bd435?s=96&d=mm&r=g","contentUrl":"https:\/\/secure.gravatar.com\/avatar\/3a8de04a2656d44082be478bd6c086daa447c4651605818287b9532d3d0bd435?s=96&d=mm&r=g","caption":"Lo viste en Los Pol\u00edticos"},"url":"https:\/\/lospoliticosveracruz.com\/?author=2"}]}},"_links":{"self":[{"href":"https:\/\/lospoliticosveracruz.com\/index.php?rest_route=\/wp\/v2\/posts\/80192","targetHints":{"allow":["GET"]}}],"collection":[{"href":"https:\/\/lospoliticosveracruz.com\/index.php?rest_route=\/wp\/v2\/posts"}],"about":[{"href":"https:\/\/lospoliticosveracruz.com\/index.php?rest_route=\/wp\/v2\/types\/post"}],"author":[{"embeddable":true,"href":"https:\/\/lospoliticosveracruz.com\/index.php?rest_route=\/wp\/v2\/users\/2"}],"replies":[{"embeddable":true,"href":"https:\/\/lospoliticosveracruz.com\/index.php?rest_route=%2Fwp%2Fv2%2Fcomments&post=80192"}],"version-history":[{"count":1,"href":"https:\/\/lospoliticosveracruz.com\/index.php?rest_route=\/wp\/v2\/posts\/80192\/revisions"}],"predecessor-version":[{"id":80193,"href":"https:\/\/lospoliticosveracruz.com\/index.php?rest_route=\/wp\/v2\/posts\/80192\/revisions\/80193"}],"wp:attachment":[{"href":"https:\/\/lospoliticosveracruz.com\/index.php?rest_route=%2Fwp%2Fv2%2Fmedia&parent=80192"}],"wp:term":[{"taxonomy":"category","embeddable":true,"href":"https:\/\/lospoliticosveracruz.com\/index.php?rest_route=%2Fwp%2Fv2%2Fcategories&post=80192"},{"taxonomy":"post_tag","embeddable":true,"href":"https:\/\/lospoliticosveracruz.com\/index.php?rest_route=%2Fwp%2Fv2%2Ftags&post=80192"}],"curies":[{"name":"wp","href":"https:\/\/api.w.org\/{rel}","templated":true}]}}