{"id":80204,"date":"2021-10-04T13:43:00","date_gmt":"2021-10-04T18:43:00","guid":{"rendered":"https:\/\/lospoliticosveracruz.com.mx\/?p=80204"},"modified":"2021-10-04T13:43:04","modified_gmt":"2021-10-04T18:43:04","slug":"las-otras-preguntas-de-la-mananera","status":"publish","type":"post","link":"https:\/\/lospoliticosveracruz.com\/?p=80204","title":{"rendered":"Las otras preguntas de la Ma\u00f1anera"},"content":{"rendered":"\n<p><br>Miguel Angel Cristiani Gonz\u00e1lez<\/p>\n\n\n\n<p>Bit\u00e1cora Pol\u00edtica<br><\/p>\n\n\n\n<p><br>Como nosotros no somos del grupo de privilegiados reporteros invitados y llevados a participar en la conferencia Ma\u00f1anera del presidente Andr\u00e9s Manuel L\u00f3pez Obrador de este martes 5 de octubre en el puerto de Veracruz, nos quedamos con las ganas de hacerle alguna pregunta a nuestro paisano sobre el estado.<\/p>\n\n\n\n<div class=\"wp-block-image\"><figure class=\"alignleft size-medium\"><a href=\"https:\/\/lospoliticosveracruz.com.mx\/wp-content\/uploads\/2021\/10\/WhatsApp-Image-2021-10-02-at-15.20.25.jpeg\"><img loading=\"lazy\" decoding=\"async\" width=\"212\" height=\"300\" src=\"https:\/\/lospoliticosveracruz.com.mx\/wp-content\/uploads\/2021\/10\/WhatsApp-Image-2021-10-02-at-15.20.25-212x300.jpeg\" alt=\"\" class=\"wp-image-80177\" srcset=\"https:\/\/lospoliticosveracruz.com\/wp-content\/uploads\/2021\/10\/WhatsApp-Image-2021-10-02-at-15.20.25-212x300.jpeg 212w, https:\/\/lospoliticosveracruz.com\/wp-content\/uploads\/2021\/10\/WhatsApp-Image-2021-10-02-at-15.20.25-724x1024.jpeg 724w, https:\/\/lospoliticosveracruz.com\/wp-content\/uploads\/2021\/10\/WhatsApp-Image-2021-10-02-at-15.20.25-768x1086.jpeg 768w, https:\/\/lospoliticosveracruz.com\/wp-content\/uploads\/2021\/10\/WhatsApp-Image-2021-10-02-at-15.20.25.jpeg 905w\" sizes=\"auto, (max-width: 212px) 100vw, 212px\" \/><\/a><\/figure><\/div>\n\n\n\n<p><br>Habr\u00eda que aclarar primero, que no se trata de una de esas preguntas \u201cpor encargo\u201d que son obviamente patrocinadas por alguien, que quiere que el presidente se enganche y de manera sutil, ordene que alg\u00fan secretario o dependencia la atienda y les d\u00e9 pronta respuesta.<br>Y es que una misma pregunta se puede plantear de distintas formas, dependiendo del reportero que se trate.<br>Entonces, tratando de recurrir al Realismo M\u00e1gico, resulta interesante hacer un ejercicio period\u00edstico a la sana distancia.<br>Como a nivel federal, para sucederlo en la presidencia de la rep\u00fablica, ya ha enlistado a varios funcionarios, ahora ac\u00e1 en el terru\u00f1o veracruzano, resulta interesante pedirle que mencione a quienes pueden ser los elegidos para sustituir al gobernador Cuitl\u00e1huac Garc\u00eda Jim\u00e9nez en su tiempo.<br>As\u00ed, por ejemplo, si se le quiere preguntar al presidente de la rep\u00fablica su opini\u00f3n sobre los posibles candidatos de MORENA que podr\u00edan aparecer sus nombres en las boletas electorales del 2024, cuando se elija al pr\u00f3ximo gobernador del estado, la misma interrogante se podr\u00eda plantear de distintas maneras.<br>Un reportero alvarade\u00f1o, con el lenguaje florido caracter\u00edstico, posiblemente le preguntar\u00eda: \u00bf\u201cSe\u00f1or Presidente, con todo respeto, podr\u00eda usted decirnos quien chingaos va a ser el candidato a gobernador de Veracruz en el pr\u00f3ximo proceso electoral.\u201d?<br>Otro m\u00e1s, de esos que pregunta por encargo, posiblemente cuestionar\u00eda: \u00bf\u201d dado que la Secretar\u00eda de Energ\u00eda y Minas Roc\u00edo Nahle ha dado innumerables muestras de capacidad, honradez, dedicaci\u00f3n y talento al desarrollar uno de los proyectos m\u00e1s importantes de la Cuarta Transformaci\u00f3n del pa\u00eds, como lo es la construcci\u00f3n de la Refiner\u00eda en Dos Bocas en el vecino estado de Tabasco, no considera usted, que deber\u00eda de ser quien aparezca en las boletas electorales del 2024\u201d?<br>\u00a0Tambi\u00e9n hay reporteros que acostumbran preguntar y al mismo tiempo dar la respuesta:\u201d \u00bfComo ya destap\u00f3 usted a los posibles sucesores en la presidencia de la rep\u00fablica a nivel nacional, considera que a nivel estatal los mejores candidatos son Roc\u00edo Nahle, Sergio Guti\u00e9rrez Luna, Ricardo Ahued, por mencionar algunos de los posibles\u201d?<br>M\u00e1s en directo: \u00bfYa tiene usted candidato para la gubernatura de Veracruz?<br>La misma pregunta, planteada de otra forma: \u00bfUsted como veracruzano, ya tiene en mente, al posible sucesor del gobernador Cuitl\u00e1huac Garc\u00eda Jim\u00e9nez?<br>Tambi\u00e9n: \u00bfNos puede proporcionar los nombres de los hombres y mujeres de los miembros de MORENA que pueden aparecer en la boleta electoral del Veracruz en el 2024?<br>Otra forma m\u00e1s: \u00bfpara la pr\u00f3xima elecci\u00f3n de gobernador de Veracruz, habr\u00e1 de prevalecer el posible enviado del centro del pa\u00eds o ser\u00e1 el localismo donde surja el candidato?<br>Alguna reportera podr\u00eda cuestionar: \u00bfel candidato a gobernador de Veracruz por MORENA ser\u00e1 un hombre o una mujer?<br>Nosotros, por nuestra parte, la pregunta que nos quedamos con las ganas de formularle al presidente Andr\u00e9s Manuel L\u00f3pez Obrador ser\u00eda la siguiente:<br>Paisano presidente, como buen aficionado al beisbol que es usted, perm\u00edtame preguntarle en t\u00e9rminos deportivos, \u00bfa estas alturas del juego, cuando ya vamos a la mitad del mismo, teniendo Casa Llena -con tres hombres en bases- quien en su opini\u00f3n puede ser el bateador designado para venir a pegar de jonr\u00f3n y volarse la barda, para permitir a todos los participantes en la jugada, avanzar hasta el anhelado home y anotar carrera? \u00bfNos podr\u00eda proporcionar la lista de quienes hasta el momento pueden ser los aspirantes y suspirantes, en convertirse en el sucesor del gobernador Cuitl\u00e1huac Garc\u00eda Jim\u00e9nez en el 2024?<br>Pero todo esto, queda nada m\u00e1s en la Bit\u00e1cora Pol\u00edtica Veracruzana, en un ejercicio de imaginaci\u00f3n sobre lo que podr\u00eda haber ocurrido este martes en la Conferencia Ma\u00f1anera en el puerto jarocho.<br>Como todav\u00eda no se aprueba la propuesta de que las preguntas de las conferencias ma\u00f1aneras, se hagan mediante el sistema de t\u00f3mbola -como se hizo para sacar a los diputados de MORENA- en donde se depositar\u00edan previamente las interrogantes, para despu\u00e9s en vivo y directo, ir sacando algunas, nosotros tendremos que seguir esperando a ver si alg\u00fan d\u00eda, nos toca la oportunidad de preguntarle al presidente Andr\u00e9s Manuel L\u00f3pez Obrador.<br>Habr\u00e1 que estar pendientes este martes, para ver si alguno de los reporteros del puerto de Veracruz, le pregunta al presidente sobre los posibles candidatos de MORENA a la gubernatura, recordando lo que dec\u00eda el pol\u00edtico tuxpe\u00f1o Don Jes\u00fas Reyes Heroles que en pol\u00edtica, la forma es el fondo y aqu\u00ed tambi\u00e9n la forma de preguntar puede dar luz sobre el fondo.<\/p>\n","protected":false},"excerpt":{"rendered":"<p>Miguel Angel Cristiani Gonz\u00e1lez Bit\u00e1cora Pol\u00edtica Como nosotros no somos del grupo de privilegiados reporteros invitados y llevados a participar en la conferencia Ma\u00f1anera del presidente Andr\u00e9s Manuel L\u00f3pez Obrador de este martes 5 de octubre en el puerto de Veracruz, nos quedamos con las ganas de hacerle alguna pregunta a nuestro paisano sobre el [&hellip;]<\/p>\n","protected":false},"author":2,"featured_media":80205,"comment_status":"closed","ping_status":"closed","sticky":false,"template":"","format":"standard","meta":{"tdm_status":"","tdm_grid_status":"","footnotes":""},"categories":[70],"tags":[1563,18784,29917,1026],"class_list":{"0":"post-80204","1":"post","2":"type-post","3":"status-publish","4":"format-standard","5":"has-post-thumbnail","7":"category-de-opinion","8":"tag-cuitlahuac-garcia-jimenez","9":"tag-mananeras","10":"tag-miguel-angel-cristiani-gonzalez-2","11":"tag-morena"},"yoast_head":"<!-- This site is optimized with the Yoast SEO plugin v27.4 - https:\/\/yoast.com\/product\/yoast-seo-wordpress\/ -->\n<title>Las otras preguntas de la Ma\u00f1anera - Los pol\u00edticos Veracruz<\/title>\n<meta name=\"robots\" content=\"index, follow, max-snippet:-1, max-image-preview:large, max-video-preview:-1\" \/>\n<link rel=\"canonical\" href=\"https:\/\/lospoliticosveracruz.com\/?p=80204\" \/>\n<meta property=\"og:locale\" content=\"es_ES\" \/>\n<meta property=\"og:type\" content=\"article\" \/>\n<meta property=\"og:title\" content=\"Las otras preguntas de la Ma\u00f1anera - Los pol\u00edticos Veracruz\" \/>\n<meta property=\"og:description\" content=\"Miguel Angel Cristiani Gonz\u00e1lez Bit\u00e1cora Pol\u00edtica Como nosotros no somos del grupo de privilegiados reporteros invitados y llevados a participar en la conferencia Ma\u00f1anera del presidente Andr\u00e9s Manuel L\u00f3pez Obrador de este martes 5 de octubre en el puerto de Veracruz, nos quedamos con las ganas de hacerle alguna pregunta a nuestro paisano sobre el [&hellip;]\" \/>\n<meta property=\"og:url\" content=\"https:\/\/lospoliticosveracruz.com\/?p=80204\" \/>\n<meta property=\"og:site_name\" content=\"Los pol\u00edticos Veracruz\" \/>\n<meta property=\"article:publisher\" content=\"https:\/\/www.facebook.com\/people\/Notimemes-de-los-Polticos\/61565672886568\/\" \/>\n<meta property=\"article:published_time\" content=\"2021-10-04T18:43:00+00:00\" \/>\n<meta property=\"article:modified_time\" content=\"2021-10-04T18:43:04+00:00\" \/>\n<meta property=\"og:image\" content=\"https:\/\/lospoliticosveracruz.com\/wp-content\/uploads\/2016\/07\/AMLO-CUIC.jpg\" \/>\n\t<meta property=\"og:image:width\" content=\"600\" \/>\n\t<meta property=\"og:image:height\" content=\"320\" \/>\n\t<meta property=\"og:image:type\" content=\"image\/jpeg\" \/>\n<meta name=\"author\" content=\"Lo viste en Los Pol\u00edticos\" \/>\n<meta name=\"twitter:card\" content=\"summary_large_image\" \/>\n<meta name=\"twitter:creator\" content=\"@LosPoliticosVer\" \/>\n<meta name=\"twitter:site\" content=\"@LosPoliticosVer\" \/>\n<meta name=\"twitter:label1\" content=\"Escrito por\" \/>\n\t<meta name=\"twitter:data1\" content=\"Lo viste en Los Pol\u00edticos\" \/>\n\t<meta name=\"twitter:label2\" content=\"Tiempo de lectura\" \/>\n\t<meta name=\"twitter:data2\" content=\"4 minutos\" \/>\n<script type=\"application\/ld+json\" class=\"yoast-schema-graph\">{\"@context\":\"https:\\\/\\\/schema.org\",\"@graph\":[{\"@type\":\"Article\",\"@id\":\"https:\\\/\\\/lospoliticosveracruz.com\\\/?p=80204#article\",\"isPartOf\":{\"@id\":\"https:\\\/\\\/lospoliticosveracruz.com\\\/?p=80204\"},\"author\":{\"name\":\"Lo viste en Los Pol\u00edticos\",\"@id\":\"https:\\\/\\\/lospoliticosveracruz.com\\\/#\\\/schema\\\/person\\\/b8702bb0e538456e6efd07080bf2a4a2\"},\"headline\":\"Las otras preguntas de la Ma\u00f1anera\",\"datePublished\":\"2021-10-04T18:43:00+00:00\",\"dateModified\":\"2021-10-04T18:43:04+00:00\",\"mainEntityOfPage\":{\"@id\":\"https:\\\/\\\/lospoliticosveracruz.com\\\/?p=80204\"},\"wordCount\":876,\"publisher\":{\"@id\":\"https:\\\/\\\/lospoliticosveracruz.com\\\/#organization\"},\"image\":{\"@id\":\"https:\\\/\\\/lospoliticosveracruz.com\\\/?p=80204#primaryimage\"},\"thumbnailUrl\":\"https:\\\/\\\/lospoliticosveracruz.com\\\/wp-content\\\/uploads\\\/2016\\\/07\\\/AMLO-CUIC.jpg\",\"keywords\":[\"Cuitl\u00e1huac Garc\u00eda Jim\u00e9nez\",\"ma\u00f1aneras\",\"Miguel Angel Cristiani Gonz\u00e1lez\",\"Morena\"],\"articleSection\":[\"De Opini\u00f3n\"],\"inLanguage\":\"es\"},{\"@type\":\"WebPage\",\"@id\":\"https:\\\/\\\/lospoliticosveracruz.com\\\/?p=80204\",\"url\":\"https:\\\/\\\/lospoliticosveracruz.com\\\/?p=80204\",\"name\":\"Las otras preguntas de la Ma\u00f1anera - Los pol\u00edticos Veracruz\",\"isPartOf\":{\"@id\":\"https:\\\/\\\/lospoliticosveracruz.com\\\/#website\"},\"primaryImageOfPage\":{\"@id\":\"https:\\\/\\\/lospoliticosveracruz.com\\\/?p=80204#primaryimage\"},\"image\":{\"@id\":\"https:\\\/\\\/lospoliticosveracruz.com\\\/?p=80204#primaryimage\"},\"thumbnailUrl\":\"https:\\\/\\\/lospoliticosveracruz.com\\\/wp-content\\\/uploads\\\/2016\\\/07\\\/AMLO-CUIC.jpg\",\"datePublished\":\"2021-10-04T18:43:00+00:00\",\"dateModified\":\"2021-10-04T18:43:04+00:00\",\"breadcrumb\":{\"@id\":\"https:\\\/\\\/lospoliticosveracruz.com\\\/?p=80204#breadcrumb\"},\"inLanguage\":\"es\",\"potentialAction\":[{\"@type\":\"ReadAction\",\"target\":[\"https:\\\/\\\/lospoliticosveracruz.com\\\/?p=80204\"]}]},{\"@type\":\"ImageObject\",\"inLanguage\":\"es\",\"@id\":\"https:\\\/\\\/lospoliticosveracruz.com\\\/?p=80204#primaryimage\",\"url\":\"https:\\\/\\\/lospoliticosveracruz.com\\\/wp-content\\\/uploads\\\/2016\\\/07\\\/AMLO-CUIC.jpg\",\"contentUrl\":\"https:\\\/\\\/lospoliticosveracruz.com\\\/wp-content\\\/uploads\\\/2016\\\/07\\\/AMLO-CUIC.jpg\",\"width\":600,\"height\":320},{\"@type\":\"BreadcrumbList\",\"@id\":\"https:\\\/\\\/lospoliticosveracruz.com\\\/?p=80204#breadcrumb\",\"itemListElement\":[{\"@type\":\"ListItem\",\"position\":1,\"name\":\"Portada\",\"item\":\"https:\\\/\\\/lospoliticosveracruz.com\\\/\"},{\"@type\":\"ListItem\",\"position\":2,\"name\":\"Las otras preguntas de la Ma\u00f1anera\"}]},{\"@type\":\"WebSite\",\"@id\":\"https:\\\/\\\/lospoliticosveracruz.com\\\/#website\",\"url\":\"https:\\\/\\\/lospoliticosveracruz.com\\\/\",\"name\":\"Los pol\u00edticos Veracruz\",\"description\":\"\",\"publisher\":{\"@id\":\"https:\\\/\\\/lospoliticosveracruz.com\\\/#organization\"},\"potentialAction\":[{\"@type\":\"SearchAction\",\"target\":{\"@type\":\"EntryPoint\",\"urlTemplate\":\"https:\\\/\\\/lospoliticosveracruz.com\\\/?s={search_term_string}\"},\"query-input\":{\"@type\":\"PropertyValueSpecification\",\"valueRequired\":true,\"valueName\":\"search_term_string\"}}],\"inLanguage\":\"es\"},{\"@type\":\"Organization\",\"@id\":\"https:\\\/\\\/lospoliticosveracruz.com\\\/#organization\",\"name\":\"Los pol\u00edticos Veracruz\",\"url\":\"https:\\\/\\\/lospoliticosveracruz.com\\\/\",\"logo\":{\"@type\":\"ImageObject\",\"inLanguage\":\"es\",\"@id\":\"https:\\\/\\\/lospoliticosveracruz.com\\\/#\\\/schema\\\/logo\\\/image\\\/\",\"url\":\"https:\\\/\\\/lospoliticosveracruz.com\\\/wp-content\\\/uploads\\\/2025\\\/12\\\/Logo-Nuevo-LOS-POLITICOS-1.jpg\",\"contentUrl\":\"https:\\\/\\\/lospoliticosveracruz.com\\\/wp-content\\\/uploads\\\/2025\\\/12\\\/Logo-Nuevo-LOS-POLITICOS-1.jpg\",\"width\":260,\"height\":70,\"caption\":\"Los pol\u00edticos Veracruz\"},\"image\":{\"@id\":\"https:\\\/\\\/lospoliticosveracruz.com\\\/#\\\/schema\\\/logo\\\/image\\\/\"},\"sameAs\":[\"https:\\\/\\\/www.facebook.com\\\/people\\\/Notimemes-de-los-Polticos\\\/61565672886568\\\/\",\"https:\\\/\\\/x.com\\\/LosPoliticosVer\"]},{\"@type\":\"Person\",\"@id\":\"https:\\\/\\\/lospoliticosveracruz.com\\\/#\\\/schema\\\/person\\\/b8702bb0e538456e6efd07080bf2a4a2\",\"name\":\"Lo viste en Los Pol\u00edticos\",\"image\":{\"@type\":\"ImageObject\",\"inLanguage\":\"es\",\"@id\":\"https:\\\/\\\/secure.gravatar.com\\\/avatar\\\/3a8de04a2656d44082be478bd6c086daa447c4651605818287b9532d3d0bd435?s=96&d=mm&r=g\",\"url\":\"https:\\\/\\\/secure.gravatar.com\\\/avatar\\\/3a8de04a2656d44082be478bd6c086daa447c4651605818287b9532d3d0bd435?s=96&d=mm&r=g\",\"contentUrl\":\"https:\\\/\\\/secure.gravatar.com\\\/avatar\\\/3a8de04a2656d44082be478bd6c086daa447c4651605818287b9532d3d0bd435?s=96&d=mm&r=g\",\"caption\":\"Lo viste en Los Pol\u00edticos\"},\"url\":\"https:\\\/\\\/lospoliticosveracruz.com\\\/?author=2\"}]}<\/script>\n<!-- \/ Yoast SEO plugin. -->","yoast_head_json":{"title":"Las otras preguntas de la Ma\u00f1anera - Los pol\u00edticos Veracruz","robots":{"index":"index","follow":"follow","max-snippet":"max-snippet:-1","max-image-preview":"max-image-preview:large","max-video-preview":"max-video-preview:-1"},"canonical":"https:\/\/lospoliticosveracruz.com\/?p=80204","og_locale":"es_ES","og_type":"article","og_title":"Las otras preguntas de la Ma\u00f1anera - Los pol\u00edticos Veracruz","og_description":"Miguel Angel Cristiani Gonz\u00e1lez Bit\u00e1cora Pol\u00edtica Como nosotros no somos del grupo de privilegiados reporteros invitados y llevados a participar en la conferencia Ma\u00f1anera del presidente Andr\u00e9s Manuel L\u00f3pez Obrador de este martes 5 de octubre en el puerto de Veracruz, nos quedamos con las ganas de hacerle alguna pregunta a nuestro paisano sobre el [&hellip;]","og_url":"https:\/\/lospoliticosveracruz.com\/?p=80204","og_site_name":"Los pol\u00edticos Veracruz","article_publisher":"https:\/\/www.facebook.com\/people\/Notimemes-de-los-Polticos\/61565672886568\/","article_published_time":"2021-10-04T18:43:00+00:00","article_modified_time":"2021-10-04T18:43:04+00:00","og_image":[{"width":600,"height":320,"url":"https:\/\/lospoliticosveracruz.com\/wp-content\/uploads\/2016\/07\/AMLO-CUIC.jpg","type":"image\/jpeg"}],"author":"Lo viste en Los Pol\u00edticos","twitter_card":"summary_large_image","twitter_creator":"@LosPoliticosVer","twitter_site":"@LosPoliticosVer","twitter_misc":{"Escrito por":"Lo viste en Los Pol\u00edticos","Tiempo de lectura":"4 minutos"},"schema":{"@context":"https:\/\/schema.org","@graph":[{"@type":"Article","@id":"https:\/\/lospoliticosveracruz.com\/?p=80204#article","isPartOf":{"@id":"https:\/\/lospoliticosveracruz.com\/?p=80204"},"author":{"name":"Lo viste en Los Pol\u00edticos","@id":"https:\/\/lospoliticosveracruz.com\/#\/schema\/person\/b8702bb0e538456e6efd07080bf2a4a2"},"headline":"Las otras preguntas de la Ma\u00f1anera","datePublished":"2021-10-04T18:43:00+00:00","dateModified":"2021-10-04T18:43:04+00:00","mainEntityOfPage":{"@id":"https:\/\/lospoliticosveracruz.com\/?p=80204"},"wordCount":876,"publisher":{"@id":"https:\/\/lospoliticosveracruz.com\/#organization"},"image":{"@id":"https:\/\/lospoliticosveracruz.com\/?p=80204#primaryimage"},"thumbnailUrl":"https:\/\/lospoliticosveracruz.com\/wp-content\/uploads\/2016\/07\/AMLO-CUIC.jpg","keywords":["Cuitl\u00e1huac Garc\u00eda Jim\u00e9nez","ma\u00f1aneras","Miguel Angel Cristiani Gonz\u00e1lez","Morena"],"articleSection":["De Opini\u00f3n"],"inLanguage":"es"},{"@type":"WebPage","@id":"https:\/\/lospoliticosveracruz.com\/?p=80204","url":"https:\/\/lospoliticosveracruz.com\/?p=80204","name":"Las otras preguntas de la Ma\u00f1anera - Los pol\u00edticos Veracruz","isPartOf":{"@id":"https:\/\/lospoliticosveracruz.com\/#website"},"primaryImageOfPage":{"@id":"https:\/\/lospoliticosveracruz.com\/?p=80204#primaryimage"},"image":{"@id":"https:\/\/lospoliticosveracruz.com\/?p=80204#primaryimage"},"thumbnailUrl":"https:\/\/lospoliticosveracruz.com\/wp-content\/uploads\/2016\/07\/AMLO-CUIC.jpg","datePublished":"2021-10-04T18:43:00+00:00","dateModified":"2021-10-04T18:43:04+00:00","breadcrumb":{"@id":"https:\/\/lospoliticosveracruz.com\/?p=80204#breadcrumb"},"inLanguage":"es","potentialAction":[{"@type":"ReadAction","target":["https:\/\/lospoliticosveracruz.com\/?p=80204"]}]},{"@type":"ImageObject","inLanguage":"es","@id":"https:\/\/lospoliticosveracruz.com\/?p=80204#primaryimage","url":"https:\/\/lospoliticosveracruz.com\/wp-content\/uploads\/2016\/07\/AMLO-CUIC.jpg","contentUrl":"https:\/\/lospoliticosveracruz.com\/wp-content\/uploads\/2016\/07\/AMLO-CUIC.jpg","width":600,"height":320},{"@type":"BreadcrumbList","@id":"https:\/\/lospoliticosveracruz.com\/?p=80204#breadcrumb","itemListElement":[{"@type":"ListItem","position":1,"name":"Portada","item":"https:\/\/lospoliticosveracruz.com\/"},{"@type":"ListItem","position":2,"name":"Las otras preguntas de la Ma\u00f1anera"}]},{"@type":"WebSite","@id":"https:\/\/lospoliticosveracruz.com\/#website","url":"https:\/\/lospoliticosveracruz.com\/","name":"Los pol\u00edticos Veracruz","description":"","publisher":{"@id":"https:\/\/lospoliticosveracruz.com\/#organization"},"potentialAction":[{"@type":"SearchAction","target":{"@type":"EntryPoint","urlTemplate":"https:\/\/lospoliticosveracruz.com\/?s={search_term_string}"},"query-input":{"@type":"PropertyValueSpecification","valueRequired":true,"valueName":"search_term_string"}}],"inLanguage":"es"},{"@type":"Organization","@id":"https:\/\/lospoliticosveracruz.com\/#organization","name":"Los pol\u00edticos Veracruz","url":"https:\/\/lospoliticosveracruz.com\/","logo":{"@type":"ImageObject","inLanguage":"es","@id":"https:\/\/lospoliticosveracruz.com\/#\/schema\/logo\/image\/","url":"https:\/\/lospoliticosveracruz.com\/wp-content\/uploads\/2025\/12\/Logo-Nuevo-LOS-POLITICOS-1.jpg","contentUrl":"https:\/\/lospoliticosveracruz.com\/wp-content\/uploads\/2025\/12\/Logo-Nuevo-LOS-POLITICOS-1.jpg","width":260,"height":70,"caption":"Los pol\u00edticos Veracruz"},"image":{"@id":"https:\/\/lospoliticosveracruz.com\/#\/schema\/logo\/image\/"},"sameAs":["https:\/\/www.facebook.com\/people\/Notimemes-de-los-Polticos\/61565672886568\/","https:\/\/x.com\/LosPoliticosVer"]},{"@type":"Person","@id":"https:\/\/lospoliticosveracruz.com\/#\/schema\/person\/b8702bb0e538456e6efd07080bf2a4a2","name":"Lo viste en Los Pol\u00edticos","image":{"@type":"ImageObject","inLanguage":"es","@id":"https:\/\/secure.gravatar.com\/avatar\/3a8de04a2656d44082be478bd6c086daa447c4651605818287b9532d3d0bd435?s=96&d=mm&r=g","url":"https:\/\/secure.gravatar.com\/avatar\/3a8de04a2656d44082be478bd6c086daa447c4651605818287b9532d3d0bd435?s=96&d=mm&r=g","contentUrl":"https:\/\/secure.gravatar.com\/avatar\/3a8de04a2656d44082be478bd6c086daa447c4651605818287b9532d3d0bd435?s=96&d=mm&r=g","caption":"Lo viste en Los Pol\u00edticos"},"url":"https:\/\/lospoliticosveracruz.com\/?author=2"}]}},"_links":{"self":[{"href":"https:\/\/lospoliticosveracruz.com\/index.php?rest_route=\/wp\/v2\/posts\/80204","targetHints":{"allow":["GET"]}}],"collection":[{"href":"https:\/\/lospoliticosveracruz.com\/index.php?rest_route=\/wp\/v2\/posts"}],"about":[{"href":"https:\/\/lospoliticosveracruz.com\/index.php?rest_route=\/wp\/v2\/types\/post"}],"author":[{"embeddable":true,"href":"https:\/\/lospoliticosveracruz.com\/index.php?rest_route=\/wp\/v2\/users\/2"}],"replies":[{"embeddable":true,"href":"https:\/\/lospoliticosveracruz.com\/index.php?rest_route=%2Fwp%2Fv2%2Fcomments&post=80204"}],"version-history":[{"count":1,"href":"https:\/\/lospoliticosveracruz.com\/index.php?rest_route=\/wp\/v2\/posts\/80204\/revisions"}],"predecessor-version":[{"id":80206,"href":"https:\/\/lospoliticosveracruz.com\/index.php?rest_route=\/wp\/v2\/posts\/80204\/revisions\/80206"}],"wp:featuredmedia":[{"embeddable":true,"href":"https:\/\/lospoliticosveracruz.com\/index.php?rest_route=\/wp\/v2\/media\/80205"}],"wp:attachment":[{"href":"https:\/\/lospoliticosveracruz.com\/index.php?rest_route=%2Fwp%2Fv2%2Fmedia&parent=80204"}],"wp:term":[{"taxonomy":"category","embeddable":true,"href":"https:\/\/lospoliticosveracruz.com\/index.php?rest_route=%2Fwp%2Fv2%2Fcategories&post=80204"},{"taxonomy":"post_tag","embeddable":true,"href":"https:\/\/lospoliticosveracruz.com\/index.php?rest_route=%2Fwp%2Fv2%2Ftags&post=80204"}],"curies":[{"name":"wp","href":"https:\/\/api.w.org\/{rel}","templated":true}]}}