{"id":80245,"date":"2021-10-05T11:58:43","date_gmt":"2021-10-05T16:58:43","guid":{"rendered":"https:\/\/lospoliticosveracruz.com.mx\/?p=80245"},"modified":"2021-10-05T11:58:47","modified_gmt":"2021-10-05T16:58:47","slug":"hay-que-evaluar-la-reparticion-de-apoyos","status":"publish","type":"post","link":"https:\/\/lospoliticosveracruz.com\/?p=80245","title":{"rendered":"Hay que Evaluar la Repartici\u00f3n de Apoyos"},"content":{"rendered":"\n<p><\/p>\n\n\n\n<p><strong>Miguel \u00c1ngel Cristiani Gonz\u00e1lez<br><\/strong><em>Bit\u00e1cora Pol\u00edtica<\/em><\/p>\n\n\n\n<p>Concluy\u00f3 este martes 5 de octubre, la gira del presidente Andr\u00e9s Manuel L\u00f3pez Obrador por el estado de Veracruz, entre otros temas importantes, para evaluar la respuesta que se tuvo por parte del gobierno federal, estatal y municipal, para ayudar a los damnificados que dej\u00f3 a su paso el hurac\u00e1n Grace.<\/p>\n\n\n\n<div class=\"wp-block-image\"><figure class=\"alignleft size-large is-resized\"><a href=\"https:\/\/lospoliticosveracruz.com.mx\/wp-content\/uploads\/2021\/10\/WhatsApp-Image-2021-10-02-at-15.20.25.jpeg\"><img decoding=\"async\" src=\"https:\/\/lospoliticosveracruz.com.mx\/wp-content\/uploads\/2021\/10\/WhatsApp-Image-2021-10-02-at-15.20.25-724x1024.jpeg\" alt=\"\" class=\"wp-image-80177\" width=\"250\" srcset=\"https:\/\/lospoliticosveracruz.com\/wp-content\/uploads\/2021\/10\/WhatsApp-Image-2021-10-02-at-15.20.25-724x1024.jpeg 724w, https:\/\/lospoliticosveracruz.com\/wp-content\/uploads\/2021\/10\/WhatsApp-Image-2021-10-02-at-15.20.25-212x300.jpeg 212w, https:\/\/lospoliticosveracruz.com\/wp-content\/uploads\/2021\/10\/WhatsApp-Image-2021-10-02-at-15.20.25-768x1086.jpeg 768w, https:\/\/lospoliticosveracruz.com\/wp-content\/uploads\/2021\/10\/WhatsApp-Image-2021-10-02-at-15.20.25.jpeg 905w\" sizes=\"(max-width: 724px) 100vw, 724px\" \/><\/a><\/figure><\/div>\n\n\n\n<p><br>Y la verdad es que, si tomamos en cuenta las cifras alegres y oficiales, que se estuvieron manejando en las reuniones de evaluaci\u00f3n, pues se tendr\u00eda que felicitar y reconocer a las autoridades y funcionarios que participaron en los operativos de apoyo a la poblaci\u00f3n.<br>Pero tambi\u00e9n se deben de tomar en cuenta, los otros datos no oficiales, los de los habitantes de los municipios veracruzanos afectados y que como no los incluyen en el censo de beneficiados, pues han tenido que salir a las calles y carreteras para hacer bloqueos y llamar la atenci\u00f3n a sus demandas.<br>En la reuni\u00f3n de evaluaci\u00f3n celebrada en el municipio serrano de Huayacocotla, el mism\u00edsimo presidente de la rep\u00fablica sentenci\u00f3: \u201cAntes, pues se entregaban de manera desordenada los apoyos, hab\u00eda el famoso FONDEN, que era como un barril sin fondo. Aprovechaban los pol\u00edticos, los funcionarios y tambi\u00e9n los dirigentes de organizaciones sociales para hacer su agosto, porque compraban a precios elevad\u00edsimos los enseres, las despensas. Y como hab\u00eda una declaratoria de emergencia, pues ten\u00edan manga ancha para comprar a proveedores ya seleccionados, preferidos, predilectos, que merodeaban en la Secretar\u00eda de Gobernaci\u00f3n, hay historias sobre esto, de los que se dedicaban a venderle al gobierno catres, l\u00e1minas de zinc, despensas y cobertores.<br>Entonces, eso ya no funciona.<br>Ahora, de inmediato lo que se hace es un censo, se va comunidad por comunidad, pueblo por pueblo, casa por casa y se levanta un censo para ver qui\u00e9nes fueron afectados y en qu\u00e9 se les va a ayudar. Nada de intermediarios, nada de que \u2018m\u00e1ndame las l\u00e1minas de zinc, porque soy de la organizaci\u00f3n Emiliano Zapata o soy de la Antorcha Mundial y necesitamos despensas para entregarle a la gente\u2019. Eso ya no, porque no llegaban los apoyos a los damnificados; ahora se hace el censo y a partir de ah\u00ed se ayuda a la gente.<br>Yo tambi\u00e9n quiero felicitar a las compa\u00f1eras, compa\u00f1eros de la Secretar\u00eda de Bienestar, que en muy poco tiempo levantaron el censo en Veracruz, en Puebla, en Hidalgo, para ayudar a damnificados.\u201d<br>Y es que, si se levant\u00f3 en 40 d\u00edas el censo y se entregaron apoyos a m\u00e1s de 40 mil familias, entonces quiere decir que por d\u00eda se encuest\u00f3 a 1,125 familias.<br>Aunque tambi\u00e9n resulta un tanto extra\u00f1o, que no se hayan publicado en las benditas redes sociales, las fotos donde est\u00e1n encuestando a los damnificados.<br>Vaya, ni el mism\u00edsimo delegado estatal de Programas para el Desarrollo en Veracruz, Manuel Huerta Ladr\u00f3n de Guevara que no pierde oportunidad para ir a \u201csupervisar\u201d donde hay acciones del gobierno federal para que lo entrevisten como ocurre con las vacunas que anda por todo el estado, no haya aparecido por ning\u00fan lado levantando el famoso censo.<br>Porque, adem\u00e1s, los afectados, en su mayor\u00eda son gente muy humilde, que en sus viviendas apenas si tienen techos de l\u00e1mina y paredes de madera, l\u00f3gicamente que no tienen tarjetas de cr\u00e9dito o d\u00e9bito bancaria, para que les depositen el apoyo.<br>Apoco me van a decir que estuvieron repartiendo los apoyos en efectivo.<br>Pues en donde fue eso, que no vimos ninguna foto de las largas filas que se debieron de haber formado.<br>Por eso es que en el vecino estado de Puebla, los damnificados que no fueron tomados en cuenta, irrumpieron en donde se celebr\u00f3 la reuni\u00f3n para gritar \u2018No fui censado, no me tomaron en cuenta\u2019<br>Seg\u00fan lo informado al presidente de la rep\u00fablica, con este censo ya en 40 d\u00edas se atendi\u00f3, de acuerdo al reporte, a 45 mil 318 hogares, ya se le entreg\u00f3 a cada familia 35 mil pesos, de manera directa a 45 mil 318 familias. Una inversi\u00f3n, -que no gasto- de mil 586 millones de pesos.<br>Otro dato interesante, es que, en tan solo 40 d\u00edas, ya tiene el dinero la gente, el 99.7 por ciento de los damnificados ya tiene su dinero.<br>Habr\u00eda que ir a los municipios que se reportaron con afectaciones por el hurac\u00e1n Grace, para preguntarle a los directamente afectados, si ya los censaron y si como se asegura, ya les entregaron los apoyos.<br>En el caso de la recuperaci\u00f3n de muebles y enseres dom\u00e9sticos, se dijo que \u201chay un problema estructural\u201d que no es nada m\u00e1s de M\u00e9xico, sino del mundo: hay una crisis de producci\u00f3n de electrodom\u00e9sticos. En Estados Unidos, si alguien quiere comprar un refrigerador tiene que esperar de tres a seis meses para que se lo entreguen. Esto lo estamos tambi\u00e9n enfrentando en el pa\u00eds, no igual, pero s\u00ed hay demora, por eso todav\u00eda no terminamos de entregar todos los enseres en Tabasco, vamos a terminar a finales del a\u00f1o.<br>En el caso de Veracruz, pues ya se han empezado a entregar los refrigeradores, las estufas, las camas y se va a concluir la entrega, lo mismo, directo. Va a ser la Secretar\u00eda de la Defensa la que va a ir casa por casa entregando los enseres.<br>Y qu\u00e9 bueno que sea la Secretar\u00eda de la Defensa, la encargada de comprar y entregar los famosos enseres dom\u00e9sticos, porque, aunque no se dice, en las compras de grandes vol\u00famenes de mercanc\u00eda, pues hay la oportunidad de tener un mejor precio.<br>Porque, aunque se diga que hay un problema estructural de abasto, pues hay que ir directamente a negociar en los comercios y almacenes locales, en donde se encuentran surtidas sus bodegas.<br>Pero si los van a comprar de importaci\u00f3n, pues naturalmente que van a salir m\u00e1s caros.<br>\u00bfQu\u00e9 aqu\u00ed en M\u00e9xico no hay fabricas de estufas, refrigeradores y televisores, para comenzar?<\/p>\n","protected":false},"excerpt":{"rendered":"<p>Miguel \u00c1ngel Cristiani Gonz\u00e1lezBit\u00e1cora Pol\u00edtica Concluy\u00f3 este martes 5 de octubre, la gira del presidente Andr\u00e9s Manuel L\u00f3pez Obrador por el estado de Veracruz, entre otros temas importantes, para evaluar la respuesta que se tuvo por parte del gobierno federal, estatal y municipal, para ayudar a los damnificados que dej\u00f3 a su paso el hurac\u00e1n [&hellip;]<\/p>\n","protected":false},"author":2,"featured_media":80246,"comment_status":"closed","ping_status":"closed","sticky":false,"template":"","format":"standard","meta":{"tdm_status":"","tdm_grid_status":"","footnotes":""},"categories":[70],"tags":[618,17020,9567,9649,4199,29944,1850,30689,195],"class_list":{"0":"post-80245","1":"post","2":"type-post","3":"status-publish","4":"format-standard","5":"has-post-thumbnail","7":"category-de-opinion","8":"tag-andres-manuel-lopez-obrador","9":"tag-bienestar","10":"tag-damnificados","11":"tag-fonden","12":"tag-huayacocotla","13":"tag-huracan-grace-3","14":"tag-manuel-huerta-ladron-de-guevara","15":"tag-miguel-angel-cristiani-gonzalez-3","16":"tag-veracruz"},"yoast_head":"<!-- This site is optimized with the Yoast SEO plugin v27.4 - https:\/\/yoast.com\/product\/yoast-seo-wordpress\/ -->\n<title>Hay que Evaluar la Repartici\u00f3n de Apoyos - Los pol\u00edticos Veracruz<\/title>\n<meta name=\"robots\" content=\"index, follow, max-snippet:-1, max-image-preview:large, max-video-preview:-1\" \/>\n<link rel=\"canonical\" href=\"https:\/\/lospoliticosveracruz.com\/?p=80245\" \/>\n<meta property=\"og:locale\" content=\"es_ES\" \/>\n<meta property=\"og:type\" content=\"article\" \/>\n<meta property=\"og:title\" content=\"Hay que Evaluar la Repartici\u00f3n de Apoyos - Los pol\u00edticos Veracruz\" \/>\n<meta property=\"og:description\" content=\"Miguel \u00c1ngel Cristiani Gonz\u00e1lezBit\u00e1cora Pol\u00edtica Concluy\u00f3 este martes 5 de octubre, la gira del presidente Andr\u00e9s Manuel L\u00f3pez Obrador por el estado de Veracruz, entre otros temas importantes, para evaluar la respuesta que se tuvo por parte del gobierno federal, estatal y municipal, para ayudar a los damnificados que dej\u00f3 a su paso el hurac\u00e1n [&hellip;]\" \/>\n<meta property=\"og:url\" content=\"https:\/\/lospoliticosveracruz.com\/?p=80245\" \/>\n<meta property=\"og:site_name\" content=\"Los pol\u00edticos Veracruz\" \/>\n<meta property=\"article:publisher\" content=\"https:\/\/www.facebook.com\/people\/Notimemes-de-los-Polticos\/61565672886568\/\" \/>\n<meta property=\"article:published_time\" content=\"2021-10-05T16:58:43+00:00\" \/>\n<meta property=\"article:modified_time\" content=\"2021-10-05T16:58:47+00:00\" \/>\n<meta property=\"og:image\" content=\"https:\/\/lospoliticosveracruz.com\/wp-content\/uploads\/2021\/10\/AMLO-CUIC.jpg\" \/>\n\t<meta property=\"og:image:width\" content=\"600\" \/>\n\t<meta property=\"og:image:height\" content=\"320\" \/>\n\t<meta property=\"og:image:type\" content=\"image\/jpeg\" \/>\n<meta name=\"author\" content=\"Lo viste en Los Pol\u00edticos\" \/>\n<meta name=\"twitter:card\" content=\"summary_large_image\" \/>\n<meta name=\"twitter:creator\" content=\"@LosPoliticosVer\" \/>\n<meta name=\"twitter:site\" content=\"@LosPoliticosVer\" \/>\n<meta name=\"twitter:label1\" content=\"Escrito por\" \/>\n\t<meta name=\"twitter:data1\" content=\"Lo viste en Los Pol\u00edticos\" \/>\n\t<meta name=\"twitter:label2\" content=\"Tiempo de lectura\" \/>\n\t<meta name=\"twitter:data2\" content=\"5 minutos\" \/>\n<script type=\"application\/ld+json\" class=\"yoast-schema-graph\">{\"@context\":\"https:\\\/\\\/schema.org\",\"@graph\":[{\"@type\":\"Article\",\"@id\":\"https:\\\/\\\/lospoliticosveracruz.com\\\/?p=80245#article\",\"isPartOf\":{\"@id\":\"https:\\\/\\\/lospoliticosveracruz.com\\\/?p=80245\"},\"author\":{\"name\":\"Lo viste en Los Pol\u00edticos\",\"@id\":\"https:\\\/\\\/lospoliticosveracruz.com\\\/#\\\/schema\\\/person\\\/b8702bb0e538456e6efd07080bf2a4a2\"},\"headline\":\"Hay que Evaluar la Repartici\u00f3n de Apoyos\",\"datePublished\":\"2021-10-05T16:58:43+00:00\",\"dateModified\":\"2021-10-05T16:58:47+00:00\",\"mainEntityOfPage\":{\"@id\":\"https:\\\/\\\/lospoliticosveracruz.com\\\/?p=80245\"},\"wordCount\":1044,\"publisher\":{\"@id\":\"https:\\\/\\\/lospoliticosveracruz.com\\\/#organization\"},\"image\":{\"@id\":\"https:\\\/\\\/lospoliticosveracruz.com\\\/?p=80245#primaryimage\"},\"thumbnailUrl\":\"https:\\\/\\\/lospoliticosveracruz.com\\\/wp-content\\\/uploads\\\/2021\\\/10\\\/AMLO-CUIC.jpg\",\"keywords\":[\"Andr\u00e9s Manuel L\u00f3pez Obrador\",\"Bienestar\",\"damnificados\",\"Fonden\",\"Huayacocotla\",\"Hurac\u00e1n Grace\",\"Manuel Huerta Ladr\u00f3n de Guevara\",\"Miguel \u00c1ngel Cristiani Gonz\u00e1lez\",\"Veracruz\"],\"articleSection\":[\"De Opini\u00f3n\"],\"inLanguage\":\"es\"},{\"@type\":\"WebPage\",\"@id\":\"https:\\\/\\\/lospoliticosveracruz.com\\\/?p=80245\",\"url\":\"https:\\\/\\\/lospoliticosveracruz.com\\\/?p=80245\",\"name\":\"Hay que Evaluar la Repartici\u00f3n de Apoyos - Los pol\u00edticos Veracruz\",\"isPartOf\":{\"@id\":\"https:\\\/\\\/lospoliticosveracruz.com\\\/#website\"},\"primaryImageOfPage\":{\"@id\":\"https:\\\/\\\/lospoliticosveracruz.com\\\/?p=80245#primaryimage\"},\"image\":{\"@id\":\"https:\\\/\\\/lospoliticosveracruz.com\\\/?p=80245#primaryimage\"},\"thumbnailUrl\":\"https:\\\/\\\/lospoliticosveracruz.com\\\/wp-content\\\/uploads\\\/2021\\\/10\\\/AMLO-CUIC.jpg\",\"datePublished\":\"2021-10-05T16:58:43+00:00\",\"dateModified\":\"2021-10-05T16:58:47+00:00\",\"breadcrumb\":{\"@id\":\"https:\\\/\\\/lospoliticosveracruz.com\\\/?p=80245#breadcrumb\"},\"inLanguage\":\"es\",\"potentialAction\":[{\"@type\":\"ReadAction\",\"target\":[\"https:\\\/\\\/lospoliticosveracruz.com\\\/?p=80245\"]}]},{\"@type\":\"ImageObject\",\"inLanguage\":\"es\",\"@id\":\"https:\\\/\\\/lospoliticosveracruz.com\\\/?p=80245#primaryimage\",\"url\":\"https:\\\/\\\/lospoliticosveracruz.com\\\/wp-content\\\/uploads\\\/2021\\\/10\\\/AMLO-CUIC.jpg\",\"contentUrl\":\"https:\\\/\\\/lospoliticosveracruz.com\\\/wp-content\\\/uploads\\\/2021\\\/10\\\/AMLO-CUIC.jpg\",\"width\":600,\"height\":320},{\"@type\":\"BreadcrumbList\",\"@id\":\"https:\\\/\\\/lospoliticosveracruz.com\\\/?p=80245#breadcrumb\",\"itemListElement\":[{\"@type\":\"ListItem\",\"position\":1,\"name\":\"Portada\",\"item\":\"https:\\\/\\\/lospoliticosveracruz.com\\\/\"},{\"@type\":\"ListItem\",\"position\":2,\"name\":\"Hay que Evaluar la Repartici\u00f3n de Apoyos\"}]},{\"@type\":\"WebSite\",\"@id\":\"https:\\\/\\\/lospoliticosveracruz.com\\\/#website\",\"url\":\"https:\\\/\\\/lospoliticosveracruz.com\\\/\",\"name\":\"Los pol\u00edticos Veracruz\",\"description\":\"\",\"publisher\":{\"@id\":\"https:\\\/\\\/lospoliticosveracruz.com\\\/#organization\"},\"potentialAction\":[{\"@type\":\"SearchAction\",\"target\":{\"@type\":\"EntryPoint\",\"urlTemplate\":\"https:\\\/\\\/lospoliticosveracruz.com\\\/?s={search_term_string}\"},\"query-input\":{\"@type\":\"PropertyValueSpecification\",\"valueRequired\":true,\"valueName\":\"search_term_string\"}}],\"inLanguage\":\"es\"},{\"@type\":\"Organization\",\"@id\":\"https:\\\/\\\/lospoliticosveracruz.com\\\/#organization\",\"name\":\"Los pol\u00edticos Veracruz\",\"url\":\"https:\\\/\\\/lospoliticosveracruz.com\\\/\",\"logo\":{\"@type\":\"ImageObject\",\"inLanguage\":\"es\",\"@id\":\"https:\\\/\\\/lospoliticosveracruz.com\\\/#\\\/schema\\\/logo\\\/image\\\/\",\"url\":\"https:\\\/\\\/lospoliticosveracruz.com\\\/wp-content\\\/uploads\\\/2025\\\/12\\\/Logo-Nuevo-LOS-POLITICOS-1.jpg\",\"contentUrl\":\"https:\\\/\\\/lospoliticosveracruz.com\\\/wp-content\\\/uploads\\\/2025\\\/12\\\/Logo-Nuevo-LOS-POLITICOS-1.jpg\",\"width\":260,\"height\":70,\"caption\":\"Los pol\u00edticos Veracruz\"},\"image\":{\"@id\":\"https:\\\/\\\/lospoliticosveracruz.com\\\/#\\\/schema\\\/logo\\\/image\\\/\"},\"sameAs\":[\"https:\\\/\\\/www.facebook.com\\\/people\\\/Notimemes-de-los-Polticos\\\/61565672886568\\\/\",\"https:\\\/\\\/x.com\\\/LosPoliticosVer\"]},{\"@type\":\"Person\",\"@id\":\"https:\\\/\\\/lospoliticosveracruz.com\\\/#\\\/schema\\\/person\\\/b8702bb0e538456e6efd07080bf2a4a2\",\"name\":\"Lo viste en Los Pol\u00edticos\",\"image\":{\"@type\":\"ImageObject\",\"inLanguage\":\"es\",\"@id\":\"https:\\\/\\\/secure.gravatar.com\\\/avatar\\\/3a8de04a2656d44082be478bd6c086daa447c4651605818287b9532d3d0bd435?s=96&d=mm&r=g\",\"url\":\"https:\\\/\\\/secure.gravatar.com\\\/avatar\\\/3a8de04a2656d44082be478bd6c086daa447c4651605818287b9532d3d0bd435?s=96&d=mm&r=g\",\"contentUrl\":\"https:\\\/\\\/secure.gravatar.com\\\/avatar\\\/3a8de04a2656d44082be478bd6c086daa447c4651605818287b9532d3d0bd435?s=96&d=mm&r=g\",\"caption\":\"Lo viste en Los Pol\u00edticos\"},\"url\":\"https:\\\/\\\/lospoliticosveracruz.com\\\/?author=2\"}]}<\/script>\n<!-- \/ Yoast SEO plugin. -->","yoast_head_json":{"title":"Hay que Evaluar la Repartici\u00f3n de Apoyos - Los pol\u00edticos Veracruz","robots":{"index":"index","follow":"follow","max-snippet":"max-snippet:-1","max-image-preview":"max-image-preview:large","max-video-preview":"max-video-preview:-1"},"canonical":"https:\/\/lospoliticosveracruz.com\/?p=80245","og_locale":"es_ES","og_type":"article","og_title":"Hay que Evaluar la Repartici\u00f3n de Apoyos - Los pol\u00edticos Veracruz","og_description":"Miguel \u00c1ngel Cristiani Gonz\u00e1lezBit\u00e1cora Pol\u00edtica Concluy\u00f3 este martes 5 de octubre, la gira del presidente Andr\u00e9s Manuel L\u00f3pez Obrador por el estado de Veracruz, entre otros temas importantes, para evaluar la respuesta que se tuvo por parte del gobierno federal, estatal y municipal, para ayudar a los damnificados que dej\u00f3 a su paso el hurac\u00e1n [&hellip;]","og_url":"https:\/\/lospoliticosveracruz.com\/?p=80245","og_site_name":"Los pol\u00edticos Veracruz","article_publisher":"https:\/\/www.facebook.com\/people\/Notimemes-de-los-Polticos\/61565672886568\/","article_published_time":"2021-10-05T16:58:43+00:00","article_modified_time":"2021-10-05T16:58:47+00:00","og_image":[{"width":600,"height":320,"url":"https:\/\/lospoliticosveracruz.com\/wp-content\/uploads\/2021\/10\/AMLO-CUIC.jpg","type":"image\/jpeg"}],"author":"Lo viste en Los Pol\u00edticos","twitter_card":"summary_large_image","twitter_creator":"@LosPoliticosVer","twitter_site":"@LosPoliticosVer","twitter_misc":{"Escrito por":"Lo viste en Los Pol\u00edticos","Tiempo de lectura":"5 minutos"},"schema":{"@context":"https:\/\/schema.org","@graph":[{"@type":"Article","@id":"https:\/\/lospoliticosveracruz.com\/?p=80245#article","isPartOf":{"@id":"https:\/\/lospoliticosveracruz.com\/?p=80245"},"author":{"name":"Lo viste en Los Pol\u00edticos","@id":"https:\/\/lospoliticosveracruz.com\/#\/schema\/person\/b8702bb0e538456e6efd07080bf2a4a2"},"headline":"Hay que Evaluar la Repartici\u00f3n de Apoyos","datePublished":"2021-10-05T16:58:43+00:00","dateModified":"2021-10-05T16:58:47+00:00","mainEntityOfPage":{"@id":"https:\/\/lospoliticosveracruz.com\/?p=80245"},"wordCount":1044,"publisher":{"@id":"https:\/\/lospoliticosveracruz.com\/#organization"},"image":{"@id":"https:\/\/lospoliticosveracruz.com\/?p=80245#primaryimage"},"thumbnailUrl":"https:\/\/lospoliticosveracruz.com\/wp-content\/uploads\/2021\/10\/AMLO-CUIC.jpg","keywords":["Andr\u00e9s Manuel L\u00f3pez Obrador","Bienestar","damnificados","Fonden","Huayacocotla","Hurac\u00e1n Grace","Manuel Huerta Ladr\u00f3n de Guevara","Miguel \u00c1ngel Cristiani Gonz\u00e1lez","Veracruz"],"articleSection":["De Opini\u00f3n"],"inLanguage":"es"},{"@type":"WebPage","@id":"https:\/\/lospoliticosveracruz.com\/?p=80245","url":"https:\/\/lospoliticosveracruz.com\/?p=80245","name":"Hay que Evaluar la Repartici\u00f3n de Apoyos - Los pol\u00edticos Veracruz","isPartOf":{"@id":"https:\/\/lospoliticosveracruz.com\/#website"},"primaryImageOfPage":{"@id":"https:\/\/lospoliticosveracruz.com\/?p=80245#primaryimage"},"image":{"@id":"https:\/\/lospoliticosveracruz.com\/?p=80245#primaryimage"},"thumbnailUrl":"https:\/\/lospoliticosveracruz.com\/wp-content\/uploads\/2021\/10\/AMLO-CUIC.jpg","datePublished":"2021-10-05T16:58:43+00:00","dateModified":"2021-10-05T16:58:47+00:00","breadcrumb":{"@id":"https:\/\/lospoliticosveracruz.com\/?p=80245#breadcrumb"},"inLanguage":"es","potentialAction":[{"@type":"ReadAction","target":["https:\/\/lospoliticosveracruz.com\/?p=80245"]}]},{"@type":"ImageObject","inLanguage":"es","@id":"https:\/\/lospoliticosveracruz.com\/?p=80245#primaryimage","url":"https:\/\/lospoliticosveracruz.com\/wp-content\/uploads\/2021\/10\/AMLO-CUIC.jpg","contentUrl":"https:\/\/lospoliticosveracruz.com\/wp-content\/uploads\/2021\/10\/AMLO-CUIC.jpg","width":600,"height":320},{"@type":"BreadcrumbList","@id":"https:\/\/lospoliticosveracruz.com\/?p=80245#breadcrumb","itemListElement":[{"@type":"ListItem","position":1,"name":"Portada","item":"https:\/\/lospoliticosveracruz.com\/"},{"@type":"ListItem","position":2,"name":"Hay que Evaluar la Repartici\u00f3n de Apoyos"}]},{"@type":"WebSite","@id":"https:\/\/lospoliticosveracruz.com\/#website","url":"https:\/\/lospoliticosveracruz.com\/","name":"Los pol\u00edticos Veracruz","description":"","publisher":{"@id":"https:\/\/lospoliticosveracruz.com\/#organization"},"potentialAction":[{"@type":"SearchAction","target":{"@type":"EntryPoint","urlTemplate":"https:\/\/lospoliticosveracruz.com\/?s={search_term_string}"},"query-input":{"@type":"PropertyValueSpecification","valueRequired":true,"valueName":"search_term_string"}}],"inLanguage":"es"},{"@type":"Organization","@id":"https:\/\/lospoliticosveracruz.com\/#organization","name":"Los pol\u00edticos Veracruz","url":"https:\/\/lospoliticosveracruz.com\/","logo":{"@type":"ImageObject","inLanguage":"es","@id":"https:\/\/lospoliticosveracruz.com\/#\/schema\/logo\/image\/","url":"https:\/\/lospoliticosveracruz.com\/wp-content\/uploads\/2025\/12\/Logo-Nuevo-LOS-POLITICOS-1.jpg","contentUrl":"https:\/\/lospoliticosveracruz.com\/wp-content\/uploads\/2025\/12\/Logo-Nuevo-LOS-POLITICOS-1.jpg","width":260,"height":70,"caption":"Los pol\u00edticos Veracruz"},"image":{"@id":"https:\/\/lospoliticosveracruz.com\/#\/schema\/logo\/image\/"},"sameAs":["https:\/\/www.facebook.com\/people\/Notimemes-de-los-Polticos\/61565672886568\/","https:\/\/x.com\/LosPoliticosVer"]},{"@type":"Person","@id":"https:\/\/lospoliticosveracruz.com\/#\/schema\/person\/b8702bb0e538456e6efd07080bf2a4a2","name":"Lo viste en Los Pol\u00edticos","image":{"@type":"ImageObject","inLanguage":"es","@id":"https:\/\/secure.gravatar.com\/avatar\/3a8de04a2656d44082be478bd6c086daa447c4651605818287b9532d3d0bd435?s=96&d=mm&r=g","url":"https:\/\/secure.gravatar.com\/avatar\/3a8de04a2656d44082be478bd6c086daa447c4651605818287b9532d3d0bd435?s=96&d=mm&r=g","contentUrl":"https:\/\/secure.gravatar.com\/avatar\/3a8de04a2656d44082be478bd6c086daa447c4651605818287b9532d3d0bd435?s=96&d=mm&r=g","caption":"Lo viste en Los Pol\u00edticos"},"url":"https:\/\/lospoliticosveracruz.com\/?author=2"}]}},"_links":{"self":[{"href":"https:\/\/lospoliticosveracruz.com\/index.php?rest_route=\/wp\/v2\/posts\/80245","targetHints":{"allow":["GET"]}}],"collection":[{"href":"https:\/\/lospoliticosveracruz.com\/index.php?rest_route=\/wp\/v2\/posts"}],"about":[{"href":"https:\/\/lospoliticosveracruz.com\/index.php?rest_route=\/wp\/v2\/types\/post"}],"author":[{"embeddable":true,"href":"https:\/\/lospoliticosveracruz.com\/index.php?rest_route=\/wp\/v2\/users\/2"}],"replies":[{"embeddable":true,"href":"https:\/\/lospoliticosveracruz.com\/index.php?rest_route=%2Fwp%2Fv2%2Fcomments&post=80245"}],"version-history":[{"count":1,"href":"https:\/\/lospoliticosveracruz.com\/index.php?rest_route=\/wp\/v2\/posts\/80245\/revisions"}],"predecessor-version":[{"id":80247,"href":"https:\/\/lospoliticosveracruz.com\/index.php?rest_route=\/wp\/v2\/posts\/80245\/revisions\/80247"}],"wp:featuredmedia":[{"embeddable":true,"href":"https:\/\/lospoliticosveracruz.com\/index.php?rest_route=\/wp\/v2\/media\/80246"}],"wp:attachment":[{"href":"https:\/\/lospoliticosveracruz.com\/index.php?rest_route=%2Fwp%2Fv2%2Fmedia&parent=80245"}],"wp:term":[{"taxonomy":"category","embeddable":true,"href":"https:\/\/lospoliticosveracruz.com\/index.php?rest_route=%2Fwp%2Fv2%2Fcategories&post=80245"},{"taxonomy":"post_tag","embeddable":true,"href":"https:\/\/lospoliticosveracruz.com\/index.php?rest_route=%2Fwp%2Fv2%2Ftags&post=80245"}],"curies":[{"name":"wp","href":"https:\/\/api.w.org\/{rel}","templated":true}]}}