{"id":80255,"date":"2021-10-05T16:00:34","date_gmt":"2021-10-05T21:00:34","guid":{"rendered":"https:\/\/lospoliticosveracruz.com.mx\/?p=80255"},"modified":"2021-10-05T16:00:38","modified_gmt":"2021-10-05T21:00:38","slug":"28-mdp-bailando-en-xico","status":"publish","type":"post","link":"https:\/\/lospoliticosveracruz.com\/?p=80255","title":{"rendered":"28 mdp bailando en Xico!"},"content":{"rendered":"\n<p><\/p>\n\n\n\n<p><strong>Enrique Yasser Pompeyo<br><\/strong><em>Xico<\/em><\/p>\n\n\n\n<p>El Ayuntamiento de Xico que preside la alcaldesa Gloria Luz Galv\u00e1n Ordu\u00f1a, tiene un probable da\u00f1o patrimonial por 28 millones 855 mil 860.02 pesos, correspondientes a la cuenta p\u00fablica 2020, inform\u00f3 el regidor primero, Eduardo Pozos P\u00e9rez.<\/p>\n\n\n\n<p>Asimismo, dijo que hay obras inconclusas, \u201cfaltan varias obras por terminar y solamente faltan tres meses para concluir; habr\u00eda que trabajar con todo para poder dejar finalizadas las obras y finiquitadas, pagadas, pero se tendr\u00eda que trabajar a marchas forzadas\u201d.<\/p>\n\n\n\n<p>Entre las obras pendientes correspondientes al ejercicio fiscal del a\u00f1o pasado est\u00e1n la calle Hern\u00e1ndez Ochoa en la localidad de Tonalaco, el camino Matlalapa-El Chorrito, el sal\u00f3n de usos m\u00faltiples de Comaxtla, as\u00ed como la rehabilitaci\u00f3n del camino de \u00darsulo Galv\u00e1n al pante\u00f3n San Juan de La Paz.<\/p>\n\n\n\n<p>El edil tambi\u00e9n indic\u00f3 que falta la rehabilitaci\u00f3n de varios tramos aislados, como los de Carabinas a Tembladeras, Tembladeras a Ingenio del Rosario, de Ingenio del Rosario a Rancho Los Morales, la rehabilitaci\u00f3n de la Escuela de Bachilleres Xico y el drenaje pluvial de 5 de Mayo a Venustiano Carranza.<\/p>\n\n\n\n<p>Eduardo Pozos P\u00e9rez coment\u00f3 que tras la reconstrucci\u00f3n del mercado 20 de Noviembre, todav\u00eda faltan varios detalles, aunque previ\u00f3 que podr\u00eda ser inaugurado en dos meses, \u201ctienen pronosticado inaugurarlo el d\u00eda 20 de Noviembre, ojal\u00e1 y as\u00ed sea\u201d.<\/p>\n","protected":false},"excerpt":{"rendered":"<p>Enrique Yasser PompeyoXico El Ayuntamiento de Xico que preside la alcaldesa Gloria Luz Galv\u00e1n Ordu\u00f1a, tiene un probable da\u00f1o patrimonial por 28 millones 855 mil 860.02 pesos, correspondientes a la cuenta p\u00fablica 2020, inform\u00f3 el regidor primero, Eduardo Pozos P\u00e9rez. Asimismo, dijo que hay obras inconclusas, \u201cfaltan varias obras por terminar y solamente faltan tres [&hellip;]<\/p>\n","protected":false},"author":2,"featured_media":80256,"comment_status":"closed","ping_status":"closed","sticky":false,"template":"","format":"standard","meta":{"tdm_status":"","tdm_grid_status":"","footnotes":""},"categories":[6446],"tags":[26350,709,14796,15951,784],"class_list":{"0":"post-80255","1":"post","2":"type-post","3":"status-publish","4":"format-standard","5":"has-post-thumbnail","7":"category-la-nota","8":"tag-cuenta-publica-2020","9":"tag-dano-patrimonial","10":"tag-eduardo-pozos-perez","11":"tag-gloria-luz-galvan-orduna","12":"tag-xico"},"yoast_head":"<!-- This site is optimized with the Yoast SEO plugin v27.4 - https:\/\/yoast.com\/product\/yoast-seo-wordpress\/ -->\n<title>28 mdp bailando en Xico! - Los pol\u00edticos Veracruz<\/title>\n<meta name=\"robots\" content=\"index, follow, max-snippet:-1, max-image-preview:large, max-video-preview:-1\" \/>\n<link rel=\"canonical\" href=\"https:\/\/lospoliticosveracruz.com\/?p=80255\" \/>\n<meta property=\"og:locale\" content=\"es_ES\" \/>\n<meta property=\"og:type\" content=\"article\" \/>\n<meta property=\"og:title\" content=\"28 mdp bailando en Xico! - Los pol\u00edticos Veracruz\" \/>\n<meta property=\"og:description\" content=\"Enrique Yasser PompeyoXico El Ayuntamiento de Xico que preside la alcaldesa Gloria Luz Galv\u00e1n Ordu\u00f1a, tiene un probable da\u00f1o patrimonial por 28 millones 855 mil 860.02 pesos, correspondientes a la cuenta p\u00fablica 2020, inform\u00f3 el regidor primero, Eduardo Pozos P\u00e9rez. Asimismo, dijo que hay obras inconclusas, \u201cfaltan varias obras por terminar y solamente faltan tres [&hellip;]\" \/>\n<meta property=\"og:url\" content=\"https:\/\/lospoliticosveracruz.com\/?p=80255\" \/>\n<meta property=\"og:site_name\" content=\"Los pol\u00edticos Veracruz\" \/>\n<meta property=\"article:publisher\" content=\"https:\/\/www.facebook.com\/people\/Notimemes-de-los-Polticos\/61565672886568\/\" \/>\n<meta property=\"article:published_time\" content=\"2021-10-05T21:00:34+00:00\" \/>\n<meta property=\"article:modified_time\" content=\"2021-10-05T21:00:38+00:00\" \/>\n<meta property=\"og:image\" content=\"https:\/\/lospoliticosveracruz.com\/wp-content\/uploads\/2021\/10\/Xico.jpg\" \/>\n\t<meta property=\"og:image:width\" content=\"600\" \/>\n\t<meta property=\"og:image:height\" content=\"320\" \/>\n\t<meta property=\"og:image:type\" content=\"image\/jpeg\" \/>\n<meta name=\"author\" content=\"Lo viste en Los Pol\u00edticos\" \/>\n<meta name=\"twitter:card\" content=\"summary_large_image\" \/>\n<meta name=\"twitter:creator\" content=\"@LosPoliticosVer\" \/>\n<meta name=\"twitter:site\" content=\"@LosPoliticosVer\" \/>\n<meta name=\"twitter:label1\" content=\"Escrito por\" \/>\n\t<meta name=\"twitter:data1\" content=\"Lo viste en Los Pol\u00edticos\" \/>\n\t<meta name=\"twitter:label2\" content=\"Tiempo de lectura\" \/>\n\t<meta name=\"twitter:data2\" content=\"1 minuto\" \/>\n<script type=\"application\/ld+json\" class=\"yoast-schema-graph\">{\"@context\":\"https:\\\/\\\/schema.org\",\"@graph\":[{\"@type\":\"Article\",\"@id\":\"https:\\\/\\\/lospoliticosveracruz.com\\\/?p=80255#article\",\"isPartOf\":{\"@id\":\"https:\\\/\\\/lospoliticosveracruz.com\\\/?p=80255\"},\"author\":{\"name\":\"Lo viste en Los Pol\u00edticos\",\"@id\":\"https:\\\/\\\/lospoliticosveracruz.com\\\/#\\\/schema\\\/person\\\/b8702bb0e538456e6efd07080bf2a4a2\"},\"headline\":\"28 mdp bailando en Xico!\",\"datePublished\":\"2021-10-05T21:00:34+00:00\",\"dateModified\":\"2021-10-05T21:00:38+00:00\",\"mainEntityOfPage\":{\"@id\":\"https:\\\/\\\/lospoliticosveracruz.com\\\/?p=80255\"},\"wordCount\":237,\"publisher\":{\"@id\":\"https:\\\/\\\/lospoliticosveracruz.com\\\/#organization\"},\"image\":{\"@id\":\"https:\\\/\\\/lospoliticosveracruz.com\\\/?p=80255#primaryimage\"},\"thumbnailUrl\":\"https:\\\/\\\/lospoliticosveracruz.com\\\/wp-content\\\/uploads\\\/2021\\\/10\\\/Xico.jpg\",\"keywords\":[\"cuenta p\u00fablica 2020\",\"da\u00f1o patrimonial\",\"Eduardo Pozos P\u00e9rez\",\"Gloria Luz Galv\u00e1n Ordu\u00f1a\",\"Xico\"],\"articleSection\":[\"La Nota\"],\"inLanguage\":\"es\"},{\"@type\":\"WebPage\",\"@id\":\"https:\\\/\\\/lospoliticosveracruz.com\\\/?p=80255\",\"url\":\"https:\\\/\\\/lospoliticosveracruz.com\\\/?p=80255\",\"name\":\"28 mdp bailando en Xico! - Los pol\u00edticos Veracruz\",\"isPartOf\":{\"@id\":\"https:\\\/\\\/lospoliticosveracruz.com\\\/#website\"},\"primaryImageOfPage\":{\"@id\":\"https:\\\/\\\/lospoliticosveracruz.com\\\/?p=80255#primaryimage\"},\"image\":{\"@id\":\"https:\\\/\\\/lospoliticosveracruz.com\\\/?p=80255#primaryimage\"},\"thumbnailUrl\":\"https:\\\/\\\/lospoliticosveracruz.com\\\/wp-content\\\/uploads\\\/2021\\\/10\\\/Xico.jpg\",\"datePublished\":\"2021-10-05T21:00:34+00:00\",\"dateModified\":\"2021-10-05T21:00:38+00:00\",\"breadcrumb\":{\"@id\":\"https:\\\/\\\/lospoliticosveracruz.com\\\/?p=80255#breadcrumb\"},\"inLanguage\":\"es\",\"potentialAction\":[{\"@type\":\"ReadAction\",\"target\":[\"https:\\\/\\\/lospoliticosveracruz.com\\\/?p=80255\"]}]},{\"@type\":\"ImageObject\",\"inLanguage\":\"es\",\"@id\":\"https:\\\/\\\/lospoliticosveracruz.com\\\/?p=80255#primaryimage\",\"url\":\"https:\\\/\\\/lospoliticosveracruz.com\\\/wp-content\\\/uploads\\\/2021\\\/10\\\/Xico.jpg\",\"contentUrl\":\"https:\\\/\\\/lospoliticosveracruz.com\\\/wp-content\\\/uploads\\\/2021\\\/10\\\/Xico.jpg\",\"width\":600,\"height\":320},{\"@type\":\"BreadcrumbList\",\"@id\":\"https:\\\/\\\/lospoliticosveracruz.com\\\/?p=80255#breadcrumb\",\"itemListElement\":[{\"@type\":\"ListItem\",\"position\":1,\"name\":\"Portada\",\"item\":\"https:\\\/\\\/lospoliticosveracruz.com\\\/\"},{\"@type\":\"ListItem\",\"position\":2,\"name\":\"28 mdp bailando en Xico!\"}]},{\"@type\":\"WebSite\",\"@id\":\"https:\\\/\\\/lospoliticosveracruz.com\\\/#website\",\"url\":\"https:\\\/\\\/lospoliticosveracruz.com\\\/\",\"name\":\"Los pol\u00edticos Veracruz\",\"description\":\"\",\"publisher\":{\"@id\":\"https:\\\/\\\/lospoliticosveracruz.com\\\/#organization\"},\"potentialAction\":[{\"@type\":\"SearchAction\",\"target\":{\"@type\":\"EntryPoint\",\"urlTemplate\":\"https:\\\/\\\/lospoliticosveracruz.com\\\/?s={search_term_string}\"},\"query-input\":{\"@type\":\"PropertyValueSpecification\",\"valueRequired\":true,\"valueName\":\"search_term_string\"}}],\"inLanguage\":\"es\"},{\"@type\":\"Organization\",\"@id\":\"https:\\\/\\\/lospoliticosveracruz.com\\\/#organization\",\"name\":\"Los pol\u00edticos Veracruz\",\"url\":\"https:\\\/\\\/lospoliticosveracruz.com\\\/\",\"logo\":{\"@type\":\"ImageObject\",\"inLanguage\":\"es\",\"@id\":\"https:\\\/\\\/lospoliticosveracruz.com\\\/#\\\/schema\\\/logo\\\/image\\\/\",\"url\":\"https:\\\/\\\/lospoliticosveracruz.com\\\/wp-content\\\/uploads\\\/2025\\\/12\\\/Logo-Nuevo-LOS-POLITICOS-1.jpg\",\"contentUrl\":\"https:\\\/\\\/lospoliticosveracruz.com\\\/wp-content\\\/uploads\\\/2025\\\/12\\\/Logo-Nuevo-LOS-POLITICOS-1.jpg\",\"width\":260,\"height\":70,\"caption\":\"Los pol\u00edticos Veracruz\"},\"image\":{\"@id\":\"https:\\\/\\\/lospoliticosveracruz.com\\\/#\\\/schema\\\/logo\\\/image\\\/\"},\"sameAs\":[\"https:\\\/\\\/www.facebook.com\\\/people\\\/Notimemes-de-los-Polticos\\\/61565672886568\\\/\",\"https:\\\/\\\/x.com\\\/LosPoliticosVer\"]},{\"@type\":\"Person\",\"@id\":\"https:\\\/\\\/lospoliticosveracruz.com\\\/#\\\/schema\\\/person\\\/b8702bb0e538456e6efd07080bf2a4a2\",\"name\":\"Lo viste en Los Pol\u00edticos\",\"image\":{\"@type\":\"ImageObject\",\"inLanguage\":\"es\",\"@id\":\"https:\\\/\\\/secure.gravatar.com\\\/avatar\\\/3a8de04a2656d44082be478bd6c086daa447c4651605818287b9532d3d0bd435?s=96&d=mm&r=g\",\"url\":\"https:\\\/\\\/secure.gravatar.com\\\/avatar\\\/3a8de04a2656d44082be478bd6c086daa447c4651605818287b9532d3d0bd435?s=96&d=mm&r=g\",\"contentUrl\":\"https:\\\/\\\/secure.gravatar.com\\\/avatar\\\/3a8de04a2656d44082be478bd6c086daa447c4651605818287b9532d3d0bd435?s=96&d=mm&r=g\",\"caption\":\"Lo viste en Los Pol\u00edticos\"},\"url\":\"https:\\\/\\\/lospoliticosveracruz.com\\\/?author=2\"}]}<\/script>\n<!-- \/ Yoast SEO plugin. -->","yoast_head_json":{"title":"28 mdp bailando en Xico! - Los pol\u00edticos Veracruz","robots":{"index":"index","follow":"follow","max-snippet":"max-snippet:-1","max-image-preview":"max-image-preview:large","max-video-preview":"max-video-preview:-1"},"canonical":"https:\/\/lospoliticosveracruz.com\/?p=80255","og_locale":"es_ES","og_type":"article","og_title":"28 mdp bailando en Xico! - Los pol\u00edticos Veracruz","og_description":"Enrique Yasser PompeyoXico El Ayuntamiento de Xico que preside la alcaldesa Gloria Luz Galv\u00e1n Ordu\u00f1a, tiene un probable da\u00f1o patrimonial por 28 millones 855 mil 860.02 pesos, correspondientes a la cuenta p\u00fablica 2020, inform\u00f3 el regidor primero, Eduardo Pozos P\u00e9rez. Asimismo, dijo que hay obras inconclusas, \u201cfaltan varias obras por terminar y solamente faltan tres [&hellip;]","og_url":"https:\/\/lospoliticosveracruz.com\/?p=80255","og_site_name":"Los pol\u00edticos Veracruz","article_publisher":"https:\/\/www.facebook.com\/people\/Notimemes-de-los-Polticos\/61565672886568\/","article_published_time":"2021-10-05T21:00:34+00:00","article_modified_time":"2021-10-05T21:00:38+00:00","og_image":[{"width":600,"height":320,"url":"https:\/\/lospoliticosveracruz.com\/wp-content\/uploads\/2021\/10\/Xico.jpg","type":"image\/jpeg"}],"author":"Lo viste en Los Pol\u00edticos","twitter_card":"summary_large_image","twitter_creator":"@LosPoliticosVer","twitter_site":"@LosPoliticosVer","twitter_misc":{"Escrito por":"Lo viste en Los Pol\u00edticos","Tiempo de lectura":"1 minuto"},"schema":{"@context":"https:\/\/schema.org","@graph":[{"@type":"Article","@id":"https:\/\/lospoliticosveracruz.com\/?p=80255#article","isPartOf":{"@id":"https:\/\/lospoliticosveracruz.com\/?p=80255"},"author":{"name":"Lo viste en Los Pol\u00edticos","@id":"https:\/\/lospoliticosveracruz.com\/#\/schema\/person\/b8702bb0e538456e6efd07080bf2a4a2"},"headline":"28 mdp bailando en Xico!","datePublished":"2021-10-05T21:00:34+00:00","dateModified":"2021-10-05T21:00:38+00:00","mainEntityOfPage":{"@id":"https:\/\/lospoliticosveracruz.com\/?p=80255"},"wordCount":237,"publisher":{"@id":"https:\/\/lospoliticosveracruz.com\/#organization"},"image":{"@id":"https:\/\/lospoliticosveracruz.com\/?p=80255#primaryimage"},"thumbnailUrl":"https:\/\/lospoliticosveracruz.com\/wp-content\/uploads\/2021\/10\/Xico.jpg","keywords":["cuenta p\u00fablica 2020","da\u00f1o patrimonial","Eduardo Pozos P\u00e9rez","Gloria Luz Galv\u00e1n Ordu\u00f1a","Xico"],"articleSection":["La Nota"],"inLanguage":"es"},{"@type":"WebPage","@id":"https:\/\/lospoliticosveracruz.com\/?p=80255","url":"https:\/\/lospoliticosveracruz.com\/?p=80255","name":"28 mdp bailando en Xico! - Los pol\u00edticos Veracruz","isPartOf":{"@id":"https:\/\/lospoliticosveracruz.com\/#website"},"primaryImageOfPage":{"@id":"https:\/\/lospoliticosveracruz.com\/?p=80255#primaryimage"},"image":{"@id":"https:\/\/lospoliticosveracruz.com\/?p=80255#primaryimage"},"thumbnailUrl":"https:\/\/lospoliticosveracruz.com\/wp-content\/uploads\/2021\/10\/Xico.jpg","datePublished":"2021-10-05T21:00:34+00:00","dateModified":"2021-10-05T21:00:38+00:00","breadcrumb":{"@id":"https:\/\/lospoliticosveracruz.com\/?p=80255#breadcrumb"},"inLanguage":"es","potentialAction":[{"@type":"ReadAction","target":["https:\/\/lospoliticosveracruz.com\/?p=80255"]}]},{"@type":"ImageObject","inLanguage":"es","@id":"https:\/\/lospoliticosveracruz.com\/?p=80255#primaryimage","url":"https:\/\/lospoliticosveracruz.com\/wp-content\/uploads\/2021\/10\/Xico.jpg","contentUrl":"https:\/\/lospoliticosveracruz.com\/wp-content\/uploads\/2021\/10\/Xico.jpg","width":600,"height":320},{"@type":"BreadcrumbList","@id":"https:\/\/lospoliticosveracruz.com\/?p=80255#breadcrumb","itemListElement":[{"@type":"ListItem","position":1,"name":"Portada","item":"https:\/\/lospoliticosveracruz.com\/"},{"@type":"ListItem","position":2,"name":"28 mdp bailando en Xico!"}]},{"@type":"WebSite","@id":"https:\/\/lospoliticosveracruz.com\/#website","url":"https:\/\/lospoliticosveracruz.com\/","name":"Los pol\u00edticos Veracruz","description":"","publisher":{"@id":"https:\/\/lospoliticosveracruz.com\/#organization"},"potentialAction":[{"@type":"SearchAction","target":{"@type":"EntryPoint","urlTemplate":"https:\/\/lospoliticosveracruz.com\/?s={search_term_string}"},"query-input":{"@type":"PropertyValueSpecification","valueRequired":true,"valueName":"search_term_string"}}],"inLanguage":"es"},{"@type":"Organization","@id":"https:\/\/lospoliticosveracruz.com\/#organization","name":"Los pol\u00edticos Veracruz","url":"https:\/\/lospoliticosveracruz.com\/","logo":{"@type":"ImageObject","inLanguage":"es","@id":"https:\/\/lospoliticosveracruz.com\/#\/schema\/logo\/image\/","url":"https:\/\/lospoliticosveracruz.com\/wp-content\/uploads\/2025\/12\/Logo-Nuevo-LOS-POLITICOS-1.jpg","contentUrl":"https:\/\/lospoliticosveracruz.com\/wp-content\/uploads\/2025\/12\/Logo-Nuevo-LOS-POLITICOS-1.jpg","width":260,"height":70,"caption":"Los pol\u00edticos Veracruz"},"image":{"@id":"https:\/\/lospoliticosveracruz.com\/#\/schema\/logo\/image\/"},"sameAs":["https:\/\/www.facebook.com\/people\/Notimemes-de-los-Polticos\/61565672886568\/","https:\/\/x.com\/LosPoliticosVer"]},{"@type":"Person","@id":"https:\/\/lospoliticosveracruz.com\/#\/schema\/person\/b8702bb0e538456e6efd07080bf2a4a2","name":"Lo viste en Los Pol\u00edticos","image":{"@type":"ImageObject","inLanguage":"es","@id":"https:\/\/secure.gravatar.com\/avatar\/3a8de04a2656d44082be478bd6c086daa447c4651605818287b9532d3d0bd435?s=96&d=mm&r=g","url":"https:\/\/secure.gravatar.com\/avatar\/3a8de04a2656d44082be478bd6c086daa447c4651605818287b9532d3d0bd435?s=96&d=mm&r=g","contentUrl":"https:\/\/secure.gravatar.com\/avatar\/3a8de04a2656d44082be478bd6c086daa447c4651605818287b9532d3d0bd435?s=96&d=mm&r=g","caption":"Lo viste en Los Pol\u00edticos"},"url":"https:\/\/lospoliticosveracruz.com\/?author=2"}]}},"_links":{"self":[{"href":"https:\/\/lospoliticosveracruz.com\/index.php?rest_route=\/wp\/v2\/posts\/80255","targetHints":{"allow":["GET"]}}],"collection":[{"href":"https:\/\/lospoliticosveracruz.com\/index.php?rest_route=\/wp\/v2\/posts"}],"about":[{"href":"https:\/\/lospoliticosveracruz.com\/index.php?rest_route=\/wp\/v2\/types\/post"}],"author":[{"embeddable":true,"href":"https:\/\/lospoliticosveracruz.com\/index.php?rest_route=\/wp\/v2\/users\/2"}],"replies":[{"embeddable":true,"href":"https:\/\/lospoliticosveracruz.com\/index.php?rest_route=%2Fwp%2Fv2%2Fcomments&post=80255"}],"version-history":[{"count":1,"href":"https:\/\/lospoliticosveracruz.com\/index.php?rest_route=\/wp\/v2\/posts\/80255\/revisions"}],"predecessor-version":[{"id":80257,"href":"https:\/\/lospoliticosveracruz.com\/index.php?rest_route=\/wp\/v2\/posts\/80255\/revisions\/80257"}],"wp:featuredmedia":[{"embeddable":true,"href":"https:\/\/lospoliticosveracruz.com\/index.php?rest_route=\/wp\/v2\/media\/80256"}],"wp:attachment":[{"href":"https:\/\/lospoliticosveracruz.com\/index.php?rest_route=%2Fwp%2Fv2%2Fmedia&parent=80255"}],"wp:term":[{"taxonomy":"category","embeddable":true,"href":"https:\/\/lospoliticosveracruz.com\/index.php?rest_route=%2Fwp%2Fv2%2Fcategories&post=80255"},{"taxonomy":"post_tag","embeddable":true,"href":"https:\/\/lospoliticosveracruz.com\/index.php?rest_route=%2Fwp%2Fv2%2Ftags&post=80255"}],"curies":[{"name":"wp","href":"https:\/\/api.w.org\/{rel}","templated":true}]}}