{"id":80293,"date":"2021-10-06T10:27:43","date_gmt":"2021-10-06T15:27:43","guid":{"rendered":"https:\/\/lospoliticosveracruz.com.mx\/?p=80293"},"modified":"2021-10-06T10:27:47","modified_gmt":"2021-10-06T15:27:47","slug":"ramos-alor-regreso-millonada-en-plena-pandemia","status":"publish","type":"post","link":"https:\/\/lospoliticosveracruz.com\/?p=80293","title":{"rendered":"Ramos Alor regres\u00f3 millonada en plena pandemia!"},"content":{"rendered":"\n<p><\/p>\n\n\n\n<p><strong>Veracruz<\/strong><br>El diputado local electo, Miguel Hermida Copado, se\u00f1al\u00f3 que pese a la situaci\u00f3n de emergencia sanitaria que se est\u00e1 viviendo en el Estado de Veracruz por la pandemia y por la falta de medicamentos a ni\u00f1os enfermos de c\u00e1ncer, el Secretario de Salud, Roberto Ramos Alor, regres\u00f3 a la Federaci\u00f3n 237 millones de pesos el Fondo de Aportaciones para la Salud.<\/p>\n\n\n\n<p>Por lo anterior, manifest\u00f3 que al llegar a la C\u00e1mara de Diputados propondr\u00e1 que se considere como delito grave no aplicar los recursos destinados a la salud de los veracruzanos.<\/p>\n\n\n\n<p>\u201cHoy que los veracruzanos estamos luchando en contra del COVID-19 es notorio que el Gobierno del Estado no ha destinado recursos a mejorar los servicios de salud y ha dejado en el total abandono a los hospitales y centros de salud de todo el Estado\u201d, indic\u00f3.<\/p>\n\n\n\n<p>Miguel Hermida dijo que adem\u00e1s del desabasto de medicamentos y de dejar a los enfermos de c\u00e1ncer sin las medicinas para sus tratamientos, no aplicar\u00e1n las vacunas contra COVID-19 a los adolescentes y j\u00f3venes de entre 12 a 17 a\u00f1os con el argumento de que no alcanzar\u00edan las dosis para los grupos de riesgo.<\/p>\n\n\n\n<p>\u201cEn la cuenta p\u00fablica del a\u00f1o 2020, a\u00f1o en donde comenz\u00f3 la pandemia, el Secretario de Salud de Veracruz regres\u00f3 a la Federaci\u00f3n 237 millones de pesos del Fondo de Aportaciones para la Salud, mismos que hubieran servido para comprar medicamentos, darle mantenimiento a los hospitales y tener vacunas para nuestros adolescentes que ya regresaron a clases y se encuentran altamente expuestos al virus\u201d subray\u00f3.<\/p>\n\n\n\n<p>Indic\u00f3 que Roberto Ramos Alor ha tomado la decisi\u00f3n de no invertir los recursos destinados para la salud de los veracruzanos y en lugar de eso prefiere regresar el dinero a la Tesorer\u00eda de la Federaci\u00f3n para que vaya a parar al proyecto del tren maya.<\/p>\n\n\n\n<p>Y al publicarlo en sus redes sociales, el diputado electo Hermida agreg\u00f3:<\/p>\n\n\n\n<p>\u201cLa Secretar\u00eda de Salud estatal no est\u00e1 invirtiendo en sus hospitales, ni en medicinas para los veracruzanos, gran parte de esos recursos los devuelve para que se gasten en proyectos innecesarios como el Tren Maya.<\/p>\n\n\n\n<p>\u201cPropondr\u00e9 que esa mala pr\u00e1ctica llamada subejercicio sea castigada de manera severa.<\/p>\n\n\n\n<p>\u00a1No permitiremos que sigan menospreciando la salud de los veracruzanos!\u201d<\/p>\n","protected":false},"excerpt":{"rendered":"<p>VeracruzEl diputado local electo, Miguel Hermida Copado, se\u00f1al\u00f3 que pese a la situaci\u00f3n de emergencia sanitaria que se est\u00e1 viviendo en el Estado de Veracruz por la pandemia y por la falta de medicamentos a ni\u00f1os enfermos de c\u00e1ncer, el Secretario de Salud, Roberto Ramos Alor, regres\u00f3 a la Federaci\u00f3n 237 millones de pesos el [&hellip;]<\/p>\n","protected":false},"author":2,"featured_media":0,"comment_status":"closed","ping_status":"closed","sticky":false,"template":"","format":"standard","meta":{"tdm_status":"","tdm_grid_status":"","footnotes":""},"categories":[73],"tags":[30708,28430,20649,12606,90,10189,6582],"class_list":{"0":"post-80293","1":"post","2":"type-post","3":"status-publish","4":"format-standard","6":"category-de-boleto","7":"tag-fondo-de-aportaciones-para-la-salud","8":"tag-miguel-hermida-copado","9":"tag-ramos-alor","10":"tag-roberto-ramos-alor","11":"tag-salud","12":"tag-secretario-de-salud","13":"tag-vacunas"},"yoast_head":"<!-- This site is optimized with the Yoast SEO plugin v27.4 - https:\/\/yoast.com\/product\/yoast-seo-wordpress\/ -->\n<title>Ramos Alor regres\u00f3 millonada en plena pandemia! - Los pol\u00edticos Veracruz<\/title>\n<meta name=\"robots\" content=\"index, follow, max-snippet:-1, max-image-preview:large, max-video-preview:-1\" \/>\n<link rel=\"canonical\" href=\"https:\/\/lospoliticosveracruz.com\/?p=80293\" \/>\n<meta property=\"og:locale\" content=\"es_ES\" \/>\n<meta property=\"og:type\" content=\"article\" \/>\n<meta property=\"og:title\" content=\"Ramos Alor regres\u00f3 millonada en plena pandemia! - Los pol\u00edticos Veracruz\" \/>\n<meta property=\"og:description\" content=\"VeracruzEl diputado local electo, Miguel Hermida Copado, se\u00f1al\u00f3 que pese a la situaci\u00f3n de emergencia sanitaria que se est\u00e1 viviendo en el Estado de Veracruz por la pandemia y por la falta de medicamentos a ni\u00f1os enfermos de c\u00e1ncer, el Secretario de Salud, Roberto Ramos Alor, regres\u00f3 a la Federaci\u00f3n 237 millones de pesos el [&hellip;]\" \/>\n<meta property=\"og:url\" content=\"https:\/\/lospoliticosveracruz.com\/?p=80293\" \/>\n<meta property=\"og:site_name\" content=\"Los pol\u00edticos Veracruz\" \/>\n<meta property=\"article:publisher\" content=\"https:\/\/www.facebook.com\/people\/Notimemes-de-los-Polticos\/61565672886568\/\" \/>\n<meta property=\"article:published_time\" content=\"2021-10-06T15:27:43+00:00\" \/>\n<meta property=\"article:modified_time\" content=\"2021-10-06T15:27:47+00:00\" \/>\n<meta property=\"og:image\" content=\"https:\/\/lospoliticosveracruz.com\/wp-content\/uploads\/2016\/07\/Logo-Dor.jpg\" \/>\n\t<meta property=\"og:image:width\" content=\"200\" \/>\n\t<meta property=\"og:image:height\" content=\"200\" \/>\n\t<meta property=\"og:image:type\" content=\"image\/jpeg\" \/>\n<meta name=\"author\" content=\"Lo viste en Los Pol\u00edticos\" \/>\n<meta name=\"twitter:card\" content=\"summary_large_image\" \/>\n<meta name=\"twitter:creator\" content=\"@LosPoliticosVer\" \/>\n<meta name=\"twitter:site\" content=\"@LosPoliticosVer\" \/>\n<meta name=\"twitter:label1\" content=\"Escrito por\" \/>\n\t<meta name=\"twitter:data1\" content=\"Lo viste en Los Pol\u00edticos\" \/>\n\t<meta name=\"twitter:label2\" content=\"Tiempo de lectura\" \/>\n\t<meta name=\"twitter:data2\" content=\"2 minutos\" \/>\n<script type=\"application\/ld+json\" class=\"yoast-schema-graph\">{\"@context\":\"https:\\\/\\\/schema.org\",\"@graph\":[{\"@type\":\"Article\",\"@id\":\"https:\\\/\\\/lospoliticosveracruz.com\\\/?p=80293#article\",\"isPartOf\":{\"@id\":\"https:\\\/\\\/lospoliticosveracruz.com\\\/?p=80293\"},\"author\":{\"name\":\"Lo viste en Los Pol\u00edticos\",\"@id\":\"https:\\\/\\\/lospoliticosveracruz.com\\\/#\\\/schema\\\/person\\\/b8702bb0e538456e6efd07080bf2a4a2\"},\"headline\":\"Ramos Alor regres\u00f3 millonada en plena pandemia!\",\"datePublished\":\"2021-10-06T15:27:43+00:00\",\"dateModified\":\"2021-10-06T15:27:47+00:00\",\"mainEntityOfPage\":{\"@id\":\"https:\\\/\\\/lospoliticosveracruz.com\\\/?p=80293\"},\"wordCount\":395,\"publisher\":{\"@id\":\"https:\\\/\\\/lospoliticosveracruz.com\\\/#organization\"},\"keywords\":[\"Fondo de Aportaciones para la Salud\",\"Miguel Hermida Copado\",\"Ramos Alor\",\"Roberto Ramos Alor\",\"Salud\",\"Secretario de Salud\",\"Vacunas\"],\"articleSection\":[\"De Boleto\"],\"inLanguage\":\"es\"},{\"@type\":\"WebPage\",\"@id\":\"https:\\\/\\\/lospoliticosveracruz.com\\\/?p=80293\",\"url\":\"https:\\\/\\\/lospoliticosveracruz.com\\\/?p=80293\",\"name\":\"Ramos Alor regres\u00f3 millonada en plena pandemia! - Los pol\u00edticos Veracruz\",\"isPartOf\":{\"@id\":\"https:\\\/\\\/lospoliticosveracruz.com\\\/#website\"},\"datePublished\":\"2021-10-06T15:27:43+00:00\",\"dateModified\":\"2021-10-06T15:27:47+00:00\",\"breadcrumb\":{\"@id\":\"https:\\\/\\\/lospoliticosveracruz.com\\\/?p=80293#breadcrumb\"},\"inLanguage\":\"es\",\"potentialAction\":[{\"@type\":\"ReadAction\",\"target\":[\"https:\\\/\\\/lospoliticosveracruz.com\\\/?p=80293\"]}]},{\"@type\":\"BreadcrumbList\",\"@id\":\"https:\\\/\\\/lospoliticosveracruz.com\\\/?p=80293#breadcrumb\",\"itemListElement\":[{\"@type\":\"ListItem\",\"position\":1,\"name\":\"Portada\",\"item\":\"https:\\\/\\\/lospoliticosveracruz.com\\\/\"},{\"@type\":\"ListItem\",\"position\":2,\"name\":\"Ramos Alor regres\u00f3 millonada en plena pandemia!\"}]},{\"@type\":\"WebSite\",\"@id\":\"https:\\\/\\\/lospoliticosveracruz.com\\\/#website\",\"url\":\"https:\\\/\\\/lospoliticosveracruz.com\\\/\",\"name\":\"Los pol\u00edticos Veracruz\",\"description\":\"\",\"publisher\":{\"@id\":\"https:\\\/\\\/lospoliticosveracruz.com\\\/#organization\"},\"potentialAction\":[{\"@type\":\"SearchAction\",\"target\":{\"@type\":\"EntryPoint\",\"urlTemplate\":\"https:\\\/\\\/lospoliticosveracruz.com\\\/?s={search_term_string}\"},\"query-input\":{\"@type\":\"PropertyValueSpecification\",\"valueRequired\":true,\"valueName\":\"search_term_string\"}}],\"inLanguage\":\"es\"},{\"@type\":\"Organization\",\"@id\":\"https:\\\/\\\/lospoliticosveracruz.com\\\/#organization\",\"name\":\"Los pol\u00edticos Veracruz\",\"url\":\"https:\\\/\\\/lospoliticosveracruz.com\\\/\",\"logo\":{\"@type\":\"ImageObject\",\"inLanguage\":\"es\",\"@id\":\"https:\\\/\\\/lospoliticosveracruz.com\\\/#\\\/schema\\\/logo\\\/image\\\/\",\"url\":\"https:\\\/\\\/lospoliticosveracruz.com\\\/wp-content\\\/uploads\\\/2025\\\/12\\\/Logo-Nuevo-LOS-POLITICOS-1.jpg\",\"contentUrl\":\"https:\\\/\\\/lospoliticosveracruz.com\\\/wp-content\\\/uploads\\\/2025\\\/12\\\/Logo-Nuevo-LOS-POLITICOS-1.jpg\",\"width\":260,\"height\":70,\"caption\":\"Los pol\u00edticos Veracruz\"},\"image\":{\"@id\":\"https:\\\/\\\/lospoliticosveracruz.com\\\/#\\\/schema\\\/logo\\\/image\\\/\"},\"sameAs\":[\"https:\\\/\\\/www.facebook.com\\\/people\\\/Notimemes-de-los-Polticos\\\/61565672886568\\\/\",\"https:\\\/\\\/x.com\\\/LosPoliticosVer\"]},{\"@type\":\"Person\",\"@id\":\"https:\\\/\\\/lospoliticosveracruz.com\\\/#\\\/schema\\\/person\\\/b8702bb0e538456e6efd07080bf2a4a2\",\"name\":\"Lo viste en Los Pol\u00edticos\",\"image\":{\"@type\":\"ImageObject\",\"inLanguage\":\"es\",\"@id\":\"https:\\\/\\\/secure.gravatar.com\\\/avatar\\\/3a8de04a2656d44082be478bd6c086daa447c4651605818287b9532d3d0bd435?s=96&d=mm&r=g\",\"url\":\"https:\\\/\\\/secure.gravatar.com\\\/avatar\\\/3a8de04a2656d44082be478bd6c086daa447c4651605818287b9532d3d0bd435?s=96&d=mm&r=g\",\"contentUrl\":\"https:\\\/\\\/secure.gravatar.com\\\/avatar\\\/3a8de04a2656d44082be478bd6c086daa447c4651605818287b9532d3d0bd435?s=96&d=mm&r=g\",\"caption\":\"Lo viste en Los Pol\u00edticos\"},\"url\":\"https:\\\/\\\/lospoliticosveracruz.com\\\/?author=2\"}]}<\/script>\n<!-- \/ Yoast SEO plugin. -->","yoast_head_json":{"title":"Ramos Alor regres\u00f3 millonada en plena pandemia! - Los pol\u00edticos Veracruz","robots":{"index":"index","follow":"follow","max-snippet":"max-snippet:-1","max-image-preview":"max-image-preview:large","max-video-preview":"max-video-preview:-1"},"canonical":"https:\/\/lospoliticosveracruz.com\/?p=80293","og_locale":"es_ES","og_type":"article","og_title":"Ramos Alor regres\u00f3 millonada en plena pandemia! - Los pol\u00edticos Veracruz","og_description":"VeracruzEl diputado local electo, Miguel Hermida Copado, se\u00f1al\u00f3 que pese a la situaci\u00f3n de emergencia sanitaria que se est\u00e1 viviendo en el Estado de Veracruz por la pandemia y por la falta de medicamentos a ni\u00f1os enfermos de c\u00e1ncer, el Secretario de Salud, Roberto Ramos Alor, regres\u00f3 a la Federaci\u00f3n 237 millones de pesos el [&hellip;]","og_url":"https:\/\/lospoliticosveracruz.com\/?p=80293","og_site_name":"Los pol\u00edticos Veracruz","article_publisher":"https:\/\/www.facebook.com\/people\/Notimemes-de-los-Polticos\/61565672886568\/","article_published_time":"2021-10-06T15:27:43+00:00","article_modified_time":"2021-10-06T15:27:47+00:00","og_image":[{"width":200,"height":200,"url":"https:\/\/lospoliticosveracruz.com\/wp-content\/uploads\/2016\/07\/Logo-Dor.jpg","type":"image\/jpeg"}],"author":"Lo viste en Los Pol\u00edticos","twitter_card":"summary_large_image","twitter_creator":"@LosPoliticosVer","twitter_site":"@LosPoliticosVer","twitter_misc":{"Escrito por":"Lo viste en Los Pol\u00edticos","Tiempo de lectura":"2 minutos"},"schema":{"@context":"https:\/\/schema.org","@graph":[{"@type":"Article","@id":"https:\/\/lospoliticosveracruz.com\/?p=80293#article","isPartOf":{"@id":"https:\/\/lospoliticosveracruz.com\/?p=80293"},"author":{"name":"Lo viste en Los Pol\u00edticos","@id":"https:\/\/lospoliticosveracruz.com\/#\/schema\/person\/b8702bb0e538456e6efd07080bf2a4a2"},"headline":"Ramos Alor regres\u00f3 millonada en plena pandemia!","datePublished":"2021-10-06T15:27:43+00:00","dateModified":"2021-10-06T15:27:47+00:00","mainEntityOfPage":{"@id":"https:\/\/lospoliticosveracruz.com\/?p=80293"},"wordCount":395,"publisher":{"@id":"https:\/\/lospoliticosveracruz.com\/#organization"},"keywords":["Fondo de Aportaciones para la Salud","Miguel Hermida Copado","Ramos Alor","Roberto Ramos Alor","Salud","Secretario de Salud","Vacunas"],"articleSection":["De Boleto"],"inLanguage":"es"},{"@type":"WebPage","@id":"https:\/\/lospoliticosveracruz.com\/?p=80293","url":"https:\/\/lospoliticosveracruz.com\/?p=80293","name":"Ramos Alor regres\u00f3 millonada en plena pandemia! - Los pol\u00edticos Veracruz","isPartOf":{"@id":"https:\/\/lospoliticosveracruz.com\/#website"},"datePublished":"2021-10-06T15:27:43+00:00","dateModified":"2021-10-06T15:27:47+00:00","breadcrumb":{"@id":"https:\/\/lospoliticosveracruz.com\/?p=80293#breadcrumb"},"inLanguage":"es","potentialAction":[{"@type":"ReadAction","target":["https:\/\/lospoliticosveracruz.com\/?p=80293"]}]},{"@type":"BreadcrumbList","@id":"https:\/\/lospoliticosveracruz.com\/?p=80293#breadcrumb","itemListElement":[{"@type":"ListItem","position":1,"name":"Portada","item":"https:\/\/lospoliticosveracruz.com\/"},{"@type":"ListItem","position":2,"name":"Ramos Alor regres\u00f3 millonada en plena pandemia!"}]},{"@type":"WebSite","@id":"https:\/\/lospoliticosveracruz.com\/#website","url":"https:\/\/lospoliticosveracruz.com\/","name":"Los pol\u00edticos Veracruz","description":"","publisher":{"@id":"https:\/\/lospoliticosveracruz.com\/#organization"},"potentialAction":[{"@type":"SearchAction","target":{"@type":"EntryPoint","urlTemplate":"https:\/\/lospoliticosveracruz.com\/?s={search_term_string}"},"query-input":{"@type":"PropertyValueSpecification","valueRequired":true,"valueName":"search_term_string"}}],"inLanguage":"es"},{"@type":"Organization","@id":"https:\/\/lospoliticosveracruz.com\/#organization","name":"Los pol\u00edticos Veracruz","url":"https:\/\/lospoliticosveracruz.com\/","logo":{"@type":"ImageObject","inLanguage":"es","@id":"https:\/\/lospoliticosveracruz.com\/#\/schema\/logo\/image\/","url":"https:\/\/lospoliticosveracruz.com\/wp-content\/uploads\/2025\/12\/Logo-Nuevo-LOS-POLITICOS-1.jpg","contentUrl":"https:\/\/lospoliticosveracruz.com\/wp-content\/uploads\/2025\/12\/Logo-Nuevo-LOS-POLITICOS-1.jpg","width":260,"height":70,"caption":"Los pol\u00edticos Veracruz"},"image":{"@id":"https:\/\/lospoliticosveracruz.com\/#\/schema\/logo\/image\/"},"sameAs":["https:\/\/www.facebook.com\/people\/Notimemes-de-los-Polticos\/61565672886568\/","https:\/\/x.com\/LosPoliticosVer"]},{"@type":"Person","@id":"https:\/\/lospoliticosveracruz.com\/#\/schema\/person\/b8702bb0e538456e6efd07080bf2a4a2","name":"Lo viste en Los Pol\u00edticos","image":{"@type":"ImageObject","inLanguage":"es","@id":"https:\/\/secure.gravatar.com\/avatar\/3a8de04a2656d44082be478bd6c086daa447c4651605818287b9532d3d0bd435?s=96&d=mm&r=g","url":"https:\/\/secure.gravatar.com\/avatar\/3a8de04a2656d44082be478bd6c086daa447c4651605818287b9532d3d0bd435?s=96&d=mm&r=g","contentUrl":"https:\/\/secure.gravatar.com\/avatar\/3a8de04a2656d44082be478bd6c086daa447c4651605818287b9532d3d0bd435?s=96&d=mm&r=g","caption":"Lo viste en Los Pol\u00edticos"},"url":"https:\/\/lospoliticosveracruz.com\/?author=2"}]}},"_links":{"self":[{"href":"https:\/\/lospoliticosveracruz.com\/index.php?rest_route=\/wp\/v2\/posts\/80293","targetHints":{"allow":["GET"]}}],"collection":[{"href":"https:\/\/lospoliticosveracruz.com\/index.php?rest_route=\/wp\/v2\/posts"}],"about":[{"href":"https:\/\/lospoliticosveracruz.com\/index.php?rest_route=\/wp\/v2\/types\/post"}],"author":[{"embeddable":true,"href":"https:\/\/lospoliticosveracruz.com\/index.php?rest_route=\/wp\/v2\/users\/2"}],"replies":[{"embeddable":true,"href":"https:\/\/lospoliticosveracruz.com\/index.php?rest_route=%2Fwp%2Fv2%2Fcomments&post=80293"}],"version-history":[{"count":1,"href":"https:\/\/lospoliticosveracruz.com\/index.php?rest_route=\/wp\/v2\/posts\/80293\/revisions"}],"predecessor-version":[{"id":80295,"href":"https:\/\/lospoliticosveracruz.com\/index.php?rest_route=\/wp\/v2\/posts\/80293\/revisions\/80295"}],"wp:attachment":[{"href":"https:\/\/lospoliticosveracruz.com\/index.php?rest_route=%2Fwp%2Fv2%2Fmedia&parent=80293"}],"wp:term":[{"taxonomy":"category","embeddable":true,"href":"https:\/\/lospoliticosveracruz.com\/index.php?rest_route=%2Fwp%2Fv2%2Fcategories&post=80293"},{"taxonomy":"post_tag","embeddable":true,"href":"https:\/\/lospoliticosveracruz.com\/index.php?rest_route=%2Fwp%2Fv2%2Ftags&post=80293"}],"curies":[{"name":"wp","href":"https:\/\/api.w.org\/{rel}","templated":true}]}}