{"id":80302,"date":"2021-10-06T13:59:16","date_gmt":"2021-10-06T18:59:16","guid":{"rendered":"https:\/\/lospoliticosveracruz.com.mx\/?p=80302"},"modified":"2021-10-06T14:00:06","modified_gmt":"2021-10-06T19:00:06","slug":"el-pais-no-esta-para-tibiezas","status":"publish","type":"post","link":"https:\/\/lospoliticosveracruz.com\/?p=80302","title":{"rendered":"El pa\u00eds no est\u00e1 para tibiezas"},"content":{"rendered":"\n<p><\/p>\n\n\n\n<p><strong>Miguel Angel Cristiani Gonz\u00e1lez<br><\/strong>Bit\u00e1cora Pol\u00edtica<\/p>\n\n\n\n<p>Am\u00e9rico Z\u00fa\u00f1iga luego de varios meses de permanecer en la sana distancia, de la pandemia y de la pol\u00edtica, se reuni\u00f3 este mi\u00e9rcoles con algunos periodistas xalape\u00f1os, con quienes abord\u00f3 y respondi\u00f3 a distintos t\u00f3picos de actualidad, desde la Reforma Energ\u00e9tica, la posici\u00f3n de los partidos de oposici\u00f3n, la dirigencia nacional y estatal del PRI, nos explic\u00f3 su opini\u00f3n sobre la actual administraci\u00f3n municipal y sus obras, hasta los posibles escenarios que se podr\u00e1n presentar en el futuro en las elecciones del 2024.<br>En principio el tema fue de la nueva reforma Energ\u00e9tica, a lo que nos coment\u00f3 que \u201clo que tiende es a dejar de hacer de Comisi\u00f3n Federal de Electricidad una empresa monop\u00f3lica, a darle un exagerado poder a la CFE, que implica p\u00e9rdidas a las empresas que ya estaban produciendo aqu\u00ed, p\u00e9rdidas hasta por 20 mil millones de pesos, \u00bfpor qu\u00e9? Van a generar litigios, van a causar litis, porque ellos ya est\u00e1n aqu\u00ed desde hace mucho tiempo vendiendo paneles solares, los propios generadores e\u00f3licos y las hidroel\u00e9ctrica.<\/p>\n\n\n\n<div class=\"wp-block-image\"><figure class=\"alignleft size-large is-resized\"><a href=\"https:\/\/lospoliticosveracruz.com.mx\/wp-content\/uploads\/2021\/10\/WhatsApp-Image-2021-10-02-at-15.20.25.jpeg\"><img loading=\"lazy\" decoding=\"async\" src=\"https:\/\/lospoliticosveracruz.com.mx\/wp-content\/uploads\/2021\/10\/WhatsApp-Image-2021-10-02-at-15.20.25-724x1024.jpeg\" alt=\"\" class=\"wp-image-80177\" width=\"250\" height=\"350\"\/><\/a><\/figure><\/div>\n\n\n\n<p><br>A mi lo que me preocupa es la involuci\u00f3n institucional del pa\u00eds, se han creado instituciones en \u00e1reas de generar desarrollo -piso parejo para las empresas y para las inversiones, se cre\u00f3 el CENASE, se cre\u00f3 la Comisi\u00f3n de Regulaci\u00f3n Energ\u00e9tica, se cre\u00f3 la Comisi\u00f3n Nacional de Hidrocarburos, no era otra cosa m\u00e1s que generar \u00e1rbitros para darle certidumbre a las inversiones extranjeras que pudieran llegar al pa\u00eds. M\u00e9xico necesita inversi\u00f3n, no es tan solo la inversi\u00f3n p\u00fablica, necesitamos la inversi\u00f3n privada y la inversi\u00f3n internacional.<br>La inversi\u00f3n extranjera, llega a un pa\u00eds, si y solo si, hay reglas claras.<br>Nosotros hemos visto c\u00f3mo nada m\u00e1s de una revisada de nuestra Ley Federal del Trabajo, se han ido ahuyentadas japoneses, alemanes, porque no han visto que eso contribuya a la competitividad, se han metido reformas para hacerlo, la generaci\u00f3n de \u00e1rbitros como la Comisi\u00f3n Nacional de Hidrocarburos CNH eran herramientas de certidumbre jur\u00eddica y de competitividad para las empresas.<br>Ahora las quieren deshacer y ahora quieren hacer de la Comisi\u00f3n Federal de Electricidad, un \u00f3rgano regulado y a la vez regulador, porque se le van a dar todas las atribuciones.<br>S\u00ed creo que esta contra reforma, porque no es una reforma, es simple y sencillamente regresar a lo antiguamente se ten\u00eda, est\u00e1 quitando de un trancazo los avances institucionales que en materia energ\u00e9tica se hab\u00edan tenido.<br>Muchas reformas se hab\u00edan criticado de Pe\u00f1a, la Educativa se critic\u00f3 much\u00edsimo, se ech\u00f3 para atr\u00e1s, pero la Energ\u00e9tica era una que no generaba tanto descontento en raz\u00f3n de los beneficios que ven\u00edan aparejados, es m\u00e1s, era una reforma que le quitaba atribuciones al estado, para que fueran organismos aut\u00f3nomos, productos de la democracia, con gente calificada que iban a hacer ratificados por el Congreso, no eran empleados de gobierno y sale la reforma nueva.<br>Estamos viendo que la CFE est\u00e1 quebrada, hoy por hoy, no tiene la capacidad de energ\u00eda que requiere el pa\u00eds, no la tiene, y al llevar a cabo esta contra reforma va a tener a\u00fan menos, porque el pa\u00eds se va a quedar sin la posibilidad de esas alianzas internacionales que podr\u00edan ayudar a la cogeneraci\u00f3n nacional de la energ\u00eda que necesitamos, para ser m\u00e1s competitivos.<br>Pero, adem\u00e1s, la verdad es que los paneles solares son una chulada, la energ\u00eda solar es gratuita, alguien que est\u00e1 pagando 1800 pesos al segundo d\u00eda de instalaci\u00f3n de los paneles solares ya va a empezar a pagar cuarenta pesos y eso es lo que a los ojos cuatro te\u00edstas, es un pecado brutal. Porque como es posible que el sol sea una competencia desleal con respecto a la empresa que es de los mexicanos.<br>Es esa la soberan\u00eda que est\u00e1n defendiendo, pero totalmente equivocada, lo que m\u00e1s me asusta, lo que m\u00e1s me enoja, lo que m\u00e1s me motiva ahorita a expresar mi descontento y mi preocupaci\u00f3n, es la postura del PRI.<br>Lo que pasa es que el pa\u00eds no est\u00e1 para tibiezas, a mi me queda claro, que toda la dirigencia nacional de mi partido, toda la dirigencia, es decir, todas las secretar\u00edas, no ubico ahorita una que se haya quedado fuera, se traslad\u00f3 a San L\u00e1zaro, te puedo decir sus nombres completos, todos son ahora diputados federales, por la v\u00eda plurinominal, sin embargo, a\u00fan los diputados plurinominales, llegan ah\u00ed por una cantidad de votos, aunque sea de manera indirecta, todos los mexicanos que votaron por el PRI, que son los que le dieron oportunidad a ellos para que fueran hoy representantes populares, votaron por contrapesos, votaron porque haya en M\u00e9xico equilibrios, votaron porque exista una oposici\u00f3n que robustezca la calidad democr\u00e1tica de la naci\u00f3n.<br>La postura con tibiezas de una reforma, que el propio PRI hab\u00eda votado, hab\u00eda impulsado, y que ojo, algunos de los que ahora son diputados, en la reforma de Pe\u00f1a Nieto, tambi\u00e9n lo eran, como es el caso del presidente del partido, la impulsaron y la votaron. No, no llamaron a consultas, no llamaron a foros, no llamaros a expertos y t\u00e9cnicos, con convicci\u00f3n y con un sentido de patriotismo y desarrollo la votaron, con todo el conocimiento. Hoy eso es lo que se quiere echar para atr\u00e1s y eso es lo que creo que no se vale, porque est\u00e1n traicionando el voto de todos los mexicanos. Yo lo digo no como ex candidato, lo digo como persona que tambi\u00e9n vot\u00f3, porque mi voto \u00fanico, ese tambi\u00e9n cont\u00f3 para que estos se\u00f1ores llegaran.<br>Entonces s\u00ed hay un compromiso con el electorado, si hay un compromiso con el pa\u00eds, los que est\u00e1n ah\u00ed, est\u00e1n ah\u00ed porque la gente quiso que hubiera contra pesos, porque la gente quiso que hubiera mejores equilibrios, porque la gente quiso que hubiera fortalecimiento institucional. No lo digo porque sean anti L\u00f3pez o Cuatro T, lo digo porque necesitaban democracia.\u201d<br>Entonces le preguntamos a Am\u00e9rico Z\u00fa\u00f1iga cual es la posici\u00f3n de la dirigencia estatal del PRI, cuyo presidente habr\u00e1 de emigrar tambi\u00e9n hacia el Congreso del Estado como diputado plurinominal y la respuesta vale la pena, compartirla en otra pr\u00f3xima Bit\u00e1cora Pol\u00edtica Veracruzana.<\/p>\n","protected":false},"excerpt":{"rendered":"<p>Miguel Angel Cristiani Gonz\u00e1lezBit\u00e1cora Pol\u00edtica Am\u00e9rico Z\u00fa\u00f1iga luego de varios meses de permanecer en la sana distancia, de la pandemia y de la pol\u00edtica, se reuni\u00f3 este mi\u00e9rcoles con algunos periodistas xalape\u00f1os, con quienes abord\u00f3 y respondi\u00f3 a distintos t\u00f3picos de actualidad, desde la Reforma Energ\u00e9tica, la posici\u00f3n de los partidos de oposici\u00f3n, la dirigencia [&hellip;]<\/p>\n","protected":false},"author":2,"featured_media":0,"comment_status":"closed","ping_status":"closed","sticky":false,"template":"","format":"standard","meta":{"tdm_status":"","tdm_grid_status":"","footnotes":""},"categories":[70],"tags":[483,30710,4973,30711,30712,29917,251,688],"class_list":{"0":"post-80302","1":"post","2":"type-post","3":"status-publish","4":"format-standard","6":"category-de-opinion","7":"tag-americo-zuniga","8":"tag-cenase","9":"tag-cfe","10":"tag-comision-de-regulacion-energetica","11":"tag-comision-nacional-de-hidrocarburos","12":"tag-miguel-angel-cristiani-gonzalez-2","13":"tag-pri","14":"tag-reforma-energetica"},"yoast_head":"<!-- This site is optimized with the Yoast SEO plugin v27.4 - https:\/\/yoast.com\/product\/yoast-seo-wordpress\/ -->\n<title>El pa\u00eds no est\u00e1 para tibiezas - Los pol\u00edticos Veracruz<\/title>\n<meta name=\"robots\" content=\"index, follow, max-snippet:-1, max-image-preview:large, max-video-preview:-1\" \/>\n<link rel=\"canonical\" href=\"https:\/\/lospoliticosveracruz.com\/?p=80302\" \/>\n<meta property=\"og:locale\" content=\"es_ES\" \/>\n<meta property=\"og:type\" content=\"article\" \/>\n<meta property=\"og:title\" content=\"El pa\u00eds no est\u00e1 para tibiezas - Los pol\u00edticos Veracruz\" \/>\n<meta property=\"og:description\" content=\"Miguel Angel Cristiani Gonz\u00e1lezBit\u00e1cora Pol\u00edtica Am\u00e9rico Z\u00fa\u00f1iga luego de varios meses de permanecer en la sana distancia, de la pandemia y de la pol\u00edtica, se reuni\u00f3 este mi\u00e9rcoles con algunos periodistas xalape\u00f1os, con quienes abord\u00f3 y respondi\u00f3 a distintos t\u00f3picos de actualidad, desde la Reforma Energ\u00e9tica, la posici\u00f3n de los partidos de oposici\u00f3n, la dirigencia [&hellip;]\" \/>\n<meta property=\"og:url\" content=\"https:\/\/lospoliticosveracruz.com\/?p=80302\" \/>\n<meta property=\"og:site_name\" content=\"Los pol\u00edticos Veracruz\" \/>\n<meta property=\"article:publisher\" content=\"https:\/\/www.facebook.com\/people\/Notimemes-de-los-Polticos\/61565672886568\/\" \/>\n<meta property=\"article:published_time\" content=\"2021-10-06T18:59:16+00:00\" \/>\n<meta property=\"article:modified_time\" content=\"2021-10-06T19:00:06+00:00\" \/>\n<meta property=\"og:image\" content=\"https:\/\/lospoliticosveracruz.com.mx\/wp-content\/uploads\/2021\/10\/WhatsApp-Image-2021-10-02-at-15.20.25-724x1024.jpeg\" \/>\n<meta name=\"author\" content=\"Lo viste en Los Pol\u00edticos\" \/>\n<meta name=\"twitter:card\" content=\"summary_large_image\" \/>\n<meta name=\"twitter:creator\" content=\"@LosPoliticosVer\" \/>\n<meta name=\"twitter:site\" content=\"@LosPoliticosVer\" \/>\n<meta name=\"twitter:label1\" content=\"Escrito por\" \/>\n\t<meta name=\"twitter:data1\" content=\"Lo viste en Los Pol\u00edticos\" \/>\n\t<meta name=\"twitter:label2\" content=\"Tiempo de lectura\" \/>\n\t<meta name=\"twitter:data2\" content=\"6 minutos\" \/>\n<script type=\"application\/ld+json\" class=\"yoast-schema-graph\">{\"@context\":\"https:\\\/\\\/schema.org\",\"@graph\":[{\"@type\":\"Article\",\"@id\":\"https:\\\/\\\/lospoliticosveracruz.com\\\/?p=80302#article\",\"isPartOf\":{\"@id\":\"https:\\\/\\\/lospoliticosveracruz.com\\\/?p=80302\"},\"author\":{\"name\":\"Lo viste en Los Pol\u00edticos\",\"@id\":\"https:\\\/\\\/lospoliticosveracruz.com\\\/#\\\/schema\\\/person\\\/b8702bb0e538456e6efd07080bf2a4a2\"},\"headline\":\"El pa\u00eds no est\u00e1 para tibiezas\",\"datePublished\":\"2021-10-06T18:59:16+00:00\",\"dateModified\":\"2021-10-06T19:00:06+00:00\",\"mainEntityOfPage\":{\"@id\":\"https:\\\/\\\/lospoliticosveracruz.com\\\/?p=80302\"},\"wordCount\":1128,\"publisher\":{\"@id\":\"https:\\\/\\\/lospoliticosveracruz.com\\\/#organization\"},\"image\":{\"@id\":\"https:\\\/\\\/lospoliticosveracruz.com\\\/?p=80302#primaryimage\"},\"thumbnailUrl\":\"https:\\\/\\\/lospoliticosveracruz.com.mx\\\/wp-content\\\/uploads\\\/2021\\\/10\\\/WhatsApp-Image-2021-10-02-at-15.20.25-724x1024.jpeg\",\"keywords\":[\"Am\u00e9rico Z\u00fa\u00f1iga\",\"CENASE\",\"CFE\",\"Comisi\u00f3n de Regulaci\u00f3n Energ\u00e9tica\",\"Comisi\u00f3n Nacional de Hidrocarburos\",\"Miguel Angel Cristiani Gonz\u00e1lez\",\"PRI\",\"reforma energ\u00e9tica\"],\"articleSection\":[\"De Opini\u00f3n\"],\"inLanguage\":\"es\"},{\"@type\":\"WebPage\",\"@id\":\"https:\\\/\\\/lospoliticosveracruz.com\\\/?p=80302\",\"url\":\"https:\\\/\\\/lospoliticosveracruz.com\\\/?p=80302\",\"name\":\"El pa\u00eds no est\u00e1 para tibiezas - Los pol\u00edticos Veracruz\",\"isPartOf\":{\"@id\":\"https:\\\/\\\/lospoliticosveracruz.com\\\/#website\"},\"primaryImageOfPage\":{\"@id\":\"https:\\\/\\\/lospoliticosveracruz.com\\\/?p=80302#primaryimage\"},\"image\":{\"@id\":\"https:\\\/\\\/lospoliticosveracruz.com\\\/?p=80302#primaryimage\"},\"thumbnailUrl\":\"https:\\\/\\\/lospoliticosveracruz.com.mx\\\/wp-content\\\/uploads\\\/2021\\\/10\\\/WhatsApp-Image-2021-10-02-at-15.20.25-724x1024.jpeg\",\"datePublished\":\"2021-10-06T18:59:16+00:00\",\"dateModified\":\"2021-10-06T19:00:06+00:00\",\"breadcrumb\":{\"@id\":\"https:\\\/\\\/lospoliticosveracruz.com\\\/?p=80302#breadcrumb\"},\"inLanguage\":\"es\",\"potentialAction\":[{\"@type\":\"ReadAction\",\"target\":[\"https:\\\/\\\/lospoliticosveracruz.com\\\/?p=80302\"]}]},{\"@type\":\"ImageObject\",\"inLanguage\":\"es\",\"@id\":\"https:\\\/\\\/lospoliticosveracruz.com\\\/?p=80302#primaryimage\",\"url\":\"https:\\\/\\\/lospoliticosveracruz.com.mx\\\/wp-content\\\/uploads\\\/2021\\\/10\\\/WhatsApp-Image-2021-10-02-at-15.20.25-724x1024.jpeg\",\"contentUrl\":\"https:\\\/\\\/lospoliticosveracruz.com.mx\\\/wp-content\\\/uploads\\\/2021\\\/10\\\/WhatsApp-Image-2021-10-02-at-15.20.25-724x1024.jpeg\"},{\"@type\":\"BreadcrumbList\",\"@id\":\"https:\\\/\\\/lospoliticosveracruz.com\\\/?p=80302#breadcrumb\",\"itemListElement\":[{\"@type\":\"ListItem\",\"position\":1,\"name\":\"Portada\",\"item\":\"https:\\\/\\\/lospoliticosveracruz.com\\\/\"},{\"@type\":\"ListItem\",\"position\":2,\"name\":\"El pa\u00eds no est\u00e1 para tibiezas\"}]},{\"@type\":\"WebSite\",\"@id\":\"https:\\\/\\\/lospoliticosveracruz.com\\\/#website\",\"url\":\"https:\\\/\\\/lospoliticosveracruz.com\\\/\",\"name\":\"Los pol\u00edticos Veracruz\",\"description\":\"\",\"publisher\":{\"@id\":\"https:\\\/\\\/lospoliticosveracruz.com\\\/#organization\"},\"potentialAction\":[{\"@type\":\"SearchAction\",\"target\":{\"@type\":\"EntryPoint\",\"urlTemplate\":\"https:\\\/\\\/lospoliticosveracruz.com\\\/?s={search_term_string}\"},\"query-input\":{\"@type\":\"PropertyValueSpecification\",\"valueRequired\":true,\"valueName\":\"search_term_string\"}}],\"inLanguage\":\"es\"},{\"@type\":\"Organization\",\"@id\":\"https:\\\/\\\/lospoliticosveracruz.com\\\/#organization\",\"name\":\"Los pol\u00edticos Veracruz\",\"url\":\"https:\\\/\\\/lospoliticosveracruz.com\\\/\",\"logo\":{\"@type\":\"ImageObject\",\"inLanguage\":\"es\",\"@id\":\"https:\\\/\\\/lospoliticosveracruz.com\\\/#\\\/schema\\\/logo\\\/image\\\/\",\"url\":\"https:\\\/\\\/lospoliticosveracruz.com\\\/wp-content\\\/uploads\\\/2025\\\/12\\\/Logo-Nuevo-LOS-POLITICOS-1.jpg\",\"contentUrl\":\"https:\\\/\\\/lospoliticosveracruz.com\\\/wp-content\\\/uploads\\\/2025\\\/12\\\/Logo-Nuevo-LOS-POLITICOS-1.jpg\",\"width\":260,\"height\":70,\"caption\":\"Los pol\u00edticos Veracruz\"},\"image\":{\"@id\":\"https:\\\/\\\/lospoliticosveracruz.com\\\/#\\\/schema\\\/logo\\\/image\\\/\"},\"sameAs\":[\"https:\\\/\\\/www.facebook.com\\\/people\\\/Notimemes-de-los-Polticos\\\/61565672886568\\\/\",\"https:\\\/\\\/x.com\\\/LosPoliticosVer\"]},{\"@type\":\"Person\",\"@id\":\"https:\\\/\\\/lospoliticosveracruz.com\\\/#\\\/schema\\\/person\\\/b8702bb0e538456e6efd07080bf2a4a2\",\"name\":\"Lo viste en Los Pol\u00edticos\",\"image\":{\"@type\":\"ImageObject\",\"inLanguage\":\"es\",\"@id\":\"https:\\\/\\\/secure.gravatar.com\\\/avatar\\\/3a8de04a2656d44082be478bd6c086daa447c4651605818287b9532d3d0bd435?s=96&d=mm&r=g\",\"url\":\"https:\\\/\\\/secure.gravatar.com\\\/avatar\\\/3a8de04a2656d44082be478bd6c086daa447c4651605818287b9532d3d0bd435?s=96&d=mm&r=g\",\"contentUrl\":\"https:\\\/\\\/secure.gravatar.com\\\/avatar\\\/3a8de04a2656d44082be478bd6c086daa447c4651605818287b9532d3d0bd435?s=96&d=mm&r=g\",\"caption\":\"Lo viste en Los Pol\u00edticos\"},\"url\":\"https:\\\/\\\/lospoliticosveracruz.com\\\/?author=2\"}]}<\/script>\n<!-- \/ Yoast SEO plugin. -->","yoast_head_json":{"title":"El pa\u00eds no est\u00e1 para tibiezas - Los pol\u00edticos Veracruz","robots":{"index":"index","follow":"follow","max-snippet":"max-snippet:-1","max-image-preview":"max-image-preview:large","max-video-preview":"max-video-preview:-1"},"canonical":"https:\/\/lospoliticosveracruz.com\/?p=80302","og_locale":"es_ES","og_type":"article","og_title":"El pa\u00eds no est\u00e1 para tibiezas - Los pol\u00edticos Veracruz","og_description":"Miguel Angel Cristiani Gonz\u00e1lezBit\u00e1cora Pol\u00edtica Am\u00e9rico Z\u00fa\u00f1iga luego de varios meses de permanecer en la sana distancia, de la pandemia y de la pol\u00edtica, se reuni\u00f3 este mi\u00e9rcoles con algunos periodistas xalape\u00f1os, con quienes abord\u00f3 y respondi\u00f3 a distintos t\u00f3picos de actualidad, desde la Reforma Energ\u00e9tica, la posici\u00f3n de los partidos de oposici\u00f3n, la dirigencia [&hellip;]","og_url":"https:\/\/lospoliticosveracruz.com\/?p=80302","og_site_name":"Los pol\u00edticos Veracruz","article_publisher":"https:\/\/www.facebook.com\/people\/Notimemes-de-los-Polticos\/61565672886568\/","article_published_time":"2021-10-06T18:59:16+00:00","article_modified_time":"2021-10-06T19:00:06+00:00","og_image":[{"url":"https:\/\/lospoliticosveracruz.com.mx\/wp-content\/uploads\/2021\/10\/WhatsApp-Image-2021-10-02-at-15.20.25-724x1024.jpeg","type":"","width":"","height":""}],"author":"Lo viste en Los Pol\u00edticos","twitter_card":"summary_large_image","twitter_creator":"@LosPoliticosVer","twitter_site":"@LosPoliticosVer","twitter_misc":{"Escrito por":"Lo viste en Los Pol\u00edticos","Tiempo de lectura":"6 minutos"},"schema":{"@context":"https:\/\/schema.org","@graph":[{"@type":"Article","@id":"https:\/\/lospoliticosveracruz.com\/?p=80302#article","isPartOf":{"@id":"https:\/\/lospoliticosveracruz.com\/?p=80302"},"author":{"name":"Lo viste en Los Pol\u00edticos","@id":"https:\/\/lospoliticosveracruz.com\/#\/schema\/person\/b8702bb0e538456e6efd07080bf2a4a2"},"headline":"El pa\u00eds no est\u00e1 para tibiezas","datePublished":"2021-10-06T18:59:16+00:00","dateModified":"2021-10-06T19:00:06+00:00","mainEntityOfPage":{"@id":"https:\/\/lospoliticosveracruz.com\/?p=80302"},"wordCount":1128,"publisher":{"@id":"https:\/\/lospoliticosveracruz.com\/#organization"},"image":{"@id":"https:\/\/lospoliticosveracruz.com\/?p=80302#primaryimage"},"thumbnailUrl":"https:\/\/lospoliticosveracruz.com.mx\/wp-content\/uploads\/2021\/10\/WhatsApp-Image-2021-10-02-at-15.20.25-724x1024.jpeg","keywords":["Am\u00e9rico Z\u00fa\u00f1iga","CENASE","CFE","Comisi\u00f3n de Regulaci\u00f3n Energ\u00e9tica","Comisi\u00f3n Nacional de Hidrocarburos","Miguel Angel Cristiani Gonz\u00e1lez","PRI","reforma energ\u00e9tica"],"articleSection":["De Opini\u00f3n"],"inLanguage":"es"},{"@type":"WebPage","@id":"https:\/\/lospoliticosveracruz.com\/?p=80302","url":"https:\/\/lospoliticosveracruz.com\/?p=80302","name":"El pa\u00eds no est\u00e1 para tibiezas - Los pol\u00edticos Veracruz","isPartOf":{"@id":"https:\/\/lospoliticosveracruz.com\/#website"},"primaryImageOfPage":{"@id":"https:\/\/lospoliticosveracruz.com\/?p=80302#primaryimage"},"image":{"@id":"https:\/\/lospoliticosveracruz.com\/?p=80302#primaryimage"},"thumbnailUrl":"https:\/\/lospoliticosveracruz.com.mx\/wp-content\/uploads\/2021\/10\/WhatsApp-Image-2021-10-02-at-15.20.25-724x1024.jpeg","datePublished":"2021-10-06T18:59:16+00:00","dateModified":"2021-10-06T19:00:06+00:00","breadcrumb":{"@id":"https:\/\/lospoliticosveracruz.com\/?p=80302#breadcrumb"},"inLanguage":"es","potentialAction":[{"@type":"ReadAction","target":["https:\/\/lospoliticosveracruz.com\/?p=80302"]}]},{"@type":"ImageObject","inLanguage":"es","@id":"https:\/\/lospoliticosveracruz.com\/?p=80302#primaryimage","url":"https:\/\/lospoliticosveracruz.com.mx\/wp-content\/uploads\/2021\/10\/WhatsApp-Image-2021-10-02-at-15.20.25-724x1024.jpeg","contentUrl":"https:\/\/lospoliticosveracruz.com.mx\/wp-content\/uploads\/2021\/10\/WhatsApp-Image-2021-10-02-at-15.20.25-724x1024.jpeg"},{"@type":"BreadcrumbList","@id":"https:\/\/lospoliticosveracruz.com\/?p=80302#breadcrumb","itemListElement":[{"@type":"ListItem","position":1,"name":"Portada","item":"https:\/\/lospoliticosveracruz.com\/"},{"@type":"ListItem","position":2,"name":"El pa\u00eds no est\u00e1 para tibiezas"}]},{"@type":"WebSite","@id":"https:\/\/lospoliticosveracruz.com\/#website","url":"https:\/\/lospoliticosveracruz.com\/","name":"Los pol\u00edticos Veracruz","description":"","publisher":{"@id":"https:\/\/lospoliticosveracruz.com\/#organization"},"potentialAction":[{"@type":"SearchAction","target":{"@type":"EntryPoint","urlTemplate":"https:\/\/lospoliticosveracruz.com\/?s={search_term_string}"},"query-input":{"@type":"PropertyValueSpecification","valueRequired":true,"valueName":"search_term_string"}}],"inLanguage":"es"},{"@type":"Organization","@id":"https:\/\/lospoliticosveracruz.com\/#organization","name":"Los pol\u00edticos Veracruz","url":"https:\/\/lospoliticosveracruz.com\/","logo":{"@type":"ImageObject","inLanguage":"es","@id":"https:\/\/lospoliticosveracruz.com\/#\/schema\/logo\/image\/","url":"https:\/\/lospoliticosveracruz.com\/wp-content\/uploads\/2025\/12\/Logo-Nuevo-LOS-POLITICOS-1.jpg","contentUrl":"https:\/\/lospoliticosveracruz.com\/wp-content\/uploads\/2025\/12\/Logo-Nuevo-LOS-POLITICOS-1.jpg","width":260,"height":70,"caption":"Los pol\u00edticos Veracruz"},"image":{"@id":"https:\/\/lospoliticosveracruz.com\/#\/schema\/logo\/image\/"},"sameAs":["https:\/\/www.facebook.com\/people\/Notimemes-de-los-Polticos\/61565672886568\/","https:\/\/x.com\/LosPoliticosVer"]},{"@type":"Person","@id":"https:\/\/lospoliticosveracruz.com\/#\/schema\/person\/b8702bb0e538456e6efd07080bf2a4a2","name":"Lo viste en Los Pol\u00edticos","image":{"@type":"ImageObject","inLanguage":"es","@id":"https:\/\/secure.gravatar.com\/avatar\/3a8de04a2656d44082be478bd6c086daa447c4651605818287b9532d3d0bd435?s=96&d=mm&r=g","url":"https:\/\/secure.gravatar.com\/avatar\/3a8de04a2656d44082be478bd6c086daa447c4651605818287b9532d3d0bd435?s=96&d=mm&r=g","contentUrl":"https:\/\/secure.gravatar.com\/avatar\/3a8de04a2656d44082be478bd6c086daa447c4651605818287b9532d3d0bd435?s=96&d=mm&r=g","caption":"Lo viste en Los Pol\u00edticos"},"url":"https:\/\/lospoliticosveracruz.com\/?author=2"}]}},"_links":{"self":[{"href":"https:\/\/lospoliticosveracruz.com\/index.php?rest_route=\/wp\/v2\/posts\/80302","targetHints":{"allow":["GET"]}}],"collection":[{"href":"https:\/\/lospoliticosveracruz.com\/index.php?rest_route=\/wp\/v2\/posts"}],"about":[{"href":"https:\/\/lospoliticosveracruz.com\/index.php?rest_route=\/wp\/v2\/types\/post"}],"author":[{"embeddable":true,"href":"https:\/\/lospoliticosveracruz.com\/index.php?rest_route=\/wp\/v2\/users\/2"}],"replies":[{"embeddable":true,"href":"https:\/\/lospoliticosveracruz.com\/index.php?rest_route=%2Fwp%2Fv2%2Fcomments&post=80302"}],"version-history":[{"count":2,"href":"https:\/\/lospoliticosveracruz.com\/index.php?rest_route=\/wp\/v2\/posts\/80302\/revisions"}],"predecessor-version":[{"id":80305,"href":"https:\/\/lospoliticosveracruz.com\/index.php?rest_route=\/wp\/v2\/posts\/80302\/revisions\/80305"}],"wp:attachment":[{"href":"https:\/\/lospoliticosveracruz.com\/index.php?rest_route=%2Fwp%2Fv2%2Fmedia&parent=80302"}],"wp:term":[{"taxonomy":"category","embeddable":true,"href":"https:\/\/lospoliticosveracruz.com\/index.php?rest_route=%2Fwp%2Fv2%2Fcategories&post=80302"},{"taxonomy":"post_tag","embeddable":true,"href":"https:\/\/lospoliticosveracruz.com\/index.php?rest_route=%2Fwp%2Fv2%2Ftags&post=80302"}],"curies":[{"name":"wp","href":"https:\/\/api.w.org\/{rel}","templated":true}]}}