{"id":80321,"date":"2021-10-07T07:59:57","date_gmt":"2021-10-07T12:59:57","guid":{"rendered":"https:\/\/lospoliticosveracruz.com.mx\/?p=80321"},"modified":"2021-10-07T08:00:01","modified_gmt":"2021-10-07T13:00:01","slug":"diez-el-precandidato","status":"publish","type":"post","link":"https:\/\/lospoliticosveracruz.com\/?p=80321","title":{"rendered":"Diez, el precandidato"},"content":{"rendered":"\n<p><strong>Ricardo Ch\u00faa<br><\/strong><em>Sale y Vale<\/em><\/p>\n\n\n\n<p>Despu\u00e9s que el Tribunal Electoral de Veracruz (TEV) ratific\u00f3 el triunfo de Juan Manuel D\u00edez Francos, como alcalde de Orizaba, desechando la impugnaci\u00f3n de MORENA\u2026 Qued\u00f3 claro que el \u00abEmperador\u00bb de Pluviosilla, mun\u00edcipe por tercera ocasi\u00f3n, SE MONT\u00d3 como un prospecto serio para la sucesi\u00f3n gubernamental por el PRI al 2024\u2026 El empresario es bien visto por el PAN, PRD y hasta por MC\u2026 Se coloca como una \u00abcarta fuerte\u00bb de una alianza opositora con capital pol\u00edtico propio, al estilo de Ricardo Ahued.. AS\u00cd SEA\u2026<\/p>\n\n\n\n<div class=\"wp-block-image\"><figure class=\"alignleft size-large is-resized\"><a href=\"https:\/\/lospoliticosveracruz.com.mx\/wp-content\/uploads\/2021\/10\/WhatsApp-Image-2021-10-02-at-15.20.25.jpeg\"><img loading=\"lazy\" decoding=\"async\" src=\"https:\/\/lospoliticosveracruz.com.mx\/wp-content\/uploads\/2021\/10\/WhatsApp-Image-2021-10-02-at-15.20.25-724x1024.jpeg\" alt=\"\" class=\"wp-image-80177\" width=\"250\" height=\"350\"\/><\/a><\/figure><\/div>\n\n\n\n<p>TUXPAN, AL TEPJF\u2026 Despu\u00e9s de que anoche sali\u00f3 el fallo del Tribunal Electoral de Veracruz, sobre el caso de la impugnaci\u00f3n de la alcald\u00eda de Tuxpan y en donde el TEV ratific\u00f3 el triunfo de MORENA.. Anoche mismo Alberto Silva Ramos, \u00abEl Cisne\u00bb anunci\u00f3 que va con todo ante los Tribunales Electorales del Poder Judicial de la Federaci\u00f3n para que anule esta elecci\u00f3n y se repitan los comicios municipales en ese puerto en 2022\u2026 El tema viene serio\u2026 El TEPJF est\u00e1 revirtiendo muchos triunfos a MORENA\u2026 \u00abEl Cisne\u00bb la quiere revertir\u2026 AMEN\u2026<\/p>\n\n\n\n<p>EL VERDADERO L\u00cdDER\u2026 El verdadero l\u00edder de lo que es Fuerza por M\u00e9xico en Veracruz\u2026 Ya que este partido pol\u00edtico perdi\u00f3 el registro a nivel federal, pero conserv\u00f3 su registro estatal y tendr\u00e1 un espacio en el OPLE\u2026 No es Eduardo Vega Yunes, al\u00edas \u00abEl Tato Vega\u00bb, primo \u00abinc\u00f3modo\u00bb de los Yunes Azules\u2026 El verdadero personaje que mueve a este partido es Gonzalo Vicencio\u2026 El enemigo n\u00famero uno del \u00abala\u00bb de MORENA que es manejado desde Palacio de Gobierno, es decir, de Esteban Ram\u00edrez Zepeta\u2026.<\/p>\n\n\n\n<p>Si bien es cierto en t\u00e9rmino de lo legal y para los organismos electorales en Veracruz, controlados por el gobierno estatal, Vega Yunes funge oficialmente como dirigente estatal de Fuerza por M\u00e9xico\u2026 El que mueve a las masas y a la militancia es Vicencio\u2026 Es m\u00e1s los 100 mil votos obtenidos en el pasado proceso local para poder conservar su registro\u2026 Fue por la operaci\u00f3n pol\u00edtica de Gonzalo Vicencio\u2026 \u00c9l y sus aliados de la CATEM con su dirigente Enrique Santos\u2026<\/p>\n\n\n\n<p>Tanto as\u00ed que el \u00abjefe\u00bb de este partido, Ricardo Monreal \u00c1vila, a trav\u00e9s de Pedro Haces, con qui\u00e9n se entienden directamente en Veracruz es con Gonzalo Vicencio\u2026 Dado que por todos es sabido que \u00abEl Tato\u00bb intentar\u00e1 hacer con este organismo pol\u00edtico, lo que le dicen directamente de Palacio de Gobierno\u2026 Por la \u00abalianza\u00bb sumisa que mantiene con los hombres en el poder\u2026 Ya que con ellos, no se pueden entender de otra forma\u2026 O les haces caso en todo o no hay acuerdo con ellos\u2026<\/p>\n\n\n\n<p>Sin embargo, el verdadero problema para el \u00abTato\u00bb Vega es que pasado el tiempo y cuando m\u00e1s se acerque el 2024\u2026 Seguramente, si Vicencio contin\u00faa en Fuerza por M\u00e9xico\u2026 A qui\u00e9n creen qu\u00e9 van a buscar para aliarse con los \u00abMorenos\u00bb o la oposici\u00f3n\u2026 Obvio que la respuesta es sencilla: Gonzalo\u2026 El tiene bajo su \u00abresguardo\u00bb a esos simpatizantes que le dieron el voto a este partido en la entidad\u2026 Y en una elecci\u00f3n tan cerrada como ser\u00e1 el 2024 en la entidad\u2026 Vale m\u00e1s PACTAR con el verdadero l\u00edder, que con el presidente de partido\u2026 AMEN\u2026<\/p>\n\n\n\n<p>EL ESTILO DE MORENA\u2026 Mucho se ha comentado que cuando los pol\u00edticos de \u00abimportancia\u00bb y con fuertes \u00abcarteras\u00bb en el gabinete estatal de MORENA\u2026 Van a un sitio p\u00fablico, la sociedad no los reconoce y por eso, ser\u00edan malos prospectos para ser candidatos en 2024 en Veracruz\u2026 Pero si algo no han entendido, sus cr\u00edticos es que a \u00abLos Morenos\u00bb les vale una \u00abpura y dos con sal\u00bb que los conozcan\u2026 Mientras su partido est\u00e9 fortalecido y su \u00abMes\u00edas\u00bb de la instrucci\u00f3n, que ellos ser\u00e1n candidatos\u2026 Tienen la confianza que con eso, salen adelante\u2026<\/p>\n\n\n\n<p>El ejemplo que ellos siempre ponen cuando les hacen esta cr\u00edtica\u2026 Es que en Veracruz en 2018, con todos los pron\u00f3sticos en contra, gan\u00f3 Cuitl\u00e1huac Garc\u00eda la gubernatura\u2026 As\u00ed que mientras la gente que sale a votar, siga \u00abcon fe ciega\u00bb a MORENA\u2026 Poco les importa ser o no conocidos por la sociedad\u2026 Por eso, la lucha de estos \u00abMorenos\u00bb se centra, en ganar la asignaci\u00f3n o la candidatura\u2026 Y ESA NO SE LAS DA EL PUEBLO\u2026 SE LAS DA \u00abSU MES\u00cdAS\u00bb\u2026<\/p>\n\n\n\n<p>Ante esta situaci\u00f3n\u2026Es que si \u00abEl Mes\u00edas\u00bb de MORENA dice que tal o cual, ser\u00e1 el candidato para un cargo de elecci\u00f3n popular en 2024 para Veracruz\u2026 Con eso tienen y con eso les basta y hasta les sobra\u2026 Ya que su confianza de los pol\u00edticos \u00abMorenos\u00bb se basa en que el \u00abpueblo est\u00e1 ciego\u00bb por el partido y por la 4T\u2026 No precisamente por qui\u00e9n vaya a ser el candidato\u2026 Y eso, qued\u00f3 demostrado en Veracruz el pasado 6 de junio en la elecci\u00f3n local\u2026 HAIGA COMO HAIGA SIDO\u2026 \u00bfA POCO NO?\u2026<\/p>\n\n\n\n<p>EL CASO COSAMALOAPAN\u2026 El que, al parecer, se va a despedir con \u00abbombo y platillos\u00bb de su gobierno municipal, es el alcalde de Cosamaloapan, Ra\u00fal Hermida, ya que si bien es cierto le toc\u00f3 la etapa m\u00e1s canija del COVID-19 durante casi dos a\u00f1os de gobierno\u2026 Le meti\u00f3 todo al tema de la educaci\u00f3n y salud en esta ciudad, que fue una de las m\u00e1s afectadas con el virus\u2026 Pero con todo y todo, dej\u00f3 ya las finanzas municipales saneadas y ya hasta el AGUINALDO pag\u00f3 a sus empleados municipales el pasado mes de septiembre\u2026<\/p>\n\n\n\n<p>As\u00ed que Hermida no dejar\u00e1 deudas en el municipio a su sucesor, el neo morenista, Gustavo Sent\u00edes, gente cercana del malogrado diputado local, Juan Carlos Molina \u00abEl Compayito\u00bb\u2026 Con el cual, ya sostiene reuniones entre sus equipos de trabajo para el tema de la entrega-recepci\u00f3n\u2026 Lleg\u00f3 por el PAN y fue de los pocos mun\u00edcipes que no \u00abcambio de pijama a media noche\u00bb\u2026 Pero cu\u00e1ntos presidentes municipales pueden presumir que ya pagaron el aguinaldo\u2026 Si hay unos que no tienen ni para la n\u00f3mina\u2026 A LO MEJOR, LO VAN A EXTRA\u00d1AR\u2026<\/p>\n","protected":false},"excerpt":{"rendered":"<p>Ricardo Ch\u00faaSale y Vale Despu\u00e9s que el Tribunal Electoral de Veracruz (TEV) ratific\u00f3 el triunfo de Juan Manuel D\u00edez Francos, como alcalde de Orizaba, desechando la impugnaci\u00f3n de MORENA\u2026 Qued\u00f3 claro que el \u00abEmperador\u00bb de Pluviosilla, mun\u00edcipe por tercera ocasi\u00f3n, SE MONT\u00d3 como un prospecto serio para la sucesi\u00f3n gubernamental por el PRI al 2024\u2026 [&hellip;]<\/p>\n","protected":false},"author":2,"featured_media":0,"comment_status":"closed","ping_status":"closed","sticky":false,"template":"","format":"standard","meta":{"tdm_status":"","tdm_grid_status":"","footnotes":""},"categories":[70],"tags":[17426,18681,652,17053,24637,15016,26576,1026,3272,1639,9200,876,2944,14196,8317,6753],"class_list":{"0":"post-80321","1":"post","2":"type-post","3":"status-publish","4":"format-standard","6":"category-de-opinion","7":"tag-4t","8":"tag-catem","9":"tag-eduardo-vega-yunes","10":"tag-esteban-ramirez-zepeta","11":"tag-fuerza-por-mexico","12":"tag-gonzalo-vicencio","13":"tag-juan-manuel-diez-francos-2","14":"tag-morena","15":"tag-ople","16":"tag-orizaba","17":"tag-poder-judicial-de-la-federacion","18":"tag-ricardo-ahued","19":"tag-ricardo-monreal-avila","20":"tag-tepjf","21":"tag-tev","22":"tag-tribunal-electoral-de-veracruz"},"yoast_head":"<!-- This site is optimized with the Yoast SEO plugin v27.4 - https:\/\/yoast.com\/product\/yoast-seo-wordpress\/ -->\n<title>Diez, el precandidato - Los pol\u00edticos Veracruz<\/title>\n<meta name=\"robots\" content=\"index, follow, max-snippet:-1, max-image-preview:large, max-video-preview:-1\" \/>\n<link rel=\"canonical\" href=\"https:\/\/lospoliticosveracruz.com\/?p=80321\" \/>\n<meta property=\"og:locale\" content=\"es_ES\" \/>\n<meta property=\"og:type\" content=\"article\" \/>\n<meta property=\"og:title\" content=\"Diez, el precandidato - Los pol\u00edticos Veracruz\" \/>\n<meta property=\"og:description\" content=\"Ricardo Ch\u00faaSale y Vale Despu\u00e9s que el Tribunal Electoral de Veracruz (TEV) ratific\u00f3 el triunfo de Juan Manuel D\u00edez Francos, como alcalde de Orizaba, desechando la impugnaci\u00f3n de MORENA\u2026 Qued\u00f3 claro que el \u00abEmperador\u00bb de Pluviosilla, mun\u00edcipe por tercera ocasi\u00f3n, SE MONT\u00d3 como un prospecto serio para la sucesi\u00f3n gubernamental por el PRI al 2024\u2026 [&hellip;]\" \/>\n<meta property=\"og:url\" content=\"https:\/\/lospoliticosveracruz.com\/?p=80321\" \/>\n<meta property=\"og:site_name\" content=\"Los pol\u00edticos Veracruz\" \/>\n<meta property=\"article:publisher\" content=\"https:\/\/www.facebook.com\/people\/Notimemes-de-los-Polticos\/61565672886568\/\" \/>\n<meta property=\"article:published_time\" content=\"2021-10-07T12:59:57+00:00\" \/>\n<meta property=\"article:modified_time\" content=\"2021-10-07T13:00:01+00:00\" \/>\n<meta property=\"og:image\" content=\"https:\/\/lospoliticosveracruz.com.mx\/wp-content\/uploads\/2021\/10\/WhatsApp-Image-2021-10-02-at-15.20.25-724x1024.jpeg\" \/>\n<meta name=\"author\" content=\"Lo viste en Los Pol\u00edticos\" \/>\n<meta name=\"twitter:card\" content=\"summary_large_image\" \/>\n<meta name=\"twitter:creator\" content=\"@LosPoliticosVer\" \/>\n<meta name=\"twitter:site\" content=\"@LosPoliticosVer\" \/>\n<meta name=\"twitter:label1\" content=\"Escrito por\" \/>\n\t<meta name=\"twitter:data1\" content=\"Lo viste en Los Pol\u00edticos\" \/>\n\t<meta name=\"twitter:label2\" content=\"Tiempo de lectura\" \/>\n\t<meta name=\"twitter:data2\" content=\"5 minutos\" \/>\n<script type=\"application\/ld+json\" class=\"yoast-schema-graph\">{\"@context\":\"https:\\\/\\\/schema.org\",\"@graph\":[{\"@type\":\"Article\",\"@id\":\"https:\\\/\\\/lospoliticosveracruz.com\\\/?p=80321#article\",\"isPartOf\":{\"@id\":\"https:\\\/\\\/lospoliticosveracruz.com\\\/?p=80321\"},\"author\":{\"name\":\"Lo viste en Los Pol\u00edticos\",\"@id\":\"https:\\\/\\\/lospoliticosveracruz.com\\\/#\\\/schema\\\/person\\\/b8702bb0e538456e6efd07080bf2a4a2\"},\"headline\":\"Diez, el precandidato\",\"datePublished\":\"2021-10-07T12:59:57+00:00\",\"dateModified\":\"2021-10-07T13:00:01+00:00\",\"mainEntityOfPage\":{\"@id\":\"https:\\\/\\\/lospoliticosveracruz.com\\\/?p=80321\"},\"wordCount\":1048,\"publisher\":{\"@id\":\"https:\\\/\\\/lospoliticosveracruz.com\\\/#organization\"},\"image\":{\"@id\":\"https:\\\/\\\/lospoliticosveracruz.com\\\/?p=80321#primaryimage\"},\"thumbnailUrl\":\"https:\\\/\\\/lospoliticosveracruz.com.mx\\\/wp-content\\\/uploads\\\/2021\\\/10\\\/WhatsApp-Image-2021-10-02-at-15.20.25-724x1024.jpeg\",\"keywords\":[\"4T\",\"Catem\",\"Eduardo Vega Yunes\",\"Esteban Ram\u00edrez Zepeta\",\"Fuerza por M\u00e9xico\",\"Gonzalo Vicencio\",\"Juan Manuel D\u00edez Francos\",\"Morena\",\"OPLE\",\"Orizaba\",\"Poder Judicial de la Federaci\u00f3n\",\"Ricardo Ahued\",\"Ricardo Monreal \u00c1vila\",\"TEPJF\",\"TEV\",\"Tribunal Electoral de Veracruz\"],\"articleSection\":[\"De Opini\u00f3n\"],\"inLanguage\":\"es\"},{\"@type\":\"WebPage\",\"@id\":\"https:\\\/\\\/lospoliticosveracruz.com\\\/?p=80321\",\"url\":\"https:\\\/\\\/lospoliticosveracruz.com\\\/?p=80321\",\"name\":\"Diez, el precandidato - Los pol\u00edticos Veracruz\",\"isPartOf\":{\"@id\":\"https:\\\/\\\/lospoliticosveracruz.com\\\/#website\"},\"primaryImageOfPage\":{\"@id\":\"https:\\\/\\\/lospoliticosveracruz.com\\\/?p=80321#primaryimage\"},\"image\":{\"@id\":\"https:\\\/\\\/lospoliticosveracruz.com\\\/?p=80321#primaryimage\"},\"thumbnailUrl\":\"https:\\\/\\\/lospoliticosveracruz.com.mx\\\/wp-content\\\/uploads\\\/2021\\\/10\\\/WhatsApp-Image-2021-10-02-at-15.20.25-724x1024.jpeg\",\"datePublished\":\"2021-10-07T12:59:57+00:00\",\"dateModified\":\"2021-10-07T13:00:01+00:00\",\"breadcrumb\":{\"@id\":\"https:\\\/\\\/lospoliticosveracruz.com\\\/?p=80321#breadcrumb\"},\"inLanguage\":\"es\",\"potentialAction\":[{\"@type\":\"ReadAction\",\"target\":[\"https:\\\/\\\/lospoliticosveracruz.com\\\/?p=80321\"]}]},{\"@type\":\"ImageObject\",\"inLanguage\":\"es\",\"@id\":\"https:\\\/\\\/lospoliticosveracruz.com\\\/?p=80321#primaryimage\",\"url\":\"https:\\\/\\\/lospoliticosveracruz.com.mx\\\/wp-content\\\/uploads\\\/2021\\\/10\\\/WhatsApp-Image-2021-10-02-at-15.20.25-724x1024.jpeg\",\"contentUrl\":\"https:\\\/\\\/lospoliticosveracruz.com.mx\\\/wp-content\\\/uploads\\\/2021\\\/10\\\/WhatsApp-Image-2021-10-02-at-15.20.25-724x1024.jpeg\"},{\"@type\":\"BreadcrumbList\",\"@id\":\"https:\\\/\\\/lospoliticosveracruz.com\\\/?p=80321#breadcrumb\",\"itemListElement\":[{\"@type\":\"ListItem\",\"position\":1,\"name\":\"Portada\",\"item\":\"https:\\\/\\\/lospoliticosveracruz.com\\\/\"},{\"@type\":\"ListItem\",\"position\":2,\"name\":\"Diez, el precandidato\"}]},{\"@type\":\"WebSite\",\"@id\":\"https:\\\/\\\/lospoliticosveracruz.com\\\/#website\",\"url\":\"https:\\\/\\\/lospoliticosveracruz.com\\\/\",\"name\":\"Los pol\u00edticos Veracruz\",\"description\":\"\",\"publisher\":{\"@id\":\"https:\\\/\\\/lospoliticosveracruz.com\\\/#organization\"},\"potentialAction\":[{\"@type\":\"SearchAction\",\"target\":{\"@type\":\"EntryPoint\",\"urlTemplate\":\"https:\\\/\\\/lospoliticosveracruz.com\\\/?s={search_term_string}\"},\"query-input\":{\"@type\":\"PropertyValueSpecification\",\"valueRequired\":true,\"valueName\":\"search_term_string\"}}],\"inLanguage\":\"es\"},{\"@type\":\"Organization\",\"@id\":\"https:\\\/\\\/lospoliticosveracruz.com\\\/#organization\",\"name\":\"Los pol\u00edticos Veracruz\",\"url\":\"https:\\\/\\\/lospoliticosveracruz.com\\\/\",\"logo\":{\"@type\":\"ImageObject\",\"inLanguage\":\"es\",\"@id\":\"https:\\\/\\\/lospoliticosveracruz.com\\\/#\\\/schema\\\/logo\\\/image\\\/\",\"url\":\"https:\\\/\\\/lospoliticosveracruz.com\\\/wp-content\\\/uploads\\\/2025\\\/12\\\/Logo-Nuevo-LOS-POLITICOS-1.jpg\",\"contentUrl\":\"https:\\\/\\\/lospoliticosveracruz.com\\\/wp-content\\\/uploads\\\/2025\\\/12\\\/Logo-Nuevo-LOS-POLITICOS-1.jpg\",\"width\":260,\"height\":70,\"caption\":\"Los pol\u00edticos Veracruz\"},\"image\":{\"@id\":\"https:\\\/\\\/lospoliticosveracruz.com\\\/#\\\/schema\\\/logo\\\/image\\\/\"},\"sameAs\":[\"https:\\\/\\\/www.facebook.com\\\/people\\\/Notimemes-de-los-Polticos\\\/61565672886568\\\/\",\"https:\\\/\\\/x.com\\\/LosPoliticosVer\"]},{\"@type\":\"Person\",\"@id\":\"https:\\\/\\\/lospoliticosveracruz.com\\\/#\\\/schema\\\/person\\\/b8702bb0e538456e6efd07080bf2a4a2\",\"name\":\"Lo viste en Los Pol\u00edticos\",\"image\":{\"@type\":\"ImageObject\",\"inLanguage\":\"es\",\"@id\":\"https:\\\/\\\/secure.gravatar.com\\\/avatar\\\/3a8de04a2656d44082be478bd6c086daa447c4651605818287b9532d3d0bd435?s=96&d=mm&r=g\",\"url\":\"https:\\\/\\\/secure.gravatar.com\\\/avatar\\\/3a8de04a2656d44082be478bd6c086daa447c4651605818287b9532d3d0bd435?s=96&d=mm&r=g\",\"contentUrl\":\"https:\\\/\\\/secure.gravatar.com\\\/avatar\\\/3a8de04a2656d44082be478bd6c086daa447c4651605818287b9532d3d0bd435?s=96&d=mm&r=g\",\"caption\":\"Lo viste en Los Pol\u00edticos\"},\"url\":\"https:\\\/\\\/lospoliticosveracruz.com\\\/?author=2\"}]}<\/script>\n<!-- \/ Yoast SEO plugin. -->","yoast_head_json":{"title":"Diez, el precandidato - Los pol\u00edticos Veracruz","robots":{"index":"index","follow":"follow","max-snippet":"max-snippet:-1","max-image-preview":"max-image-preview:large","max-video-preview":"max-video-preview:-1"},"canonical":"https:\/\/lospoliticosveracruz.com\/?p=80321","og_locale":"es_ES","og_type":"article","og_title":"Diez, el precandidato - Los pol\u00edticos Veracruz","og_description":"Ricardo Ch\u00faaSale y Vale Despu\u00e9s que el Tribunal Electoral de Veracruz (TEV) ratific\u00f3 el triunfo de Juan Manuel D\u00edez Francos, como alcalde de Orizaba, desechando la impugnaci\u00f3n de MORENA\u2026 Qued\u00f3 claro que el \u00abEmperador\u00bb de Pluviosilla, mun\u00edcipe por tercera ocasi\u00f3n, SE MONT\u00d3 como un prospecto serio para la sucesi\u00f3n gubernamental por el PRI al 2024\u2026 [&hellip;]","og_url":"https:\/\/lospoliticosveracruz.com\/?p=80321","og_site_name":"Los pol\u00edticos Veracruz","article_publisher":"https:\/\/www.facebook.com\/people\/Notimemes-de-los-Polticos\/61565672886568\/","article_published_time":"2021-10-07T12:59:57+00:00","article_modified_time":"2021-10-07T13:00:01+00:00","og_image":[{"url":"https:\/\/lospoliticosveracruz.com.mx\/wp-content\/uploads\/2021\/10\/WhatsApp-Image-2021-10-02-at-15.20.25-724x1024.jpeg","type":"","width":"","height":""}],"author":"Lo viste en Los Pol\u00edticos","twitter_card":"summary_large_image","twitter_creator":"@LosPoliticosVer","twitter_site":"@LosPoliticosVer","twitter_misc":{"Escrito por":"Lo viste en Los Pol\u00edticos","Tiempo de lectura":"5 minutos"},"schema":{"@context":"https:\/\/schema.org","@graph":[{"@type":"Article","@id":"https:\/\/lospoliticosveracruz.com\/?p=80321#article","isPartOf":{"@id":"https:\/\/lospoliticosveracruz.com\/?p=80321"},"author":{"name":"Lo viste en Los Pol\u00edticos","@id":"https:\/\/lospoliticosveracruz.com\/#\/schema\/person\/b8702bb0e538456e6efd07080bf2a4a2"},"headline":"Diez, el precandidato","datePublished":"2021-10-07T12:59:57+00:00","dateModified":"2021-10-07T13:00:01+00:00","mainEntityOfPage":{"@id":"https:\/\/lospoliticosveracruz.com\/?p=80321"},"wordCount":1048,"publisher":{"@id":"https:\/\/lospoliticosveracruz.com\/#organization"},"image":{"@id":"https:\/\/lospoliticosveracruz.com\/?p=80321#primaryimage"},"thumbnailUrl":"https:\/\/lospoliticosveracruz.com.mx\/wp-content\/uploads\/2021\/10\/WhatsApp-Image-2021-10-02-at-15.20.25-724x1024.jpeg","keywords":["4T","Catem","Eduardo Vega Yunes","Esteban Ram\u00edrez Zepeta","Fuerza por M\u00e9xico","Gonzalo Vicencio","Juan Manuel D\u00edez Francos","Morena","OPLE","Orizaba","Poder Judicial de la Federaci\u00f3n","Ricardo Ahued","Ricardo Monreal \u00c1vila","TEPJF","TEV","Tribunal Electoral de Veracruz"],"articleSection":["De Opini\u00f3n"],"inLanguage":"es"},{"@type":"WebPage","@id":"https:\/\/lospoliticosveracruz.com\/?p=80321","url":"https:\/\/lospoliticosveracruz.com\/?p=80321","name":"Diez, el precandidato - Los pol\u00edticos Veracruz","isPartOf":{"@id":"https:\/\/lospoliticosveracruz.com\/#website"},"primaryImageOfPage":{"@id":"https:\/\/lospoliticosveracruz.com\/?p=80321#primaryimage"},"image":{"@id":"https:\/\/lospoliticosveracruz.com\/?p=80321#primaryimage"},"thumbnailUrl":"https:\/\/lospoliticosveracruz.com.mx\/wp-content\/uploads\/2021\/10\/WhatsApp-Image-2021-10-02-at-15.20.25-724x1024.jpeg","datePublished":"2021-10-07T12:59:57+00:00","dateModified":"2021-10-07T13:00:01+00:00","breadcrumb":{"@id":"https:\/\/lospoliticosveracruz.com\/?p=80321#breadcrumb"},"inLanguage":"es","potentialAction":[{"@type":"ReadAction","target":["https:\/\/lospoliticosveracruz.com\/?p=80321"]}]},{"@type":"ImageObject","inLanguage":"es","@id":"https:\/\/lospoliticosveracruz.com\/?p=80321#primaryimage","url":"https:\/\/lospoliticosveracruz.com.mx\/wp-content\/uploads\/2021\/10\/WhatsApp-Image-2021-10-02-at-15.20.25-724x1024.jpeg","contentUrl":"https:\/\/lospoliticosveracruz.com.mx\/wp-content\/uploads\/2021\/10\/WhatsApp-Image-2021-10-02-at-15.20.25-724x1024.jpeg"},{"@type":"BreadcrumbList","@id":"https:\/\/lospoliticosveracruz.com\/?p=80321#breadcrumb","itemListElement":[{"@type":"ListItem","position":1,"name":"Portada","item":"https:\/\/lospoliticosveracruz.com\/"},{"@type":"ListItem","position":2,"name":"Diez, el precandidato"}]},{"@type":"WebSite","@id":"https:\/\/lospoliticosveracruz.com\/#website","url":"https:\/\/lospoliticosveracruz.com\/","name":"Los pol\u00edticos Veracruz","description":"","publisher":{"@id":"https:\/\/lospoliticosveracruz.com\/#organization"},"potentialAction":[{"@type":"SearchAction","target":{"@type":"EntryPoint","urlTemplate":"https:\/\/lospoliticosveracruz.com\/?s={search_term_string}"},"query-input":{"@type":"PropertyValueSpecification","valueRequired":true,"valueName":"search_term_string"}}],"inLanguage":"es"},{"@type":"Organization","@id":"https:\/\/lospoliticosveracruz.com\/#organization","name":"Los pol\u00edticos Veracruz","url":"https:\/\/lospoliticosveracruz.com\/","logo":{"@type":"ImageObject","inLanguage":"es","@id":"https:\/\/lospoliticosveracruz.com\/#\/schema\/logo\/image\/","url":"https:\/\/lospoliticosveracruz.com\/wp-content\/uploads\/2025\/12\/Logo-Nuevo-LOS-POLITICOS-1.jpg","contentUrl":"https:\/\/lospoliticosveracruz.com\/wp-content\/uploads\/2025\/12\/Logo-Nuevo-LOS-POLITICOS-1.jpg","width":260,"height":70,"caption":"Los pol\u00edticos Veracruz"},"image":{"@id":"https:\/\/lospoliticosveracruz.com\/#\/schema\/logo\/image\/"},"sameAs":["https:\/\/www.facebook.com\/people\/Notimemes-de-los-Polticos\/61565672886568\/","https:\/\/x.com\/LosPoliticosVer"]},{"@type":"Person","@id":"https:\/\/lospoliticosveracruz.com\/#\/schema\/person\/b8702bb0e538456e6efd07080bf2a4a2","name":"Lo viste en Los Pol\u00edticos","image":{"@type":"ImageObject","inLanguage":"es","@id":"https:\/\/secure.gravatar.com\/avatar\/3a8de04a2656d44082be478bd6c086daa447c4651605818287b9532d3d0bd435?s=96&d=mm&r=g","url":"https:\/\/secure.gravatar.com\/avatar\/3a8de04a2656d44082be478bd6c086daa447c4651605818287b9532d3d0bd435?s=96&d=mm&r=g","contentUrl":"https:\/\/secure.gravatar.com\/avatar\/3a8de04a2656d44082be478bd6c086daa447c4651605818287b9532d3d0bd435?s=96&d=mm&r=g","caption":"Lo viste en Los Pol\u00edticos"},"url":"https:\/\/lospoliticosveracruz.com\/?author=2"}]}},"_links":{"self":[{"href":"https:\/\/lospoliticosveracruz.com\/index.php?rest_route=\/wp\/v2\/posts\/80321","targetHints":{"allow":["GET"]}}],"collection":[{"href":"https:\/\/lospoliticosveracruz.com\/index.php?rest_route=\/wp\/v2\/posts"}],"about":[{"href":"https:\/\/lospoliticosveracruz.com\/index.php?rest_route=\/wp\/v2\/types\/post"}],"author":[{"embeddable":true,"href":"https:\/\/lospoliticosveracruz.com\/index.php?rest_route=\/wp\/v2\/users\/2"}],"replies":[{"embeddable":true,"href":"https:\/\/lospoliticosveracruz.com\/index.php?rest_route=%2Fwp%2Fv2%2Fcomments&post=80321"}],"version-history":[{"count":1,"href":"https:\/\/lospoliticosveracruz.com\/index.php?rest_route=\/wp\/v2\/posts\/80321\/revisions"}],"predecessor-version":[{"id":80324,"href":"https:\/\/lospoliticosveracruz.com\/index.php?rest_route=\/wp\/v2\/posts\/80321\/revisions\/80324"}],"wp:attachment":[{"href":"https:\/\/lospoliticosveracruz.com\/index.php?rest_route=%2Fwp%2Fv2%2Fmedia&parent=80321"}],"wp:term":[{"taxonomy":"category","embeddable":true,"href":"https:\/\/lospoliticosveracruz.com\/index.php?rest_route=%2Fwp%2Fv2%2Fcategories&post=80321"},{"taxonomy":"post_tag","embeddable":true,"href":"https:\/\/lospoliticosveracruz.com\/index.php?rest_route=%2Fwp%2Fv2%2Ftags&post=80321"}],"curies":[{"name":"wp","href":"https:\/\/api.w.org\/{rel}","templated":true}]}}