{"id":80340,"date":"2021-10-07T10:33:18","date_gmt":"2021-10-07T15:33:18","guid":{"rendered":"https:\/\/lospoliticosveracruz.com.mx\/?p=80340"},"modified":"2021-10-07T10:33:22","modified_gmt":"2021-10-07T15:33:22","slug":"el-pri-en-veracruz-un-nuevo-ciclo","status":"publish","type":"post","link":"https:\/\/lospoliticosveracruz.com\/?p=80340","title":{"rendered":"El PRI en Veracruz, un nuevo ciclo"},"content":{"rendered":"\n<p><\/p>\n\n\n\n<p><strong>Miguel Angel Cristiani Gonz\u00e1lez<br><\/strong><em>Bit\u00e1cora Pol\u00edtica<\/em><\/p>\n\n\n\n<p>En una amplia charla -que se prolong\u00f3 por cerca de cuatro horas- el ex presidente del Comit\u00e9 Directivo Estatal del PRI, ex alcalde de Xalapa y ex delegado del CEN en el Estado de Puebla, convers\u00f3 con un grupo de periodistas sobre distintos temas de la pol\u00edtica nacional y estatal, sobre las dirigencias nacional y del estado del partido, la renovaci\u00f3n de cuadros, la posible regeneraci\u00f3n del instituto pol\u00edtico, sobre las caracter\u00edsticas que debe de tener el pr\u00f3ximo l\u00edder del PRI, las acciones que se deben de seguir, acerca de la Alianza partidista Va por M\u00e9xico, los que se fueron a MORENA y ahora est\u00e1n desilusionados, respecto al triunfo de Ricardo Ahued en la presidencia de la capital y del actual presidente municipal al que calific\u00f3 como una aut\u00e9ntica desgracia.<\/p>\n\n\n\n<p>Luego de que en la primera parte de la entrevista nos habl\u00f3 sobre la dirigencia nacional del PRI, la pregunta obligada era a nivel local, \u00bfc\u00f3mo ves la dirigencia del partido? \u00bfte interesa a ti la presidencia?<\/p>\n\n\n\n<p><strong>Esto fue lo que nos respondi\u00f3:<\/strong><\/p>\n\n\n\n<p>-No, de ninguna forma, yo ya fui presidente del partido, no me interesa, pero s\u00ed estoy en desacuerdo de que no podamos hoy abrir la posibilidad de que el partido se regenere en cuanto a sus dirigencias, yo creo que el actual presidente del PRI en Veracruz, tuvo ya un ciclo, es un ciclo pol\u00edtico, estos cargos no son cargos vitalicios, ni totalmente legales, es un partido pol\u00edtico, y la pol\u00edtica tiene ciclos y momentos, en el \u00e1mbito nacional y en el local.<\/p>\n\n\n\n<p>Pero despu\u00e9s de haber pasado por una elecci\u00f3n, yo fui presidente del PRI en el 2018, con el peor momento del partido, con toda la resabia del Duartismo y en ese momento cre\u00edmos que no nos pod\u00eda haber ido peor, que ya hab\u00edamos tocado fondo, y no, s\u00ed nos fue peor, si se tuvo menos votos para diputados locales y federales en el pasado 2021.<\/p>\n\n\n\n<p>Entonces, ese ciclo que tambi\u00e9n se vece, me parece que debe de dar una puerta y una posibilidad a renovar las estructuras del partido, para retomar rumbo y fuerza.<\/p>\n\n\n\n<p>Es m\u00e1s, se debe de dar una vez que el se\u00f1or presidente del comit\u00e9 se asuma como representante popular, \u00e9l va a ser un diputado y va a ser un buen diputado, pero creo que debe dejar el partido y debe concentrarse en los temas legislativos.<\/p>\n\n\n\n<p><strong>\u00bfQui\u00e9n podr\u00eda ser el pr\u00f3ximo dirigente del PRI en Veracruz?<\/strong><\/p>\n\n\n\n<p>Con honestidad, no tengo ning\u00fan candidato, pero creo que cualquier joven, mujer, hombre, con credenciales y con cr\u00e9dito moral y credenciales partidistas, puede aspirar a ello. Todo mundo tiene derecho y creo que nos lo merecemos. El PRI no puede quedarse as\u00ed.<\/p>\n\n\n\n<p>Creo que no podemos dejar afuera a nadie, creo que se puede abrir la posibilidad, creo que nos ha faltado dialogar.<\/p>\n\n\n\n<p>El gran problema de la Alianza Va por M\u00e9xico, es que no tuvimos suficiente tiempo para explicarla, pocas personas la entendieron, y el electorado creo que debi\u00f3 de haber tenido mayores elementos para entender de qu\u00e9 se trataba esa gran coalici\u00f3n. Hoy tenemos la posibilidad de explicarla bien, de explicarla adecuadamente, la Alianza Va por M\u00e9xico, bien vale la pena cuidarla, salvarla, tender puentes, construir acuerdos entre los otros partidos.<\/p>\n\n\n\n<p>Cada partido en estos momentos tiene su propia crisis interna, salvo el del sistema, que ese es un partido, que ni siquiera es un partido, es producto de la autocracia.<\/p>\n\n\n\n<p>Pero todos los dem\u00e1s partidos que tenemos historia, que un bagaje de documentos que nos hacen precisamente partido, tenemos que consolidarnos y luego dialogar al interior, la reestructura del partido debe ser total y a fondo, no solamente hablo del partido a nivel estado, se debe de llevar esta discusi\u00f3n a la participaci\u00f3n a todos los municipios, rancher\u00edas, congregaciones ir por todos lados, hay miles de cientos de priistas, lamentablemente, est\u00e1n enojados, siguen sinti\u00e9ndose traicionados y siguen sinti\u00e9ndose olvidados y no ha habido nadie que los invite a participar y dialogar.<\/p>\n\n\n\n<p>Creo que el partido sigue teniendo dentro de sus filas, experiencia, talento, gente horrada, trabajadora, leal.<\/p>\n\n\n\n<p>Yo ir\u00eda a ver a quienes se quedaron, primero, tenemos que ser muy claros, ha habido una deserci\u00f3n dentro del partido terrible, se tiene que revisar con quienes contamos. Hablo de la dirigencia, para construir partido, para regenerarlo, as\u00ed tenemos que abrir la puerta tambi\u00e9n, hay mucha que se fue a Morena, que est\u00e1 desencantada, que se siente traicionada, necesita tambi\u00e9n una opci\u00f3n de regreso, pero no dentro de los cargos de dirigencia tampoco.<\/p>\n\n\n\n<p>Respeto a la elecci\u00f3n municipal de Xalapa, Am\u00e9rico Z\u00fa\u00f1iga nos dijo: Yo no puedo estar m\u00e1s contento de que a Xalapa pueda llegar un se\u00f1or con la seriedad y con la capacidad de Ricardo. A Xalapa le iba a ir bien, si ganaba Ricardo, si ganaba David, si ganaba Ra\u00fal Arias Lobillo, le iba a ir bien. Le iba a ir mal, si reelegimos al que est\u00e1.-<\/p>\n\n\n\n<p>El tema de la administraci\u00f3n de Hip\u00f3lito Rodr\u00edguez Herrero al que de entrada calific\u00f3 como una desgracia para Xalapa, merece la pena ser detallado en otra Bit\u00e1cora Pol\u00edtica Veracruzana, por los datos y cifras que el ex alcalde de la capital veracruzana, confront\u00f3, despu\u00e9s de varios a\u00f1os de estar siendo culpado por todos los problemas, que no han sido atendidos ni resueltos en el actual gobierno municipal.<\/p>\n","protected":false},"excerpt":{"rendered":"<p>Miguel Angel Cristiani Gonz\u00e1lezBit\u00e1cora Pol\u00edtica En una amplia charla -que se prolong\u00f3 por cerca de cuatro horas- el ex presidente del Comit\u00e9 Directivo Estatal del PRI, ex alcalde de Xalapa y ex delegado del CEN en el Estado de Puebla, convers\u00f3 con un grupo de periodistas sobre distintos temas de la pol\u00edtica nacional y estatal, [&hellip;]<\/p>\n","protected":false},"author":2,"featured_media":0,"comment_status":"closed","ping_status":"closed","sticky":false,"template":"","format":"standard","meta":{"tdm_status":"","tdm_grid_status":"","footnotes":""},"categories":[70],"tags":[483,7620,29917,1026,251,2812,24697,195,96],"class_list":{"0":"post-80340","1":"post","2":"type-post","3":"status-publish","4":"format-standard","6":"category-de-opinion","7":"tag-americo-zuniga","8":"tag-hipolito-rodriguez-herrero","9":"tag-miguel-angel-cristiani-gonzalez-2","10":"tag-morena","11":"tag-pri","12":"tag-ricardo-ahued-bardahuil","13":"tag-va-por-mexico","14":"tag-veracruz","15":"tag-xalapa"},"yoast_head":"<!-- This site is optimized with the Yoast SEO plugin v27.4 - https:\/\/yoast.com\/product\/yoast-seo-wordpress\/ -->\n<title>El PRI en Veracruz, un nuevo ciclo - Los pol\u00edticos Veracruz<\/title>\n<meta name=\"robots\" content=\"index, follow, max-snippet:-1, max-image-preview:large, max-video-preview:-1\" \/>\n<link rel=\"canonical\" href=\"https:\/\/lospoliticosveracruz.com\/?p=80340\" \/>\n<meta property=\"og:locale\" content=\"es_ES\" \/>\n<meta property=\"og:type\" content=\"article\" \/>\n<meta property=\"og:title\" content=\"El PRI en Veracruz, un nuevo ciclo - Los pol\u00edticos Veracruz\" \/>\n<meta property=\"og:description\" content=\"Miguel Angel Cristiani Gonz\u00e1lezBit\u00e1cora Pol\u00edtica En una amplia charla -que se prolong\u00f3 por cerca de cuatro horas- el ex presidente del Comit\u00e9 Directivo Estatal del PRI, ex alcalde de Xalapa y ex delegado del CEN en el Estado de Puebla, convers\u00f3 con un grupo de periodistas sobre distintos temas de la pol\u00edtica nacional y estatal, [&hellip;]\" \/>\n<meta property=\"og:url\" content=\"https:\/\/lospoliticosveracruz.com\/?p=80340\" \/>\n<meta property=\"og:site_name\" content=\"Los pol\u00edticos Veracruz\" \/>\n<meta property=\"article:publisher\" content=\"https:\/\/www.facebook.com\/people\/Notimemes-de-los-Polticos\/61565672886568\/\" \/>\n<meta property=\"article:published_time\" content=\"2021-10-07T15:33:18+00:00\" \/>\n<meta property=\"article:modified_time\" content=\"2021-10-07T15:33:22+00:00\" \/>\n<meta property=\"og:image\" content=\"https:\/\/lospoliticosveracruz.com\/wp-content\/uploads\/2016\/07\/Logo-Dor.jpg\" \/>\n\t<meta property=\"og:image:width\" content=\"200\" \/>\n\t<meta property=\"og:image:height\" content=\"200\" \/>\n\t<meta property=\"og:image:type\" content=\"image\/jpeg\" \/>\n<meta name=\"author\" content=\"Lo viste en Los Pol\u00edticos\" \/>\n<meta name=\"twitter:card\" content=\"summary_large_image\" \/>\n<meta name=\"twitter:creator\" content=\"@LosPoliticosVer\" \/>\n<meta name=\"twitter:site\" content=\"@LosPoliticosVer\" \/>\n<meta name=\"twitter:label1\" content=\"Escrito por\" \/>\n\t<meta name=\"twitter:data1\" content=\"Lo viste en Los Pol\u00edticos\" \/>\n\t<meta name=\"twitter:label2\" content=\"Tiempo de lectura\" \/>\n\t<meta name=\"twitter:data2\" content=\"5 minutos\" \/>\n<script type=\"application\/ld+json\" class=\"yoast-schema-graph\">{\"@context\":\"https:\\\/\\\/schema.org\",\"@graph\":[{\"@type\":\"Article\",\"@id\":\"https:\\\/\\\/lospoliticosveracruz.com\\\/?p=80340#article\",\"isPartOf\":{\"@id\":\"https:\\\/\\\/lospoliticosveracruz.com\\\/?p=80340\"},\"author\":{\"name\":\"Lo viste en Los Pol\u00edticos\",\"@id\":\"https:\\\/\\\/lospoliticosveracruz.com\\\/#\\\/schema\\\/person\\\/b8702bb0e538456e6efd07080bf2a4a2\"},\"headline\":\"El PRI en Veracruz, un nuevo ciclo\",\"datePublished\":\"2021-10-07T15:33:18+00:00\",\"dateModified\":\"2021-10-07T15:33:22+00:00\",\"mainEntityOfPage\":{\"@id\":\"https:\\\/\\\/lospoliticosveracruz.com\\\/?p=80340\"},\"wordCount\":954,\"publisher\":{\"@id\":\"https:\\\/\\\/lospoliticosveracruz.com\\\/#organization\"},\"keywords\":[\"Am\u00e9rico Z\u00fa\u00f1iga\",\"Hip\u00f3lito Rodr\u00edguez Herrero\",\"Miguel Angel Cristiani Gonz\u00e1lez\",\"Morena\",\"PRI\",\"Ricardo Ahued Bardahuil\",\"Va por M\u00e9xico\",\"Veracruz\",\"Xalapa\"],\"articleSection\":[\"De Opini\u00f3n\"],\"inLanguage\":\"es\"},{\"@type\":\"WebPage\",\"@id\":\"https:\\\/\\\/lospoliticosveracruz.com\\\/?p=80340\",\"url\":\"https:\\\/\\\/lospoliticosveracruz.com\\\/?p=80340\",\"name\":\"El PRI en Veracruz, un nuevo ciclo - Los pol\u00edticos Veracruz\",\"isPartOf\":{\"@id\":\"https:\\\/\\\/lospoliticosveracruz.com\\\/#website\"},\"datePublished\":\"2021-10-07T15:33:18+00:00\",\"dateModified\":\"2021-10-07T15:33:22+00:00\",\"breadcrumb\":{\"@id\":\"https:\\\/\\\/lospoliticosveracruz.com\\\/?p=80340#breadcrumb\"},\"inLanguage\":\"es\",\"potentialAction\":[{\"@type\":\"ReadAction\",\"target\":[\"https:\\\/\\\/lospoliticosveracruz.com\\\/?p=80340\"]}]},{\"@type\":\"BreadcrumbList\",\"@id\":\"https:\\\/\\\/lospoliticosveracruz.com\\\/?p=80340#breadcrumb\",\"itemListElement\":[{\"@type\":\"ListItem\",\"position\":1,\"name\":\"Portada\",\"item\":\"https:\\\/\\\/lospoliticosveracruz.com\\\/\"},{\"@type\":\"ListItem\",\"position\":2,\"name\":\"El PRI en Veracruz, un nuevo ciclo\"}]},{\"@type\":\"WebSite\",\"@id\":\"https:\\\/\\\/lospoliticosveracruz.com\\\/#website\",\"url\":\"https:\\\/\\\/lospoliticosveracruz.com\\\/\",\"name\":\"Los pol\u00edticos Veracruz\",\"description\":\"\",\"publisher\":{\"@id\":\"https:\\\/\\\/lospoliticosveracruz.com\\\/#organization\"},\"potentialAction\":[{\"@type\":\"SearchAction\",\"target\":{\"@type\":\"EntryPoint\",\"urlTemplate\":\"https:\\\/\\\/lospoliticosveracruz.com\\\/?s={search_term_string}\"},\"query-input\":{\"@type\":\"PropertyValueSpecification\",\"valueRequired\":true,\"valueName\":\"search_term_string\"}}],\"inLanguage\":\"es\"},{\"@type\":\"Organization\",\"@id\":\"https:\\\/\\\/lospoliticosveracruz.com\\\/#organization\",\"name\":\"Los pol\u00edticos Veracruz\",\"url\":\"https:\\\/\\\/lospoliticosveracruz.com\\\/\",\"logo\":{\"@type\":\"ImageObject\",\"inLanguage\":\"es\",\"@id\":\"https:\\\/\\\/lospoliticosveracruz.com\\\/#\\\/schema\\\/logo\\\/image\\\/\",\"url\":\"https:\\\/\\\/lospoliticosveracruz.com\\\/wp-content\\\/uploads\\\/2025\\\/12\\\/Logo-Nuevo-LOS-POLITICOS-1.jpg\",\"contentUrl\":\"https:\\\/\\\/lospoliticosveracruz.com\\\/wp-content\\\/uploads\\\/2025\\\/12\\\/Logo-Nuevo-LOS-POLITICOS-1.jpg\",\"width\":260,\"height\":70,\"caption\":\"Los pol\u00edticos Veracruz\"},\"image\":{\"@id\":\"https:\\\/\\\/lospoliticosveracruz.com\\\/#\\\/schema\\\/logo\\\/image\\\/\"},\"sameAs\":[\"https:\\\/\\\/www.facebook.com\\\/people\\\/Notimemes-de-los-Polticos\\\/61565672886568\\\/\",\"https:\\\/\\\/x.com\\\/LosPoliticosVer\"]},{\"@type\":\"Person\",\"@id\":\"https:\\\/\\\/lospoliticosveracruz.com\\\/#\\\/schema\\\/person\\\/b8702bb0e538456e6efd07080bf2a4a2\",\"name\":\"Lo viste en Los Pol\u00edticos\",\"image\":{\"@type\":\"ImageObject\",\"inLanguage\":\"es\",\"@id\":\"https:\\\/\\\/secure.gravatar.com\\\/avatar\\\/3a8de04a2656d44082be478bd6c086daa447c4651605818287b9532d3d0bd435?s=96&d=mm&r=g\",\"url\":\"https:\\\/\\\/secure.gravatar.com\\\/avatar\\\/3a8de04a2656d44082be478bd6c086daa447c4651605818287b9532d3d0bd435?s=96&d=mm&r=g\",\"contentUrl\":\"https:\\\/\\\/secure.gravatar.com\\\/avatar\\\/3a8de04a2656d44082be478bd6c086daa447c4651605818287b9532d3d0bd435?s=96&d=mm&r=g\",\"caption\":\"Lo viste en Los Pol\u00edticos\"},\"url\":\"https:\\\/\\\/lospoliticosveracruz.com\\\/?author=2\"}]}<\/script>\n<!-- \/ Yoast SEO plugin. -->","yoast_head_json":{"title":"El PRI en Veracruz, un nuevo ciclo - Los pol\u00edticos Veracruz","robots":{"index":"index","follow":"follow","max-snippet":"max-snippet:-1","max-image-preview":"max-image-preview:large","max-video-preview":"max-video-preview:-1"},"canonical":"https:\/\/lospoliticosveracruz.com\/?p=80340","og_locale":"es_ES","og_type":"article","og_title":"El PRI en Veracruz, un nuevo ciclo - Los pol\u00edticos Veracruz","og_description":"Miguel Angel Cristiani Gonz\u00e1lezBit\u00e1cora Pol\u00edtica En una amplia charla -que se prolong\u00f3 por cerca de cuatro horas- el ex presidente del Comit\u00e9 Directivo Estatal del PRI, ex alcalde de Xalapa y ex delegado del CEN en el Estado de Puebla, convers\u00f3 con un grupo de periodistas sobre distintos temas de la pol\u00edtica nacional y estatal, [&hellip;]","og_url":"https:\/\/lospoliticosveracruz.com\/?p=80340","og_site_name":"Los pol\u00edticos Veracruz","article_publisher":"https:\/\/www.facebook.com\/people\/Notimemes-de-los-Polticos\/61565672886568\/","article_published_time":"2021-10-07T15:33:18+00:00","article_modified_time":"2021-10-07T15:33:22+00:00","og_image":[{"width":200,"height":200,"url":"https:\/\/lospoliticosveracruz.com\/wp-content\/uploads\/2016\/07\/Logo-Dor.jpg","type":"image\/jpeg"}],"author":"Lo viste en Los Pol\u00edticos","twitter_card":"summary_large_image","twitter_creator":"@LosPoliticosVer","twitter_site":"@LosPoliticosVer","twitter_misc":{"Escrito por":"Lo viste en Los Pol\u00edticos","Tiempo de lectura":"5 minutos"},"schema":{"@context":"https:\/\/schema.org","@graph":[{"@type":"Article","@id":"https:\/\/lospoliticosveracruz.com\/?p=80340#article","isPartOf":{"@id":"https:\/\/lospoliticosveracruz.com\/?p=80340"},"author":{"name":"Lo viste en Los Pol\u00edticos","@id":"https:\/\/lospoliticosveracruz.com\/#\/schema\/person\/b8702bb0e538456e6efd07080bf2a4a2"},"headline":"El PRI en Veracruz, un nuevo ciclo","datePublished":"2021-10-07T15:33:18+00:00","dateModified":"2021-10-07T15:33:22+00:00","mainEntityOfPage":{"@id":"https:\/\/lospoliticosveracruz.com\/?p=80340"},"wordCount":954,"publisher":{"@id":"https:\/\/lospoliticosveracruz.com\/#organization"},"keywords":["Am\u00e9rico Z\u00fa\u00f1iga","Hip\u00f3lito Rodr\u00edguez Herrero","Miguel Angel Cristiani Gonz\u00e1lez","Morena","PRI","Ricardo Ahued Bardahuil","Va por M\u00e9xico","Veracruz","Xalapa"],"articleSection":["De Opini\u00f3n"],"inLanguage":"es"},{"@type":"WebPage","@id":"https:\/\/lospoliticosveracruz.com\/?p=80340","url":"https:\/\/lospoliticosveracruz.com\/?p=80340","name":"El PRI en Veracruz, un nuevo ciclo - Los pol\u00edticos Veracruz","isPartOf":{"@id":"https:\/\/lospoliticosveracruz.com\/#website"},"datePublished":"2021-10-07T15:33:18+00:00","dateModified":"2021-10-07T15:33:22+00:00","breadcrumb":{"@id":"https:\/\/lospoliticosveracruz.com\/?p=80340#breadcrumb"},"inLanguage":"es","potentialAction":[{"@type":"ReadAction","target":["https:\/\/lospoliticosveracruz.com\/?p=80340"]}]},{"@type":"BreadcrumbList","@id":"https:\/\/lospoliticosveracruz.com\/?p=80340#breadcrumb","itemListElement":[{"@type":"ListItem","position":1,"name":"Portada","item":"https:\/\/lospoliticosveracruz.com\/"},{"@type":"ListItem","position":2,"name":"El PRI en Veracruz, un nuevo ciclo"}]},{"@type":"WebSite","@id":"https:\/\/lospoliticosveracruz.com\/#website","url":"https:\/\/lospoliticosveracruz.com\/","name":"Los pol\u00edticos Veracruz","description":"","publisher":{"@id":"https:\/\/lospoliticosveracruz.com\/#organization"},"potentialAction":[{"@type":"SearchAction","target":{"@type":"EntryPoint","urlTemplate":"https:\/\/lospoliticosveracruz.com\/?s={search_term_string}"},"query-input":{"@type":"PropertyValueSpecification","valueRequired":true,"valueName":"search_term_string"}}],"inLanguage":"es"},{"@type":"Organization","@id":"https:\/\/lospoliticosveracruz.com\/#organization","name":"Los pol\u00edticos Veracruz","url":"https:\/\/lospoliticosveracruz.com\/","logo":{"@type":"ImageObject","inLanguage":"es","@id":"https:\/\/lospoliticosveracruz.com\/#\/schema\/logo\/image\/","url":"https:\/\/lospoliticosveracruz.com\/wp-content\/uploads\/2025\/12\/Logo-Nuevo-LOS-POLITICOS-1.jpg","contentUrl":"https:\/\/lospoliticosveracruz.com\/wp-content\/uploads\/2025\/12\/Logo-Nuevo-LOS-POLITICOS-1.jpg","width":260,"height":70,"caption":"Los pol\u00edticos Veracruz"},"image":{"@id":"https:\/\/lospoliticosveracruz.com\/#\/schema\/logo\/image\/"},"sameAs":["https:\/\/www.facebook.com\/people\/Notimemes-de-los-Polticos\/61565672886568\/","https:\/\/x.com\/LosPoliticosVer"]},{"@type":"Person","@id":"https:\/\/lospoliticosveracruz.com\/#\/schema\/person\/b8702bb0e538456e6efd07080bf2a4a2","name":"Lo viste en Los Pol\u00edticos","image":{"@type":"ImageObject","inLanguage":"es","@id":"https:\/\/secure.gravatar.com\/avatar\/3a8de04a2656d44082be478bd6c086daa447c4651605818287b9532d3d0bd435?s=96&d=mm&r=g","url":"https:\/\/secure.gravatar.com\/avatar\/3a8de04a2656d44082be478bd6c086daa447c4651605818287b9532d3d0bd435?s=96&d=mm&r=g","contentUrl":"https:\/\/secure.gravatar.com\/avatar\/3a8de04a2656d44082be478bd6c086daa447c4651605818287b9532d3d0bd435?s=96&d=mm&r=g","caption":"Lo viste en Los Pol\u00edticos"},"url":"https:\/\/lospoliticosveracruz.com\/?author=2"}]}},"_links":{"self":[{"href":"https:\/\/lospoliticosveracruz.com\/index.php?rest_route=\/wp\/v2\/posts\/80340","targetHints":{"allow":["GET"]}}],"collection":[{"href":"https:\/\/lospoliticosveracruz.com\/index.php?rest_route=\/wp\/v2\/posts"}],"about":[{"href":"https:\/\/lospoliticosveracruz.com\/index.php?rest_route=\/wp\/v2\/types\/post"}],"author":[{"embeddable":true,"href":"https:\/\/lospoliticosveracruz.com\/index.php?rest_route=\/wp\/v2\/users\/2"}],"replies":[{"embeddable":true,"href":"https:\/\/lospoliticosveracruz.com\/index.php?rest_route=%2Fwp%2Fv2%2Fcomments&post=80340"}],"version-history":[{"count":1,"href":"https:\/\/lospoliticosveracruz.com\/index.php?rest_route=\/wp\/v2\/posts\/80340\/revisions"}],"predecessor-version":[{"id":80342,"href":"https:\/\/lospoliticosveracruz.com\/index.php?rest_route=\/wp\/v2\/posts\/80340\/revisions\/80342"}],"wp:attachment":[{"href":"https:\/\/lospoliticosveracruz.com\/index.php?rest_route=%2Fwp%2Fv2%2Fmedia&parent=80340"}],"wp:term":[{"taxonomy":"category","embeddable":true,"href":"https:\/\/lospoliticosveracruz.com\/index.php?rest_route=%2Fwp%2Fv2%2Fcategories&post=80340"},{"taxonomy":"post_tag","embeddable":true,"href":"https:\/\/lospoliticosveracruz.com\/index.php?rest_route=%2Fwp%2Fv2%2Ftags&post=80340"}],"curies":[{"name":"wp","href":"https:\/\/api.w.org\/{rel}","templated":true}]}}