{"id":80361,"date":"2021-10-07T16:49:27","date_gmt":"2021-10-07T21:49:27","guid":{"rendered":"https:\/\/lospoliticosveracruz.com.mx\/?p=80361"},"modified":"2021-10-07T16:49:31","modified_gmt":"2021-10-07T21:49:31","slug":"que-suene-tu-voz-en-la-xxiii-asamblea-nacional-del-pri","status":"publish","type":"post","link":"https:\/\/lospoliticosveracruz.com\/?p=80361","title":{"rendered":"Que suene tu voz en la XXIII Asamblea Nacional del PRI!"},"content":{"rendered":"\n<p><\/p>\n\n\n\n<p><strong>Xalapa<\/strong><br>El Comit\u00e9 Directivo Estatal (CDE) del PRI en Veracruz, inici\u00f3 los trabajos rumbo a la XXIII Asamblea Nacional, para el periodo estatutario 2021-2024, a realizarse el 11 de diciembre de este a\u00f1o, de acuerdo a la convocatoria emitida por el Comit\u00e9 Ejecutivo Nacional (CEN) recientemente.<\/p>\n\n\n\n<p>En reuni\u00f3n celebrada en la Sala de Presidentes en el edificio estatal del partido, se abord\u00f3 lo plasmado en dicho documento, que convoca a la militancia a participar en la organizaci\u00f3n, desarrollo, deliberaci\u00f3n, adem\u00e1s, en la elecci\u00f3n de delegadas y delegados.<\/p>\n\n\n\n<p>Esta asamblea, promover\u00e1 entre la militancia, una participaci\u00f3n plena, abierta y libre, adem\u00e1s es el m\u00e1ximo espacio de participaci\u00f3n y debate partidista, un ejercicio democr\u00e1tico e incluyente, con integraci\u00f3n generacional, en un ambiente de libre expresi\u00f3n y cr\u00edtica, referente de lo que el pa\u00eds necesita.<\/p>\n\n\n\n<p>En su intervenci\u00f3n, el presidente del CDE, Marlon Ram\u00edrez Mar\u00edn, quien particip\u00f3 v\u00eda Zoom debido a que se encuentra de gira por la zona centro del estado, dijo: \u201cen el PRI de Veracruz, entendemos los tiempos y momentos pol\u00edticos de nuestro pa\u00eds, y los atendemos con trabajo, responsabilidad y honestidad, impulsando la organizaci\u00f3n de esta XXIII Asamblea Nacional, convocada por el CEN del PRI, para que las voces que hoy le expresan a la sociedad sus ideas, lo hagan en el espacio propicio y jer\u00e1rquico para deliberar sobre el partido, y as\u00ed, incidir en la toma de decisiones de nuestro instituto pol\u00edtico, mediante el debate respetuoso, en el que estaremos todos participando en igualdad de circunstancias.\u201d<\/p>\n\n\n\n<p>Asimismo, Arianna Angeles Aguirre, secretaria general del CDE, dirigi\u00f3 el di\u00e1logo para iniciar la organizaci\u00f3n de las diversas etapas marcadas en el calendario, que incluye reuniones informativas con la militancia, la realizaci\u00f3n de asambleas municipales, asambleas estatales y todo lo manifiesto en la convocatoria.<\/p>\n\n\n\n<p>Estuvieron presentes: Ira\u00eds Morales Ju\u00e1rez, secretaria de Finanzas y Administraci\u00f3n; Zeferino Tejeda Uscanga, representante del PRI ante el OPLE; Carlos Aceves Amezcua, secretario t\u00e9cnico del Consejo Pol\u00edtico Estatal; Meztli Rodr\u00edguez Anota, secretaria T\u00e9cnica de la Comisi\u00f3n Estatal de Procesos Internos; Porfirio Gonz\u00e1lez Fuentes; subsecretario de Estructura Electoral; Rodrigo Garc\u00eda Escalante, diputado local; as\u00ed como secretarios, subsecretarios e integrantes del Comit\u00e9 estatal.<\/p>\n\n\n\n<p>La Convocatoria se encuentra publicada en la p\u00e1gina electr\u00f3nica: www.pri.org.mx del CEN del PRI, y en la p\u00e1gina www.priveracruz.mx, del CDE del PRI en Veracruz, y prev\u00e9 tambi\u00e9n, las acciones relativas a la contingencia sanitaria por Covid-19.<\/p>\n","protected":false},"excerpt":{"rendered":"<p>XalapaEl Comit\u00e9 Directivo Estatal (CDE) del PRI en Veracruz, inici\u00f3 los trabajos rumbo a la XXIII Asamblea Nacional, para el periodo estatutario 2021-2024, a realizarse el 11 de diciembre de este a\u00f1o, de acuerdo a la convocatoria emitida por el Comit\u00e9 Ejecutivo Nacional (CEN) recientemente. En reuni\u00f3n celebrada en la Sala de Presidentes en el [&hellip;]<\/p>\n","protected":false},"author":2,"featured_media":0,"comment_status":"closed","ping_status":"closed","sticky":false,"template":"","format":"standard","meta":{"tdm_status":"","tdm_grid_status":"","footnotes":""},"categories":[73],"tags":[2167,20054,1913,2908,25867,20045],"class_list":{"0":"post-80361","1":"post","2":"type-post","3":"status-publish","4":"format-standard","6":"category-de-boleto","7":"tag-carlos-aceves-amezcua","8":"tag-cen","9":"tag-irais-morales-juarez","10":"tag-marlon-ramirez-marin","11":"tag-meztli-rodriguez-anota","12":"tag-pri-en-veracruz"},"yoast_head":"<!-- This site is optimized with the Yoast SEO plugin v27.4 - https:\/\/yoast.com\/product\/yoast-seo-wordpress\/ -->\n<title>Que suene tu voz en la XXIII Asamblea Nacional del PRI! - Los pol\u00edticos Veracruz<\/title>\n<meta name=\"robots\" content=\"index, follow, max-snippet:-1, max-image-preview:large, max-video-preview:-1\" \/>\n<link rel=\"canonical\" href=\"https:\/\/lospoliticosveracruz.com\/?p=80361\" \/>\n<meta property=\"og:locale\" content=\"es_ES\" \/>\n<meta property=\"og:type\" content=\"article\" \/>\n<meta property=\"og:title\" content=\"Que suene tu voz en la XXIII Asamblea Nacional del PRI! - Los pol\u00edticos Veracruz\" \/>\n<meta property=\"og:description\" content=\"XalapaEl Comit\u00e9 Directivo Estatal (CDE) del PRI en Veracruz, inici\u00f3 los trabajos rumbo a la XXIII Asamblea Nacional, para el periodo estatutario 2021-2024, a realizarse el 11 de diciembre de este a\u00f1o, de acuerdo a la convocatoria emitida por el Comit\u00e9 Ejecutivo Nacional (CEN) recientemente. En reuni\u00f3n celebrada en la Sala de Presidentes en el [&hellip;]\" \/>\n<meta property=\"og:url\" content=\"https:\/\/lospoliticosveracruz.com\/?p=80361\" \/>\n<meta property=\"og:site_name\" content=\"Los pol\u00edticos Veracruz\" \/>\n<meta property=\"article:publisher\" content=\"https:\/\/www.facebook.com\/people\/Notimemes-de-los-Polticos\/61565672886568\/\" \/>\n<meta property=\"article:published_time\" content=\"2021-10-07T21:49:27+00:00\" \/>\n<meta property=\"article:modified_time\" content=\"2021-10-07T21:49:31+00:00\" \/>\n<meta property=\"og:image\" content=\"https:\/\/lospoliticosveracruz.com\/wp-content\/uploads\/2016\/07\/Logo-Dor.jpg\" \/>\n\t<meta property=\"og:image:width\" content=\"200\" \/>\n\t<meta property=\"og:image:height\" content=\"200\" \/>\n\t<meta property=\"og:image:type\" content=\"image\/jpeg\" \/>\n<meta name=\"author\" content=\"Lo viste en Los Pol\u00edticos\" \/>\n<meta name=\"twitter:card\" content=\"summary_large_image\" \/>\n<meta name=\"twitter:creator\" content=\"@LosPoliticosVer\" \/>\n<meta name=\"twitter:site\" content=\"@LosPoliticosVer\" \/>\n<meta name=\"twitter:label1\" content=\"Escrito por\" \/>\n\t<meta name=\"twitter:data1\" content=\"Lo viste en Los Pol\u00edticos\" \/>\n\t<meta name=\"twitter:label2\" content=\"Tiempo de lectura\" \/>\n\t<meta name=\"twitter:data2\" content=\"2 minutos\" \/>\n<script type=\"application\/ld+json\" class=\"yoast-schema-graph\">{\"@context\":\"https:\\\/\\\/schema.org\",\"@graph\":[{\"@type\":\"Article\",\"@id\":\"https:\\\/\\\/lospoliticosveracruz.com\\\/?p=80361#article\",\"isPartOf\":{\"@id\":\"https:\\\/\\\/lospoliticosveracruz.com\\\/?p=80361\"},\"author\":{\"name\":\"Lo viste en Los Pol\u00edticos\",\"@id\":\"https:\\\/\\\/lospoliticosveracruz.com\\\/#\\\/schema\\\/person\\\/b8702bb0e538456e6efd07080bf2a4a2\"},\"headline\":\"Que suene tu voz en la XXIII Asamblea Nacional del PRI!\",\"datePublished\":\"2021-10-07T21:49:27+00:00\",\"dateModified\":\"2021-10-07T21:49:31+00:00\",\"mainEntityOfPage\":{\"@id\":\"https:\\\/\\\/lospoliticosveracruz.com\\\/?p=80361\"},\"wordCount\":446,\"publisher\":{\"@id\":\"https:\\\/\\\/lospoliticosveracruz.com\\\/#organization\"},\"keywords\":[\"Carlos Aceves Amezcua\",\"CEN\",\"Ira\u00eds Morales Ju\u00e1rez\",\"Marlon Ram\u00edrez Mar\u00edn\",\"Meztli Rodr\u00edguez Anota\",\"PRI en Veracruz\"],\"articleSection\":[\"De Boleto\"],\"inLanguage\":\"es\"},{\"@type\":\"WebPage\",\"@id\":\"https:\\\/\\\/lospoliticosveracruz.com\\\/?p=80361\",\"url\":\"https:\\\/\\\/lospoliticosveracruz.com\\\/?p=80361\",\"name\":\"Que suene tu voz en la XXIII Asamblea Nacional del PRI! - Los pol\u00edticos Veracruz\",\"isPartOf\":{\"@id\":\"https:\\\/\\\/lospoliticosveracruz.com\\\/#website\"},\"datePublished\":\"2021-10-07T21:49:27+00:00\",\"dateModified\":\"2021-10-07T21:49:31+00:00\",\"breadcrumb\":{\"@id\":\"https:\\\/\\\/lospoliticosveracruz.com\\\/?p=80361#breadcrumb\"},\"inLanguage\":\"es\",\"potentialAction\":[{\"@type\":\"ReadAction\",\"target\":[\"https:\\\/\\\/lospoliticosveracruz.com\\\/?p=80361\"]}]},{\"@type\":\"BreadcrumbList\",\"@id\":\"https:\\\/\\\/lospoliticosveracruz.com\\\/?p=80361#breadcrumb\",\"itemListElement\":[{\"@type\":\"ListItem\",\"position\":1,\"name\":\"Portada\",\"item\":\"https:\\\/\\\/lospoliticosveracruz.com\\\/\"},{\"@type\":\"ListItem\",\"position\":2,\"name\":\"Que suene tu voz en la XXIII Asamblea Nacional del PRI!\"}]},{\"@type\":\"WebSite\",\"@id\":\"https:\\\/\\\/lospoliticosveracruz.com\\\/#website\",\"url\":\"https:\\\/\\\/lospoliticosveracruz.com\\\/\",\"name\":\"Los pol\u00edticos Veracruz\",\"description\":\"\",\"publisher\":{\"@id\":\"https:\\\/\\\/lospoliticosveracruz.com\\\/#organization\"},\"potentialAction\":[{\"@type\":\"SearchAction\",\"target\":{\"@type\":\"EntryPoint\",\"urlTemplate\":\"https:\\\/\\\/lospoliticosveracruz.com\\\/?s={search_term_string}\"},\"query-input\":{\"@type\":\"PropertyValueSpecification\",\"valueRequired\":true,\"valueName\":\"search_term_string\"}}],\"inLanguage\":\"es\"},{\"@type\":\"Organization\",\"@id\":\"https:\\\/\\\/lospoliticosveracruz.com\\\/#organization\",\"name\":\"Los pol\u00edticos Veracruz\",\"url\":\"https:\\\/\\\/lospoliticosveracruz.com\\\/\",\"logo\":{\"@type\":\"ImageObject\",\"inLanguage\":\"es\",\"@id\":\"https:\\\/\\\/lospoliticosveracruz.com\\\/#\\\/schema\\\/logo\\\/image\\\/\",\"url\":\"https:\\\/\\\/lospoliticosveracruz.com\\\/wp-content\\\/uploads\\\/2025\\\/12\\\/Logo-Nuevo-LOS-POLITICOS-1.jpg\",\"contentUrl\":\"https:\\\/\\\/lospoliticosveracruz.com\\\/wp-content\\\/uploads\\\/2025\\\/12\\\/Logo-Nuevo-LOS-POLITICOS-1.jpg\",\"width\":260,\"height\":70,\"caption\":\"Los pol\u00edticos Veracruz\"},\"image\":{\"@id\":\"https:\\\/\\\/lospoliticosveracruz.com\\\/#\\\/schema\\\/logo\\\/image\\\/\"},\"sameAs\":[\"https:\\\/\\\/www.facebook.com\\\/people\\\/Notimemes-de-los-Polticos\\\/61565672886568\\\/\",\"https:\\\/\\\/x.com\\\/LosPoliticosVer\"]},{\"@type\":\"Person\",\"@id\":\"https:\\\/\\\/lospoliticosveracruz.com\\\/#\\\/schema\\\/person\\\/b8702bb0e538456e6efd07080bf2a4a2\",\"name\":\"Lo viste en Los Pol\u00edticos\",\"image\":{\"@type\":\"ImageObject\",\"inLanguage\":\"es\",\"@id\":\"https:\\\/\\\/secure.gravatar.com\\\/avatar\\\/3a8de04a2656d44082be478bd6c086daa447c4651605818287b9532d3d0bd435?s=96&d=mm&r=g\",\"url\":\"https:\\\/\\\/secure.gravatar.com\\\/avatar\\\/3a8de04a2656d44082be478bd6c086daa447c4651605818287b9532d3d0bd435?s=96&d=mm&r=g\",\"contentUrl\":\"https:\\\/\\\/secure.gravatar.com\\\/avatar\\\/3a8de04a2656d44082be478bd6c086daa447c4651605818287b9532d3d0bd435?s=96&d=mm&r=g\",\"caption\":\"Lo viste en Los Pol\u00edticos\"},\"url\":\"https:\\\/\\\/lospoliticosveracruz.com\\\/?author=2\"}]}<\/script>\n<!-- \/ Yoast SEO plugin. -->","yoast_head_json":{"title":"Que suene tu voz en la XXIII Asamblea Nacional del PRI! - Los pol\u00edticos Veracruz","robots":{"index":"index","follow":"follow","max-snippet":"max-snippet:-1","max-image-preview":"max-image-preview:large","max-video-preview":"max-video-preview:-1"},"canonical":"https:\/\/lospoliticosveracruz.com\/?p=80361","og_locale":"es_ES","og_type":"article","og_title":"Que suene tu voz en la XXIII Asamblea Nacional del PRI! - Los pol\u00edticos Veracruz","og_description":"XalapaEl Comit\u00e9 Directivo Estatal (CDE) del PRI en Veracruz, inici\u00f3 los trabajos rumbo a la XXIII Asamblea Nacional, para el periodo estatutario 2021-2024, a realizarse el 11 de diciembre de este a\u00f1o, de acuerdo a la convocatoria emitida por el Comit\u00e9 Ejecutivo Nacional (CEN) recientemente. En reuni\u00f3n celebrada en la Sala de Presidentes en el [&hellip;]","og_url":"https:\/\/lospoliticosveracruz.com\/?p=80361","og_site_name":"Los pol\u00edticos Veracruz","article_publisher":"https:\/\/www.facebook.com\/people\/Notimemes-de-los-Polticos\/61565672886568\/","article_published_time":"2021-10-07T21:49:27+00:00","article_modified_time":"2021-10-07T21:49:31+00:00","og_image":[{"width":200,"height":200,"url":"https:\/\/lospoliticosveracruz.com\/wp-content\/uploads\/2016\/07\/Logo-Dor.jpg","type":"image\/jpeg"}],"author":"Lo viste en Los Pol\u00edticos","twitter_card":"summary_large_image","twitter_creator":"@LosPoliticosVer","twitter_site":"@LosPoliticosVer","twitter_misc":{"Escrito por":"Lo viste en Los Pol\u00edticos","Tiempo de lectura":"2 minutos"},"schema":{"@context":"https:\/\/schema.org","@graph":[{"@type":"Article","@id":"https:\/\/lospoliticosveracruz.com\/?p=80361#article","isPartOf":{"@id":"https:\/\/lospoliticosveracruz.com\/?p=80361"},"author":{"name":"Lo viste en Los Pol\u00edticos","@id":"https:\/\/lospoliticosveracruz.com\/#\/schema\/person\/b8702bb0e538456e6efd07080bf2a4a2"},"headline":"Que suene tu voz en la XXIII Asamblea Nacional del PRI!","datePublished":"2021-10-07T21:49:27+00:00","dateModified":"2021-10-07T21:49:31+00:00","mainEntityOfPage":{"@id":"https:\/\/lospoliticosveracruz.com\/?p=80361"},"wordCount":446,"publisher":{"@id":"https:\/\/lospoliticosveracruz.com\/#organization"},"keywords":["Carlos Aceves Amezcua","CEN","Ira\u00eds Morales Ju\u00e1rez","Marlon Ram\u00edrez Mar\u00edn","Meztli Rodr\u00edguez Anota","PRI en Veracruz"],"articleSection":["De Boleto"],"inLanguage":"es"},{"@type":"WebPage","@id":"https:\/\/lospoliticosveracruz.com\/?p=80361","url":"https:\/\/lospoliticosveracruz.com\/?p=80361","name":"Que suene tu voz en la XXIII Asamblea Nacional del PRI! - Los pol\u00edticos Veracruz","isPartOf":{"@id":"https:\/\/lospoliticosveracruz.com\/#website"},"datePublished":"2021-10-07T21:49:27+00:00","dateModified":"2021-10-07T21:49:31+00:00","breadcrumb":{"@id":"https:\/\/lospoliticosveracruz.com\/?p=80361#breadcrumb"},"inLanguage":"es","potentialAction":[{"@type":"ReadAction","target":["https:\/\/lospoliticosveracruz.com\/?p=80361"]}]},{"@type":"BreadcrumbList","@id":"https:\/\/lospoliticosveracruz.com\/?p=80361#breadcrumb","itemListElement":[{"@type":"ListItem","position":1,"name":"Portada","item":"https:\/\/lospoliticosveracruz.com\/"},{"@type":"ListItem","position":2,"name":"Que suene tu voz en la XXIII Asamblea Nacional del PRI!"}]},{"@type":"WebSite","@id":"https:\/\/lospoliticosveracruz.com\/#website","url":"https:\/\/lospoliticosveracruz.com\/","name":"Los pol\u00edticos Veracruz","description":"","publisher":{"@id":"https:\/\/lospoliticosveracruz.com\/#organization"},"potentialAction":[{"@type":"SearchAction","target":{"@type":"EntryPoint","urlTemplate":"https:\/\/lospoliticosveracruz.com\/?s={search_term_string}"},"query-input":{"@type":"PropertyValueSpecification","valueRequired":true,"valueName":"search_term_string"}}],"inLanguage":"es"},{"@type":"Organization","@id":"https:\/\/lospoliticosveracruz.com\/#organization","name":"Los pol\u00edticos Veracruz","url":"https:\/\/lospoliticosveracruz.com\/","logo":{"@type":"ImageObject","inLanguage":"es","@id":"https:\/\/lospoliticosveracruz.com\/#\/schema\/logo\/image\/","url":"https:\/\/lospoliticosveracruz.com\/wp-content\/uploads\/2025\/12\/Logo-Nuevo-LOS-POLITICOS-1.jpg","contentUrl":"https:\/\/lospoliticosveracruz.com\/wp-content\/uploads\/2025\/12\/Logo-Nuevo-LOS-POLITICOS-1.jpg","width":260,"height":70,"caption":"Los pol\u00edticos Veracruz"},"image":{"@id":"https:\/\/lospoliticosveracruz.com\/#\/schema\/logo\/image\/"},"sameAs":["https:\/\/www.facebook.com\/people\/Notimemes-de-los-Polticos\/61565672886568\/","https:\/\/x.com\/LosPoliticosVer"]},{"@type":"Person","@id":"https:\/\/lospoliticosveracruz.com\/#\/schema\/person\/b8702bb0e538456e6efd07080bf2a4a2","name":"Lo viste en Los Pol\u00edticos","image":{"@type":"ImageObject","inLanguage":"es","@id":"https:\/\/secure.gravatar.com\/avatar\/3a8de04a2656d44082be478bd6c086daa447c4651605818287b9532d3d0bd435?s=96&d=mm&r=g","url":"https:\/\/secure.gravatar.com\/avatar\/3a8de04a2656d44082be478bd6c086daa447c4651605818287b9532d3d0bd435?s=96&d=mm&r=g","contentUrl":"https:\/\/secure.gravatar.com\/avatar\/3a8de04a2656d44082be478bd6c086daa447c4651605818287b9532d3d0bd435?s=96&d=mm&r=g","caption":"Lo viste en Los Pol\u00edticos"},"url":"https:\/\/lospoliticosveracruz.com\/?author=2"}]}},"_links":{"self":[{"href":"https:\/\/lospoliticosveracruz.com\/index.php?rest_route=\/wp\/v2\/posts\/80361","targetHints":{"allow":["GET"]}}],"collection":[{"href":"https:\/\/lospoliticosveracruz.com\/index.php?rest_route=\/wp\/v2\/posts"}],"about":[{"href":"https:\/\/lospoliticosveracruz.com\/index.php?rest_route=\/wp\/v2\/types\/post"}],"author":[{"embeddable":true,"href":"https:\/\/lospoliticosveracruz.com\/index.php?rest_route=\/wp\/v2\/users\/2"}],"replies":[{"embeddable":true,"href":"https:\/\/lospoliticosveracruz.com\/index.php?rest_route=%2Fwp%2Fv2%2Fcomments&post=80361"}],"version-history":[{"count":1,"href":"https:\/\/lospoliticosveracruz.com\/index.php?rest_route=\/wp\/v2\/posts\/80361\/revisions"}],"predecessor-version":[{"id":80363,"href":"https:\/\/lospoliticosveracruz.com\/index.php?rest_route=\/wp\/v2\/posts\/80361\/revisions\/80363"}],"wp:attachment":[{"href":"https:\/\/lospoliticosveracruz.com\/index.php?rest_route=%2Fwp%2Fv2%2Fmedia&parent=80361"}],"wp:term":[{"taxonomy":"category","embeddable":true,"href":"https:\/\/lospoliticosveracruz.com\/index.php?rest_route=%2Fwp%2Fv2%2Fcategories&post=80361"},{"taxonomy":"post_tag","embeddable":true,"href":"https:\/\/lospoliticosveracruz.com\/index.php?rest_route=%2Fwp%2Fv2%2Ftags&post=80361"}],"curies":[{"name":"wp","href":"https:\/\/api.w.org\/{rel}","templated":true}]}}