{"id":80369,"date":"2021-10-08T07:49:52","date_gmt":"2021-10-08T12:49:52","guid":{"rendered":"https:\/\/lospoliticosveracruz.com.mx\/?p=80369"},"modified":"2021-10-08T07:49:57","modified_gmt":"2021-10-08T12:49:57","slug":"el-retorno-del-pri","status":"publish","type":"post","link":"https:\/\/lospoliticosveracruz.com\/?p=80369","title":{"rendered":"El retorno del PRI"},"content":{"rendered":"\n<p><strong>Ricardo Ch\u00faa<br><\/strong><em>Sale y Vale<\/em><\/p>\n\n\n\n<p>EL RETORNO DEL PRI\u2026 Hace d\u00edas muchos d\u00edas que el PRI en Veracruz ya no ten\u00eda nada que hacer\u2026 Que lo iba absorber MORENA por la fuerza electoral que ten\u00eda o que si el PAN se \u00abquebraba\u00bb por las pugnas internas\u2026 La alianza con ellos quedar\u00eda a la deriva\u2026 Pero hay dos personajes priistas en Veracruz, que le han dado un giro esta \u00faltima semana al tema: Juan Manuel D\u00edez Francos y Jos\u00e9 Francisco Yunes Zorrilla\u2026 El primero por la ratificaci\u00f3n como alcalde electo de Orizaba y el segundo por oponerse de YA a la Reforma Energ\u00e9tica\u2026<\/p>\n\n\n\n<div class=\"wp-block-image\"><figure class=\"alignleft size-large is-resized\"><a href=\"https:\/\/lospoliticosveracruz.com.mx\/wp-content\/uploads\/2021\/10\/WhatsApp-Image-2021-10-02-at-15.20.25.jpeg\"><img loading=\"lazy\" decoding=\"async\" src=\"https:\/\/lospoliticosveracruz.com.mx\/wp-content\/uploads\/2021\/10\/WhatsApp-Image-2021-10-02-at-15.20.25-724x1024.jpeg\" alt=\"\" class=\"wp-image-80177\" width=\"250\" height=\"350\"\/><\/a><\/figure><\/div>\n\n\n\n<p>D\u00edez Francos y Pepe Yunes tiene una caracter\u00edstica en com\u00fan\u2026 Son de corte empresarial, pol\u00edticos y saben transitar con el PAN, PRD y con Movimiento Ciudadano\u2026 Los dos en este momento por sus actos, est\u00e1n la palestra pol\u00edtica de la sucesi\u00f3n en Veracruz al 2024\u2026 Aunque digan que uno ya es adulto mayor y que el otro, ya particip\u00f3 y perdi\u00f3.. Todos saben que las condiciones del 2018 eran distintas al 2021, donde Morena perdi\u00f3 la mayar\u00eda en el Congreso Local y ser\u00e1n aun m\u00e1s distintas en el 2024\u2026 Ah\u00ed es donde estos personajes pueden encajar\u2026<\/p>\n\n\n\n<p>Adicionalmente tambi\u00e9n se ha visto de estos personajes, que ya llevan un transitar tranquilo y poco a poco con m\u00e1s acercamiento con la dirigencia estatal del PRI\u2026 Han entendido, que sin unidad entre ellos, no van a llegar a nada\u2026 M\u00e1s si quieren seguir participando en pol\u00edtica\u2026 En una coalici\u00f3n opositora cualquiera de ellos, D\u00edez Francos o Yunes Zorrilla, pueden ser los candidatos a la altura de Julen Rementeria, Fernando Yunes, Ricardo Ahued apoyados por Dante Delgado\u2026 En la UNIDAD del tricolor est\u00e1 la CONSTRUCCI\u00d3N de esa coalici\u00f3n\u2026<\/p>\n\n\n\n<p>Si bien es cierto por muchos a\u00f1os\u2026 Los actuales priistas en el poder\u2026 Alcaldes, diputados locales electos y diputados federales en funciones pertenecieron a distintos grupos pol\u00edticos\u2026 Donde se dieron hasta con la \u00abcubeta\u00bb, se excluyeron, se \u00abgrillaron\u00bb y se dijeron de todo\u2026 Si siguen las reglas de Reyes Heroles que la pol\u00edtica es negociaci\u00f3n aunado al \u00abperd\u00f3n y olvido\u00bb\u2026 Y viendo en la situaci\u00f3n que est\u00e1n\u2026 Si se unen, con la experiencia que tienen, las cosas pueden cambiar para el PRI en 2024\u2026 En ellos est\u00e1 ese futuro.. AS\u00cd SEA\u2026<\/p>\n\n\n\n<p>TEV BAJO SOSPECHA\u2026 A pesar de que muchas voces oficiales al partido en el poder se\u00f1alan que el Tribunal Electoral de Veracruz (TEV) se ha manejado de manera coherente y apegado a la ley\u2026 Hay muchas otras que dicen lo contrario en la entidad\u2026 Sobre todo que los fallos han sido de MANERA INDIGNA\u2026 Como han sido los casos de las elecciones de municipios como Actopan, Landero y Coss\u2026. Hasta con la dirigencia estatal del partido Fuerza por M\u00e9xico\u2026 Por eso ahora los problemas con Eduardo Vega Yunes\u2026<\/p>\n\n\n\n<p>Al final de cuentas, muchos abogados electorales se\u00f1alan que ya este tribunal se \u00abMoreniz\u00f3\u00bb y est\u00e1 sacando todo a favor de este partido\u2026 Pese a las pruebas contundentes de lo ama\u00f1ado que estuvieron las elecciones en algunos municipios\u2026 Por ejemplo, en el caso de Actopan se\u00f1alan que no se pudieron comprobar las pruebas de las ilegalidades hechas por MORENA Para que ganar\u00e1 su candidata, Mary L\u00f3pez\u2026 Pese a las actas de sesi\u00f3n, que ah\u00ed se presentaron\u2026 Le dieron el triunfo \u00aba fuerzas\u00bb\u2026<\/p>\n\n\n\n<p>Mientras que el argumento que dieron sobre la elecci\u00f3n de Landero y Coss es porque ya se hab\u00eda dado una sentencia previa\u2026 Donde todo indica que los magistrados del TEV ya le hab\u00edan dado el triunfo a la candidata de la coalici\u00f3n del PAN-PRI y PRD, X\u00f3chitl Dom\u00ednguez\u2026 Y que por lo tanto, no se iba a anular este proceso local municipal ante la impugnaci\u00f3n que hab\u00eda presentado el partido \u00abTodos por Veracruz\u00bb para que se repitiera el a\u00f1o pr\u00f3ximo\u2026<\/p>\n\n\n\n<p>Asimismo estos mismos abogados se\u00f1alan que el tema de Fuerza Por M\u00e9xico, por reconocerle la dirigencia a Vega Yunes\u2026 Se debi\u00f3 a que Ricardo Monreal, casi oblig\u00f3 al INE para que reconocieran al \u00abTato\u00bb y con ello hubiera un presidente del comit\u00e9 estatal\u2026 Y s\u00f3lo como DATO: Hay que recordar que las dos de los tres magistrados que componen el TEV, fueron puestas por la mayor\u00eda de MORENA en el Senado de la Rep\u00fablica\u2026 As\u00ed que una cosa es aplicar el Estado de Derecho y otra cosa muy distinta, el dar un fallo por consigna\u2026 AMEN..<\/p>\n\n\n\n<p>EL PRD FORTALECIDO\u2026 Los que saben de temas electorales y partidos pol\u00edticos\u2026 Se\u00f1alan que al PRD en Veracruz\u2026 No le fue nada mal en el pasado proceso electoral local del 6 de junio\u2026 Conserv\u00f3 su registro ante el OPLE cuando todos pensaban que lo iban a perder\u2026 Logr\u00f3 tener diputados locales electos cuando se pensaba que no meter\u00edan ni uno.. Gan\u00f3 m\u00e1s alcaldes de los que esperaba su partido con la alianza que hizo con el PRI y el PAN\u2026<\/p>\n\n\n\n<p>Obvio que esa buena votaci\u00f3n que tiene el perredismo en Veracruz, es que lo hace que se reimpulse pol\u00edticamente para el 2024 y sea un partido pol\u00edtico necesario para cualquier alianza o coalici\u00f3n para que se pueda ganar un elecci\u00f3n local dentro de 3 a\u00f1os\u2026 M\u00e1s con lo cerrado que podr\u00eda ser el pr\u00f3ximo proceso electoral en la entidad\u2026 Lo que es un hecho es que su dirigencia estatal est\u00e1 consiente, que s\u00f3lo no hace nada\u2026 Tiene que ir aliados con otros para poder seguir teniendo participaci\u00f3n\u2026<\/p>\n\n\n\n<p>Saben tambi\u00e9n que se \u00abjugaran la vida\u00bb con la alianza con el PRI y PAN\u2026 Pero si logran la coalici\u00f3n con Movimiento Ciudadano para la elecci\u00f3n en Veracruz en 2024\u2026 Quiz\u00e1s entonces puedan \u00abemparejar\u00bb el tablero pol\u00edtico en la entidad en ese proceso estatal\u2026 Al final de cuentas, Sergio Cadena es un personaje m\u00e1s operador, m\u00e1s \u00abgrillo\u00bb y m\u00e1s \u00abechado para adelante\u00bb que el propio Rogelio Franco o el ahora diputado federal, Jes\u00fas Vel\u00e1zquez, \u00abEl Krosty\u00bb, cuando ambos ten\u00edan en su poder al comit\u00e9 estatal\u2026<\/p>\n\n\n\n<p>Tambi\u00e9n es un hecho que la libertad pol\u00edtica que tiene Sergio Cadena es porque ahora no tiene un \u00abyugo\u00bb pol\u00edtico encima, que no le permita moverse\u2026 As\u00ed que puede tener m\u00e1s libertad porque la condici\u00f3n que tiene Rogelio Franco, no es la misma.. Por eso, ahora, las decisiones son todas de Cadena y de su comit\u00e9 estatal\u2026 Pero es un hecho que el PRD estar\u00e1 en la \u00abmesa de negociaci\u00f3n\u00bb en 2024 con un gran valor para la coalici\u00f3n opositora para el 2024\u2026 AMEN\u2026<\/p>\n","protected":false},"excerpt":{"rendered":"<p>Ricardo Ch\u00faaSale y Vale EL RETORNO DEL PRI\u2026 Hace d\u00edas muchos d\u00edas que el PRI en Veracruz ya no ten\u00eda nada que hacer\u2026 Que lo iba absorber MORENA por la fuerza electoral que ten\u00eda o que si el PAN se \u00abquebraba\u00bb por las pugnas internas\u2026 La alianza con ellos quedar\u00eda a la deriva\u2026 Pero hay [&hellip;]<\/p>\n","protected":false},"author":2,"featured_media":0,"comment_status":"closed","ping_status":"closed","sticky":false,"template":"","format":"standard","meta":{"tdm_status":"","tdm_grid_status":"","footnotes":""},"categories":[70],"tags":[1006,652,535,24637,1846,26576,30297,1026,251,876,13604,10353,15095,8317],"class_list":{"0":"post-80369","1":"post","2":"type-post","3":"status-publish","4":"format-standard","6":"category-de-opinion","7":"tag-dante-delgado-rannauro","8":"tag-eduardo-vega-yunes","9":"tag-fernando-yunes","10":"tag-fuerza-por-mexico","11":"tag-jose-francisco-yunes-zorrilla","12":"tag-juan-manuel-diez-francos-2","13":"tag-julen-rementeria-2","14":"tag-morena","15":"tag-pri","16":"tag-ricardo-ahued","17":"tag-ricardo-chua","18":"tag-ricardo-monreal","19":"tag-sergio-cadena","20":"tag-tev"},"yoast_head":"<!-- This site is optimized with the Yoast SEO plugin v27.4 - https:\/\/yoast.com\/product\/yoast-seo-wordpress\/ -->\n<title>El retorno del PRI - Los pol\u00edticos Veracruz<\/title>\n<meta name=\"robots\" content=\"index, follow, max-snippet:-1, max-image-preview:large, max-video-preview:-1\" \/>\n<link rel=\"canonical\" href=\"https:\/\/lospoliticosveracruz.com\/?p=80369\" \/>\n<meta property=\"og:locale\" content=\"es_ES\" \/>\n<meta property=\"og:type\" content=\"article\" \/>\n<meta property=\"og:title\" content=\"El retorno del PRI - Los pol\u00edticos Veracruz\" \/>\n<meta property=\"og:description\" content=\"Ricardo Ch\u00faaSale y Vale EL RETORNO DEL PRI\u2026 Hace d\u00edas muchos d\u00edas que el PRI en Veracruz ya no ten\u00eda nada que hacer\u2026 Que lo iba absorber MORENA por la fuerza electoral que ten\u00eda o que si el PAN se \u00abquebraba\u00bb por las pugnas internas\u2026 La alianza con ellos quedar\u00eda a la deriva\u2026 Pero hay [&hellip;]\" \/>\n<meta property=\"og:url\" content=\"https:\/\/lospoliticosveracruz.com\/?p=80369\" \/>\n<meta property=\"og:site_name\" content=\"Los pol\u00edticos Veracruz\" \/>\n<meta property=\"article:publisher\" content=\"https:\/\/www.facebook.com\/people\/Notimemes-de-los-Polticos\/61565672886568\/\" \/>\n<meta property=\"article:published_time\" content=\"2021-10-08T12:49:52+00:00\" \/>\n<meta property=\"article:modified_time\" content=\"2021-10-08T12:49:57+00:00\" \/>\n<meta property=\"og:image\" content=\"https:\/\/lospoliticosveracruz.com.mx\/wp-content\/uploads\/2021\/10\/WhatsApp-Image-2021-10-02-at-15.20.25-724x1024.jpeg\" \/>\n<meta name=\"author\" content=\"Lo viste en Los Pol\u00edticos\" \/>\n<meta name=\"twitter:card\" content=\"summary_large_image\" \/>\n<meta name=\"twitter:creator\" content=\"@LosPoliticosVer\" \/>\n<meta name=\"twitter:site\" content=\"@LosPoliticosVer\" \/>\n<meta name=\"twitter:label1\" content=\"Escrito por\" \/>\n\t<meta name=\"twitter:data1\" content=\"Lo viste en Los Pol\u00edticos\" \/>\n\t<meta name=\"twitter:label2\" content=\"Tiempo de lectura\" \/>\n\t<meta name=\"twitter:data2\" content=\"6 minutos\" \/>\n<script type=\"application\/ld+json\" class=\"yoast-schema-graph\">{\"@context\":\"https:\\\/\\\/schema.org\",\"@graph\":[{\"@type\":\"Article\",\"@id\":\"https:\\\/\\\/lospoliticosveracruz.com\\\/?p=80369#article\",\"isPartOf\":{\"@id\":\"https:\\\/\\\/lospoliticosveracruz.com\\\/?p=80369\"},\"author\":{\"name\":\"Lo viste en Los Pol\u00edticos\",\"@id\":\"https:\\\/\\\/lospoliticosveracruz.com\\\/#\\\/schema\\\/person\\\/b8702bb0e538456e6efd07080bf2a4a2\"},\"headline\":\"El retorno del PRI\",\"datePublished\":\"2021-10-08T12:49:52+00:00\",\"dateModified\":\"2021-10-08T12:49:57+00:00\",\"mainEntityOfPage\":{\"@id\":\"https:\\\/\\\/lospoliticosveracruz.com\\\/?p=80369\"},\"wordCount\":1141,\"publisher\":{\"@id\":\"https:\\\/\\\/lospoliticosveracruz.com\\\/#organization\"},\"image\":{\"@id\":\"https:\\\/\\\/lospoliticosveracruz.com\\\/?p=80369#primaryimage\"},\"thumbnailUrl\":\"https:\\\/\\\/lospoliticosveracruz.com.mx\\\/wp-content\\\/uploads\\\/2021\\\/10\\\/WhatsApp-Image-2021-10-02-at-15.20.25-724x1024.jpeg\",\"keywords\":[\"Dante Delgado Rannauro\",\"Eduardo Vega Yunes\",\"Fernando Yunes\",\"Fuerza por M\u00e9xico\",\"Jos\u00e9 Francisco Yunes Zorrilla\",\"Juan Manuel D\u00edez Francos\",\"Julen Rementeria\",\"Morena\",\"PRI\",\"Ricardo Ahued\",\"Ricardo Ch\u00faa\",\"Ricardo Monreal\",\"Sergio Cadena\",\"TEV\"],\"articleSection\":[\"De Opini\u00f3n\"],\"inLanguage\":\"es\"},{\"@type\":\"WebPage\",\"@id\":\"https:\\\/\\\/lospoliticosveracruz.com\\\/?p=80369\",\"url\":\"https:\\\/\\\/lospoliticosveracruz.com\\\/?p=80369\",\"name\":\"El retorno del PRI - Los pol\u00edticos Veracruz\",\"isPartOf\":{\"@id\":\"https:\\\/\\\/lospoliticosveracruz.com\\\/#website\"},\"primaryImageOfPage\":{\"@id\":\"https:\\\/\\\/lospoliticosveracruz.com\\\/?p=80369#primaryimage\"},\"image\":{\"@id\":\"https:\\\/\\\/lospoliticosveracruz.com\\\/?p=80369#primaryimage\"},\"thumbnailUrl\":\"https:\\\/\\\/lospoliticosveracruz.com.mx\\\/wp-content\\\/uploads\\\/2021\\\/10\\\/WhatsApp-Image-2021-10-02-at-15.20.25-724x1024.jpeg\",\"datePublished\":\"2021-10-08T12:49:52+00:00\",\"dateModified\":\"2021-10-08T12:49:57+00:00\",\"breadcrumb\":{\"@id\":\"https:\\\/\\\/lospoliticosveracruz.com\\\/?p=80369#breadcrumb\"},\"inLanguage\":\"es\",\"potentialAction\":[{\"@type\":\"ReadAction\",\"target\":[\"https:\\\/\\\/lospoliticosveracruz.com\\\/?p=80369\"]}]},{\"@type\":\"ImageObject\",\"inLanguage\":\"es\",\"@id\":\"https:\\\/\\\/lospoliticosveracruz.com\\\/?p=80369#primaryimage\",\"url\":\"https:\\\/\\\/lospoliticosveracruz.com.mx\\\/wp-content\\\/uploads\\\/2021\\\/10\\\/WhatsApp-Image-2021-10-02-at-15.20.25-724x1024.jpeg\",\"contentUrl\":\"https:\\\/\\\/lospoliticosveracruz.com.mx\\\/wp-content\\\/uploads\\\/2021\\\/10\\\/WhatsApp-Image-2021-10-02-at-15.20.25-724x1024.jpeg\"},{\"@type\":\"BreadcrumbList\",\"@id\":\"https:\\\/\\\/lospoliticosveracruz.com\\\/?p=80369#breadcrumb\",\"itemListElement\":[{\"@type\":\"ListItem\",\"position\":1,\"name\":\"Portada\",\"item\":\"https:\\\/\\\/lospoliticosveracruz.com\\\/\"},{\"@type\":\"ListItem\",\"position\":2,\"name\":\"El retorno del PRI\"}]},{\"@type\":\"WebSite\",\"@id\":\"https:\\\/\\\/lospoliticosveracruz.com\\\/#website\",\"url\":\"https:\\\/\\\/lospoliticosveracruz.com\\\/\",\"name\":\"Los pol\u00edticos Veracruz\",\"description\":\"\",\"publisher\":{\"@id\":\"https:\\\/\\\/lospoliticosveracruz.com\\\/#organization\"},\"potentialAction\":[{\"@type\":\"SearchAction\",\"target\":{\"@type\":\"EntryPoint\",\"urlTemplate\":\"https:\\\/\\\/lospoliticosveracruz.com\\\/?s={search_term_string}\"},\"query-input\":{\"@type\":\"PropertyValueSpecification\",\"valueRequired\":true,\"valueName\":\"search_term_string\"}}],\"inLanguage\":\"es\"},{\"@type\":\"Organization\",\"@id\":\"https:\\\/\\\/lospoliticosveracruz.com\\\/#organization\",\"name\":\"Los pol\u00edticos Veracruz\",\"url\":\"https:\\\/\\\/lospoliticosveracruz.com\\\/\",\"logo\":{\"@type\":\"ImageObject\",\"inLanguage\":\"es\",\"@id\":\"https:\\\/\\\/lospoliticosveracruz.com\\\/#\\\/schema\\\/logo\\\/image\\\/\",\"url\":\"https:\\\/\\\/lospoliticosveracruz.com\\\/wp-content\\\/uploads\\\/2025\\\/12\\\/Logo-Nuevo-LOS-POLITICOS-1.jpg\",\"contentUrl\":\"https:\\\/\\\/lospoliticosveracruz.com\\\/wp-content\\\/uploads\\\/2025\\\/12\\\/Logo-Nuevo-LOS-POLITICOS-1.jpg\",\"width\":260,\"height\":70,\"caption\":\"Los pol\u00edticos Veracruz\"},\"image\":{\"@id\":\"https:\\\/\\\/lospoliticosveracruz.com\\\/#\\\/schema\\\/logo\\\/image\\\/\"},\"sameAs\":[\"https:\\\/\\\/www.facebook.com\\\/people\\\/Notimemes-de-los-Polticos\\\/61565672886568\\\/\",\"https:\\\/\\\/x.com\\\/LosPoliticosVer\"]},{\"@type\":\"Person\",\"@id\":\"https:\\\/\\\/lospoliticosveracruz.com\\\/#\\\/schema\\\/person\\\/b8702bb0e538456e6efd07080bf2a4a2\",\"name\":\"Lo viste en Los Pol\u00edticos\",\"image\":{\"@type\":\"ImageObject\",\"inLanguage\":\"es\",\"@id\":\"https:\\\/\\\/secure.gravatar.com\\\/avatar\\\/3a8de04a2656d44082be478bd6c086daa447c4651605818287b9532d3d0bd435?s=96&d=mm&r=g\",\"url\":\"https:\\\/\\\/secure.gravatar.com\\\/avatar\\\/3a8de04a2656d44082be478bd6c086daa447c4651605818287b9532d3d0bd435?s=96&d=mm&r=g\",\"contentUrl\":\"https:\\\/\\\/secure.gravatar.com\\\/avatar\\\/3a8de04a2656d44082be478bd6c086daa447c4651605818287b9532d3d0bd435?s=96&d=mm&r=g\",\"caption\":\"Lo viste en Los Pol\u00edticos\"},\"url\":\"https:\\\/\\\/lospoliticosveracruz.com\\\/?author=2\"}]}<\/script>\n<!-- \/ Yoast SEO plugin. -->","yoast_head_json":{"title":"El retorno del PRI - Los pol\u00edticos Veracruz","robots":{"index":"index","follow":"follow","max-snippet":"max-snippet:-1","max-image-preview":"max-image-preview:large","max-video-preview":"max-video-preview:-1"},"canonical":"https:\/\/lospoliticosveracruz.com\/?p=80369","og_locale":"es_ES","og_type":"article","og_title":"El retorno del PRI - Los pol\u00edticos Veracruz","og_description":"Ricardo Ch\u00faaSale y Vale EL RETORNO DEL PRI\u2026 Hace d\u00edas muchos d\u00edas que el PRI en Veracruz ya no ten\u00eda nada que hacer\u2026 Que lo iba absorber MORENA por la fuerza electoral que ten\u00eda o que si el PAN se \u00abquebraba\u00bb por las pugnas internas\u2026 La alianza con ellos quedar\u00eda a la deriva\u2026 Pero hay [&hellip;]","og_url":"https:\/\/lospoliticosveracruz.com\/?p=80369","og_site_name":"Los pol\u00edticos Veracruz","article_publisher":"https:\/\/www.facebook.com\/people\/Notimemes-de-los-Polticos\/61565672886568\/","article_published_time":"2021-10-08T12:49:52+00:00","article_modified_time":"2021-10-08T12:49:57+00:00","og_image":[{"url":"https:\/\/lospoliticosveracruz.com.mx\/wp-content\/uploads\/2021\/10\/WhatsApp-Image-2021-10-02-at-15.20.25-724x1024.jpeg","type":"","width":"","height":""}],"author":"Lo viste en Los Pol\u00edticos","twitter_card":"summary_large_image","twitter_creator":"@LosPoliticosVer","twitter_site":"@LosPoliticosVer","twitter_misc":{"Escrito por":"Lo viste en Los Pol\u00edticos","Tiempo de lectura":"6 minutos"},"schema":{"@context":"https:\/\/schema.org","@graph":[{"@type":"Article","@id":"https:\/\/lospoliticosveracruz.com\/?p=80369#article","isPartOf":{"@id":"https:\/\/lospoliticosveracruz.com\/?p=80369"},"author":{"name":"Lo viste en Los Pol\u00edticos","@id":"https:\/\/lospoliticosveracruz.com\/#\/schema\/person\/b8702bb0e538456e6efd07080bf2a4a2"},"headline":"El retorno del PRI","datePublished":"2021-10-08T12:49:52+00:00","dateModified":"2021-10-08T12:49:57+00:00","mainEntityOfPage":{"@id":"https:\/\/lospoliticosveracruz.com\/?p=80369"},"wordCount":1141,"publisher":{"@id":"https:\/\/lospoliticosveracruz.com\/#organization"},"image":{"@id":"https:\/\/lospoliticosveracruz.com\/?p=80369#primaryimage"},"thumbnailUrl":"https:\/\/lospoliticosveracruz.com.mx\/wp-content\/uploads\/2021\/10\/WhatsApp-Image-2021-10-02-at-15.20.25-724x1024.jpeg","keywords":["Dante Delgado Rannauro","Eduardo Vega Yunes","Fernando Yunes","Fuerza por M\u00e9xico","Jos\u00e9 Francisco Yunes Zorrilla","Juan Manuel D\u00edez Francos","Julen Rementeria","Morena","PRI","Ricardo Ahued","Ricardo Ch\u00faa","Ricardo Monreal","Sergio Cadena","TEV"],"articleSection":["De Opini\u00f3n"],"inLanguage":"es"},{"@type":"WebPage","@id":"https:\/\/lospoliticosveracruz.com\/?p=80369","url":"https:\/\/lospoliticosveracruz.com\/?p=80369","name":"El retorno del PRI - Los pol\u00edticos Veracruz","isPartOf":{"@id":"https:\/\/lospoliticosveracruz.com\/#website"},"primaryImageOfPage":{"@id":"https:\/\/lospoliticosveracruz.com\/?p=80369#primaryimage"},"image":{"@id":"https:\/\/lospoliticosveracruz.com\/?p=80369#primaryimage"},"thumbnailUrl":"https:\/\/lospoliticosveracruz.com.mx\/wp-content\/uploads\/2021\/10\/WhatsApp-Image-2021-10-02-at-15.20.25-724x1024.jpeg","datePublished":"2021-10-08T12:49:52+00:00","dateModified":"2021-10-08T12:49:57+00:00","breadcrumb":{"@id":"https:\/\/lospoliticosveracruz.com\/?p=80369#breadcrumb"},"inLanguage":"es","potentialAction":[{"@type":"ReadAction","target":["https:\/\/lospoliticosveracruz.com\/?p=80369"]}]},{"@type":"ImageObject","inLanguage":"es","@id":"https:\/\/lospoliticosveracruz.com\/?p=80369#primaryimage","url":"https:\/\/lospoliticosveracruz.com.mx\/wp-content\/uploads\/2021\/10\/WhatsApp-Image-2021-10-02-at-15.20.25-724x1024.jpeg","contentUrl":"https:\/\/lospoliticosveracruz.com.mx\/wp-content\/uploads\/2021\/10\/WhatsApp-Image-2021-10-02-at-15.20.25-724x1024.jpeg"},{"@type":"BreadcrumbList","@id":"https:\/\/lospoliticosveracruz.com\/?p=80369#breadcrumb","itemListElement":[{"@type":"ListItem","position":1,"name":"Portada","item":"https:\/\/lospoliticosveracruz.com\/"},{"@type":"ListItem","position":2,"name":"El retorno del PRI"}]},{"@type":"WebSite","@id":"https:\/\/lospoliticosveracruz.com\/#website","url":"https:\/\/lospoliticosveracruz.com\/","name":"Los pol\u00edticos Veracruz","description":"","publisher":{"@id":"https:\/\/lospoliticosveracruz.com\/#organization"},"potentialAction":[{"@type":"SearchAction","target":{"@type":"EntryPoint","urlTemplate":"https:\/\/lospoliticosveracruz.com\/?s={search_term_string}"},"query-input":{"@type":"PropertyValueSpecification","valueRequired":true,"valueName":"search_term_string"}}],"inLanguage":"es"},{"@type":"Organization","@id":"https:\/\/lospoliticosveracruz.com\/#organization","name":"Los pol\u00edticos Veracruz","url":"https:\/\/lospoliticosveracruz.com\/","logo":{"@type":"ImageObject","inLanguage":"es","@id":"https:\/\/lospoliticosveracruz.com\/#\/schema\/logo\/image\/","url":"https:\/\/lospoliticosveracruz.com\/wp-content\/uploads\/2025\/12\/Logo-Nuevo-LOS-POLITICOS-1.jpg","contentUrl":"https:\/\/lospoliticosveracruz.com\/wp-content\/uploads\/2025\/12\/Logo-Nuevo-LOS-POLITICOS-1.jpg","width":260,"height":70,"caption":"Los pol\u00edticos Veracruz"},"image":{"@id":"https:\/\/lospoliticosveracruz.com\/#\/schema\/logo\/image\/"},"sameAs":["https:\/\/www.facebook.com\/people\/Notimemes-de-los-Polticos\/61565672886568\/","https:\/\/x.com\/LosPoliticosVer"]},{"@type":"Person","@id":"https:\/\/lospoliticosveracruz.com\/#\/schema\/person\/b8702bb0e538456e6efd07080bf2a4a2","name":"Lo viste en Los Pol\u00edticos","image":{"@type":"ImageObject","inLanguage":"es","@id":"https:\/\/secure.gravatar.com\/avatar\/3a8de04a2656d44082be478bd6c086daa447c4651605818287b9532d3d0bd435?s=96&d=mm&r=g","url":"https:\/\/secure.gravatar.com\/avatar\/3a8de04a2656d44082be478bd6c086daa447c4651605818287b9532d3d0bd435?s=96&d=mm&r=g","contentUrl":"https:\/\/secure.gravatar.com\/avatar\/3a8de04a2656d44082be478bd6c086daa447c4651605818287b9532d3d0bd435?s=96&d=mm&r=g","caption":"Lo viste en Los Pol\u00edticos"},"url":"https:\/\/lospoliticosveracruz.com\/?author=2"}]}},"_links":{"self":[{"href":"https:\/\/lospoliticosveracruz.com\/index.php?rest_route=\/wp\/v2\/posts\/80369","targetHints":{"allow":["GET"]}}],"collection":[{"href":"https:\/\/lospoliticosveracruz.com\/index.php?rest_route=\/wp\/v2\/posts"}],"about":[{"href":"https:\/\/lospoliticosveracruz.com\/index.php?rest_route=\/wp\/v2\/types\/post"}],"author":[{"embeddable":true,"href":"https:\/\/lospoliticosveracruz.com\/index.php?rest_route=\/wp\/v2\/users\/2"}],"replies":[{"embeddable":true,"href":"https:\/\/lospoliticosveracruz.com\/index.php?rest_route=%2Fwp%2Fv2%2Fcomments&post=80369"}],"version-history":[{"count":1,"href":"https:\/\/lospoliticosveracruz.com\/index.php?rest_route=\/wp\/v2\/posts\/80369\/revisions"}],"predecessor-version":[{"id":80370,"href":"https:\/\/lospoliticosveracruz.com\/index.php?rest_route=\/wp\/v2\/posts\/80369\/revisions\/80370"}],"wp:attachment":[{"href":"https:\/\/lospoliticosveracruz.com\/index.php?rest_route=%2Fwp%2Fv2%2Fmedia&parent=80369"}],"wp:term":[{"taxonomy":"category","embeddable":true,"href":"https:\/\/lospoliticosveracruz.com\/index.php?rest_route=%2Fwp%2Fv2%2Fcategories&post=80369"},{"taxonomy":"post_tag","embeddable":true,"href":"https:\/\/lospoliticosveracruz.com\/index.php?rest_route=%2Fwp%2Fv2%2Ftags&post=80369"}],"curies":[{"name":"wp","href":"https:\/\/api.w.org\/{rel}","templated":true}]}}