{"id":80378,"date":"2021-10-08T08:09:17","date_gmt":"2021-10-08T13:09:17","guid":{"rendered":"https:\/\/lospoliticosveracruz.com.mx\/?p=80378"},"modified":"2021-10-08T08:09:22","modified_gmt":"2021-10-08T13:09:22","slug":"alcalde-de-minatitlan-bajo-la-lupa","status":"publish","type":"post","link":"https:\/\/lospoliticosveracruz.com\/?p=80378","title":{"rendered":"Alcalde de Minatitl\u00e1n, bajo la lupa"},"content":{"rendered":"\n<p><strong>Enrique Yasser Pompeyo<\/strong><\/p>\n\n\n\n<p><em>Mesa de Redacci\u00f3n<br><\/em><\/p>\n\n\n\n<p>El Ayuntamiento de Minatitl\u00e1n que encabeza el alcalde Nicol\u00e1s Reyes \u00c1lvarez no sali\u00f3 bien librado de la revisi\u00f3n a la Cuenta P\u00fablica 2020 que realiz\u00f3 el \u00d3rgano de Fiscalizaci\u00f3n Superior de Veracruz (ORFIS).<\/p>\n\n\n\n<p>De acuerdo con el ente aut\u00f3nomo, presenta un presunto da\u00f1o patrimonial por 56 millones 377 mil 163.67 pesos.<\/p>\n\n\n\n<div class=\"wp-block-image\"><figure class=\"alignleft size-large is-resized\"><a href=\"https:\/\/lospoliticosveracruz.com.mx\/wp-content\/uploads\/2021\/10\/WhatsApp-Image-2021-10-02-at-15.20.25.jpeg\"><img loading=\"lazy\" decoding=\"async\" src=\"https:\/\/lospoliticosveracruz.com.mx\/wp-content\/uploads\/2021\/10\/WhatsApp-Image-2021-10-02-at-15.20.25-724x1024.jpeg\" alt=\"\" class=\"wp-image-80177\" width=\"250\" height=\"350\"\/><\/a><\/figure><\/div>\n\n\n\n<p>La lista es amplia. En materia financiera presupuestal son 21 observaciones, en t\u00e9cnica a la obra p\u00fablica 22 y en deuda p\u00fablica, obligaciones y disciplina financiera 9, lo que hace un total de 52 observaciones.<\/p>\n\n\n\n<p>De entrada, hay saldos no ejercidos conciliados por 19 millones 484 mil 506.72 pesos; 2 millones 023 mil 183.49 pesos, y 53 mil 280.34 pesos que no fueron devueltos a la Tesorer\u00eda de la Federaci\u00f3n.<\/p>\n\n\n\n<p>Adem\u00e1s, hay saldos de anticipos a proveedores por adquisici\u00f3n de bienes y prestaci\u00f3n de servicios a corto plazo pendientes de amortizar y\/o comprobar. Las cantidades son por 524 mil 900 pesos, 220 mil pesos y 75 mil pesos. Asimismo, otro por 1 mill\u00f3n 069 mil 736.90 pesos.<\/p>\n\n\n\n<p>Lo grave es que existen saldos por anticipos, provenientes de ejercicios anteriores por 44 millones 578 mil 155.86 pesos.<\/p>\n\n\n\n<p>El ORFIS hall\u00f3 que el Ayuntamiento efectu\u00f3 erogaciones por concepto de anticipos a contratistas por obras p\u00fablicas a corto plazo que no fueron comprobados a trav\u00e9s de su amortizaci\u00f3n o, en su caso, su recuperaci\u00f3n. Las cantidades ascienden a 4 millones 690 mil 784.39 pesos y 52 mil 664 pesos.<\/p>\n\n\n\n<p>Tambi\u00e9n existe saldo de Impuesto sobre Erogaciones por Remuneraciones al Trabajo Personal, correspondiente a ejercicios anteriores, por un importe de 9 millones 025 mil 093.78 pesos.<\/p>\n\n\n\n<p>El Ayuntamiento present\u00f3 pasivos generados durante el ejercicio 2020 por 52 millones 590 mil 002.78 pesos, los cuales no han sido liquidados.<\/p>\n\n\n\n<p>Adem\u00e1s, existen saldos en cuentas por pagar por 70 millones 653 mil 511.55 pesos, correspondientes a ejercicios anteriores.<\/p>\n\n\n\n<p>Otro dato grave. Conforme a informaci\u00f3n proporcionada mediante compulsa por el Instituto de Pensiones del Estado (IPE), el Ayuntamiento present\u00f3 un saldo pendiente de enterar por concepto de cuotas, aportaciones y recargos por un monto total de 23 millones 730 mil 024.02 pesos.<\/p>\n\n\n\n<p>Asimismo, no ha remitido al IPE el presupuesto de egresos y plantilla de personal de los ejercicios 2019 y 2020.<\/p>\n\n\n\n<p>El Ayuntamiento erog\u00f3 1 mill\u00f3n 105 mil 207.03 pesos para equipamiento de las instituciones de seguridad p\u00fablica, materiales y suministros, pero la erogaci\u00f3n no fue comprobada.<\/p>\n\n\n\n<p>En las observaciones tambi\u00e9n se encuentran varias obras de mala calidad por deficiencias t\u00e9cnicas.<\/p>\n\n\n\n<p>Ya se ver\u00e1 si las autoridades protegen a este alcalde, as\u00ed como a los ediles de otros ayuntamientos del mismo partido pol\u00edtico o, por el contrario, aplican la ley.<\/p>\n\n\n\n<p>enriquepompeyo@hotmail.com<\/p>\n","protected":false},"excerpt":{"rendered":"<p>Enrique Yasser Pompeyo Mesa de Redacci\u00f3n El Ayuntamiento de Minatitl\u00e1n que encabeza el alcalde Nicol\u00e1s Reyes \u00c1lvarez no sali\u00f3 bien librado de la revisi\u00f3n a la Cuenta P\u00fablica 2020 que realiz\u00f3 el \u00d3rgano de Fiscalizaci\u00f3n Superior de Veracruz (ORFIS). De acuerdo con el ente aut\u00f3nomo, presenta un presunto da\u00f1o patrimonial por 56 millones 377 mil [&hellip;]<\/p>\n","protected":false},"author":2,"featured_media":0,"comment_status":"closed","ping_status":"closed","sticky":false,"template":"","format":"standard","meta":{"tdm_status":"","tdm_grid_status":"","footnotes":""},"categories":[70],"tags":[26350,709,15477,373,10865,135],"class_list":{"0":"post-80378","1":"post","2":"type-post","3":"status-publish","4":"format-standard","6":"category-de-opinion","7":"tag-cuenta-publica-2020","8":"tag-dano-patrimonial","9":"tag-enrique-yasser-pompeyo","10":"tag-minatitlan","11":"tag-nicolas-reyes-alvarez","12":"tag-orfis"},"yoast_head":"<!-- This site is optimized with the Yoast SEO plugin v27.4 - https:\/\/yoast.com\/product\/yoast-seo-wordpress\/ -->\n<title>Alcalde de Minatitl\u00e1n, bajo la lupa - Los pol\u00edticos Veracruz<\/title>\n<meta name=\"robots\" content=\"index, follow, max-snippet:-1, max-image-preview:large, max-video-preview:-1\" \/>\n<link rel=\"canonical\" href=\"https:\/\/lospoliticosveracruz.com\/?p=80378\" \/>\n<meta property=\"og:locale\" content=\"es_ES\" \/>\n<meta property=\"og:type\" content=\"article\" \/>\n<meta property=\"og:title\" content=\"Alcalde de Minatitl\u00e1n, bajo la lupa - Los pol\u00edticos Veracruz\" \/>\n<meta property=\"og:description\" content=\"Enrique Yasser Pompeyo Mesa de Redacci\u00f3n El Ayuntamiento de Minatitl\u00e1n que encabeza el alcalde Nicol\u00e1s Reyes \u00c1lvarez no sali\u00f3 bien librado de la revisi\u00f3n a la Cuenta P\u00fablica 2020 que realiz\u00f3 el \u00d3rgano de Fiscalizaci\u00f3n Superior de Veracruz (ORFIS). De acuerdo con el ente aut\u00f3nomo, presenta un presunto da\u00f1o patrimonial por 56 millones 377 mil [&hellip;]\" \/>\n<meta property=\"og:url\" content=\"https:\/\/lospoliticosveracruz.com\/?p=80378\" \/>\n<meta property=\"og:site_name\" content=\"Los pol\u00edticos Veracruz\" \/>\n<meta property=\"article:publisher\" content=\"https:\/\/www.facebook.com\/people\/Notimemes-de-los-Polticos\/61565672886568\/\" \/>\n<meta property=\"article:published_time\" content=\"2021-10-08T13:09:17+00:00\" \/>\n<meta property=\"article:modified_time\" content=\"2021-10-08T13:09:22+00:00\" \/>\n<meta property=\"og:image\" content=\"https:\/\/lospoliticosveracruz.com.mx\/wp-content\/uploads\/2021\/10\/WhatsApp-Image-2021-10-02-at-15.20.25-724x1024.jpeg\" \/>\n<meta name=\"author\" content=\"Lo viste en Los Pol\u00edticos\" \/>\n<meta name=\"twitter:card\" content=\"summary_large_image\" \/>\n<meta name=\"twitter:creator\" content=\"@LosPoliticosVer\" \/>\n<meta name=\"twitter:site\" content=\"@LosPoliticosVer\" \/>\n<meta name=\"twitter:label1\" content=\"Escrito por\" \/>\n\t<meta name=\"twitter:data1\" content=\"Lo viste en Los Pol\u00edticos\" \/>\n\t<meta name=\"twitter:label2\" content=\"Tiempo de lectura\" \/>\n\t<meta name=\"twitter:data2\" content=\"2 minutos\" \/>\n<script type=\"application\/ld+json\" class=\"yoast-schema-graph\">{\"@context\":\"https:\\\/\\\/schema.org\",\"@graph\":[{\"@type\":\"Article\",\"@id\":\"https:\\\/\\\/lospoliticosveracruz.com\\\/?p=80378#article\",\"isPartOf\":{\"@id\":\"https:\\\/\\\/lospoliticosveracruz.com\\\/?p=80378\"},\"author\":{\"name\":\"Lo viste en Los Pol\u00edticos\",\"@id\":\"https:\\\/\\\/lospoliticosveracruz.com\\\/#\\\/schema\\\/person\\\/b8702bb0e538456e6efd07080bf2a4a2\"},\"headline\":\"Alcalde de Minatitl\u00e1n, bajo la lupa\",\"datePublished\":\"2021-10-08T13:09:17+00:00\",\"dateModified\":\"2021-10-08T13:09:22+00:00\",\"mainEntityOfPage\":{\"@id\":\"https:\\\/\\\/lospoliticosveracruz.com\\\/?p=80378\"},\"wordCount\":433,\"publisher\":{\"@id\":\"https:\\\/\\\/lospoliticosveracruz.com\\\/#organization\"},\"image\":{\"@id\":\"https:\\\/\\\/lospoliticosveracruz.com\\\/?p=80378#primaryimage\"},\"thumbnailUrl\":\"https:\\\/\\\/lospoliticosveracruz.com.mx\\\/wp-content\\\/uploads\\\/2021\\\/10\\\/WhatsApp-Image-2021-10-02-at-15.20.25-724x1024.jpeg\",\"keywords\":[\"cuenta p\u00fablica 2020\",\"da\u00f1o patrimonial\",\"Enrique Yasser Pompeyo\",\"Minatitl\u00e1n\",\"Nicol\u00e1s Reyes \u00c1lvarez\",\"Orfis\"],\"articleSection\":[\"De Opini\u00f3n\"],\"inLanguage\":\"es\"},{\"@type\":\"WebPage\",\"@id\":\"https:\\\/\\\/lospoliticosveracruz.com\\\/?p=80378\",\"url\":\"https:\\\/\\\/lospoliticosveracruz.com\\\/?p=80378\",\"name\":\"Alcalde de Minatitl\u00e1n, bajo la lupa - Los pol\u00edticos Veracruz\",\"isPartOf\":{\"@id\":\"https:\\\/\\\/lospoliticosveracruz.com\\\/#website\"},\"primaryImageOfPage\":{\"@id\":\"https:\\\/\\\/lospoliticosveracruz.com\\\/?p=80378#primaryimage\"},\"image\":{\"@id\":\"https:\\\/\\\/lospoliticosveracruz.com\\\/?p=80378#primaryimage\"},\"thumbnailUrl\":\"https:\\\/\\\/lospoliticosveracruz.com.mx\\\/wp-content\\\/uploads\\\/2021\\\/10\\\/WhatsApp-Image-2021-10-02-at-15.20.25-724x1024.jpeg\",\"datePublished\":\"2021-10-08T13:09:17+00:00\",\"dateModified\":\"2021-10-08T13:09:22+00:00\",\"breadcrumb\":{\"@id\":\"https:\\\/\\\/lospoliticosveracruz.com\\\/?p=80378#breadcrumb\"},\"inLanguage\":\"es\",\"potentialAction\":[{\"@type\":\"ReadAction\",\"target\":[\"https:\\\/\\\/lospoliticosveracruz.com\\\/?p=80378\"]}]},{\"@type\":\"ImageObject\",\"inLanguage\":\"es\",\"@id\":\"https:\\\/\\\/lospoliticosveracruz.com\\\/?p=80378#primaryimage\",\"url\":\"https:\\\/\\\/lospoliticosveracruz.com.mx\\\/wp-content\\\/uploads\\\/2021\\\/10\\\/WhatsApp-Image-2021-10-02-at-15.20.25-724x1024.jpeg\",\"contentUrl\":\"https:\\\/\\\/lospoliticosveracruz.com.mx\\\/wp-content\\\/uploads\\\/2021\\\/10\\\/WhatsApp-Image-2021-10-02-at-15.20.25-724x1024.jpeg\"},{\"@type\":\"BreadcrumbList\",\"@id\":\"https:\\\/\\\/lospoliticosveracruz.com\\\/?p=80378#breadcrumb\",\"itemListElement\":[{\"@type\":\"ListItem\",\"position\":1,\"name\":\"Portada\",\"item\":\"https:\\\/\\\/lospoliticosveracruz.com\\\/\"},{\"@type\":\"ListItem\",\"position\":2,\"name\":\"Alcalde de Minatitl\u00e1n, bajo la lupa\"}]},{\"@type\":\"WebSite\",\"@id\":\"https:\\\/\\\/lospoliticosveracruz.com\\\/#website\",\"url\":\"https:\\\/\\\/lospoliticosveracruz.com\\\/\",\"name\":\"Los pol\u00edticos Veracruz\",\"description\":\"\",\"publisher\":{\"@id\":\"https:\\\/\\\/lospoliticosveracruz.com\\\/#organization\"},\"potentialAction\":[{\"@type\":\"SearchAction\",\"target\":{\"@type\":\"EntryPoint\",\"urlTemplate\":\"https:\\\/\\\/lospoliticosveracruz.com\\\/?s={search_term_string}\"},\"query-input\":{\"@type\":\"PropertyValueSpecification\",\"valueRequired\":true,\"valueName\":\"search_term_string\"}}],\"inLanguage\":\"es\"},{\"@type\":\"Organization\",\"@id\":\"https:\\\/\\\/lospoliticosveracruz.com\\\/#organization\",\"name\":\"Los pol\u00edticos Veracruz\",\"url\":\"https:\\\/\\\/lospoliticosveracruz.com\\\/\",\"logo\":{\"@type\":\"ImageObject\",\"inLanguage\":\"es\",\"@id\":\"https:\\\/\\\/lospoliticosveracruz.com\\\/#\\\/schema\\\/logo\\\/image\\\/\",\"url\":\"https:\\\/\\\/lospoliticosveracruz.com\\\/wp-content\\\/uploads\\\/2025\\\/12\\\/Logo-Nuevo-LOS-POLITICOS-1.jpg\",\"contentUrl\":\"https:\\\/\\\/lospoliticosveracruz.com\\\/wp-content\\\/uploads\\\/2025\\\/12\\\/Logo-Nuevo-LOS-POLITICOS-1.jpg\",\"width\":260,\"height\":70,\"caption\":\"Los pol\u00edticos Veracruz\"},\"image\":{\"@id\":\"https:\\\/\\\/lospoliticosveracruz.com\\\/#\\\/schema\\\/logo\\\/image\\\/\"},\"sameAs\":[\"https:\\\/\\\/www.facebook.com\\\/people\\\/Notimemes-de-los-Polticos\\\/61565672886568\\\/\",\"https:\\\/\\\/x.com\\\/LosPoliticosVer\"]},{\"@type\":\"Person\",\"@id\":\"https:\\\/\\\/lospoliticosveracruz.com\\\/#\\\/schema\\\/person\\\/b8702bb0e538456e6efd07080bf2a4a2\",\"name\":\"Lo viste en Los Pol\u00edticos\",\"image\":{\"@type\":\"ImageObject\",\"inLanguage\":\"es\",\"@id\":\"https:\\\/\\\/secure.gravatar.com\\\/avatar\\\/3a8de04a2656d44082be478bd6c086daa447c4651605818287b9532d3d0bd435?s=96&d=mm&r=g\",\"url\":\"https:\\\/\\\/secure.gravatar.com\\\/avatar\\\/3a8de04a2656d44082be478bd6c086daa447c4651605818287b9532d3d0bd435?s=96&d=mm&r=g\",\"contentUrl\":\"https:\\\/\\\/secure.gravatar.com\\\/avatar\\\/3a8de04a2656d44082be478bd6c086daa447c4651605818287b9532d3d0bd435?s=96&d=mm&r=g\",\"caption\":\"Lo viste en Los Pol\u00edticos\"},\"url\":\"https:\\\/\\\/lospoliticosveracruz.com\\\/?author=2\"}]}<\/script>\n<!-- \/ Yoast SEO plugin. -->","yoast_head_json":{"title":"Alcalde de Minatitl\u00e1n, bajo la lupa - Los pol\u00edticos Veracruz","robots":{"index":"index","follow":"follow","max-snippet":"max-snippet:-1","max-image-preview":"max-image-preview:large","max-video-preview":"max-video-preview:-1"},"canonical":"https:\/\/lospoliticosveracruz.com\/?p=80378","og_locale":"es_ES","og_type":"article","og_title":"Alcalde de Minatitl\u00e1n, bajo la lupa - Los pol\u00edticos Veracruz","og_description":"Enrique Yasser Pompeyo Mesa de Redacci\u00f3n El Ayuntamiento de Minatitl\u00e1n que encabeza el alcalde Nicol\u00e1s Reyes \u00c1lvarez no sali\u00f3 bien librado de la revisi\u00f3n a la Cuenta P\u00fablica 2020 que realiz\u00f3 el \u00d3rgano de Fiscalizaci\u00f3n Superior de Veracruz (ORFIS). De acuerdo con el ente aut\u00f3nomo, presenta un presunto da\u00f1o patrimonial por 56 millones 377 mil [&hellip;]","og_url":"https:\/\/lospoliticosveracruz.com\/?p=80378","og_site_name":"Los pol\u00edticos Veracruz","article_publisher":"https:\/\/www.facebook.com\/people\/Notimemes-de-los-Polticos\/61565672886568\/","article_published_time":"2021-10-08T13:09:17+00:00","article_modified_time":"2021-10-08T13:09:22+00:00","og_image":[{"url":"https:\/\/lospoliticosveracruz.com.mx\/wp-content\/uploads\/2021\/10\/WhatsApp-Image-2021-10-02-at-15.20.25-724x1024.jpeg","type":"","width":"","height":""}],"author":"Lo viste en Los Pol\u00edticos","twitter_card":"summary_large_image","twitter_creator":"@LosPoliticosVer","twitter_site":"@LosPoliticosVer","twitter_misc":{"Escrito por":"Lo viste en Los Pol\u00edticos","Tiempo de lectura":"2 minutos"},"schema":{"@context":"https:\/\/schema.org","@graph":[{"@type":"Article","@id":"https:\/\/lospoliticosveracruz.com\/?p=80378#article","isPartOf":{"@id":"https:\/\/lospoliticosveracruz.com\/?p=80378"},"author":{"name":"Lo viste en Los Pol\u00edticos","@id":"https:\/\/lospoliticosveracruz.com\/#\/schema\/person\/b8702bb0e538456e6efd07080bf2a4a2"},"headline":"Alcalde de Minatitl\u00e1n, bajo la lupa","datePublished":"2021-10-08T13:09:17+00:00","dateModified":"2021-10-08T13:09:22+00:00","mainEntityOfPage":{"@id":"https:\/\/lospoliticosveracruz.com\/?p=80378"},"wordCount":433,"publisher":{"@id":"https:\/\/lospoliticosveracruz.com\/#organization"},"image":{"@id":"https:\/\/lospoliticosveracruz.com\/?p=80378#primaryimage"},"thumbnailUrl":"https:\/\/lospoliticosveracruz.com.mx\/wp-content\/uploads\/2021\/10\/WhatsApp-Image-2021-10-02-at-15.20.25-724x1024.jpeg","keywords":["cuenta p\u00fablica 2020","da\u00f1o patrimonial","Enrique Yasser Pompeyo","Minatitl\u00e1n","Nicol\u00e1s Reyes \u00c1lvarez","Orfis"],"articleSection":["De Opini\u00f3n"],"inLanguage":"es"},{"@type":"WebPage","@id":"https:\/\/lospoliticosveracruz.com\/?p=80378","url":"https:\/\/lospoliticosveracruz.com\/?p=80378","name":"Alcalde de Minatitl\u00e1n, bajo la lupa - Los pol\u00edticos Veracruz","isPartOf":{"@id":"https:\/\/lospoliticosveracruz.com\/#website"},"primaryImageOfPage":{"@id":"https:\/\/lospoliticosveracruz.com\/?p=80378#primaryimage"},"image":{"@id":"https:\/\/lospoliticosveracruz.com\/?p=80378#primaryimage"},"thumbnailUrl":"https:\/\/lospoliticosveracruz.com.mx\/wp-content\/uploads\/2021\/10\/WhatsApp-Image-2021-10-02-at-15.20.25-724x1024.jpeg","datePublished":"2021-10-08T13:09:17+00:00","dateModified":"2021-10-08T13:09:22+00:00","breadcrumb":{"@id":"https:\/\/lospoliticosveracruz.com\/?p=80378#breadcrumb"},"inLanguage":"es","potentialAction":[{"@type":"ReadAction","target":["https:\/\/lospoliticosveracruz.com\/?p=80378"]}]},{"@type":"ImageObject","inLanguage":"es","@id":"https:\/\/lospoliticosveracruz.com\/?p=80378#primaryimage","url":"https:\/\/lospoliticosveracruz.com.mx\/wp-content\/uploads\/2021\/10\/WhatsApp-Image-2021-10-02-at-15.20.25-724x1024.jpeg","contentUrl":"https:\/\/lospoliticosveracruz.com.mx\/wp-content\/uploads\/2021\/10\/WhatsApp-Image-2021-10-02-at-15.20.25-724x1024.jpeg"},{"@type":"BreadcrumbList","@id":"https:\/\/lospoliticosveracruz.com\/?p=80378#breadcrumb","itemListElement":[{"@type":"ListItem","position":1,"name":"Portada","item":"https:\/\/lospoliticosveracruz.com\/"},{"@type":"ListItem","position":2,"name":"Alcalde de Minatitl\u00e1n, bajo la lupa"}]},{"@type":"WebSite","@id":"https:\/\/lospoliticosveracruz.com\/#website","url":"https:\/\/lospoliticosveracruz.com\/","name":"Los pol\u00edticos Veracruz","description":"","publisher":{"@id":"https:\/\/lospoliticosveracruz.com\/#organization"},"potentialAction":[{"@type":"SearchAction","target":{"@type":"EntryPoint","urlTemplate":"https:\/\/lospoliticosveracruz.com\/?s={search_term_string}"},"query-input":{"@type":"PropertyValueSpecification","valueRequired":true,"valueName":"search_term_string"}}],"inLanguage":"es"},{"@type":"Organization","@id":"https:\/\/lospoliticosveracruz.com\/#organization","name":"Los pol\u00edticos Veracruz","url":"https:\/\/lospoliticosveracruz.com\/","logo":{"@type":"ImageObject","inLanguage":"es","@id":"https:\/\/lospoliticosveracruz.com\/#\/schema\/logo\/image\/","url":"https:\/\/lospoliticosveracruz.com\/wp-content\/uploads\/2025\/12\/Logo-Nuevo-LOS-POLITICOS-1.jpg","contentUrl":"https:\/\/lospoliticosveracruz.com\/wp-content\/uploads\/2025\/12\/Logo-Nuevo-LOS-POLITICOS-1.jpg","width":260,"height":70,"caption":"Los pol\u00edticos Veracruz"},"image":{"@id":"https:\/\/lospoliticosveracruz.com\/#\/schema\/logo\/image\/"},"sameAs":["https:\/\/www.facebook.com\/people\/Notimemes-de-los-Polticos\/61565672886568\/","https:\/\/x.com\/LosPoliticosVer"]},{"@type":"Person","@id":"https:\/\/lospoliticosveracruz.com\/#\/schema\/person\/b8702bb0e538456e6efd07080bf2a4a2","name":"Lo viste en Los Pol\u00edticos","image":{"@type":"ImageObject","inLanguage":"es","@id":"https:\/\/secure.gravatar.com\/avatar\/3a8de04a2656d44082be478bd6c086daa447c4651605818287b9532d3d0bd435?s=96&d=mm&r=g","url":"https:\/\/secure.gravatar.com\/avatar\/3a8de04a2656d44082be478bd6c086daa447c4651605818287b9532d3d0bd435?s=96&d=mm&r=g","contentUrl":"https:\/\/secure.gravatar.com\/avatar\/3a8de04a2656d44082be478bd6c086daa447c4651605818287b9532d3d0bd435?s=96&d=mm&r=g","caption":"Lo viste en Los Pol\u00edticos"},"url":"https:\/\/lospoliticosveracruz.com\/?author=2"}]}},"_links":{"self":[{"href":"https:\/\/lospoliticosveracruz.com\/index.php?rest_route=\/wp\/v2\/posts\/80378","targetHints":{"allow":["GET"]}}],"collection":[{"href":"https:\/\/lospoliticosveracruz.com\/index.php?rest_route=\/wp\/v2\/posts"}],"about":[{"href":"https:\/\/lospoliticosveracruz.com\/index.php?rest_route=\/wp\/v2\/types\/post"}],"author":[{"embeddable":true,"href":"https:\/\/lospoliticosveracruz.com\/index.php?rest_route=\/wp\/v2\/users\/2"}],"replies":[{"embeddable":true,"href":"https:\/\/lospoliticosveracruz.com\/index.php?rest_route=%2Fwp%2Fv2%2Fcomments&post=80378"}],"version-history":[{"count":1,"href":"https:\/\/lospoliticosveracruz.com\/index.php?rest_route=\/wp\/v2\/posts\/80378\/revisions"}],"predecessor-version":[{"id":80384,"href":"https:\/\/lospoliticosveracruz.com\/index.php?rest_route=\/wp\/v2\/posts\/80378\/revisions\/80384"}],"wp:attachment":[{"href":"https:\/\/lospoliticosveracruz.com\/index.php?rest_route=%2Fwp%2Fv2%2Fmedia&parent=80378"}],"wp:term":[{"taxonomy":"category","embeddable":true,"href":"https:\/\/lospoliticosveracruz.com\/index.php?rest_route=%2Fwp%2Fv2%2Fcategories&post=80378"},{"taxonomy":"post_tag","embeddable":true,"href":"https:\/\/lospoliticosveracruz.com\/index.php?rest_route=%2Fwp%2Fv2%2Ftags&post=80378"}],"curies":[{"name":"wp","href":"https:\/\/api.w.org\/{rel}","templated":true}]}}