{"id":80463,"date":"2021-10-10T09:33:20","date_gmt":"2021-10-10T14:33:20","guid":{"rendered":"https:\/\/lospoliticosveracruz.com.mx\/?p=80463"},"modified":"2021-10-10T09:33:27","modified_gmt":"2021-10-10T14:33:27","slug":"mensaje-tardio","status":"publish","type":"post","link":"https:\/\/lospoliticosveracruz.com\/?p=80463","title":{"rendered":"Mensaje tard\u00edo"},"content":{"rendered":"\n<p><br><strong>Ricardo Ch\u00faa<\/strong><br><em>Sale y Vale<\/em><\/p>\n\n\n\n<p>EL MENSAJE TARD\u00cdO\u2026 Pese a la detenci\u00f3n de Antonio \u00abN\u00bb, el que fuera el secretario de Finanzas del gobierno estatal de Veracruz, hasta que Javier Duarte dej\u00f3 la gubernatura en los \u00faltimos d\u00edas del mes de septiembre del 2016\u2026 Hay que recordar que con el interinato de Flavino R\u00edo lleg\u00f3 \u00abTula\u00bb Guerrero, a SEFIPLAN y contin\u00fao con Miguel \u00c1ngel Yunes Linares\u2026 La administraci\u00f3n de Cuitl\u00e1huac Garc\u00eda Jim\u00e9nez, se tard\u00f3 casi 3 a\u00f1os para enviar un mensaje a la sociedad, que NO HAY NADA que los une con el \u00abDuartismo\u00bb\u2026<\/p>\n\n\n\n<p>Y por eso, quiz\u00e1s, ahora poco importa lo que suceda judicialmente con ex funcionarios duartistas\u2026 La sociedad veracruzana no cree que NO EXISTA VINCULACI\u00d3N ALGUNA\u2026 Adem\u00e1s hay que aclarar que estos son asuntos, que se denunciaron en el pasado, durante el bienio de Yunes Linares\u2026 Y que ahora las autoridades de la Fiscal\u00eda General del Estado, s\u00f3lo est\u00e1n dando cumplimiento a las \u00f3rdenes de aprehensi\u00f3n con la detenci\u00f3n de este personaje en Xalapa\u2026<\/p>\n\n\n\n<p>Lo que nos dice \u00abGARGANTA PROFUNDA OFICIALISTA\u00bb es que estas denuncias ya estaban presentadas\u2026 Pero el tema es que siguen saliendo las \u00abbroncas\u00bb sobre el tema de los manejos de recursos y sus malversaciones en esos a\u00f1os en la misma Auditor\u00eda Superior de la Federaci\u00f3n (ASF) y por eso ahora la FGE s\u00f3lo hace el cumplimiento de la orden de aprehensi\u00f3n\u2026 Y as\u00ed lo hicieron de manera legal y oficial\u2026<\/p>\n\n\n\n<p>Con esto adem\u00e1s el gobierno de Cuitl\u00e1huac quiso que se manejara de manera diferente\u2026 Para contrarrestar que esto no era s\u00f3lo un tema pol\u00edtico o un distractor de lo que est\u00e1 pasando en la entidad en otros asuntos como crisis econ\u00f3mica, inseguridad y los dem\u00e1s problemas sociales\u2026 Y lo hacen, este s\u00e1bado cuando es el d\u00eda de la CUMBRE DEL PRI en Orizaba, con un funcionario que trabaj\u00f3 en gobiernos priistas y que MORENA ha criticado hasta el cansancio por presuntos hechos de corrupci\u00f3n.. \u00bfRARO NO?\u2026<\/p>\n\n\n\n<p>OJO\u2026 Aqu\u00ed s\u00f3lo hay que poner MUCHO CUIDADO que despu\u00e9s de este hecho de la detenci\u00f3n de Antonio \u00abN\u00bb y de la cumbre estatal priista\u2026 Se est\u00e1 preparando algo o sea la \u00abANTESALA\u00bb de alg\u00fan otro tema en donde el gobierno estatal o sus \u00f3rganos aliados vayan en contra de alg\u00fan personaje representativo de un partido pol\u00edtico de oposici\u00f3n o de alguna acci\u00f3n que pueda afectar a la oposici\u00f3n\u2026 Ya inici\u00f3 el proceso electoral del 2024 en Veracruz\u2026 Y en la guerra, en el amor como en las elecciones\u2026 Todo se vale\u2026 AMEN\u2026<\/p>\n\n\n\n<p>\u00abDREAM TEAM\u00bb EN ORIZABA\u2026 El m\u00e1s poderoso y famoso \u00abGARGANTA PROFUNDA\u00bb de los \u00faltimos tres sexenios en Veracruz\u2026 Se\u00f1ala lo que est\u00e1 sucediendo en Orizaba, en estos d\u00edas, donde se ha reunido toda la \u00abcofrade\u00bb priista de Veracruz\u2026 No es tanto para llegar a acuerdos de su asamblea nacional.. Sino para lograr la unidad y preparar la \u00abbatalla\u00bb rumbo al 2024\u2026 M\u00e1s cuando los que han recorrido todo en pol\u00edtica saben que detr\u00e1s de un proyecto ganador\u2026 Siempre hay un equipo bien \u00abcurtido\u00bb en las batallas\u2026<\/p>\n\n\n\n<p>Mismos que conocen el arte de \u00abtejer\u00bb fino y no se \u00abachican\u00bb en las buenas, ni en las malas\u2026 De esos pol\u00edticos s\u00f3lo hay en el PRI, algunos m\u00e1s en el PAN, otros pocos en el PRD, quiz\u00e1s en Movimiento Ciudadano y PVEM\u2026 Y parenle de contar\u2026 Por eso, el \u00abc\u00f3nclave\u00bb de alcaldes electos, sus s\u00edndicos y l\u00edderes priistas de la entidad, en la sede Orizaba, mencionan que es la \u00abpunta del iceberg\u00bb del proyecto que se est\u00e1 conformado en torno al alcalde electo de Orizaba, Juan Manuel Diez Francos, \u00abEl Emperador\u00bb\u2026<\/p>\n\n\n\n<p>Esta reuni\u00f3n y que los tribunales electorales estatales y federales\u2026 Le hayan ratificado su triunfo fueron para el PRI en estos tiempos \u00abox\u00edgeno puro\u00bb\u2026 Sino que tambi\u00e9n preciado para el tricolor que no s\u00f3lo ve en Diez Francos, un perfil fuerte para recuperarse de los \u00abdescalabros\u00bb y que junto con el tema de Pepe Yunes, es para este partido como una \u00abbocanada de aire\u00bb, sino para competir y volver a ser una opci\u00f3n ganadora en 2024\u2026 Ya al menos, tiene un \u00abgallo\u00bb m\u00e1s con \u00abespolones\u00bb para el pr\u00f3ximo proceso a la gubernatura\u2026<\/p>\n\n\n\n<p>Ahora s\u00f3lo habr\u00e1 que ver si este potencial que representa Diez Francos, si ir\u00e1 acompa\u00f1ado del equipo que lo arropa\u2026 Ya que hasta sus propios adversarios pol\u00edticos en Orizaba, saben que su equipo de trabajo son los que le han dado, un nuevo rostro al Pueblo M\u00e1gico, y que adem\u00e1s son los que han sostenido las \u00abbatallas\u00bb que se cre\u00edan perdidas, hasta el \u00faltimo minuto de este proceso electoral\u2026 Al cual solo le hace falta el silbido del \u00e1rbitro para que el resultado se sume al r\u00e9cord de triunfos del orizabe\u00f1o\u2026 Est\u00e1n en lo cierto\u2026 TAN\u2026 TAN\u2026<\/p>\n\n\n\n<p>Hay que reconocer que parte del triunfo de Juan Manuel D\u00edez\u2026 Se debe a la defensa jur\u00eddica que hizo Alfredo Hern\u00e1ndez Avila, su abogado electoral, desde que arranc\u00f3 el proceso hasta las impugnaciones de las que ha salido adelante en tribunales locales y federales (TEV y TEPJF)\u2026 Con este triunfo D\u00edez Francos podr\u00e1 reforzar la transformaci\u00f3n del hoy \u00abPueblo M\u00e1gico\u00bb y fortalecer la empat\u00eda de la sociedad con un fuerte c\u00edrculo empresarial\u2026 Con lo cual, lo colocan frente a un liderazgo dentro del tricolor y como un pol\u00edtico atractivo para cualquier partido\u2026<\/p>\n\n\n\n<p>Quiz\u00e1s por ello, a este equipo lo llaman ya \u00abEl Dream Team\u201d orizabe\u00f1o\u2026 El cual va \u00abtejiendo\u00bb fino\u2026 Y este fin de semana se sentaron en la mesa de Juan Manuel D\u00edez Franco, el l\u00edder priista estatal, Marlon Ram\u00edrez y toda la comitiva del dirigencia del PRI en Veracruz\u2026 Adem\u00e1s de la diputada local electa, Ariana \u00c1ngeles Aguirre, todo en un gesto de unidad en torno al ahora 3 veces alcalde de Orizaba\u2026<\/p>\n","protected":false},"excerpt":{"rendered":"<p>Ricardo Ch\u00faaSale y Vale EL MENSAJE TARD\u00cdO\u2026 Pese a la detenci\u00f3n de Antonio \u00abN\u00bb, el que fuera el secretario de Finanzas del gobierno estatal de Veracruz, hasta que Javier Duarte dej\u00f3 la gubernatura en los \u00faltimos d\u00edas del mes de septiembre del 2016\u2026 Hay que recordar que con el interinato de Flavino R\u00edo lleg\u00f3 \u00abTula\u00bb [&hellip;]<\/p>\n","protected":false},"author":2,"featured_media":0,"comment_status":"closed","ping_status":"closed","sticky":false,"template":"","format":"standard","meta":{"tdm_status":"","tdm_grid_status":"","footnotes":""},"categories":[70],"tags":[1563,260,1640,2908,428,1026,1639,195],"class_list":{"0":"post-80463","1":"post","2":"type-post","3":"status-publish","4":"format-standard","6":"category-de-opinion","7":"tag-cuitlahuac-garcia-jimenez","8":"tag-javier-duarte-de-ochoa","9":"tag-juan-manuel-diez-francos","10":"tag-marlon-ramirez-marin","11":"tag-miguel-angel-yunes-linares","12":"tag-morena","13":"tag-orizaba","14":"tag-veracruz"},"yoast_head":"<!-- This site is optimized with the Yoast SEO plugin v27.4 - https:\/\/yoast.com\/product\/yoast-seo-wordpress\/ -->\n<title>Mensaje tard\u00edo - Los pol\u00edticos Veracruz<\/title>\n<meta name=\"robots\" content=\"index, follow, max-snippet:-1, max-image-preview:large, max-video-preview:-1\" \/>\n<link rel=\"canonical\" href=\"https:\/\/lospoliticosveracruz.com\/?p=80463\" \/>\n<meta property=\"og:locale\" content=\"es_ES\" \/>\n<meta property=\"og:type\" content=\"article\" \/>\n<meta property=\"og:title\" content=\"Mensaje tard\u00edo - Los pol\u00edticos Veracruz\" \/>\n<meta property=\"og:description\" content=\"Ricardo Ch\u00faaSale y Vale EL MENSAJE TARD\u00cdO\u2026 Pese a la detenci\u00f3n de Antonio \u00abN\u00bb, el que fuera el secretario de Finanzas del gobierno estatal de Veracruz, hasta que Javier Duarte dej\u00f3 la gubernatura en los \u00faltimos d\u00edas del mes de septiembre del 2016\u2026 Hay que recordar que con el interinato de Flavino R\u00edo lleg\u00f3 \u00abTula\u00bb [&hellip;]\" \/>\n<meta property=\"og:url\" content=\"https:\/\/lospoliticosveracruz.com\/?p=80463\" \/>\n<meta property=\"og:site_name\" content=\"Los pol\u00edticos Veracruz\" \/>\n<meta property=\"article:publisher\" content=\"https:\/\/www.facebook.com\/people\/Notimemes-de-los-Polticos\/61565672886568\/\" \/>\n<meta property=\"article:published_time\" content=\"2021-10-10T14:33:20+00:00\" \/>\n<meta property=\"article:modified_time\" content=\"2021-10-10T14:33:27+00:00\" \/>\n<meta property=\"og:image\" content=\"https:\/\/lospoliticosveracruz.com\/wp-content\/uploads\/2016\/07\/Logo-Dor.jpg\" \/>\n\t<meta property=\"og:image:width\" content=\"200\" \/>\n\t<meta property=\"og:image:height\" content=\"200\" \/>\n\t<meta property=\"og:image:type\" content=\"image\/jpeg\" \/>\n<meta name=\"author\" content=\"Lo viste en Los Pol\u00edticos\" \/>\n<meta name=\"twitter:card\" content=\"summary_large_image\" \/>\n<meta name=\"twitter:creator\" content=\"@LosPoliticosVer\" \/>\n<meta name=\"twitter:site\" content=\"@LosPoliticosVer\" \/>\n<meta name=\"twitter:label1\" content=\"Escrito por\" \/>\n\t<meta name=\"twitter:data1\" content=\"Lo viste en Los Pol\u00edticos\" \/>\n\t<meta name=\"twitter:label2\" content=\"Tiempo de lectura\" \/>\n\t<meta name=\"twitter:data2\" content=\"5 minutos\" \/>\n<script type=\"application\/ld+json\" class=\"yoast-schema-graph\">{\"@context\":\"https:\\\/\\\/schema.org\",\"@graph\":[{\"@type\":\"Article\",\"@id\":\"https:\\\/\\\/lospoliticosveracruz.com\\\/?p=80463#article\",\"isPartOf\":{\"@id\":\"https:\\\/\\\/lospoliticosveracruz.com\\\/?p=80463\"},\"author\":{\"name\":\"Lo viste en Los Pol\u00edticos\",\"@id\":\"https:\\\/\\\/lospoliticosveracruz.com\\\/#\\\/schema\\\/person\\\/b8702bb0e538456e6efd07080bf2a4a2\"},\"headline\":\"Mensaje tard\u00edo\",\"datePublished\":\"2021-10-10T14:33:20+00:00\",\"dateModified\":\"2021-10-10T14:33:27+00:00\",\"mainEntityOfPage\":{\"@id\":\"https:\\\/\\\/lospoliticosveracruz.com\\\/?p=80463\"},\"wordCount\":1031,\"publisher\":{\"@id\":\"https:\\\/\\\/lospoliticosveracruz.com\\\/#organization\"},\"keywords\":[\"Cuitl\u00e1huac Garc\u00eda Jim\u00e9nez\",\"Javier Duarte de Ochoa\",\"Juan Manuel Diez Francos\",\"Marlon Ram\u00edrez Mar\u00edn\",\"Miguel Angel Yunes Linares\",\"Morena\",\"Orizaba\",\"Veracruz\"],\"articleSection\":[\"De Opini\u00f3n\"],\"inLanguage\":\"es\"},{\"@type\":\"WebPage\",\"@id\":\"https:\\\/\\\/lospoliticosveracruz.com\\\/?p=80463\",\"url\":\"https:\\\/\\\/lospoliticosveracruz.com\\\/?p=80463\",\"name\":\"Mensaje tard\u00edo - Los pol\u00edticos Veracruz\",\"isPartOf\":{\"@id\":\"https:\\\/\\\/lospoliticosveracruz.com\\\/#website\"},\"datePublished\":\"2021-10-10T14:33:20+00:00\",\"dateModified\":\"2021-10-10T14:33:27+00:00\",\"breadcrumb\":{\"@id\":\"https:\\\/\\\/lospoliticosveracruz.com\\\/?p=80463#breadcrumb\"},\"inLanguage\":\"es\",\"potentialAction\":[{\"@type\":\"ReadAction\",\"target\":[\"https:\\\/\\\/lospoliticosveracruz.com\\\/?p=80463\"]}]},{\"@type\":\"BreadcrumbList\",\"@id\":\"https:\\\/\\\/lospoliticosveracruz.com\\\/?p=80463#breadcrumb\",\"itemListElement\":[{\"@type\":\"ListItem\",\"position\":1,\"name\":\"Portada\",\"item\":\"https:\\\/\\\/lospoliticosveracruz.com\\\/\"},{\"@type\":\"ListItem\",\"position\":2,\"name\":\"Mensaje tard\u00edo\"}]},{\"@type\":\"WebSite\",\"@id\":\"https:\\\/\\\/lospoliticosveracruz.com\\\/#website\",\"url\":\"https:\\\/\\\/lospoliticosveracruz.com\\\/\",\"name\":\"Los pol\u00edticos Veracruz\",\"description\":\"\",\"publisher\":{\"@id\":\"https:\\\/\\\/lospoliticosveracruz.com\\\/#organization\"},\"potentialAction\":[{\"@type\":\"SearchAction\",\"target\":{\"@type\":\"EntryPoint\",\"urlTemplate\":\"https:\\\/\\\/lospoliticosveracruz.com\\\/?s={search_term_string}\"},\"query-input\":{\"@type\":\"PropertyValueSpecification\",\"valueRequired\":true,\"valueName\":\"search_term_string\"}}],\"inLanguage\":\"es\"},{\"@type\":\"Organization\",\"@id\":\"https:\\\/\\\/lospoliticosveracruz.com\\\/#organization\",\"name\":\"Los pol\u00edticos Veracruz\",\"url\":\"https:\\\/\\\/lospoliticosveracruz.com\\\/\",\"logo\":{\"@type\":\"ImageObject\",\"inLanguage\":\"es\",\"@id\":\"https:\\\/\\\/lospoliticosveracruz.com\\\/#\\\/schema\\\/logo\\\/image\\\/\",\"url\":\"https:\\\/\\\/lospoliticosveracruz.com\\\/wp-content\\\/uploads\\\/2025\\\/12\\\/Logo-Nuevo-LOS-POLITICOS-1.jpg\",\"contentUrl\":\"https:\\\/\\\/lospoliticosveracruz.com\\\/wp-content\\\/uploads\\\/2025\\\/12\\\/Logo-Nuevo-LOS-POLITICOS-1.jpg\",\"width\":260,\"height\":70,\"caption\":\"Los pol\u00edticos Veracruz\"},\"image\":{\"@id\":\"https:\\\/\\\/lospoliticosveracruz.com\\\/#\\\/schema\\\/logo\\\/image\\\/\"},\"sameAs\":[\"https:\\\/\\\/www.facebook.com\\\/people\\\/Notimemes-de-los-Polticos\\\/61565672886568\\\/\",\"https:\\\/\\\/x.com\\\/LosPoliticosVer\"]},{\"@type\":\"Person\",\"@id\":\"https:\\\/\\\/lospoliticosveracruz.com\\\/#\\\/schema\\\/person\\\/b8702bb0e538456e6efd07080bf2a4a2\",\"name\":\"Lo viste en Los Pol\u00edticos\",\"image\":{\"@type\":\"ImageObject\",\"inLanguage\":\"es\",\"@id\":\"https:\\\/\\\/secure.gravatar.com\\\/avatar\\\/3a8de04a2656d44082be478bd6c086daa447c4651605818287b9532d3d0bd435?s=96&d=mm&r=g\",\"url\":\"https:\\\/\\\/secure.gravatar.com\\\/avatar\\\/3a8de04a2656d44082be478bd6c086daa447c4651605818287b9532d3d0bd435?s=96&d=mm&r=g\",\"contentUrl\":\"https:\\\/\\\/secure.gravatar.com\\\/avatar\\\/3a8de04a2656d44082be478bd6c086daa447c4651605818287b9532d3d0bd435?s=96&d=mm&r=g\",\"caption\":\"Lo viste en Los Pol\u00edticos\"},\"url\":\"https:\\\/\\\/lospoliticosveracruz.com\\\/?author=2\"}]}<\/script>\n<!-- \/ Yoast SEO plugin. -->","yoast_head_json":{"title":"Mensaje tard\u00edo - Los pol\u00edticos Veracruz","robots":{"index":"index","follow":"follow","max-snippet":"max-snippet:-1","max-image-preview":"max-image-preview:large","max-video-preview":"max-video-preview:-1"},"canonical":"https:\/\/lospoliticosveracruz.com\/?p=80463","og_locale":"es_ES","og_type":"article","og_title":"Mensaje tard\u00edo - Los pol\u00edticos Veracruz","og_description":"Ricardo Ch\u00faaSale y Vale EL MENSAJE TARD\u00cdO\u2026 Pese a la detenci\u00f3n de Antonio \u00abN\u00bb, el que fuera el secretario de Finanzas del gobierno estatal de Veracruz, hasta que Javier Duarte dej\u00f3 la gubernatura en los \u00faltimos d\u00edas del mes de septiembre del 2016\u2026 Hay que recordar que con el interinato de Flavino R\u00edo lleg\u00f3 \u00abTula\u00bb [&hellip;]","og_url":"https:\/\/lospoliticosveracruz.com\/?p=80463","og_site_name":"Los pol\u00edticos Veracruz","article_publisher":"https:\/\/www.facebook.com\/people\/Notimemes-de-los-Polticos\/61565672886568\/","article_published_time":"2021-10-10T14:33:20+00:00","article_modified_time":"2021-10-10T14:33:27+00:00","og_image":[{"width":200,"height":200,"url":"https:\/\/lospoliticosveracruz.com\/wp-content\/uploads\/2016\/07\/Logo-Dor.jpg","type":"image\/jpeg"}],"author":"Lo viste en Los Pol\u00edticos","twitter_card":"summary_large_image","twitter_creator":"@LosPoliticosVer","twitter_site":"@LosPoliticosVer","twitter_misc":{"Escrito por":"Lo viste en Los Pol\u00edticos","Tiempo de lectura":"5 minutos"},"schema":{"@context":"https:\/\/schema.org","@graph":[{"@type":"Article","@id":"https:\/\/lospoliticosveracruz.com\/?p=80463#article","isPartOf":{"@id":"https:\/\/lospoliticosveracruz.com\/?p=80463"},"author":{"name":"Lo viste en Los Pol\u00edticos","@id":"https:\/\/lospoliticosveracruz.com\/#\/schema\/person\/b8702bb0e538456e6efd07080bf2a4a2"},"headline":"Mensaje tard\u00edo","datePublished":"2021-10-10T14:33:20+00:00","dateModified":"2021-10-10T14:33:27+00:00","mainEntityOfPage":{"@id":"https:\/\/lospoliticosveracruz.com\/?p=80463"},"wordCount":1031,"publisher":{"@id":"https:\/\/lospoliticosveracruz.com\/#organization"},"keywords":["Cuitl\u00e1huac Garc\u00eda Jim\u00e9nez","Javier Duarte de Ochoa","Juan Manuel Diez Francos","Marlon Ram\u00edrez Mar\u00edn","Miguel Angel Yunes Linares","Morena","Orizaba","Veracruz"],"articleSection":["De Opini\u00f3n"],"inLanguage":"es"},{"@type":"WebPage","@id":"https:\/\/lospoliticosveracruz.com\/?p=80463","url":"https:\/\/lospoliticosveracruz.com\/?p=80463","name":"Mensaje tard\u00edo - Los pol\u00edticos Veracruz","isPartOf":{"@id":"https:\/\/lospoliticosveracruz.com\/#website"},"datePublished":"2021-10-10T14:33:20+00:00","dateModified":"2021-10-10T14:33:27+00:00","breadcrumb":{"@id":"https:\/\/lospoliticosveracruz.com\/?p=80463#breadcrumb"},"inLanguage":"es","potentialAction":[{"@type":"ReadAction","target":["https:\/\/lospoliticosveracruz.com\/?p=80463"]}]},{"@type":"BreadcrumbList","@id":"https:\/\/lospoliticosveracruz.com\/?p=80463#breadcrumb","itemListElement":[{"@type":"ListItem","position":1,"name":"Portada","item":"https:\/\/lospoliticosveracruz.com\/"},{"@type":"ListItem","position":2,"name":"Mensaje tard\u00edo"}]},{"@type":"WebSite","@id":"https:\/\/lospoliticosveracruz.com\/#website","url":"https:\/\/lospoliticosveracruz.com\/","name":"Los pol\u00edticos Veracruz","description":"","publisher":{"@id":"https:\/\/lospoliticosveracruz.com\/#organization"},"potentialAction":[{"@type":"SearchAction","target":{"@type":"EntryPoint","urlTemplate":"https:\/\/lospoliticosveracruz.com\/?s={search_term_string}"},"query-input":{"@type":"PropertyValueSpecification","valueRequired":true,"valueName":"search_term_string"}}],"inLanguage":"es"},{"@type":"Organization","@id":"https:\/\/lospoliticosveracruz.com\/#organization","name":"Los pol\u00edticos Veracruz","url":"https:\/\/lospoliticosveracruz.com\/","logo":{"@type":"ImageObject","inLanguage":"es","@id":"https:\/\/lospoliticosveracruz.com\/#\/schema\/logo\/image\/","url":"https:\/\/lospoliticosveracruz.com\/wp-content\/uploads\/2025\/12\/Logo-Nuevo-LOS-POLITICOS-1.jpg","contentUrl":"https:\/\/lospoliticosveracruz.com\/wp-content\/uploads\/2025\/12\/Logo-Nuevo-LOS-POLITICOS-1.jpg","width":260,"height":70,"caption":"Los pol\u00edticos Veracruz"},"image":{"@id":"https:\/\/lospoliticosveracruz.com\/#\/schema\/logo\/image\/"},"sameAs":["https:\/\/www.facebook.com\/people\/Notimemes-de-los-Polticos\/61565672886568\/","https:\/\/x.com\/LosPoliticosVer"]},{"@type":"Person","@id":"https:\/\/lospoliticosveracruz.com\/#\/schema\/person\/b8702bb0e538456e6efd07080bf2a4a2","name":"Lo viste en Los Pol\u00edticos","image":{"@type":"ImageObject","inLanguage":"es","@id":"https:\/\/secure.gravatar.com\/avatar\/3a8de04a2656d44082be478bd6c086daa447c4651605818287b9532d3d0bd435?s=96&d=mm&r=g","url":"https:\/\/secure.gravatar.com\/avatar\/3a8de04a2656d44082be478bd6c086daa447c4651605818287b9532d3d0bd435?s=96&d=mm&r=g","contentUrl":"https:\/\/secure.gravatar.com\/avatar\/3a8de04a2656d44082be478bd6c086daa447c4651605818287b9532d3d0bd435?s=96&d=mm&r=g","caption":"Lo viste en Los Pol\u00edticos"},"url":"https:\/\/lospoliticosveracruz.com\/?author=2"}]}},"_links":{"self":[{"href":"https:\/\/lospoliticosveracruz.com\/index.php?rest_route=\/wp\/v2\/posts\/80463","targetHints":{"allow":["GET"]}}],"collection":[{"href":"https:\/\/lospoliticosveracruz.com\/index.php?rest_route=\/wp\/v2\/posts"}],"about":[{"href":"https:\/\/lospoliticosveracruz.com\/index.php?rest_route=\/wp\/v2\/types\/post"}],"author":[{"embeddable":true,"href":"https:\/\/lospoliticosveracruz.com\/index.php?rest_route=\/wp\/v2\/users\/2"}],"replies":[{"embeddable":true,"href":"https:\/\/lospoliticosveracruz.com\/index.php?rest_route=%2Fwp%2Fv2%2Fcomments&post=80463"}],"version-history":[{"count":1,"href":"https:\/\/lospoliticosveracruz.com\/index.php?rest_route=\/wp\/v2\/posts\/80463\/revisions"}],"predecessor-version":[{"id":80465,"href":"https:\/\/lospoliticosveracruz.com\/index.php?rest_route=\/wp\/v2\/posts\/80463\/revisions\/80465"}],"wp:attachment":[{"href":"https:\/\/lospoliticosveracruz.com\/index.php?rest_route=%2Fwp%2Fv2%2Fmedia&parent=80463"}],"wp:term":[{"taxonomy":"category","embeddable":true,"href":"https:\/\/lospoliticosveracruz.com\/index.php?rest_route=%2Fwp%2Fv2%2Fcategories&post=80463"},{"taxonomy":"post_tag","embeddable":true,"href":"https:\/\/lospoliticosveracruz.com\/index.php?rest_route=%2Fwp%2Fv2%2Ftags&post=80463"}],"curies":[{"name":"wp","href":"https:\/\/api.w.org\/{rel}","templated":true}]}}