{"id":80534,"date":"2021-10-11T17:41:55","date_gmt":"2021-10-11T22:41:55","guid":{"rendered":"https:\/\/lospoliticosveracruz.com.mx\/?p=80534"},"modified":"2021-10-11T17:42:00","modified_gmt":"2021-10-11T22:42:00","slug":"resultados-del-parlamento-abierto-al-paquete-economico-2022","status":"publish","type":"post","link":"https:\/\/lospoliticosveracruz.com\/?p=80534","title":{"rendered":"Resultados del Parlamento Abierto, al Paquete Econ\u00f3mico 2022"},"content":{"rendered":"\n<p><\/p>\n\n\n\n<p><strong>Ciudad de M\u00e9xico<\/strong><\/p>\n\n\n\n<p><strong><br><\/strong>En el marco del Parlamento Abierto para el An\u00e1lisis del Paquete Econ\u00f3mico 2022 que se realiz\u00f3 en la C\u00e1mara de Diputados a propuesta del PAN, el diputado Carlos Alberto Valenzuela Gonz\u00e1lez, se pronunci\u00f3 por incorporar al dictamen las modificaciones viables de las voces escuchadas para que sea una propuesta vinculante y no s\u00f3lo un ejercicio de simulaci\u00f3n.<br>El tambi\u00e9n Secretario de la Comisi\u00f3n de Hacienda argument\u00f3 que este tipo de ejercicios son para que los ciudadanos, &#8211;quienes aportan el recurso que el Gobierno recauda&#8211;, puedan ser escuchados, y a su vez, se puedan analizar y reconstruir las pol\u00edticas de recaudaci\u00f3n adecuadas a las necesidades de cada uno de los distintos sectores.<br>\u00abQue no se nos olvide, compa\u00f1eras, diputadas, compa\u00f1eros, diputados, que el dinero es de la sociedad. El Gobierno es solo un administrador que viene de paso y ser\u00e1 la sociedad quien juzgue cada 6 a\u00f1os en las urnas, el desempe\u00f1o de cada Gobierno\u00bb, afirm\u00f3 Valenzuela Gonz\u00e1lez.<br>En v\u00edsperas de la aprobaci\u00f3n de la Ley de Ingresos, el Diputado por Veracruz, refrend\u00f3 el compromiso de Acci\u00f3n Nacional para la reactivaci\u00f3n econ\u00f3mica que tanto necesita el pa\u00eds, \u00abpara poder construir una Patria ordenada y generosa y una vida mejor y m\u00e1s digna para todos\u00bb<br>\u00abHace muchos a\u00f1os, uno de los principales ide\u00f3logos de Acci\u00f3n Nacional y tambi\u00e9n del sector empresarial, Manuel J. Clouthier \u00abEl Maqu\u00edo\u00bb, dec\u00eda: \u00abTanta sociedad como sea posible y solamente el Gobierno que sea necesario\u00bb, se\u00f1al\u00f3.<br>En el Parlamento abierto se escucharon diversas voces del sector econ\u00f3mico como lo son el Sector Empresarial e industrial, Acad\u00e9mico e investigaci\u00f3n, Despachos Especializados e especialistas independientes, Asociaciones Civiles, entre otros. As\u00ed como Coparmex, CCE, Concamin, Canaco, Canacintra. \u00abAcci\u00f3n Nacional le tiende la mano a este sector que todos los d\u00edas se esfuerza por generar empleos y permitirle a la gente llevar el sustento a sus hogares de una manera honesta\u00bb, puntualiz\u00f3 Carlos Valenzuela.<\/p>\n","protected":false},"excerpt":{"rendered":"<p>Ciudad de M\u00e9xico En el marco del Parlamento Abierto para el An\u00e1lisis del Paquete Econ\u00f3mico 2022 que se realiz\u00f3 en la C\u00e1mara de Diputados a propuesta del PAN, el diputado Carlos Alberto Valenzuela Gonz\u00e1lez, se pronunci\u00f3 por incorporar al dictamen las modificaciones viables de las voces escuchadas para que sea una propuesta vinculante y no [&hellip;]<\/p>\n","protected":false},"author":2,"featured_media":0,"comment_status":"closed","ping_status":"closed","sticky":false,"template":"","format":"standard","meta":{"tdm_status":"","tdm_grid_status":"","footnotes":""},"categories":[73],"tags":[3316,6816,1677,14409,863,6293,266,30532,17200],"class_list":{"0":"post-80534","1":"post","2":"type-post","3":"status-publish","4":"format-standard","6":"category-de-boleto","7":"tag-canacintra","8":"tag-canaco","9":"tag-carlos-alberto-valenzuela-gonzalez","10":"tag-cce","11":"tag-concamin","12":"tag-coparmex","13":"tag-pan","14":"tag-paquete-economico-2022","15":"tag-reactivacion-economica"},"yoast_head":"<!-- This site is optimized with the Yoast SEO plugin v27.4 - https:\/\/yoast.com\/product\/yoast-seo-wordpress\/ -->\n<title>Resultados del Parlamento Abierto, al Paquete Econ\u00f3mico 2022 - Los pol\u00edticos Veracruz<\/title>\n<meta name=\"robots\" content=\"index, follow, max-snippet:-1, max-image-preview:large, max-video-preview:-1\" \/>\n<link rel=\"canonical\" href=\"https:\/\/lospoliticosveracruz.com\/?p=80534\" \/>\n<meta property=\"og:locale\" content=\"es_ES\" \/>\n<meta property=\"og:type\" content=\"article\" \/>\n<meta property=\"og:title\" content=\"Resultados del Parlamento Abierto, al Paquete Econ\u00f3mico 2022 - Los pol\u00edticos Veracruz\" \/>\n<meta property=\"og:description\" content=\"Ciudad de M\u00e9xico En el marco del Parlamento Abierto para el An\u00e1lisis del Paquete Econ\u00f3mico 2022 que se realiz\u00f3 en la C\u00e1mara de Diputados a propuesta del PAN, el diputado Carlos Alberto Valenzuela Gonz\u00e1lez, se pronunci\u00f3 por incorporar al dictamen las modificaciones viables de las voces escuchadas para que sea una propuesta vinculante y no [&hellip;]\" \/>\n<meta property=\"og:url\" content=\"https:\/\/lospoliticosveracruz.com\/?p=80534\" \/>\n<meta property=\"og:site_name\" content=\"Los pol\u00edticos Veracruz\" \/>\n<meta property=\"article:publisher\" content=\"https:\/\/www.facebook.com\/people\/Notimemes-de-los-Polticos\/61565672886568\/\" \/>\n<meta property=\"article:published_time\" content=\"2021-10-11T22:41:55+00:00\" \/>\n<meta property=\"article:modified_time\" content=\"2021-10-11T22:42:00+00:00\" \/>\n<meta property=\"og:image\" content=\"https:\/\/lospoliticosveracruz.com\/wp-content\/uploads\/2016\/07\/Logo-Dor.jpg\" \/>\n\t<meta property=\"og:image:width\" content=\"200\" \/>\n\t<meta property=\"og:image:height\" content=\"200\" \/>\n\t<meta property=\"og:image:type\" content=\"image\/jpeg\" \/>\n<meta name=\"author\" content=\"Lo viste en Los Pol\u00edticos\" \/>\n<meta name=\"twitter:card\" content=\"summary_large_image\" \/>\n<meta name=\"twitter:creator\" content=\"@LosPoliticosVer\" \/>\n<meta name=\"twitter:site\" content=\"@LosPoliticosVer\" \/>\n<meta name=\"twitter:label1\" content=\"Escrito por\" \/>\n\t<meta name=\"twitter:data1\" content=\"Lo viste en Los Pol\u00edticos\" \/>\n\t<meta name=\"twitter:label2\" content=\"Tiempo de lectura\" \/>\n\t<meta name=\"twitter:data2\" content=\"2 minutos\" \/>\n<script type=\"application\/ld+json\" class=\"yoast-schema-graph\">{\"@context\":\"https:\\\/\\\/schema.org\",\"@graph\":[{\"@type\":\"Article\",\"@id\":\"https:\\\/\\\/lospoliticosveracruz.com\\\/?p=80534#article\",\"isPartOf\":{\"@id\":\"https:\\\/\\\/lospoliticosveracruz.com\\\/?p=80534\"},\"author\":{\"name\":\"Lo viste en Los Pol\u00edticos\",\"@id\":\"https:\\\/\\\/lospoliticosveracruz.com\\\/#\\\/schema\\\/person\\\/b8702bb0e538456e6efd07080bf2a4a2\"},\"headline\":\"Resultados del Parlamento Abierto, al Paquete Econ\u00f3mico 2022\",\"datePublished\":\"2021-10-11T22:41:55+00:00\",\"dateModified\":\"2021-10-11T22:42:00+00:00\",\"mainEntityOfPage\":{\"@id\":\"https:\\\/\\\/lospoliticosveracruz.com\\\/?p=80534\"},\"wordCount\":356,\"publisher\":{\"@id\":\"https:\\\/\\\/lospoliticosveracruz.com\\\/#organization\"},\"keywords\":[\"Canacintra\",\"Canaco\",\"Carlos Alberto Valenzuela Gonz\u00e1lez\",\"CCE\",\"Concamin\",\"Coparmex\",\"PAN\",\"Paquete Econ\u00f3mico 2022\",\"Reactivaci\u00f3n Econ\u00f3mica\"],\"articleSection\":[\"De Boleto\"],\"inLanguage\":\"es\"},{\"@type\":\"WebPage\",\"@id\":\"https:\\\/\\\/lospoliticosveracruz.com\\\/?p=80534\",\"url\":\"https:\\\/\\\/lospoliticosveracruz.com\\\/?p=80534\",\"name\":\"Resultados del Parlamento Abierto, al Paquete Econ\u00f3mico 2022 - Los pol\u00edticos Veracruz\",\"isPartOf\":{\"@id\":\"https:\\\/\\\/lospoliticosveracruz.com\\\/#website\"},\"datePublished\":\"2021-10-11T22:41:55+00:00\",\"dateModified\":\"2021-10-11T22:42:00+00:00\",\"breadcrumb\":{\"@id\":\"https:\\\/\\\/lospoliticosveracruz.com\\\/?p=80534#breadcrumb\"},\"inLanguage\":\"es\",\"potentialAction\":[{\"@type\":\"ReadAction\",\"target\":[\"https:\\\/\\\/lospoliticosveracruz.com\\\/?p=80534\"]}]},{\"@type\":\"BreadcrumbList\",\"@id\":\"https:\\\/\\\/lospoliticosveracruz.com\\\/?p=80534#breadcrumb\",\"itemListElement\":[{\"@type\":\"ListItem\",\"position\":1,\"name\":\"Portada\",\"item\":\"https:\\\/\\\/lospoliticosveracruz.com\\\/\"},{\"@type\":\"ListItem\",\"position\":2,\"name\":\"Resultados del Parlamento Abierto, al Paquete Econ\u00f3mico 2022\"}]},{\"@type\":\"WebSite\",\"@id\":\"https:\\\/\\\/lospoliticosveracruz.com\\\/#website\",\"url\":\"https:\\\/\\\/lospoliticosveracruz.com\\\/\",\"name\":\"Los pol\u00edticos Veracruz\",\"description\":\"\",\"publisher\":{\"@id\":\"https:\\\/\\\/lospoliticosveracruz.com\\\/#organization\"},\"potentialAction\":[{\"@type\":\"SearchAction\",\"target\":{\"@type\":\"EntryPoint\",\"urlTemplate\":\"https:\\\/\\\/lospoliticosveracruz.com\\\/?s={search_term_string}\"},\"query-input\":{\"@type\":\"PropertyValueSpecification\",\"valueRequired\":true,\"valueName\":\"search_term_string\"}}],\"inLanguage\":\"es\"},{\"@type\":\"Organization\",\"@id\":\"https:\\\/\\\/lospoliticosveracruz.com\\\/#organization\",\"name\":\"Los pol\u00edticos Veracruz\",\"url\":\"https:\\\/\\\/lospoliticosveracruz.com\\\/\",\"logo\":{\"@type\":\"ImageObject\",\"inLanguage\":\"es\",\"@id\":\"https:\\\/\\\/lospoliticosveracruz.com\\\/#\\\/schema\\\/logo\\\/image\\\/\",\"url\":\"https:\\\/\\\/lospoliticosveracruz.com\\\/wp-content\\\/uploads\\\/2025\\\/12\\\/Logo-Nuevo-LOS-POLITICOS-1.jpg\",\"contentUrl\":\"https:\\\/\\\/lospoliticosveracruz.com\\\/wp-content\\\/uploads\\\/2025\\\/12\\\/Logo-Nuevo-LOS-POLITICOS-1.jpg\",\"width\":260,\"height\":70,\"caption\":\"Los pol\u00edticos Veracruz\"},\"image\":{\"@id\":\"https:\\\/\\\/lospoliticosveracruz.com\\\/#\\\/schema\\\/logo\\\/image\\\/\"},\"sameAs\":[\"https:\\\/\\\/www.facebook.com\\\/people\\\/Notimemes-de-los-Polticos\\\/61565672886568\\\/\",\"https:\\\/\\\/x.com\\\/LosPoliticosVer\"]},{\"@type\":\"Person\",\"@id\":\"https:\\\/\\\/lospoliticosveracruz.com\\\/#\\\/schema\\\/person\\\/b8702bb0e538456e6efd07080bf2a4a2\",\"name\":\"Lo viste en Los Pol\u00edticos\",\"image\":{\"@type\":\"ImageObject\",\"inLanguage\":\"es\",\"@id\":\"https:\\\/\\\/secure.gravatar.com\\\/avatar\\\/3a8de04a2656d44082be478bd6c086daa447c4651605818287b9532d3d0bd435?s=96&d=mm&r=g\",\"url\":\"https:\\\/\\\/secure.gravatar.com\\\/avatar\\\/3a8de04a2656d44082be478bd6c086daa447c4651605818287b9532d3d0bd435?s=96&d=mm&r=g\",\"contentUrl\":\"https:\\\/\\\/secure.gravatar.com\\\/avatar\\\/3a8de04a2656d44082be478bd6c086daa447c4651605818287b9532d3d0bd435?s=96&d=mm&r=g\",\"caption\":\"Lo viste en Los Pol\u00edticos\"},\"url\":\"https:\\\/\\\/lospoliticosveracruz.com\\\/?author=2\"}]}<\/script>\n<!-- \/ Yoast SEO plugin. -->","yoast_head_json":{"title":"Resultados del Parlamento Abierto, al Paquete Econ\u00f3mico 2022 - Los pol\u00edticos Veracruz","robots":{"index":"index","follow":"follow","max-snippet":"max-snippet:-1","max-image-preview":"max-image-preview:large","max-video-preview":"max-video-preview:-1"},"canonical":"https:\/\/lospoliticosveracruz.com\/?p=80534","og_locale":"es_ES","og_type":"article","og_title":"Resultados del Parlamento Abierto, al Paquete Econ\u00f3mico 2022 - Los pol\u00edticos Veracruz","og_description":"Ciudad de M\u00e9xico En el marco del Parlamento Abierto para el An\u00e1lisis del Paquete Econ\u00f3mico 2022 que se realiz\u00f3 en la C\u00e1mara de Diputados a propuesta del PAN, el diputado Carlos Alberto Valenzuela Gonz\u00e1lez, se pronunci\u00f3 por incorporar al dictamen las modificaciones viables de las voces escuchadas para que sea una propuesta vinculante y no [&hellip;]","og_url":"https:\/\/lospoliticosveracruz.com\/?p=80534","og_site_name":"Los pol\u00edticos Veracruz","article_publisher":"https:\/\/www.facebook.com\/people\/Notimemes-de-los-Polticos\/61565672886568\/","article_published_time":"2021-10-11T22:41:55+00:00","article_modified_time":"2021-10-11T22:42:00+00:00","og_image":[{"width":200,"height":200,"url":"https:\/\/lospoliticosveracruz.com\/wp-content\/uploads\/2016\/07\/Logo-Dor.jpg","type":"image\/jpeg"}],"author":"Lo viste en Los Pol\u00edticos","twitter_card":"summary_large_image","twitter_creator":"@LosPoliticosVer","twitter_site":"@LosPoliticosVer","twitter_misc":{"Escrito por":"Lo viste en Los Pol\u00edticos","Tiempo de lectura":"2 minutos"},"schema":{"@context":"https:\/\/schema.org","@graph":[{"@type":"Article","@id":"https:\/\/lospoliticosveracruz.com\/?p=80534#article","isPartOf":{"@id":"https:\/\/lospoliticosveracruz.com\/?p=80534"},"author":{"name":"Lo viste en Los Pol\u00edticos","@id":"https:\/\/lospoliticosveracruz.com\/#\/schema\/person\/b8702bb0e538456e6efd07080bf2a4a2"},"headline":"Resultados del Parlamento Abierto, al Paquete Econ\u00f3mico 2022","datePublished":"2021-10-11T22:41:55+00:00","dateModified":"2021-10-11T22:42:00+00:00","mainEntityOfPage":{"@id":"https:\/\/lospoliticosveracruz.com\/?p=80534"},"wordCount":356,"publisher":{"@id":"https:\/\/lospoliticosveracruz.com\/#organization"},"keywords":["Canacintra","Canaco","Carlos Alberto Valenzuela Gonz\u00e1lez","CCE","Concamin","Coparmex","PAN","Paquete Econ\u00f3mico 2022","Reactivaci\u00f3n Econ\u00f3mica"],"articleSection":["De Boleto"],"inLanguage":"es"},{"@type":"WebPage","@id":"https:\/\/lospoliticosveracruz.com\/?p=80534","url":"https:\/\/lospoliticosveracruz.com\/?p=80534","name":"Resultados del Parlamento Abierto, al Paquete Econ\u00f3mico 2022 - Los pol\u00edticos Veracruz","isPartOf":{"@id":"https:\/\/lospoliticosveracruz.com\/#website"},"datePublished":"2021-10-11T22:41:55+00:00","dateModified":"2021-10-11T22:42:00+00:00","breadcrumb":{"@id":"https:\/\/lospoliticosveracruz.com\/?p=80534#breadcrumb"},"inLanguage":"es","potentialAction":[{"@type":"ReadAction","target":["https:\/\/lospoliticosveracruz.com\/?p=80534"]}]},{"@type":"BreadcrumbList","@id":"https:\/\/lospoliticosveracruz.com\/?p=80534#breadcrumb","itemListElement":[{"@type":"ListItem","position":1,"name":"Portada","item":"https:\/\/lospoliticosveracruz.com\/"},{"@type":"ListItem","position":2,"name":"Resultados del Parlamento Abierto, al Paquete Econ\u00f3mico 2022"}]},{"@type":"WebSite","@id":"https:\/\/lospoliticosveracruz.com\/#website","url":"https:\/\/lospoliticosveracruz.com\/","name":"Los pol\u00edticos Veracruz","description":"","publisher":{"@id":"https:\/\/lospoliticosveracruz.com\/#organization"},"potentialAction":[{"@type":"SearchAction","target":{"@type":"EntryPoint","urlTemplate":"https:\/\/lospoliticosveracruz.com\/?s={search_term_string}"},"query-input":{"@type":"PropertyValueSpecification","valueRequired":true,"valueName":"search_term_string"}}],"inLanguage":"es"},{"@type":"Organization","@id":"https:\/\/lospoliticosveracruz.com\/#organization","name":"Los pol\u00edticos Veracruz","url":"https:\/\/lospoliticosveracruz.com\/","logo":{"@type":"ImageObject","inLanguage":"es","@id":"https:\/\/lospoliticosveracruz.com\/#\/schema\/logo\/image\/","url":"https:\/\/lospoliticosveracruz.com\/wp-content\/uploads\/2025\/12\/Logo-Nuevo-LOS-POLITICOS-1.jpg","contentUrl":"https:\/\/lospoliticosveracruz.com\/wp-content\/uploads\/2025\/12\/Logo-Nuevo-LOS-POLITICOS-1.jpg","width":260,"height":70,"caption":"Los pol\u00edticos Veracruz"},"image":{"@id":"https:\/\/lospoliticosveracruz.com\/#\/schema\/logo\/image\/"},"sameAs":["https:\/\/www.facebook.com\/people\/Notimemes-de-los-Polticos\/61565672886568\/","https:\/\/x.com\/LosPoliticosVer"]},{"@type":"Person","@id":"https:\/\/lospoliticosveracruz.com\/#\/schema\/person\/b8702bb0e538456e6efd07080bf2a4a2","name":"Lo viste en Los Pol\u00edticos","image":{"@type":"ImageObject","inLanguage":"es","@id":"https:\/\/secure.gravatar.com\/avatar\/3a8de04a2656d44082be478bd6c086daa447c4651605818287b9532d3d0bd435?s=96&d=mm&r=g","url":"https:\/\/secure.gravatar.com\/avatar\/3a8de04a2656d44082be478bd6c086daa447c4651605818287b9532d3d0bd435?s=96&d=mm&r=g","contentUrl":"https:\/\/secure.gravatar.com\/avatar\/3a8de04a2656d44082be478bd6c086daa447c4651605818287b9532d3d0bd435?s=96&d=mm&r=g","caption":"Lo viste en Los Pol\u00edticos"},"url":"https:\/\/lospoliticosveracruz.com\/?author=2"}]}},"_links":{"self":[{"href":"https:\/\/lospoliticosveracruz.com\/index.php?rest_route=\/wp\/v2\/posts\/80534","targetHints":{"allow":["GET"]}}],"collection":[{"href":"https:\/\/lospoliticosveracruz.com\/index.php?rest_route=\/wp\/v2\/posts"}],"about":[{"href":"https:\/\/lospoliticosveracruz.com\/index.php?rest_route=\/wp\/v2\/types\/post"}],"author":[{"embeddable":true,"href":"https:\/\/lospoliticosveracruz.com\/index.php?rest_route=\/wp\/v2\/users\/2"}],"replies":[{"embeddable":true,"href":"https:\/\/lospoliticosveracruz.com\/index.php?rest_route=%2Fwp%2Fv2%2Fcomments&post=80534"}],"version-history":[{"count":1,"href":"https:\/\/lospoliticosveracruz.com\/index.php?rest_route=\/wp\/v2\/posts\/80534\/revisions"}],"predecessor-version":[{"id":80536,"href":"https:\/\/lospoliticosveracruz.com\/index.php?rest_route=\/wp\/v2\/posts\/80534\/revisions\/80536"}],"wp:attachment":[{"href":"https:\/\/lospoliticosveracruz.com\/index.php?rest_route=%2Fwp%2Fv2%2Fmedia&parent=80534"}],"wp:term":[{"taxonomy":"category","embeddable":true,"href":"https:\/\/lospoliticosveracruz.com\/index.php?rest_route=%2Fwp%2Fv2%2Fcategories&post=80534"},{"taxonomy":"post_tag","embeddable":true,"href":"https:\/\/lospoliticosveracruz.com\/index.php?rest_route=%2Fwp%2Fv2%2Ftags&post=80534"}],"curies":[{"name":"wp","href":"https:\/\/api.w.org\/{rel}","templated":true}]}}