{"id":80561,"date":"2021-10-12T08:56:43","date_gmt":"2021-10-12T13:56:43","guid":{"rendered":"https:\/\/lospoliticosveracruz.com.mx\/?p=80561"},"modified":"2021-10-12T08:56:49","modified_gmt":"2021-10-12T13:56:49","slug":"morena-la-nueva-disputa","status":"publish","type":"post","link":"https:\/\/lospoliticosveracruz.com\/?p=80561","title":{"rendered":"Morena, la nueva disputa"},"content":{"rendered":"\n<p><strong>Ricardo Ch\u00faa<br><\/strong><em>Sale y Vale<\/em><\/p>\n\n\n\n<p>\u00abGarganta Profunda\u00bb se\u00f1ala que dentro de MORENA y el gobierno estatal en Veracruz\u2026 Es inminente su \u00abfractura\u00bb por las disputas de sus grupos pol\u00edticos, que han surgido ante la opini\u00f3n p\u00fablica.. Ya que dice que en Palacio Nacional tienen los datos de los \u00abbloqueos\u00bb que desde Palacio de Gobierno, le hacen directamente a sus eventos del diputado federal minatitleco, Sergio Guti\u00e9rrez Luna\u2026 SIN IMPORTAR que si los hace es porque trae anuencia de Andr\u00e9s Manuel L\u00f3pez Obrador\u2026 MOCOS PETRA\u2026<\/p>\n\n\n\n<div class=\"wp-block-image\"><figure class=\"alignleft size-full is-resized\"><a href=\"https:\/\/lospoliticosveracruz.com.mx\/wp-content\/uploads\/2021\/10\/Zacauilt.jpg\"><img decoding=\"async\" src=\"https:\/\/lospoliticosveracruz.com.mx\/wp-content\/uploads\/2021\/10\/Zacauilt.jpg\" alt=\"\" class=\"wp-image-80558\" height=\"600\"\/><\/a><\/figure><\/div>\n\n\n\n<p>Al final de cuentas, Guti\u00e9rrez Luna es un poder aut\u00f3nomo de este pa\u00eds y trae la representaci\u00f3n de la c\u00e1mara de diputados federales como Presidente de la Mesa Directiva\u2026 Que si es un \u00abarribista\u00bb, que si es un \u00abadvenedizo\u00bb pol\u00edtico en MORENA, que si se las da de \u00abmuy puro\u00bb como Moreno pero es m\u00e1s \u00abrojo\u00bb PRI que una sand\u00eda abierta\u2026 Que si es un \u00abfif\u00ed\u00bb engre\u00eddo para los militantes de este partido\u2026 Esa es otra cosa\u2026 Pero ah\u00ed lo pusieron los Morenos, como diputado, ahora les toca aguantarlo\u2026 Pese a los desprecios que viven en Veracruz\u2026<\/p>\n\n\n\n<p>Adem\u00e1s el minatitleco hasta \u00abenvalentonado\u00bb anda\u2026 Que RETOM\u00d3 la agenda del senador, Ricardo Ahued y que eso le cost\u00f3 muchos \u00abdesprecios\u00bb en la 4T, al pedir que en Veracruz se bajen las tarifas de CFE\u2026 En clara alusi\u00f3n a Rocio Nahle\u2026 En pol\u00edtica las coincidencias no existen\u2026 Y ahora \u00e9l toma esa propuesta como suya\u2026 Guti\u00e9rrez Luna se sabe apoyado por personas externas a Veracruz, para que \u00e9l se quede con \u00abparte del pastel\u00bb de \u00abJarochilandia\u00bb\u2026 A poco creen que esa postura es de a \u00abgratis\u00bb\u2026 AMIGO EL RAT\u00d3N DEL QUESO\u2026.<\/p>\n\n\n\n<p>S\u00f3lo hay que tener un poco de \u00abmemoria\u00bb pol\u00edtica en Veracruz\u2026 Para saber la intenci\u00f3n de Guti\u00e9rrez Luna\u2026 El minatitleco quiere entrar como sea a Veracruz\u2026 El cargo se lo permite a medias porque no tiene equipo propio\u2026 Todo es \u00abprestado\u00bb de Marcelo Montiel\u2026 Por ello, es que toma lo de Ahued y hace suya la misma propuesta que hizo en 2002, Fidel Herrera Beltr\u00e1n como senador con el tema de la CFE y esa fue la \u00abbandera\u00bb para alcanzar la candidatura priista al gobierno de Veracruz en 2004\u2026 Quien no conoce la historia, est\u00e1 condenada a repetirla\u2026<\/p>\n\n\n\n<p>El tema es que con estos \u00abbloqueos\u00bb a Guti\u00e9rrez Luna, los Morenos veracruzanos le mandan un mensaje de \u00abRUPTURA\u00bb a Mario Delgado y al comit\u00e9 nacional de MORENA\u2026 Entonces \u00bfCu\u00e1l unidad?\u2026 Ya que si en la entidad \u00abjarocha\u00bb hab\u00eda un grupo de Rocio Nahle, Manuel Huerta y de Cuitl\u00e1huac Garc\u00eda\u2026 Ahora con los Morenos que est\u00e1n en su contra\u2026 El minatitleco puede formar un grupo de \u00abchoque\u00bb en su contra, con la militancia que no sigui\u00f3 a Gonzalo Vicencio a Fuerza Por M\u00e9xico\u2026<\/p>\n\n\n\n<p>As\u00ed que si estos tres primeros personajes se estaban \u00abadue\u00f1ando\u00bb de todo MORENA y de los grupos de poder pol\u00edtico en Veracruz\u2026 Ahora por lo menos, Guti\u00e9rrez Luna les va a pelear, si es que le alcanza el \u00abgas\u00bb y L\u00f3pez Obrador, no lo \u00abdesinfla\u00bb en 2023\u2026 Una de las posiciones al Senado en Veracruz por los Morenos, por cualquiera de las dos v\u00edas, ya sea uninominal o plurinominal\u2026 Se la van a tener que ceder al diputado federal porque este anda caminando y haciendo lo que nadie hizo en 3 a\u00f1os\u2026 Sino pueden perder el 2024\u2026 ASPTM\u2026<\/p>\n\n\n\n<p>Por eso, este legislador federal, a pesar de que se deslinda despu\u00e9s de los \u00abmameyazos\u00bb en su contra\u2026 Se le est\u00e1 convirtiendo a los Morenos en su \u00abcaballo negro\u00bb y tan s\u00f3lo a 42 d\u00edas de haber tomado el cargo en la c\u00e1mara de diputados federales\u2026 De ese tiempo para ac\u00e1 \u00absuenan los tambores de guerra\u00bb en Palacio de Gobierno por sus funcionarios para hacer quedar mal al minatitleco y desactivarlo de que no tiene que hacer nada en Veracruz\u2026 Y hay que aquel que transite con \u00e9l porque ser\u00e1 \u00abvetado\u00bb hasta el 2024\u2026.<\/p>\n\n\n\n<p>Ante estos hechos, comenta \u00abGarganta Profunda\u00bb, que por ello, Sergio Guti\u00e9rrez le da cabida a la inconformidad que existe dentro de MORENA con su militancia por los compromisos pol\u00edticos, no cumplidos del gobierno estatal con ellos en 2018 y 2021\u2026 Porque los inconformes saben que no les van a dar ya nada.. Ahora todos esos INCONFORMES se le est\u00e1n juntando a Guti\u00e9rrez Luna para que primero que nada se quede con la dirigencia estatal de MORENA y que busque la candidatura al Senado o la gubernatura de Veracruz\u2026 Incre\u00edble pero cierto\u2026<\/p>\n\n\n\n<p>Quiz\u00e1s por todos estas situaciones\u2026 Es que el gobernador, Cuitl\u00e1huac Garc\u00eda haya decidido hacer propia agenda el s\u00e1bado en la Cuenca del Papaloapan\u2026 Haciendo que Eric Cisneros mostrar\u00e1 su fuerza en ese sitio\u2026 Promoviendo turismo, deporte y cultura\u2026 Montando su poder pol\u00edtico en el gabinete, con los diputados y con los alcaldes\u2026 Mandando hasta un mensaje a su otrora aliado, Juan Javier G\u00f3mez Cazar\u00edn, que ya no le queda nada y que ya no tendr\u00e1 espacio en el nuevo Congreso Local\u2026<\/p>\n\n\n\n<p>Dicen las \u00ablenguas de doble filo\u00bb\u2026 Que hasta va a obligar a Cazar\u00edn a que vaya a pedirle a su hermano un espacio all\u00e1 en Campeche\u2026 Porque aqu\u00ed desde Palacio de Gobierno le est\u00e1n arrancando todo\u2026 Ya ni el partido MORENA le van a dejar porque seguramente Mario Delgado, pondr\u00e1 con Sergio Guti\u00e9rrez a un personaje de su equipo en la pr\u00f3xima dirigencia estatal\u2026 Para que este sea af\u00edn a la corriente del CEN y no del gobierno estatal\u2026 Y se duda, que a Cazar\u00edn ahora hasta le den espacio en la administraci\u00f3n de Cuitl\u00e1huac\u2026 AMEN\u2026<\/p>\n\n\n\n<p>PD\u2026 En los eventos del s\u00e1bado pasado en la riviera del R\u00edo Papaloapan\u2026. Se escuch\u00f3 decir entre los asistentes a los mismos\u2026 Que el problema para MORENA ser\u00e1 Cosamaloapan en 2024\u2026 Dado que el alcalde electo de este municipio, Gustavo Senties\u2026 Va a tener que hacer mucho para \u00abtapar la sombra\u00bb que le deja el alcalde saliente, Ra\u00fal Hermida\u2026 Ya que con pocos recursos propios derivados por la pandemia del COVID\u2026 Este pueblo sali\u00f3 adelante pese a ser de un partido pol\u00edtico distinto a Palacio de Gobierno\u2026<\/p>\n\n\n\n<p>Esto debido a que el capital pol\u00edtico que en su momento tuvo Senties\u2026 Se lo deb\u00eda directamente al malogrado diputado local, Juan Carlos Molina Palacios, y que a dos a\u00f1os de su fallecimiento\u2026 El alcalde electo gana por la marca MORENA en Cosamaloapan\u2026 Por eso, la \u00absombra\u00bb de Hermida ser\u00e1 una \u00ablosa\u00bb dif\u00edcil de superar para este personaje que va a entrar a gobernar el 1 de enero\u2026 Sobre todo porque el actual mun\u00edcipe le deja el ayuntamiento sin deuda p\u00fablica o privada\u2026 Adem\u00e1s sin problemas de n\u00f3mina\u2026 TAN\u2026 TAN..<\/p>\n","protected":false},"excerpt":{"rendered":"<p>Ricardo Ch\u00faaSale y Vale \u00abGarganta Profunda\u00bb se\u00f1ala que dentro de MORENA y el gobierno estatal en Veracruz\u2026 Es inminente su \u00abfractura\u00bb por las disputas de sus grupos pol\u00edticos, que han surgido ante la opini\u00f3n p\u00fablica.. Ya que dice que en Palacio Nacional tienen los datos de los \u00abbloqueos\u00bb que desde Palacio de Gobierno, le hacen [&hellip;]<\/p>\n","protected":false},"author":2,"featured_media":0,"comment_status":"closed","ping_status":"closed","sticky":false,"template":"","format":"standard","meta":{"tdm_status":"","tdm_grid_status":"","footnotes":""},"categories":[70],"tags":[1563,3256,1850,12596,1026,13604,26717,16147],"class_list":{"0":"post-80561","1":"post","2":"type-post","3":"status-publish","4":"format-standard","6":"category-de-opinion","7":"tag-cuitlahuac-garcia-jimenez","8":"tag-juan-carlos-molina-palacios","9":"tag-manuel-huerta-ladron-de-guevara","10":"tag-mario-delgado","11":"tag-morena","12":"tag-ricardo-chua","13":"tag-rocio-nahle-2","14":"tag-sergio-gutierrez-luna"},"yoast_head":"<!-- This site is optimized with the Yoast SEO plugin v27.4 - https:\/\/yoast.com\/product\/yoast-seo-wordpress\/ -->\n<title>Morena, la nueva disputa - Los pol\u00edticos Veracruz<\/title>\n<meta name=\"robots\" content=\"index, follow, max-snippet:-1, max-image-preview:large, max-video-preview:-1\" \/>\n<link rel=\"canonical\" href=\"https:\/\/lospoliticosveracruz.com\/?p=80561\" \/>\n<meta property=\"og:locale\" content=\"es_ES\" \/>\n<meta property=\"og:type\" content=\"article\" \/>\n<meta property=\"og:title\" content=\"Morena, la nueva disputa - Los pol\u00edticos Veracruz\" \/>\n<meta property=\"og:description\" content=\"Ricardo Ch\u00faaSale y Vale \u00abGarganta Profunda\u00bb se\u00f1ala que dentro de MORENA y el gobierno estatal en Veracruz\u2026 Es inminente su \u00abfractura\u00bb por las disputas de sus grupos pol\u00edticos, que han surgido ante la opini\u00f3n p\u00fablica.. Ya que dice que en Palacio Nacional tienen los datos de los \u00abbloqueos\u00bb que desde Palacio de Gobierno, le hacen [&hellip;]\" \/>\n<meta property=\"og:url\" content=\"https:\/\/lospoliticosveracruz.com\/?p=80561\" \/>\n<meta property=\"og:site_name\" content=\"Los pol\u00edticos Veracruz\" \/>\n<meta property=\"article:publisher\" content=\"https:\/\/www.facebook.com\/people\/Notimemes-de-los-Polticos\/61565672886568\/\" \/>\n<meta property=\"article:published_time\" content=\"2021-10-12T13:56:43+00:00\" \/>\n<meta property=\"article:modified_time\" content=\"2021-10-12T13:56:49+00:00\" \/>\n<meta property=\"og:image\" content=\"https:\/\/lospoliticosveracruz.com.mx\/wp-content\/uploads\/2021\/10\/Zacauilt.jpg\" \/>\n<meta name=\"author\" content=\"Lo viste en Los Pol\u00edticos\" \/>\n<meta name=\"twitter:card\" content=\"summary_large_image\" \/>\n<meta name=\"twitter:creator\" content=\"@LosPoliticosVer\" \/>\n<meta name=\"twitter:site\" content=\"@LosPoliticosVer\" \/>\n<meta name=\"twitter:label1\" content=\"Escrito por\" \/>\n\t<meta name=\"twitter:data1\" content=\"Lo viste en Los Pol\u00edticos\" \/>\n\t<meta name=\"twitter:label2\" content=\"Tiempo de lectura\" \/>\n\t<meta name=\"twitter:data2\" content=\"6 minutos\" \/>\n<script type=\"application\/ld+json\" class=\"yoast-schema-graph\">{\"@context\":\"https:\\\/\\\/schema.org\",\"@graph\":[{\"@type\":\"Article\",\"@id\":\"https:\\\/\\\/lospoliticosveracruz.com\\\/?p=80561#article\",\"isPartOf\":{\"@id\":\"https:\\\/\\\/lospoliticosveracruz.com\\\/?p=80561\"},\"author\":{\"name\":\"Lo viste en Los Pol\u00edticos\",\"@id\":\"https:\\\/\\\/lospoliticosveracruz.com\\\/#\\\/schema\\\/person\\\/b8702bb0e538456e6efd07080bf2a4a2\"},\"headline\":\"Morena, la nueva disputa\",\"datePublished\":\"2021-10-12T13:56:43+00:00\",\"dateModified\":\"2021-10-12T13:56:49+00:00\",\"mainEntityOfPage\":{\"@id\":\"https:\\\/\\\/lospoliticosveracruz.com\\\/?p=80561\"},\"wordCount\":1159,\"publisher\":{\"@id\":\"https:\\\/\\\/lospoliticosveracruz.com\\\/#organization\"},\"image\":{\"@id\":\"https:\\\/\\\/lospoliticosveracruz.com\\\/?p=80561#primaryimage\"},\"thumbnailUrl\":\"https:\\\/\\\/lospoliticosveracruz.com.mx\\\/wp-content\\\/uploads\\\/2021\\\/10\\\/Zacauilt.jpg\",\"keywords\":[\"Cuitl\u00e1huac Garc\u00eda Jim\u00e9nez\",\"Juan Carlos Molina Palacios\",\"Manuel Huerta Ladr\u00f3n de Guevara\",\"Mario Delgado\",\"Morena\",\"Ricardo Ch\u00faa\",\"Rocio Nahle\",\"Sergio Guti\u00e9rrez Luna\"],\"articleSection\":[\"De Opini\u00f3n\"],\"inLanguage\":\"es\"},{\"@type\":\"WebPage\",\"@id\":\"https:\\\/\\\/lospoliticosveracruz.com\\\/?p=80561\",\"url\":\"https:\\\/\\\/lospoliticosveracruz.com\\\/?p=80561\",\"name\":\"Morena, la nueva disputa - Los pol\u00edticos Veracruz\",\"isPartOf\":{\"@id\":\"https:\\\/\\\/lospoliticosveracruz.com\\\/#website\"},\"primaryImageOfPage\":{\"@id\":\"https:\\\/\\\/lospoliticosveracruz.com\\\/?p=80561#primaryimage\"},\"image\":{\"@id\":\"https:\\\/\\\/lospoliticosveracruz.com\\\/?p=80561#primaryimage\"},\"thumbnailUrl\":\"https:\\\/\\\/lospoliticosveracruz.com.mx\\\/wp-content\\\/uploads\\\/2021\\\/10\\\/Zacauilt.jpg\",\"datePublished\":\"2021-10-12T13:56:43+00:00\",\"dateModified\":\"2021-10-12T13:56:49+00:00\",\"breadcrumb\":{\"@id\":\"https:\\\/\\\/lospoliticosveracruz.com\\\/?p=80561#breadcrumb\"},\"inLanguage\":\"es\",\"potentialAction\":[{\"@type\":\"ReadAction\",\"target\":[\"https:\\\/\\\/lospoliticosveracruz.com\\\/?p=80561\"]}]},{\"@type\":\"ImageObject\",\"inLanguage\":\"es\",\"@id\":\"https:\\\/\\\/lospoliticosveracruz.com\\\/?p=80561#primaryimage\",\"url\":\"https:\\\/\\\/lospoliticosveracruz.com.mx\\\/wp-content\\\/uploads\\\/2021\\\/10\\\/Zacauilt.jpg\",\"contentUrl\":\"https:\\\/\\\/lospoliticosveracruz.com.mx\\\/wp-content\\\/uploads\\\/2021\\\/10\\\/Zacauilt.jpg\"},{\"@type\":\"BreadcrumbList\",\"@id\":\"https:\\\/\\\/lospoliticosveracruz.com\\\/?p=80561#breadcrumb\",\"itemListElement\":[{\"@type\":\"ListItem\",\"position\":1,\"name\":\"Portada\",\"item\":\"https:\\\/\\\/lospoliticosveracruz.com\\\/\"},{\"@type\":\"ListItem\",\"position\":2,\"name\":\"Morena, la nueva disputa\"}]},{\"@type\":\"WebSite\",\"@id\":\"https:\\\/\\\/lospoliticosveracruz.com\\\/#website\",\"url\":\"https:\\\/\\\/lospoliticosveracruz.com\\\/\",\"name\":\"Los pol\u00edticos Veracruz\",\"description\":\"\",\"publisher\":{\"@id\":\"https:\\\/\\\/lospoliticosveracruz.com\\\/#organization\"},\"potentialAction\":[{\"@type\":\"SearchAction\",\"target\":{\"@type\":\"EntryPoint\",\"urlTemplate\":\"https:\\\/\\\/lospoliticosveracruz.com\\\/?s={search_term_string}\"},\"query-input\":{\"@type\":\"PropertyValueSpecification\",\"valueRequired\":true,\"valueName\":\"search_term_string\"}}],\"inLanguage\":\"es\"},{\"@type\":\"Organization\",\"@id\":\"https:\\\/\\\/lospoliticosveracruz.com\\\/#organization\",\"name\":\"Los pol\u00edticos Veracruz\",\"url\":\"https:\\\/\\\/lospoliticosveracruz.com\\\/\",\"logo\":{\"@type\":\"ImageObject\",\"inLanguage\":\"es\",\"@id\":\"https:\\\/\\\/lospoliticosveracruz.com\\\/#\\\/schema\\\/logo\\\/image\\\/\",\"url\":\"https:\\\/\\\/lospoliticosveracruz.com\\\/wp-content\\\/uploads\\\/2025\\\/12\\\/Logo-Nuevo-LOS-POLITICOS-1.jpg\",\"contentUrl\":\"https:\\\/\\\/lospoliticosveracruz.com\\\/wp-content\\\/uploads\\\/2025\\\/12\\\/Logo-Nuevo-LOS-POLITICOS-1.jpg\",\"width\":260,\"height\":70,\"caption\":\"Los pol\u00edticos Veracruz\"},\"image\":{\"@id\":\"https:\\\/\\\/lospoliticosveracruz.com\\\/#\\\/schema\\\/logo\\\/image\\\/\"},\"sameAs\":[\"https:\\\/\\\/www.facebook.com\\\/people\\\/Notimemes-de-los-Polticos\\\/61565672886568\\\/\",\"https:\\\/\\\/x.com\\\/LosPoliticosVer\"]},{\"@type\":\"Person\",\"@id\":\"https:\\\/\\\/lospoliticosveracruz.com\\\/#\\\/schema\\\/person\\\/b8702bb0e538456e6efd07080bf2a4a2\",\"name\":\"Lo viste en Los Pol\u00edticos\",\"image\":{\"@type\":\"ImageObject\",\"inLanguage\":\"es\",\"@id\":\"https:\\\/\\\/secure.gravatar.com\\\/avatar\\\/3a8de04a2656d44082be478bd6c086daa447c4651605818287b9532d3d0bd435?s=96&d=mm&r=g\",\"url\":\"https:\\\/\\\/secure.gravatar.com\\\/avatar\\\/3a8de04a2656d44082be478bd6c086daa447c4651605818287b9532d3d0bd435?s=96&d=mm&r=g\",\"contentUrl\":\"https:\\\/\\\/secure.gravatar.com\\\/avatar\\\/3a8de04a2656d44082be478bd6c086daa447c4651605818287b9532d3d0bd435?s=96&d=mm&r=g\",\"caption\":\"Lo viste en Los Pol\u00edticos\"},\"url\":\"https:\\\/\\\/lospoliticosveracruz.com\\\/?author=2\"}]}<\/script>\n<!-- \/ Yoast SEO plugin. -->","yoast_head_json":{"title":"Morena, la nueva disputa - Los pol\u00edticos Veracruz","robots":{"index":"index","follow":"follow","max-snippet":"max-snippet:-1","max-image-preview":"max-image-preview:large","max-video-preview":"max-video-preview:-1"},"canonical":"https:\/\/lospoliticosveracruz.com\/?p=80561","og_locale":"es_ES","og_type":"article","og_title":"Morena, la nueva disputa - Los pol\u00edticos Veracruz","og_description":"Ricardo Ch\u00faaSale y Vale \u00abGarganta Profunda\u00bb se\u00f1ala que dentro de MORENA y el gobierno estatal en Veracruz\u2026 Es inminente su \u00abfractura\u00bb por las disputas de sus grupos pol\u00edticos, que han surgido ante la opini\u00f3n p\u00fablica.. Ya que dice que en Palacio Nacional tienen los datos de los \u00abbloqueos\u00bb que desde Palacio de Gobierno, le hacen [&hellip;]","og_url":"https:\/\/lospoliticosveracruz.com\/?p=80561","og_site_name":"Los pol\u00edticos Veracruz","article_publisher":"https:\/\/www.facebook.com\/people\/Notimemes-de-los-Polticos\/61565672886568\/","article_published_time":"2021-10-12T13:56:43+00:00","article_modified_time":"2021-10-12T13:56:49+00:00","og_image":[{"url":"https:\/\/lospoliticosveracruz.com.mx\/wp-content\/uploads\/2021\/10\/Zacauilt.jpg","type":"","width":"","height":""}],"author":"Lo viste en Los Pol\u00edticos","twitter_card":"summary_large_image","twitter_creator":"@LosPoliticosVer","twitter_site":"@LosPoliticosVer","twitter_misc":{"Escrito por":"Lo viste en Los Pol\u00edticos","Tiempo de lectura":"6 minutos"},"schema":{"@context":"https:\/\/schema.org","@graph":[{"@type":"Article","@id":"https:\/\/lospoliticosveracruz.com\/?p=80561#article","isPartOf":{"@id":"https:\/\/lospoliticosveracruz.com\/?p=80561"},"author":{"name":"Lo viste en Los Pol\u00edticos","@id":"https:\/\/lospoliticosveracruz.com\/#\/schema\/person\/b8702bb0e538456e6efd07080bf2a4a2"},"headline":"Morena, la nueva disputa","datePublished":"2021-10-12T13:56:43+00:00","dateModified":"2021-10-12T13:56:49+00:00","mainEntityOfPage":{"@id":"https:\/\/lospoliticosveracruz.com\/?p=80561"},"wordCount":1159,"publisher":{"@id":"https:\/\/lospoliticosveracruz.com\/#organization"},"image":{"@id":"https:\/\/lospoliticosveracruz.com\/?p=80561#primaryimage"},"thumbnailUrl":"https:\/\/lospoliticosveracruz.com.mx\/wp-content\/uploads\/2021\/10\/Zacauilt.jpg","keywords":["Cuitl\u00e1huac Garc\u00eda Jim\u00e9nez","Juan Carlos Molina Palacios","Manuel Huerta Ladr\u00f3n de Guevara","Mario Delgado","Morena","Ricardo Ch\u00faa","Rocio Nahle","Sergio Guti\u00e9rrez Luna"],"articleSection":["De Opini\u00f3n"],"inLanguage":"es"},{"@type":"WebPage","@id":"https:\/\/lospoliticosveracruz.com\/?p=80561","url":"https:\/\/lospoliticosveracruz.com\/?p=80561","name":"Morena, la nueva disputa - Los pol\u00edticos Veracruz","isPartOf":{"@id":"https:\/\/lospoliticosveracruz.com\/#website"},"primaryImageOfPage":{"@id":"https:\/\/lospoliticosveracruz.com\/?p=80561#primaryimage"},"image":{"@id":"https:\/\/lospoliticosveracruz.com\/?p=80561#primaryimage"},"thumbnailUrl":"https:\/\/lospoliticosveracruz.com.mx\/wp-content\/uploads\/2021\/10\/Zacauilt.jpg","datePublished":"2021-10-12T13:56:43+00:00","dateModified":"2021-10-12T13:56:49+00:00","breadcrumb":{"@id":"https:\/\/lospoliticosveracruz.com\/?p=80561#breadcrumb"},"inLanguage":"es","potentialAction":[{"@type":"ReadAction","target":["https:\/\/lospoliticosveracruz.com\/?p=80561"]}]},{"@type":"ImageObject","inLanguage":"es","@id":"https:\/\/lospoliticosveracruz.com\/?p=80561#primaryimage","url":"https:\/\/lospoliticosveracruz.com.mx\/wp-content\/uploads\/2021\/10\/Zacauilt.jpg","contentUrl":"https:\/\/lospoliticosveracruz.com.mx\/wp-content\/uploads\/2021\/10\/Zacauilt.jpg"},{"@type":"BreadcrumbList","@id":"https:\/\/lospoliticosveracruz.com\/?p=80561#breadcrumb","itemListElement":[{"@type":"ListItem","position":1,"name":"Portada","item":"https:\/\/lospoliticosveracruz.com\/"},{"@type":"ListItem","position":2,"name":"Morena, la nueva disputa"}]},{"@type":"WebSite","@id":"https:\/\/lospoliticosveracruz.com\/#website","url":"https:\/\/lospoliticosveracruz.com\/","name":"Los pol\u00edticos Veracruz","description":"","publisher":{"@id":"https:\/\/lospoliticosveracruz.com\/#organization"},"potentialAction":[{"@type":"SearchAction","target":{"@type":"EntryPoint","urlTemplate":"https:\/\/lospoliticosveracruz.com\/?s={search_term_string}"},"query-input":{"@type":"PropertyValueSpecification","valueRequired":true,"valueName":"search_term_string"}}],"inLanguage":"es"},{"@type":"Organization","@id":"https:\/\/lospoliticosveracruz.com\/#organization","name":"Los pol\u00edticos Veracruz","url":"https:\/\/lospoliticosveracruz.com\/","logo":{"@type":"ImageObject","inLanguage":"es","@id":"https:\/\/lospoliticosveracruz.com\/#\/schema\/logo\/image\/","url":"https:\/\/lospoliticosveracruz.com\/wp-content\/uploads\/2025\/12\/Logo-Nuevo-LOS-POLITICOS-1.jpg","contentUrl":"https:\/\/lospoliticosveracruz.com\/wp-content\/uploads\/2025\/12\/Logo-Nuevo-LOS-POLITICOS-1.jpg","width":260,"height":70,"caption":"Los pol\u00edticos Veracruz"},"image":{"@id":"https:\/\/lospoliticosveracruz.com\/#\/schema\/logo\/image\/"},"sameAs":["https:\/\/www.facebook.com\/people\/Notimemes-de-los-Polticos\/61565672886568\/","https:\/\/x.com\/LosPoliticosVer"]},{"@type":"Person","@id":"https:\/\/lospoliticosveracruz.com\/#\/schema\/person\/b8702bb0e538456e6efd07080bf2a4a2","name":"Lo viste en Los Pol\u00edticos","image":{"@type":"ImageObject","inLanguage":"es","@id":"https:\/\/secure.gravatar.com\/avatar\/3a8de04a2656d44082be478bd6c086daa447c4651605818287b9532d3d0bd435?s=96&d=mm&r=g","url":"https:\/\/secure.gravatar.com\/avatar\/3a8de04a2656d44082be478bd6c086daa447c4651605818287b9532d3d0bd435?s=96&d=mm&r=g","contentUrl":"https:\/\/secure.gravatar.com\/avatar\/3a8de04a2656d44082be478bd6c086daa447c4651605818287b9532d3d0bd435?s=96&d=mm&r=g","caption":"Lo viste en Los Pol\u00edticos"},"url":"https:\/\/lospoliticosveracruz.com\/?author=2"}]}},"_links":{"self":[{"href":"https:\/\/lospoliticosveracruz.com\/index.php?rest_route=\/wp\/v2\/posts\/80561","targetHints":{"allow":["GET"]}}],"collection":[{"href":"https:\/\/lospoliticosveracruz.com\/index.php?rest_route=\/wp\/v2\/posts"}],"about":[{"href":"https:\/\/lospoliticosveracruz.com\/index.php?rest_route=\/wp\/v2\/types\/post"}],"author":[{"embeddable":true,"href":"https:\/\/lospoliticosveracruz.com\/index.php?rest_route=\/wp\/v2\/users\/2"}],"replies":[{"embeddable":true,"href":"https:\/\/lospoliticosveracruz.com\/index.php?rest_route=%2Fwp%2Fv2%2Fcomments&post=80561"}],"version-history":[{"count":1,"href":"https:\/\/lospoliticosveracruz.com\/index.php?rest_route=\/wp\/v2\/posts\/80561\/revisions"}],"predecessor-version":[{"id":80563,"href":"https:\/\/lospoliticosveracruz.com\/index.php?rest_route=\/wp\/v2\/posts\/80561\/revisions\/80563"}],"wp:attachment":[{"href":"https:\/\/lospoliticosveracruz.com\/index.php?rest_route=%2Fwp%2Fv2%2Fmedia&parent=80561"}],"wp:term":[{"taxonomy":"category","embeddable":true,"href":"https:\/\/lospoliticosveracruz.com\/index.php?rest_route=%2Fwp%2Fv2%2Fcategories&post=80561"},{"taxonomy":"post_tag","embeddable":true,"href":"https:\/\/lospoliticosveracruz.com\/index.php?rest_route=%2Fwp%2Fv2%2Ftags&post=80561"}],"curies":[{"name":"wp","href":"https:\/\/api.w.org\/{rel}","templated":true}]}}