{"id":80570,"date":"2021-10-12T10:26:40","date_gmt":"2021-10-12T15:26:40","guid":{"rendered":"https:\/\/lospoliticosveracruz.com.mx\/?p=80570"},"modified":"2021-10-12T10:26:50","modified_gmt":"2021-10-12T15:26:50","slug":"cuic-y-lupita-pueden-con-lerdo","status":"publish","type":"post","link":"https:\/\/lospoliticosveracruz.com\/?p=80570","title":{"rendered":"Cuic y Lupita pueden con Lerdo!"},"content":{"rendered":"\n<p><\/p>\n\n\n\n<p><strong>Xalapa<br><\/strong>La secretaria de Protecci\u00f3n Civil del gobierno del estado, Guadalupe Osorno Maldonado, inform\u00f3 que no se pedir\u00e1 declaratoria de emergencia para la zona de Lerdo de Tejada, dado que se cuenta con la capacidad para atender las 7 mil viviendas afectadas.<br>De ah\u00ed que la atenci\u00f3n seguir\u00e1 con la atenci\u00f3n de insumos estatales.<br>En palacio de gobierno, Osorno Maldonado, precis\u00f3 que por instrucciones del gobernador Cuitl\u00e1huac Garc\u00eda Jim\u00e9nez se decidi\u00f3 no solicitar declaratoria del programa de atenci\u00f3n a emergencias del programa federal.<br>\u00abQu\u00e9 es como se ha estado haciendo hasta ahora por las intensas lluvias\u00bb.<br>El alcalde de Lerdo de Tejada Hermas Cort\u00e9s Garc\u00eda, dijo que los da\u00f1os dejados \u00abson incalculables\u00bb.<br>D\u00f3nde hay afectaciones en el 80 por ciento de las viviendas de ese municipio.<br>\u00abHubo familias que lo perdieron absolutamente todo, se est\u00e1 apoyando con v\u00edveres del DIF Estatal que ya est\u00e1n aqu\u00ed desde ayer, igual la Junta de Coordinaci\u00f3n Pol\u00edtica del Congreso nos est\u00e1 mandando v\u00edveres, ya los estamos repartiendo hoy en las comunidades y entramos a la cabecera el d\u00eda de ma\u00f1ana\u00bb.<\/p>\n","protected":false},"excerpt":{"rendered":"<p>XalapaLa secretaria de Protecci\u00f3n Civil del gobierno del estado, Guadalupe Osorno Maldonado, inform\u00f3 que no se pedir\u00e1 declaratoria de emergencia para la zona de Lerdo de Tejada, dado que se cuenta con la capacidad para atender las 7 mil viviendas afectadas.De ah\u00ed que la atenci\u00f3n seguir\u00e1 con la atenci\u00f3n de insumos estatales.En palacio de gobierno, [&hellip;]<\/p>\n","protected":false},"author":2,"featured_media":0,"comment_status":"closed","ping_status":"closed","sticky":false,"template":"","format":"standard","meta":{"tdm_status":"","tdm_grid_status":"","footnotes":""},"categories":[6446],"tags":[1563,2580,11408,19406,1780],"class_list":{"0":"post-80570","1":"post","2":"type-post","3":"status-publish","4":"format-standard","6":"category-la-nota","7":"tag-cuitlahuac-garcia-jimenez","8":"tag-declaratoria-de-emergencia","9":"tag-guadalupe-osorno-maldonado","10":"tag-hermas-cortes-garcia","11":"tag-lerdo-de-tejada"},"yoast_head":"<!-- This site is optimized with the Yoast SEO plugin v27.4 - https:\/\/yoast.com\/product\/yoast-seo-wordpress\/ -->\n<title>Cuic y Lupita pueden con Lerdo! - Los pol\u00edticos Veracruz<\/title>\n<meta name=\"robots\" content=\"index, follow, max-snippet:-1, max-image-preview:large, max-video-preview:-1\" \/>\n<link rel=\"canonical\" href=\"https:\/\/lospoliticosveracruz.com\/?p=80570\" \/>\n<meta property=\"og:locale\" content=\"es_ES\" \/>\n<meta property=\"og:type\" content=\"article\" \/>\n<meta property=\"og:title\" content=\"Cuic y Lupita pueden con Lerdo! - Los pol\u00edticos Veracruz\" \/>\n<meta property=\"og:description\" content=\"XalapaLa secretaria de Protecci\u00f3n Civil del gobierno del estado, Guadalupe Osorno Maldonado, inform\u00f3 que no se pedir\u00e1 declaratoria de emergencia para la zona de Lerdo de Tejada, dado que se cuenta con la capacidad para atender las 7 mil viviendas afectadas.De ah\u00ed que la atenci\u00f3n seguir\u00e1 con la atenci\u00f3n de insumos estatales.En palacio de gobierno, [&hellip;]\" \/>\n<meta property=\"og:url\" content=\"https:\/\/lospoliticosveracruz.com\/?p=80570\" \/>\n<meta property=\"og:site_name\" content=\"Los pol\u00edticos Veracruz\" \/>\n<meta property=\"article:publisher\" content=\"https:\/\/www.facebook.com\/people\/Notimemes-de-los-Polticos\/61565672886568\/\" \/>\n<meta property=\"article:published_time\" content=\"2021-10-12T15:26:40+00:00\" \/>\n<meta property=\"article:modified_time\" content=\"2021-10-12T15:26:50+00:00\" \/>\n<meta property=\"og:image\" content=\"https:\/\/lospoliticosveracruz.com\/wp-content\/uploads\/2016\/07\/Logo-Dor.jpg\" \/>\n\t<meta property=\"og:image:width\" content=\"200\" \/>\n\t<meta property=\"og:image:height\" content=\"200\" \/>\n\t<meta property=\"og:image:type\" content=\"image\/jpeg\" \/>\n<meta name=\"author\" content=\"Lo viste en Los Pol\u00edticos\" \/>\n<meta name=\"twitter:card\" content=\"summary_large_image\" \/>\n<meta name=\"twitter:creator\" content=\"@LosPoliticosVer\" \/>\n<meta name=\"twitter:site\" content=\"@LosPoliticosVer\" \/>\n<meta name=\"twitter:label1\" content=\"Escrito por\" \/>\n\t<meta name=\"twitter:data1\" content=\"Lo viste en Los Pol\u00edticos\" \/>\n\t<meta name=\"twitter:label2\" content=\"Tiempo de lectura\" \/>\n\t<meta name=\"twitter:data2\" content=\"1 minuto\" \/>\n<script type=\"application\/ld+json\" class=\"yoast-schema-graph\">{\"@context\":\"https:\\\/\\\/schema.org\",\"@graph\":[{\"@type\":\"Article\",\"@id\":\"https:\\\/\\\/lospoliticosveracruz.com\\\/?p=80570#article\",\"isPartOf\":{\"@id\":\"https:\\\/\\\/lospoliticosveracruz.com\\\/?p=80570\"},\"author\":{\"name\":\"Lo viste en Los Pol\u00edticos\",\"@id\":\"https:\\\/\\\/lospoliticosveracruz.com\\\/#\\\/schema\\\/person\\\/b8702bb0e538456e6efd07080bf2a4a2\"},\"headline\":\"Cuic y Lupita pueden con Lerdo!\",\"datePublished\":\"2021-10-12T15:26:40+00:00\",\"dateModified\":\"2021-10-12T15:26:50+00:00\",\"mainEntityOfPage\":{\"@id\":\"https:\\\/\\\/lospoliticosveracruz.com\\\/?p=80570\"},\"wordCount\":198,\"publisher\":{\"@id\":\"https:\\\/\\\/lospoliticosveracruz.com\\\/#organization\"},\"keywords\":[\"Cuitl\u00e1huac Garc\u00eda Jim\u00e9nez\",\"Declaratoria de Emergencia\",\"Guadalupe Osorno Maldonado\",\"Hermas Cort\u00e9s Garc\u00eda\",\"Lerdo de Tejada\"],\"articleSection\":[\"La Nota\"],\"inLanguage\":\"es\"},{\"@type\":\"WebPage\",\"@id\":\"https:\\\/\\\/lospoliticosveracruz.com\\\/?p=80570\",\"url\":\"https:\\\/\\\/lospoliticosveracruz.com\\\/?p=80570\",\"name\":\"Cuic y Lupita pueden con Lerdo! - Los pol\u00edticos Veracruz\",\"isPartOf\":{\"@id\":\"https:\\\/\\\/lospoliticosveracruz.com\\\/#website\"},\"datePublished\":\"2021-10-12T15:26:40+00:00\",\"dateModified\":\"2021-10-12T15:26:50+00:00\",\"breadcrumb\":{\"@id\":\"https:\\\/\\\/lospoliticosveracruz.com\\\/?p=80570#breadcrumb\"},\"inLanguage\":\"es\",\"potentialAction\":[{\"@type\":\"ReadAction\",\"target\":[\"https:\\\/\\\/lospoliticosveracruz.com\\\/?p=80570\"]}]},{\"@type\":\"BreadcrumbList\",\"@id\":\"https:\\\/\\\/lospoliticosveracruz.com\\\/?p=80570#breadcrumb\",\"itemListElement\":[{\"@type\":\"ListItem\",\"position\":1,\"name\":\"Portada\",\"item\":\"https:\\\/\\\/lospoliticosveracruz.com\\\/\"},{\"@type\":\"ListItem\",\"position\":2,\"name\":\"Cuic y Lupita pueden con Lerdo!\"}]},{\"@type\":\"WebSite\",\"@id\":\"https:\\\/\\\/lospoliticosveracruz.com\\\/#website\",\"url\":\"https:\\\/\\\/lospoliticosveracruz.com\\\/\",\"name\":\"Los pol\u00edticos Veracruz\",\"description\":\"\",\"publisher\":{\"@id\":\"https:\\\/\\\/lospoliticosveracruz.com\\\/#organization\"},\"potentialAction\":[{\"@type\":\"SearchAction\",\"target\":{\"@type\":\"EntryPoint\",\"urlTemplate\":\"https:\\\/\\\/lospoliticosveracruz.com\\\/?s={search_term_string}\"},\"query-input\":{\"@type\":\"PropertyValueSpecification\",\"valueRequired\":true,\"valueName\":\"search_term_string\"}}],\"inLanguage\":\"es\"},{\"@type\":\"Organization\",\"@id\":\"https:\\\/\\\/lospoliticosveracruz.com\\\/#organization\",\"name\":\"Los pol\u00edticos Veracruz\",\"url\":\"https:\\\/\\\/lospoliticosveracruz.com\\\/\",\"logo\":{\"@type\":\"ImageObject\",\"inLanguage\":\"es\",\"@id\":\"https:\\\/\\\/lospoliticosveracruz.com\\\/#\\\/schema\\\/logo\\\/image\\\/\",\"url\":\"https:\\\/\\\/lospoliticosveracruz.com\\\/wp-content\\\/uploads\\\/2025\\\/12\\\/Logo-Nuevo-LOS-POLITICOS-1.jpg\",\"contentUrl\":\"https:\\\/\\\/lospoliticosveracruz.com\\\/wp-content\\\/uploads\\\/2025\\\/12\\\/Logo-Nuevo-LOS-POLITICOS-1.jpg\",\"width\":260,\"height\":70,\"caption\":\"Los pol\u00edticos Veracruz\"},\"image\":{\"@id\":\"https:\\\/\\\/lospoliticosveracruz.com\\\/#\\\/schema\\\/logo\\\/image\\\/\"},\"sameAs\":[\"https:\\\/\\\/www.facebook.com\\\/people\\\/Notimemes-de-los-Polticos\\\/61565672886568\\\/\",\"https:\\\/\\\/x.com\\\/LosPoliticosVer\"]},{\"@type\":\"Person\",\"@id\":\"https:\\\/\\\/lospoliticosveracruz.com\\\/#\\\/schema\\\/person\\\/b8702bb0e538456e6efd07080bf2a4a2\",\"name\":\"Lo viste en Los Pol\u00edticos\",\"image\":{\"@type\":\"ImageObject\",\"inLanguage\":\"es\",\"@id\":\"https:\\\/\\\/secure.gravatar.com\\\/avatar\\\/3a8de04a2656d44082be478bd6c086daa447c4651605818287b9532d3d0bd435?s=96&d=mm&r=g\",\"url\":\"https:\\\/\\\/secure.gravatar.com\\\/avatar\\\/3a8de04a2656d44082be478bd6c086daa447c4651605818287b9532d3d0bd435?s=96&d=mm&r=g\",\"contentUrl\":\"https:\\\/\\\/secure.gravatar.com\\\/avatar\\\/3a8de04a2656d44082be478bd6c086daa447c4651605818287b9532d3d0bd435?s=96&d=mm&r=g\",\"caption\":\"Lo viste en Los Pol\u00edticos\"},\"url\":\"https:\\\/\\\/lospoliticosveracruz.com\\\/?author=2\"}]}<\/script>\n<!-- \/ Yoast SEO plugin. -->","yoast_head_json":{"title":"Cuic y Lupita pueden con Lerdo! - Los pol\u00edticos Veracruz","robots":{"index":"index","follow":"follow","max-snippet":"max-snippet:-1","max-image-preview":"max-image-preview:large","max-video-preview":"max-video-preview:-1"},"canonical":"https:\/\/lospoliticosveracruz.com\/?p=80570","og_locale":"es_ES","og_type":"article","og_title":"Cuic y Lupita pueden con Lerdo! - Los pol\u00edticos Veracruz","og_description":"XalapaLa secretaria de Protecci\u00f3n Civil del gobierno del estado, Guadalupe Osorno Maldonado, inform\u00f3 que no se pedir\u00e1 declaratoria de emergencia para la zona de Lerdo de Tejada, dado que se cuenta con la capacidad para atender las 7 mil viviendas afectadas.De ah\u00ed que la atenci\u00f3n seguir\u00e1 con la atenci\u00f3n de insumos estatales.En palacio de gobierno, [&hellip;]","og_url":"https:\/\/lospoliticosveracruz.com\/?p=80570","og_site_name":"Los pol\u00edticos Veracruz","article_publisher":"https:\/\/www.facebook.com\/people\/Notimemes-de-los-Polticos\/61565672886568\/","article_published_time":"2021-10-12T15:26:40+00:00","article_modified_time":"2021-10-12T15:26:50+00:00","og_image":[{"width":200,"height":200,"url":"https:\/\/lospoliticosveracruz.com\/wp-content\/uploads\/2016\/07\/Logo-Dor.jpg","type":"image\/jpeg"}],"author":"Lo viste en Los Pol\u00edticos","twitter_card":"summary_large_image","twitter_creator":"@LosPoliticosVer","twitter_site":"@LosPoliticosVer","twitter_misc":{"Escrito por":"Lo viste en Los Pol\u00edticos","Tiempo de lectura":"1 minuto"},"schema":{"@context":"https:\/\/schema.org","@graph":[{"@type":"Article","@id":"https:\/\/lospoliticosveracruz.com\/?p=80570#article","isPartOf":{"@id":"https:\/\/lospoliticosveracruz.com\/?p=80570"},"author":{"name":"Lo viste en Los Pol\u00edticos","@id":"https:\/\/lospoliticosveracruz.com\/#\/schema\/person\/b8702bb0e538456e6efd07080bf2a4a2"},"headline":"Cuic y Lupita pueden con Lerdo!","datePublished":"2021-10-12T15:26:40+00:00","dateModified":"2021-10-12T15:26:50+00:00","mainEntityOfPage":{"@id":"https:\/\/lospoliticosveracruz.com\/?p=80570"},"wordCount":198,"publisher":{"@id":"https:\/\/lospoliticosveracruz.com\/#organization"},"keywords":["Cuitl\u00e1huac Garc\u00eda Jim\u00e9nez","Declaratoria de Emergencia","Guadalupe Osorno Maldonado","Hermas Cort\u00e9s Garc\u00eda","Lerdo de Tejada"],"articleSection":["La Nota"],"inLanguage":"es"},{"@type":"WebPage","@id":"https:\/\/lospoliticosveracruz.com\/?p=80570","url":"https:\/\/lospoliticosveracruz.com\/?p=80570","name":"Cuic y Lupita pueden con Lerdo! - Los pol\u00edticos Veracruz","isPartOf":{"@id":"https:\/\/lospoliticosveracruz.com\/#website"},"datePublished":"2021-10-12T15:26:40+00:00","dateModified":"2021-10-12T15:26:50+00:00","breadcrumb":{"@id":"https:\/\/lospoliticosveracruz.com\/?p=80570#breadcrumb"},"inLanguage":"es","potentialAction":[{"@type":"ReadAction","target":["https:\/\/lospoliticosveracruz.com\/?p=80570"]}]},{"@type":"BreadcrumbList","@id":"https:\/\/lospoliticosveracruz.com\/?p=80570#breadcrumb","itemListElement":[{"@type":"ListItem","position":1,"name":"Portada","item":"https:\/\/lospoliticosveracruz.com\/"},{"@type":"ListItem","position":2,"name":"Cuic y Lupita pueden con Lerdo!"}]},{"@type":"WebSite","@id":"https:\/\/lospoliticosveracruz.com\/#website","url":"https:\/\/lospoliticosveracruz.com\/","name":"Los pol\u00edticos Veracruz","description":"","publisher":{"@id":"https:\/\/lospoliticosveracruz.com\/#organization"},"potentialAction":[{"@type":"SearchAction","target":{"@type":"EntryPoint","urlTemplate":"https:\/\/lospoliticosveracruz.com\/?s={search_term_string}"},"query-input":{"@type":"PropertyValueSpecification","valueRequired":true,"valueName":"search_term_string"}}],"inLanguage":"es"},{"@type":"Organization","@id":"https:\/\/lospoliticosveracruz.com\/#organization","name":"Los pol\u00edticos Veracruz","url":"https:\/\/lospoliticosveracruz.com\/","logo":{"@type":"ImageObject","inLanguage":"es","@id":"https:\/\/lospoliticosveracruz.com\/#\/schema\/logo\/image\/","url":"https:\/\/lospoliticosveracruz.com\/wp-content\/uploads\/2025\/12\/Logo-Nuevo-LOS-POLITICOS-1.jpg","contentUrl":"https:\/\/lospoliticosveracruz.com\/wp-content\/uploads\/2025\/12\/Logo-Nuevo-LOS-POLITICOS-1.jpg","width":260,"height":70,"caption":"Los pol\u00edticos Veracruz"},"image":{"@id":"https:\/\/lospoliticosveracruz.com\/#\/schema\/logo\/image\/"},"sameAs":["https:\/\/www.facebook.com\/people\/Notimemes-de-los-Polticos\/61565672886568\/","https:\/\/x.com\/LosPoliticosVer"]},{"@type":"Person","@id":"https:\/\/lospoliticosveracruz.com\/#\/schema\/person\/b8702bb0e538456e6efd07080bf2a4a2","name":"Lo viste en Los Pol\u00edticos","image":{"@type":"ImageObject","inLanguage":"es","@id":"https:\/\/secure.gravatar.com\/avatar\/3a8de04a2656d44082be478bd6c086daa447c4651605818287b9532d3d0bd435?s=96&d=mm&r=g","url":"https:\/\/secure.gravatar.com\/avatar\/3a8de04a2656d44082be478bd6c086daa447c4651605818287b9532d3d0bd435?s=96&d=mm&r=g","contentUrl":"https:\/\/secure.gravatar.com\/avatar\/3a8de04a2656d44082be478bd6c086daa447c4651605818287b9532d3d0bd435?s=96&d=mm&r=g","caption":"Lo viste en Los Pol\u00edticos"},"url":"https:\/\/lospoliticosveracruz.com\/?author=2"}]}},"_links":{"self":[{"href":"https:\/\/lospoliticosveracruz.com\/index.php?rest_route=\/wp\/v2\/posts\/80570","targetHints":{"allow":["GET"]}}],"collection":[{"href":"https:\/\/lospoliticosveracruz.com\/index.php?rest_route=\/wp\/v2\/posts"}],"about":[{"href":"https:\/\/lospoliticosveracruz.com\/index.php?rest_route=\/wp\/v2\/types\/post"}],"author":[{"embeddable":true,"href":"https:\/\/lospoliticosveracruz.com\/index.php?rest_route=\/wp\/v2\/users\/2"}],"replies":[{"embeddable":true,"href":"https:\/\/lospoliticosveracruz.com\/index.php?rest_route=%2Fwp%2Fv2%2Fcomments&post=80570"}],"version-history":[{"count":1,"href":"https:\/\/lospoliticosveracruz.com\/index.php?rest_route=\/wp\/v2\/posts\/80570\/revisions"}],"predecessor-version":[{"id":80572,"href":"https:\/\/lospoliticosveracruz.com\/index.php?rest_route=\/wp\/v2\/posts\/80570\/revisions\/80572"}],"wp:attachment":[{"href":"https:\/\/lospoliticosveracruz.com\/index.php?rest_route=%2Fwp%2Fv2%2Fmedia&parent=80570"}],"wp:term":[{"taxonomy":"category","embeddable":true,"href":"https:\/\/lospoliticosveracruz.com\/index.php?rest_route=%2Fwp%2Fv2%2Fcategories&post=80570"},{"taxonomy":"post_tag","embeddable":true,"href":"https:\/\/lospoliticosveracruz.com\/index.php?rest_route=%2Fwp%2Fv2%2Ftags&post=80570"}],"curies":[{"name":"wp","href":"https:\/\/api.w.org\/{rel}","templated":true}]}}